{"id":6809,"date":"2017-01-12T16:44:42","date_gmt":"2017-01-12T15:44:42","guid":{"rendered":"http:\/\/serveiseducatius.xtec.cat\/baixpenedes\/?p=6809"},"modified":"2017-01-18T09:59:24","modified_gmt":"2017-01-18T08:59:24","slug":"edcamptgn-una-nova-forma-de-compartir-entre-el-professorat","status":"publish","type":"post","link":"https:\/\/serveiseducatius.xtec.cat\/baixpenedes\/xerrades\/portada\/edcamptgn-una-nova-forma-de-compartir-entre-el-professorat\/","title":{"rendered":"edcampTGN: una nova forma de compartir entre el professorat"},"content":{"rendered":"<p><img loading=\"lazy\" decoding=\"async\" class=\"aligncenter wp-image-6810 size-medium\" src=\"http:\/\/serveiseducatius.xtec.cat\/baixpenedes\/wp-content\/uploads\/usu764\/2017\/01\/edcamp-300x167.jpg\" alt=\"edcamp\" width=\"300\" height=\"167\" \/><\/p>\n<p>En els darrers mesos des de la Fundaci\u00f3 Jaume Bofilll (<a href=\"http:\/\/www.fbofill.cat\" target=\"_blank\">http:\/\/www.fbofill.cat<\/a>\/), capdavantera en la recerca educativa, s&#8217;estan promocionant al llarg del territori una tipologia de jornada educativa anomenada &#8220;edcamp&#8221; (com es pot veure explicat en aquest v\u00eddeo: <a href=\"https:\/\/goo.gl\/mU1X6A\" target=\"_blank\">https:\/\/goo.gl\/mU1X6A<\/a>) . Amb aquest plantejament un grup de docents de les comarques tarragonines preparen l\u2019organitzaci\u00f3 de la que anomenem &#8220;<strong>edcampTGN<\/strong>&#8221; (<a href=\"http:\/\/edcamp.educaciodema.cat\/ca\/edcamp\/edcamptgn\/_e:8\/\" target=\"_blank\">http:\/\/edcamp.educaciodema.cat\/ca\/edcamp\/edcamptgn\/_e:8\/<\/a>)<br \/>\nL&#8217;acte ser\u00e0 el dimecres dia <strong>1 de febrer<\/strong> del 2017 de 17.00 a 21:30 hores, a les instal.lacions de la Universitat Rovira i Virgili (Campus Catalunya = <a href=\"https:\/\/goo.gl\/4KXOdX\" target=\"_blank\">https:\/\/goo.gl\/4KXOdX<\/a>) de Tarragona. La previsi\u00f3 \u00e9s que s&#8217;aplegaran un centenar de docents, amb esperit innovador i ganes d&#8217;aprendre i compartir coneixement.<\/p>\n<p>La inscripci\u00f3 \u00e9s gratu\u00efta i es podr\u00e0 fer fins el dia 29 de gener a la web de l&#8217;edcampTGN (<a href=\"http:\/\/edcamp.educaciodema.cat\/ca\/edcamp\/edcamptgn\/_e:8\/\" target=\"_blank\">http:\/\/edcamp.educaciodema.cat\/ca\/edcamp\/edcamptgn\/_e:8\/<\/a>)<\/p>\n<p>Tamb\u00e9 podeu seguir la preparaci\u00f3 de la trobada a les xarxes socials a Twitter (@edcampTGN) i a Facebook (Edcamp Tarragona).<\/p>\n","protected":false},"excerpt":{"rendered":"<p>En els darrers mesos des de la Fundaci\u00f3 Jaume Bofilll (http:\/\/www.fbofill.cat\/), capdavantera en la recerca educativa, s&#8217;estan promocionant al llarg del territori una tipologia de jornada educativa anomenada &#8220;<b>edcamp<\/b>&#8221; (com es<\/p>\n","protected":false},"author":1,"featured_media":6810,"comment_status":"open","ping_status":"open","sticky":false,"template":"","format":"standard","meta":{"_bbp_topic_count":0,"_bbp_reply_count":0,"_bbp_total_topic_count":0,"_bbp_total_reply_count":0,"_bbp_voice_count":0,"_bbp_anonymous_reply_count":0,"_bbp_topic_count_hidden":0,"_bbp_reply_count_hidden":0,"_bbp_forum_subforum_count":0,"site-sidebar-layout":"default","site-content-layout":"","ast-site-content-layout":"","site-content-style":"default","site-sidebar-style":"default","ast-global-header-display":"","ast-banner-title-visibility":"","ast-main-header-display":"","ast-hfb-above-header-display":"","ast-hfb-below-header-display":"","ast-hfb-mobile-header-display":"","site-post-title":"","ast-breadcrumbs-content":"","ast-featured-img":"","footer-sml-layout":"","theme-transparent-header-meta":"","adv-header-id-meta":"","stick-header-meta":"","header-above-stick-meta":"","header-main-stick-meta":"","header-below-stick-meta":"","astra-migrate-meta-layouts":"default","ast-page-background-enabled":"default","ast-page-background-meta":{"desktop":{"background-color":"var(--ast-global-color-4)","background-image":"","background-repeat":"repeat","background-position":"center center","background-size":"auto","background-attachment":"scroll","background-type":"","background-media":"","overlay-type":"","overlay-color":"","overlay-opacity":"","overlay-gradient":""},"tablet":{"background-color":"","background-image":"","background-repeat":"repeat","background-position":"center center","background-size":"auto","background-attachment":"scroll","background-type":"","background-media":"","overlay-type":"","overlay-color":"","overlay-opacity":"","overlay-gradient":""},"mobile":{"background-color":"","background-image":"","background-repeat":"repeat","background-position":"center center","background-size":"auto","background-attachment":"scroll","background-type":"","background-media":"","overlay-type":"","overlay-color":"","overlay-opacity":"","overlay-gradient":""}},"ast-content-background-meta":{"desktop":{"background-color":"var(--ast-global-color-5)","background-image":"","background-repeat":"repeat","background-position":"center center","background-size":"auto","background-attachment":"scroll","background-type":"","background-media":"","overlay-type":"","overlay-color":"","overlay-opacity":"","overlay-gradient":""},"tablet":{"background-color":"var(--ast-global-color-5)","background-image":"","background-repeat":"repeat","background-position":"center center","background-size":"auto","background-attachment":"scroll","background-type":"","background-media":"","overlay-type":"","overlay-color":"","overlay-opacity":"","overlay-gradient":""},"mobile":{"background-color":"var(--ast-global-color-5)","background-image":"","background-repeat":"repeat","background-position":"center center","background-size":"auto","background-attachment":"scroll","background-type":"","background-media":"","overlay-type":"","overlay-color":"","overlay-opacity":"","overlay-gradient":""}},"footnotes":""},"categories":[29],"tags":[],"class_list":["post-6809","post","type-post","status-publish","format-standard","has-post-thumbnail","hentry","category-portada"],"post_mailing_queue_ids":[],"_links":{"self":[{"href":"https:\/\/serveiseducatius.xtec.cat\/baixpenedes\/wp-json\/wp\/v2\/posts\/6809","targetHints":{"allow":["GET"]}}],"collection":[{"href":"https:\/\/serveiseducatius.xtec.cat\/baixpenedes\/wp-json\/wp\/v2\/posts"}],"about":[{"href":"https:\/\/serveiseducatius.xtec.cat\/baixpenedes\/wp-json\/wp\/v2\/types\/post"}],"author":[{"embeddable":true,"href":"https:\/\/serveiseducatius.xtec.cat\/baixpenedes\/wp-json\/wp\/v2\/users\/1"}],"replies":[{"embeddable":true,"href":"https:\/\/serveiseducatius.xtec.cat\/baixpenedes\/wp-json\/wp\/v2\/comments?post=6809"}],"version-history":[{"count":3,"href":"https:\/\/serveiseducatius.xtec.cat\/baixpenedes\/wp-json\/wp\/v2\/posts\/6809\/revisions"}],"predecessor-version":[{"id":6813,"href":"https:\/\/serveiseducatius.xtec.cat\/baixpenedes\/wp-json\/wp\/v2\/posts\/6809\/revisions\/6813"}],"wp:featuredmedia":[{"embeddable":true,"href":"https:\/\/serveiseducatius.xtec.cat\/baixpenedes\/wp-json\/wp\/v2\/media\/6810"}],"wp:attachment":[{"href":"https:\/\/serveiseducatius.xtec.cat\/baixpenedes\/wp-json\/wp\/v2\/media?parent=6809"}],"wp:term":[{"taxonomy":"category","embeddable":true,"href":"https:\/\/serveiseducatius.xtec.cat\/baixpenedes\/wp-json\/wp\/v2\/categories?post=6809"},{"taxonomy":"post_tag","embeddable":true,"href":"https:\/\/serveiseducatius.xtec.cat\/baixpenedes\/wp-json\/wp\/v2\/tags?post=6809"}],"curies":[{"name":"wp","href":"https:\/\/api.w.org\/{rel}","templated":true}]}}