{"id":6771,"date":"2017-01-12T12:38:27","date_gmt":"2017-01-12T11:38:27","guid":{"rendered":"http:\/\/serveiseducatius.xtec.cat\/baixpenedes\/?p=6771"},"modified":"2017-01-16T09:42:11","modified_gmt":"2017-01-16T08:42:11","slug":"concurs-joves-i-mobilitat-fundacio-racc","status":"publish","type":"post","link":"https:\/\/serveiseducatius.xtec.cat\/baixpenedes\/xerrades\/portada\/concurs-joves-i-mobilitat-fundacio-racc\/","title":{"rendered":"Concurs Joves i Mobilitat- Fundaci\u00f3 RACC"},"content":{"rendered":"<p><img loading=\"lazy\" decoding=\"async\" class=\"aligncenter wp-image-6772\" src=\"http:\/\/serveiseducatius.xtec.cat\/baixpenedes\/wp-content\/uploads\/usu764\/2017\/01\/500x500-300x300.jpg\" alt=\"500x500\" width=\"200\" height=\"200\" \/><\/p>\n<p>Joves i Mobilitat\u201d \u00e9s un concurs amb qu\u00e8 el RACC pret\u00e9n que els joves treballin aspectes de mobilitat sostenible i segura. El seu objectiu principal \u00e9s promoure actituds que fomentin entre els joves una mobilitat responsable.<\/p>\n<p>En el concurs els joves poden donar la seva visi\u00f3 sobre la mobilitat mitjan\u00e7ant un anunci gr\u00e0fic, un article d\u2019opini\u00f3 o un v\u00eddeo relat. La participaci\u00f3 va adre\u00e7ada als alumnes d\u2019entre 13 i 17 anys de Secund\u00e0ria, Batxillerat i Cicles Formatius de centres escolars i als nois i noies de 13 a 17 anys membres de casals de joves o centres de lleure de Catalunya.<\/p>\n<p><a href=\"http:\/\/serveiseducatius.xtec.cat\/baixpenedes\/wp-content\/uploads\/usu764\/2017\/01\/BASES-DEL-10\u00e8-CONCURS-2016-2017.pdf\" target=\"_blank\">Bases del concurs aqu\u00ed<br \/>\n<\/a><br \/>\nPer a m\u00e9s informaci\u00f3:\u00a0<a href=\"http:\/\/www.jovesimobilitat.cat\" target=\"_blank\">www.jovesimobilitat.cat<\/a><\/p>\n","protected":false},"excerpt":{"rendered":"<p>Joves i Mobilitat\u201d \u00e9s un concurs amb qu\u00e8 el RACC pret\u00e9n que els joves treballin aspectes de mobilitat sostenible i segura. El seu objectiu principal \u00e9s promoure actituds que fomentin entre els joves una mobilitat responsable. En el concurs els joves poden donar la seva visi\u00f3 sobre la mobilitat mitjan\u00e7ant un anunci gr\u00e0fic, un article [&hellip;]<\/p>\n","protected":false},"author":1,"featured_media":6772,"comment_status":"open","ping_status":"open","sticky":false,"template":"","format":"standard","meta":{"_bbp_topic_count":0,"_bbp_reply_count":0,"_bbp_total_topic_count":0,"_bbp_total_reply_count":0,"_bbp_voice_count":0,"_bbp_anonymous_reply_count":0,"_bbp_topic_count_hidden":0,"_bbp_reply_count_hidden":0,"_bbp_forum_subforum_count":0,"site-sidebar-layout":"default","site-content-layout":"","ast-site-content-layout":"","site-content-style":"default","site-sidebar-style":"default","ast-global-header-display":"","ast-banner-title-visibility":"","ast-main-header-display":"","ast-hfb-above-header-display":"","ast-hfb-below-header-display":"","ast-hfb-mobile-header-display":"","site-post-title":"","ast-breadcrumbs-content":"","ast-featured-img":"","footer-sml-layout":"","theme-transparent-header-meta":"","adv-header-id-meta":"","stick-header-meta":"","header-above-stick-meta":"","header-main-stick-meta":"","header-below-stick-meta":"","astra-migrate-meta-layouts":"default","ast-page-background-enabled":"default","ast-page-background-meta":{"desktop":{"background-color":"var(--ast-global-color-4)","background-image":"","background-repeat":"repeat","background-position":"center center","background-size":"auto","background-attachment":"scroll","background-type":"","background-media":"","overlay-type":"","overlay-color":"","overlay-opacity":"","overlay-gradient":""},"tablet":{"background-color":"","background-image":"","background-repeat":"repeat","background-position":"center center","background-size":"auto","background-attachment":"scroll","background-type":"","background-media":"","overlay-type":"","overlay-color":"","overlay-opacity":"","overlay-gradient":""},"mobile":{"background-color":"","background-image":"","background-repeat":"repeat","background-position":"center center","background-size":"auto","background-attachment":"scroll","background-type":"","background-media":"","overlay-type":"","overlay-color":"","overlay-opacity":"","overlay-gradient":""}},"ast-content-background-meta":{"desktop":{"background-color":"var(--ast-global-color-5)","background-image":"","background-repeat":"repeat","background-position":"center center","background-size":"auto","background-attachment":"scroll","background-type":"","background-media":"","overlay-type":"","overlay-color":"","overlay-opacity":"","overlay-gradient":""},"tablet":{"background-color":"var(--ast-global-color-5)","background-image":"","background-repeat":"repeat","background-position":"center center","background-size":"auto","background-attachment":"scroll","background-type":"","background-media":"","overlay-type":"","overlay-color":"","overlay-opacity":"","overlay-gradient":""},"mobile":{"background-color":"var(--ast-global-color-5)","background-image":"","background-repeat":"repeat","background-position":"center center","background-size":"auto","background-attachment":"scroll","background-type":"","background-media":"","overlay-type":"","overlay-color":"","overlay-opacity":"","overlay-gradient":""}},"footnotes":""},"categories":[29],"tags":[],"class_list":["post-6771","post","type-post","status-publish","format-standard","has-post-thumbnail","hentry","category-portada"],"post_mailing_queue_ids":[],"_links":{"self":[{"href":"https:\/\/serveiseducatius.xtec.cat\/baixpenedes\/wp-json\/wp\/v2\/posts\/6771","targetHints":{"allow":["GET"]}}],"collection":[{"href":"https:\/\/serveiseducatius.xtec.cat\/baixpenedes\/wp-json\/wp\/v2\/posts"}],"about":[{"href":"https:\/\/serveiseducatius.xtec.cat\/baixpenedes\/wp-json\/wp\/v2\/types\/post"}],"author":[{"embeddable":true,"href":"https:\/\/serveiseducatius.xtec.cat\/baixpenedes\/wp-json\/wp\/v2\/users\/1"}],"replies":[{"embeddable":true,"href":"https:\/\/serveiseducatius.xtec.cat\/baixpenedes\/wp-json\/wp\/v2\/comments?post=6771"}],"version-history":[{"count":2,"href":"https:\/\/serveiseducatius.xtec.cat\/baixpenedes\/wp-json\/wp\/v2\/posts\/6771\/revisions"}],"predecessor-version":[{"id":6775,"href":"https:\/\/serveiseducatius.xtec.cat\/baixpenedes\/wp-json\/wp\/v2\/posts\/6771\/revisions\/6775"}],"wp:featuredmedia":[{"embeddable":true,"href":"https:\/\/serveiseducatius.xtec.cat\/baixpenedes\/wp-json\/wp\/v2\/media\/6772"}],"wp:attachment":[{"href":"https:\/\/serveiseducatius.xtec.cat\/baixpenedes\/wp-json\/wp\/v2\/media?parent=6771"}],"wp:term":[{"taxonomy":"category","embeddable":true,"href":"https:\/\/serveiseducatius.xtec.cat\/baixpenedes\/wp-json\/wp\/v2\/categories?post=6771"},{"taxonomy":"post_tag","embeddable":true,"href":"https:\/\/serveiseducatius.xtec.cat\/baixpenedes\/wp-json\/wp\/v2\/tags?post=6771"}],"curies":[{"name":"wp","href":"https:\/\/api.w.org\/{rel}","templated":true}]}}