{"id":6365,"date":"2016-12-14T11:45:11","date_gmt":"2016-12-14T10:45:11","guid":{"rendered":"http:\/\/serveiseducatius.xtec.cat\/baixpenedes\/?p=6365"},"modified":"2016-12-14T12:22:50","modified_gmt":"2016-12-14T11:22:50","slug":"cicle-de-xerrades-holistiques","status":"publish","type":"post","link":"https:\/\/serveiseducatius.xtec.cat\/baixpenedes\/comunitat\/activitats-dels-centres\/cicle-de-xerrades-holistiques\/","title":{"rendered":"CICLE DE XERRADES HOL\u00cdSTIQUES"},"content":{"rendered":"<p><a href=\"http:\/\/agora.xtec.cat\/esc-banyeres\/general\/cicle-de-xerrades-holistiques-3\/\" target=\"_blank\"><img loading=\"lazy\" decoding=\"async\" class=\"aligncenter wp-image-6366 size-thumbnail\" src=\"http:\/\/serveiseducatius.xtec.cat\/baixpenedes\/wp-content\/uploads\/usu764\/2016\/12\/escolaBanyeres-150x150.png\" alt=\"escolabanyeres\" width=\"150\" height=\"150\" \/><\/a><\/p>\n<p>EL COS COM A BASE DE L\u2019APRENENTATGE: On ens porten les nostres mancances corporals? On ens porta l\u2019estimulaci\u00f3 mental preco\u00e7?<\/p>\n<p>A c\u00e0rrec de Ramon V. Albareda. Llicenciat en Psicologia i en Teologia. Sex\u00f2leg.<br \/>\nPer comprendre a l\u2019\u00e9sser hum\u00e0 ens fixem amb els cicles naturals de la vida.<br \/>\nLa vida humana comen\u00e7a pel cos.<br \/>\nEl cos ens vincula amb l\u2019entorn. Els est\u00edmuls els rebem a trav\u00e9s del cos.<br \/>\nEl gust i l\u2019olfacte; els dos sentits m\u00e9s primaris i els menys condicionats per la cultura. Com influencien amb l\u2019aprenentatge?<br \/>\nEstructurem la nostra ment en funci\u00f3 de les viv\u00e8ncies que tenim en la vida.<br \/>\nEl terme \u201caprendre\u201d implica una acci\u00f3 f\u00edsica.<\/p>\n<p><strong>Cada xerrada una oportunitat!!!<\/strong><\/p>\n<p>Si vols pregunatr sobre qualsevol tema. Si desitges aclarir dubtes. Si t\u2019interessa compartir i aprendre.<\/p>\n<p>Vine a con\u00e8ixer l\u2019enfocament hol\u00edstic<\/p>\n<p>A c\u00e0rrec de Ramon V. Albareda. Llicenciat en Psicologia i en Teologia.<\/p>\n<blockquote><p><strong>Propera xerrada: Autoestima corporal, emocional i mental. 15 desembre 2016. Us hi esperem!!!<\/strong><\/p><\/blockquote>\n<p>Si esteu interessats o voleu rebre m\u00e9s informaci\u00f3 podeu enviar un correu electr\u00f2nic a gloriabas@gmail.com o trucar al 609212022<\/p>\n<p>Per tal de poder organitzar l\u2019espai cal confirmar l\u2019assist\u00e8ncia a gloriabas@gmail.com, 24h abans de la xerrada<\/p>\n<p>M\u00e9s informaci\u00f3 a\u00a0<a href=\"http:\/\/agora.xtec.cat\/esc-banyeres\/general\/cicle-de-xerrades-holistiques-3\/\" target=\"_blank\">Escola Mare de D\u00e9u del Priorat<\/a><\/p>\n","protected":false},"excerpt":{"rendered":"<p>EL COS COM A BASE DE L\u2019APRENENTATGE: On ens porten les nostres mancances corporals? On ens porta l\u2019estimulaci\u00f3 mental preco\u00e7? A c\u00e0rrec de Ramon V. Albareda. Llicenciat en Psicologia i en Teologia. Sex\u00f2leg. Per comprendre a l\u2019\u00e9sser hum\u00e0 ens fixem amb els cicles naturals de la vida. La vida humana comen\u00e7a pel cos. El cos [&hellip;]<\/p>\n","protected":false},"author":1,"featured_media":6366,"comment_status":"open","ping_status":"open","sticky":false,"template":"","format":"standard","meta":{"_bbp_topic_count":0,"_bbp_reply_count":0,"_bbp_total_topic_count":0,"_bbp_total_reply_count":0,"_bbp_voice_count":0,"_bbp_anonymous_reply_count":0,"_bbp_topic_count_hidden":0,"_bbp_reply_count_hidden":0,"_bbp_forum_subforum_count":0,"site-sidebar-layout":"default","site-content-layout":"","ast-site-content-layout":"","site-content-style":"default","site-sidebar-style":"default","ast-global-header-display":"","ast-banner-title-visibility":"","ast-main-header-display":"","ast-hfb-above-header-display":"","ast-hfb-below-header-display":"","ast-hfb-mobile-header-display":"","site-post-title":"","ast-breadcrumbs-content":"","ast-featured-img":"","footer-sml-layout":"","theme-transparent-header-meta":"","adv-header-id-meta":"","stick-header-meta":"","header-above-stick-meta":"","header-main-stick-meta":"","header-below-stick-meta":"","astra-migrate-meta-layouts":"default","ast-page-background-enabled":"default","ast-page-background-meta":{"desktop":{"background-color":"var(--ast-global-color-4)","background-image":"","background-repeat":"repeat","background-position":"center center","background-size":"auto","background-attachment":"scroll","background-type":"","background-media":"","overlay-type":"","overlay-color":"","overlay-opacity":"","overlay-gradient":""},"tablet":{"background-color":"","background-image":"","background-repeat":"repeat","background-position":"center center","background-size":"auto","background-attachment":"scroll","background-type":"","background-media":"","overlay-type":"","overlay-color":"","overlay-opacity":"","overlay-gradient":""},"mobile":{"background-color":"","background-image":"","background-repeat":"repeat","background-position":"center center","background-size":"auto","background-attachment":"scroll","background-type":"","background-media":"","overlay-type":"","overlay-color":"","overlay-opacity":"","overlay-gradient":""}},"ast-content-background-meta":{"desktop":{"background-color":"var(--ast-global-color-5)","background-image":"","background-repeat":"repeat","background-position":"center center","background-size":"auto","background-attachment":"scroll","background-type":"","background-media":"","overlay-type":"","overlay-color":"","overlay-opacity":"","overlay-gradient":""},"tablet":{"background-color":"var(--ast-global-color-5)","background-image":"","background-repeat":"repeat","background-position":"center center","background-size":"auto","background-attachment":"scroll","background-type":"","background-media":"","overlay-type":"","overlay-color":"","overlay-opacity":"","overlay-gradient":""},"mobile":{"background-color":"var(--ast-global-color-5)","background-image":"","background-repeat":"repeat","background-position":"center center","background-size":"auto","background-attachment":"scroll","background-type":"","background-media":"","overlay-type":"","overlay-color":"","overlay-opacity":"","overlay-gradient":""}},"footnotes":""},"categories":[262],"tags":[],"class_list":["post-6365","post","type-post","status-publish","format-standard","has-post-thumbnail","hentry","category-activitats-dels-centres"],"post_mailing_queue_ids":[],"_links":{"self":[{"href":"https:\/\/serveiseducatius.xtec.cat\/baixpenedes\/wp-json\/wp\/v2\/posts\/6365","targetHints":{"allow":["GET"]}}],"collection":[{"href":"https:\/\/serveiseducatius.xtec.cat\/baixpenedes\/wp-json\/wp\/v2\/posts"}],"about":[{"href":"https:\/\/serveiseducatius.xtec.cat\/baixpenedes\/wp-json\/wp\/v2\/types\/post"}],"author":[{"embeddable":true,"href":"https:\/\/serveiseducatius.xtec.cat\/baixpenedes\/wp-json\/wp\/v2\/users\/1"}],"replies":[{"embeddable":true,"href":"https:\/\/serveiseducatius.xtec.cat\/baixpenedes\/wp-json\/wp\/v2\/comments?post=6365"}],"version-history":[{"count":3,"href":"https:\/\/serveiseducatius.xtec.cat\/baixpenedes\/wp-json\/wp\/v2\/posts\/6365\/revisions"}],"predecessor-version":[{"id":6369,"href":"https:\/\/serveiseducatius.xtec.cat\/baixpenedes\/wp-json\/wp\/v2\/posts\/6365\/revisions\/6369"}],"wp:featuredmedia":[{"embeddable":true,"href":"https:\/\/serveiseducatius.xtec.cat\/baixpenedes\/wp-json\/wp\/v2\/media\/6366"}],"wp:attachment":[{"href":"https:\/\/serveiseducatius.xtec.cat\/baixpenedes\/wp-json\/wp\/v2\/media?parent=6365"}],"wp:term":[{"taxonomy":"category","embeddable":true,"href":"https:\/\/serveiseducatius.xtec.cat\/baixpenedes\/wp-json\/wp\/v2\/categories?post=6365"},{"taxonomy":"post_tag","embeddable":true,"href":"https:\/\/serveiseducatius.xtec.cat\/baixpenedes\/wp-json\/wp\/v2\/tags?post=6365"}],"curies":[{"name":"wp","href":"https:\/\/api.w.org\/{rel}","templated":true}]}}