{"id":6037,"date":"2017-01-13T05:19:24","date_gmt":"2017-01-13T04:19:24","guid":{"rendered":"http:\/\/serveiseducatius.xtec.cat\/baixpenedes\/?p=6037"},"modified":"2018-10-14T00:38:33","modified_gmt":"2018-10-13T22:38:33","slug":"xxii-concurs-el-gust-per-la-lectura","status":"publish","type":"post","link":"https:\/\/serveiseducatius.xtec.cat\/baixpenedes\/general\/xxii-concurs-el-gust-per-la-lectura\/","title":{"rendered":"XXII Concurs El Gust per la Lectura"},"content":{"rendered":"<p><a href=\"http:\/\/serveiseducatius.xtec.cat\/baixpenedes\/wp-content\/uploads\/usu764\/2016\/11\/concursLectura.png\"><img loading=\"lazy\" decoding=\"async\" class=\"size-medium wp-image-6038 aligncenter\" src=\"http:\/\/serveiseducatius.xtec.cat\/baixpenedes\/wp-content\/uploads\/usu764\/2016\/11\/concursLectura-300x155.png\" alt=\"Concurs Lectura\" width=\"300\" height=\"155\" srcset=\"https:\/\/serveiseducatius.xtec.cat\/baixpenedes\/wp-content\/uploads\/usu764\/2016\/11\/concursLectura-300x155.png 300w, https:\/\/serveiseducatius.xtec.cat\/baixpenedes\/wp-content\/uploads\/usu764\/2016\/11\/concursLectura.png 644w\" sizes=\"auto, (max-width: 300px) 100vw, 300px\" \/><\/a><\/p>\n<p>El Servei d\u2019Immersi\u00f3 i Acolliment Ling\u00fc\u00edstics convoca el XXII Concurs El Gust per la Lectura, basat en la lectura i treball de les obres i els dossiers did\u00e0ctics corresponents.<\/p>\n<p><a href=\"http:\/\/xtec.gencat.cat\/ca\/projectes\/lectura\/gustperlalectura\/concurs\/convocatoriaibases\/\" target=\"_blank\" rel=\"noopener\"><span style=\"color: #ff0000;\">S&#8217;HA AMPLIAT EL TERMINI D&#8217;INSCRIPCI\u00d3 FINS AL 23 DE GENER DE 2017!<\/span><\/a><\/p>\n<p>Descarrega\u00a0el dossier de les bases\u00a0<a href=\"http:\/\/xtec.gencat.cat\/web\/.content\/projectes\/lectura\/gustperlalectura\/documents\/bases_xxii_concurs_egl_1617_ampliat.pdf\" target=\"_blank\" rel=\"noopener\">Bases del XXII Concurs el gust per la lectura<\/a><\/p>\n<p>Els materials did\u00e0ctics sobre les lectures els trobareu a la p\u00e0gina web del Programa El Gust per la Lectura.<\/p>\n<p>M\u00e9s informaci\u00f3 a\u00a0<a href=\"http:\/\/www.xtec.cat\/web\/projectes\/lectura\/gustperlalectura\/materialdidactic\" target=\"_blank\" rel=\"noopener\">http:\/\/www.xtec.cat\/web\/projectes\/lectura\/gustperlalectura\/materialdidactic<\/a><\/p>\n<div><\/div>\n<div><\/div>\n<p>&nbsp;<\/p>\n","protected":false},"excerpt":{"rendered":"<p><font color=\"red\"><strong>S&#8217;HA AMPLIAT EL TERMINI D&#8217;INSCRIPCI\u00d3 FINS AL 23 DE GENER DE 2017!<\/strong><\/font><\/p>\n<p>El Servei d\u2019Immersi\u00f3 i Acolliment Ling\u00fc\u00edstics convoca el XXII Concurs El Gust per la Lectura, basat en la lectura i treball de les obres i els dossiers did\u00e0ctics corresponents.<\/p>\n","protected":false},"author":1,"featured_media":6038,"comment_status":"open","ping_status":"closed","sticky":false,"template":"","format":"standard","meta":{"_bbp_topic_count":0,"_bbp_reply_count":0,"_bbp_total_topic_count":0,"_bbp_total_reply_count":0,"_bbp_voice_count":0,"_bbp_anonymous_reply_count":0,"_bbp_topic_count_hidden":0,"_bbp_reply_count_hidden":0,"_bbp_forum_subforum_count":0,"site-sidebar-layout":"default","site-content-layout":"","ast-site-content-layout":"","site-content-style":"default","site-sidebar-style":"default","ast-global-header-display":"","ast-banner-title-visibility":"","ast-main-header-display":"","ast-hfb-above-header-display":"","ast-hfb-below-header-display":"","ast-hfb-mobile-header-display":"","site-post-title":"","ast-breadcrumbs-content":"","ast-featured-img":"","footer-sml-layout":"","theme-transparent-header-meta":"","adv-header-id-meta":"","stick-header-meta":"","header-above-stick-meta":"","header-main-stick-meta":"","header-below-stick-meta":"","astra-migrate-meta-layouts":"default","ast-page-background-enabled":"default","ast-page-background-meta":{"desktop":{"background-color":"var(--ast-global-color-4)","background-image":"","background-repeat":"repeat","background-position":"center center","background-size":"auto","background-attachment":"scroll","background-type":"","background-media":"","overlay-type":"","overlay-color":"","overlay-opacity":"","overlay-gradient":""},"tablet":{"background-color":"","background-image":"","background-repeat":"repeat","background-position":"center center","background-size":"auto","background-attachment":"scroll","background-type":"","background-media":"","overlay-type":"","overlay-color":"","overlay-opacity":"","overlay-gradient":""},"mobile":{"background-color":"","background-image":"","background-repeat":"repeat","background-position":"center center","background-size":"auto","background-attachment":"scroll","background-type":"","background-media":"","overlay-type":"","overlay-color":"","overlay-opacity":"","overlay-gradient":""}},"ast-content-background-meta":{"desktop":{"background-color":"var(--ast-global-color-5)","background-image":"","background-repeat":"repeat","background-position":"center center","background-size":"auto","background-attachment":"scroll","background-type":"","background-media":"","overlay-type":"","overlay-color":"","overlay-opacity":"","overlay-gradient":""},"tablet":{"background-color":"var(--ast-global-color-5)","background-image":"","background-repeat":"repeat","background-position":"center center","background-size":"auto","background-attachment":"scroll","background-type":"","background-media":"","overlay-type":"","overlay-color":"","overlay-opacity":"","overlay-gradient":""},"mobile":{"background-color":"var(--ast-global-color-5)","background-image":"","background-repeat":"repeat","background-position":"center center","background-size":"auto","background-attachment":"scroll","background-type":"","background-media":"","overlay-type":"","overlay-color":"","overlay-opacity":"","overlay-gradient":""}},"footnotes":""},"categories":[1,29],"tags":[305],"class_list":["post-6037","post","type-post","status-publish","format-standard","has-post-thumbnail","hentry","category-general","category-portada","tag-lectura-en-veu-alta"],"post_mailing_queue_ids":[],"_links":{"self":[{"href":"https:\/\/serveiseducatius.xtec.cat\/baixpenedes\/wp-json\/wp\/v2\/posts\/6037","targetHints":{"allow":["GET"]}}],"collection":[{"href":"https:\/\/serveiseducatius.xtec.cat\/baixpenedes\/wp-json\/wp\/v2\/posts"}],"about":[{"href":"https:\/\/serveiseducatius.xtec.cat\/baixpenedes\/wp-json\/wp\/v2\/types\/post"}],"author":[{"embeddable":true,"href":"https:\/\/serveiseducatius.xtec.cat\/baixpenedes\/wp-json\/wp\/v2\/users\/1"}],"replies":[{"embeddable":true,"href":"https:\/\/serveiseducatius.xtec.cat\/baixpenedes\/wp-json\/wp\/v2\/comments?post=6037"}],"version-history":[{"count":3,"href":"https:\/\/serveiseducatius.xtec.cat\/baixpenedes\/wp-json\/wp\/v2\/posts\/6037\/revisions"}],"predecessor-version":[{"id":11273,"href":"https:\/\/serveiseducatius.xtec.cat\/baixpenedes\/wp-json\/wp\/v2\/posts\/6037\/revisions\/11273"}],"wp:featuredmedia":[{"embeddable":true,"href":"https:\/\/serveiseducatius.xtec.cat\/baixpenedes\/wp-json\/wp\/v2\/media\/6038"}],"wp:attachment":[{"href":"https:\/\/serveiseducatius.xtec.cat\/baixpenedes\/wp-json\/wp\/v2\/media?parent=6037"}],"wp:term":[{"taxonomy":"category","embeddable":true,"href":"https:\/\/serveiseducatius.xtec.cat\/baixpenedes\/wp-json\/wp\/v2\/categories?post=6037"},{"taxonomy":"post_tag","embeddable":true,"href":"https:\/\/serveiseducatius.xtec.cat\/baixpenedes\/wp-json\/wp\/v2\/tags?post=6037"}],"curies":[{"name":"wp","href":"https:\/\/api.w.org\/{rel}","templated":true}]}}