{"id":5834,"date":"2016-10-14T13:44:17","date_gmt":"2016-10-14T11:44:17","guid":{"rendered":"http:\/\/serveiseducatius.xtec.cat\/baixpenedes\/?p=5834"},"modified":"2016-10-14T13:44:17","modified_gmt":"2016-10-14T11:44:17","slug":"activitats-octubre-2016-fundacio-pau-casals","status":"publish","type":"post","link":"https:\/\/serveiseducatius.xtec.cat\/baixpenedes\/xerrades\/portada\/activitats-octubre-2016-fundacio-pau-casals\/","title":{"rendered":"Activitats octubre 2016 Fundaci\u00f3 Pau Casals"},"content":{"rendered":"<p><b><img loading=\"lazy\" decoding=\"async\" class=\" wp-image-5835 alignleft\" src=\"http:\/\/serveiseducatius.xtec.cat\/baixpenedes\/wp-content\/uploads\/usu764\/2016\/10\/vil\u00b7lamuseu-155x300.png\" alt=\"vil%c2%b7lamuseu\" width=\"80\" height=\"155\" srcset=\"https:\/\/serveiseducatius.xtec.cat\/baixpenedes\/wp-content\/uploads\/usu764\/2016\/10\/vil\u00b7lamuseu-155x300.png 155w, https:\/\/serveiseducatius.xtec.cat\/baixpenedes\/wp-content\/uploads\/usu764\/2016\/10\/vil\u00b7lamuseu.png 177w\" sizes=\"auto, (max-width: 80px) 100vw, 80px\" \/><img loading=\"lazy\" decoding=\"async\" class=\"wp-image-5836 alignnone\" src=\"http:\/\/serveiseducatius.xtec.cat\/baixpenedes\/wp-content\/uploads\/usu764\/2016\/10\/activitats-museu-300x101.png\" alt=\"activitats-museu\" width=\"484\" height=\"163\" srcset=\"https:\/\/serveiseducatius.xtec.cat\/baixpenedes\/wp-content\/uploads\/usu764\/2016\/10\/activitats-museu-300x101.png 300w, https:\/\/serveiseducatius.xtec.cat\/baixpenedes\/wp-content\/uploads\/usu764\/2016\/10\/activitats-museu.png 541w\" sizes=\"auto, (max-width: 484px) 100vw, 484px\" \/><\/b><\/p>\n<p><b>Aquest mes d\u2019octubre el Museu Pau Casals organitza un seguit d\u2019activitats dins del Mes Pau Casals i l\u2019Any Granados. Hi sou tots convidats! <\/b><\/p>\n<p><u><b>JORNADA DE PORTES OBERTES <\/b><\/u><\/p>\n<p>Amb motiu de l\u2019<b>aniversari de la mort de Pau Casals i el 140\u00e8 aniversari del seu naixement, <\/b>el cap de setmana del <b>22 i 23 d\u2019octubre<\/b> el Museu Pau Casals fa <b>Jornada de Portes Obertes. <\/b><\/p>\n<p><b>Dissabte 22 &#8211; De 10 a 14 i de 16 a 19h<br \/>\nDiumenge 23 &#8211; De 10 a 14h<\/p>\n<p><u>ACTIVITAT FAMILIAR \u201cEnric Granados i l\u2019espurna de la felicitat\u201d<\/u> <\/b><\/p>\n<p>Veniu a descobrir la<b> vida i la m\u00fasica de Granados<\/b>, des de l\u2019aprenentatge del seu instrument fins a convertir-se en un virtu\u00f3s, passant pels concerts, els viatges, les composicions, els amics&#8230; Amb l\u2019actriu <b>Clara del Ruste i l\u2019actor i pianista Emili Brugalla <\/b>viatjarem al m\u00f3n de la inf\u00e0ncia per entendre el m\u00f3n dels adults amb contes, m\u00fasica, gestos, paraules senzilles amb clau de clown, amb el nas vermell\u2026 que ens encomanaran l\u2019energia d\u2019infant, l\u2019espurna de la felicitat.<\/p>\n<p><b>Dia: Diumenge 23 d\u2019octubre<br \/>\nHora: A les 12h del migdia<br \/>\nLloc: Auditori Pau Casals<br \/>\nEdat recomanda: Infants de 5 a 12 anys<br \/>\nPreu \u00fanic: 3\u20ac (adults i nens)<\/b><\/p>\n<p><b>Informaci\u00f3 i reserves: Tel. <a href=\"tel:977%2068%2042%2076\" target=\"_blank\">977 68 42 76<\/a> \/ e-mail:<a href=\"mailto:museu@paucasals.org\" target=\"_blank\">museu@paucasals.org<\/a><\/b><\/p>\n<p><u><b>EXPOSICI\u00d3 ITINERANT &#8220;Contrapunt: Enric Granados-Pau Casals&#8221;<\/b><\/u><\/p>\n<p>Del<b> 5 al 30 d\u2019octubre es pot visitar l\u2019exposici\u00f3 \u201cContrapunt. Enric Granados i Pau Casals\u201d <\/b>dins dels actes del Mes Pau Casals i l\u2019Any Granados . L\u2019exposici\u00f3, produ\u00efda per la Fundaci\u00f3 Pau Casals el 2005, mostra la relaci\u00f3 que tots dos m\u00fasics van mantenir a trav\u00e9s de les cartes, els documents, partitures i objectes que s&#8217;han conservat al llarg dels anys.<\/p>\n<p><b>Dates: Del 5 al 30 d\u2019octubre<br \/>\nLloc: Escola Municipal de M\u00fasica Pau Casals, Passatge del T\u00edvoli, 3-7, El Vendrell<br \/>\nAcc\u00e9s gratu\u00eft<\/b><\/p>\n<p>Podeu consultar tota la programaci\u00f3 del <b>MES PAU CASALS 2016<\/b>, organitzat per l\u2019<b>Associcaci\u00f3 Musical Pau Casals del Vendrell<\/b> a:<a href=\"http:\/\/associaciomusicalpaucasals.blogspot.com.es\/\" target=\"_blank\" data-saferedirecturl=\"https:\/\/www.google.com\/url?hl=ca&amp;q=http:\/\/associaciomusicalpaucasals.blogspot.com.es\/&amp;source=gmail&amp;ust=1476521459397000&amp;usg=AFQjCNEL3btmysJGcbQJQ7jkYfP_FqYP_A\">associaciomusicalpaucasals.blo<wbr \/>gspot.com.es\/<\/a><\/p>\n","protected":false},"excerpt":{"rendered":"<p>Aquest mes d\u2019octubre el Museu Pau Casals organitza un seguit d\u2019activitats dins del Mes Pau Casals i l\u2019Any Granados. Hi sou tots convidats! JORNADA DE PORTES OBERTES Amb motiu de l\u2019aniversari de la mort de Pau Casals i el 140\u00e8 aniversari del seu naixement, el cap de setmana del 22 i 23 d\u2019octubre el Museu [&hellip;]<\/p>\n","protected":false},"author":1,"featured_media":5835,"comment_status":"open","ping_status":"open","sticky":false,"template":"","format":"standard","meta":{"_bbp_topic_count":0,"_bbp_reply_count":0,"_bbp_total_topic_count":0,"_bbp_total_reply_count":0,"_bbp_voice_count":0,"_bbp_anonymous_reply_count":0,"_bbp_topic_count_hidden":0,"_bbp_reply_count_hidden":0,"_bbp_forum_subforum_count":0,"site-sidebar-layout":"default","site-content-layout":"","ast-site-content-layout":"","site-content-style":"default","site-sidebar-style":"default","ast-global-header-display":"","ast-banner-title-visibility":"","ast-main-header-display":"","ast-hfb-above-header-display":"","ast-hfb-below-header-display":"","ast-hfb-mobile-header-display":"","site-post-title":"","ast-breadcrumbs-content":"","ast-featured-img":"","footer-sml-layout":"","theme-transparent-header-meta":"","adv-header-id-meta":"","stick-header-meta":"","header-above-stick-meta":"","header-main-stick-meta":"","header-below-stick-meta":"","astra-migrate-meta-layouts":"default","ast-page-background-enabled":"default","ast-page-background-meta":{"desktop":{"background-color":"var(--ast-global-color-4)","background-image":"","background-repeat":"repeat","background-position":"center center","background-size":"auto","background-attachment":"scroll","background-type":"","background-media":"","overlay-type":"","overlay-color":"","overlay-opacity":"","overlay-gradient":""},"tablet":{"background-color":"","background-image":"","background-repeat":"repeat","background-position":"center center","background-size":"auto","background-attachment":"scroll","background-type":"","background-media":"","overlay-type":"","overlay-color":"","overlay-opacity":"","overlay-gradient":""},"mobile":{"background-color":"","background-image":"","background-repeat":"repeat","background-position":"center center","background-size":"auto","background-attachment":"scroll","background-type":"","background-media":"","overlay-type":"","overlay-color":"","overlay-opacity":"","overlay-gradient":""}},"ast-content-background-meta":{"desktop":{"background-color":"var(--ast-global-color-5)","background-image":"","background-repeat":"repeat","background-position":"center center","background-size":"auto","background-attachment":"scroll","background-type":"","background-media":"","overlay-type":"","overlay-color":"","overlay-opacity":"","overlay-gradient":""},"tablet":{"background-color":"var(--ast-global-color-5)","background-image":"","background-repeat":"repeat","background-position":"center center","background-size":"auto","background-attachment":"scroll","background-type":"","background-media":"","overlay-type":"","overlay-color":"","overlay-opacity":"","overlay-gradient":""},"mobile":{"background-color":"var(--ast-global-color-5)","background-image":"","background-repeat":"repeat","background-position":"center center","background-size":"auto","background-attachment":"scroll","background-type":"","background-media":"","overlay-type":"","overlay-color":"","overlay-opacity":"","overlay-gradient":""}},"footnotes":""},"categories":[297,274,29],"tags":[],"class_list":["post-5834","post","type-post","status-publish","format-standard","has-post-thumbnail","hentry","category-comarca","category-pau-casals","category-portada"],"post_mailing_queue_ids":[],"_links":{"self":[{"href":"https:\/\/serveiseducatius.xtec.cat\/baixpenedes\/wp-json\/wp\/v2\/posts\/5834","targetHints":{"allow":["GET"]}}],"collection":[{"href":"https:\/\/serveiseducatius.xtec.cat\/baixpenedes\/wp-json\/wp\/v2\/posts"}],"about":[{"href":"https:\/\/serveiseducatius.xtec.cat\/baixpenedes\/wp-json\/wp\/v2\/types\/post"}],"author":[{"embeddable":true,"href":"https:\/\/serveiseducatius.xtec.cat\/baixpenedes\/wp-json\/wp\/v2\/users\/1"}],"replies":[{"embeddable":true,"href":"https:\/\/serveiseducatius.xtec.cat\/baixpenedes\/wp-json\/wp\/v2\/comments?post=5834"}],"version-history":[{"count":1,"href":"https:\/\/serveiseducatius.xtec.cat\/baixpenedes\/wp-json\/wp\/v2\/posts\/5834\/revisions"}],"predecessor-version":[{"id":5837,"href":"https:\/\/serveiseducatius.xtec.cat\/baixpenedes\/wp-json\/wp\/v2\/posts\/5834\/revisions\/5837"}],"wp:featuredmedia":[{"embeddable":true,"href":"https:\/\/serveiseducatius.xtec.cat\/baixpenedes\/wp-json\/wp\/v2\/media\/5835"}],"wp:attachment":[{"href":"https:\/\/serveiseducatius.xtec.cat\/baixpenedes\/wp-json\/wp\/v2\/media?parent=5834"}],"wp:term":[{"taxonomy":"category","embeddable":true,"href":"https:\/\/serveiseducatius.xtec.cat\/baixpenedes\/wp-json\/wp\/v2\/categories?post=5834"},{"taxonomy":"post_tag","embeddable":true,"href":"https:\/\/serveiseducatius.xtec.cat\/baixpenedes\/wp-json\/wp\/v2\/tags?post=5834"}],"curies":[{"name":"wp","href":"https:\/\/api.w.org\/{rel}","templated":true}]}}