{"id":4641,"date":"2016-06-07T08:29:59","date_gmt":"2016-06-07T07:29:59","guid":{"rendered":"http:\/\/serveiseducatius.xtec.cat\/baixpenedes\/?p=4641"},"modified":"2017-01-05T00:08:23","modified_gmt":"2017-01-04T23:08:23","slug":"actes-de-juny-al-museu-deu","status":"publish","type":"post","link":"https:\/\/serveiseducatius.xtec.cat\/baixpenedes\/comunitat\/comarca\/actes-de-juny-al-museu-deu\/","title":{"rendered":"Actes de juny al Museu Deu"},"content":{"rendered":"<p><img loading=\"lazy\" decoding=\"async\" class=\"alignnone wp-image-4648 size-full\" src=\"http:\/\/serveiseducatius.xtec.cat\/baixpenedes\/wp-content\/uploads\/usu764\/2016\/06\/MuseuDeu.jpg\" alt=\"MuseuDeu\" width=\"457\" height=\"188\" srcset=\"https:\/\/serveiseducatius.xtec.cat\/baixpenedes\/wp-content\/uploads\/usu764\/2016\/06\/MuseuDeu.jpg 457w, https:\/\/serveiseducatius.xtec.cat\/baixpenedes\/wp-content\/uploads\/usu764\/2016\/06\/MuseuDeu-300x123.jpg 300w\" sizes=\"auto, (max-width: 457px) 100vw, 457px\" \/><\/p>\n<p>Actes al Museu Deu durant el mes de juny:<\/p>\n<p><strong>DIJOUS 9 DE JUNY<\/strong><br \/>\n19,30h: Inauguraci\u00f3 exposici\u00f3 obres IX Biennal Alejandro de la Sota<br \/>\nOrganitza: Demarcaci\u00f3 de Tarragona del Col\u00b7legi d\u2019Arquitectes de<br \/>\nCatalunya i Fundaci\u00f3 Alejandro de la Sota.<\/p>\n<p><strong>DISSABTE 11 DE JUNY<\/strong><br \/>\n18h. Concert ben\u00e8fic a c\u00e0rrec dels usuaris del Centre de dia Anna<br \/>\nSerra.<br \/>\nDirigit per \u00c0lex Carasol, musicoterapeuta amb la col\u00b7laboraci\u00f3 de Candy<br \/>\namb el seu acordi\u00f3.<\/p>\n<p><strong>DIMARTS 14 DE JUNY<\/strong><br \/>\n20h. Concert a c\u00e0rrec de \u201cKemnay Academy\u201d (Esc\u00f2cia).<br \/>\nCor, banda de jazz, gaiters i dansa<\/p>\n<p><strong><span style=\"color: #339966;\">Per a m\u00e9s informaci\u00f3: Museu Deu. Pla\u00e7a Nova, 6. El Vendrell<\/span><\/strong><br \/>\n<strong><span style=\"color: #339966;\"> Tel.: 977666308 &#8211; museudeu@elvendrell.net \u2013\u00a0<a style=\"color: #339966;\" href=\"http:\/\/www.museudeu.com\/\" target=\"_blank\">museudeu.com<\/a><\/span><\/strong><\/p>\n","protected":false},"excerpt":{"rendered":"<p>Actes al Museu Deu durant el mes de juny de 2016: els dies 9, 11 i 14<\/p>\n","protected":false},"author":1,"featured_media":4648,"comment_status":"open","ping_status":"open","sticky":false,"template":"","format":"standard","meta":{"_bbp_topic_count":0,"_bbp_reply_count":0,"_bbp_total_topic_count":0,"_bbp_total_reply_count":0,"_bbp_voice_count":0,"_bbp_anonymous_reply_count":0,"_bbp_topic_count_hidden":0,"_bbp_reply_count_hidden":0,"_bbp_forum_subforum_count":0,"site-sidebar-layout":"default","site-content-layout":"","ast-site-content-layout":"","site-content-style":"default","site-sidebar-style":"default","ast-global-header-display":"","ast-banner-title-visibility":"","ast-main-header-display":"","ast-hfb-above-header-display":"","ast-hfb-below-header-display":"","ast-hfb-mobile-header-display":"","site-post-title":"","ast-breadcrumbs-content":"","ast-featured-img":"","footer-sml-layout":"","theme-transparent-header-meta":"","adv-header-id-meta":"","stick-header-meta":"","header-above-stick-meta":"","header-main-stick-meta":"","header-below-stick-meta":"","astra-migrate-meta-layouts":"default","ast-page-background-enabled":"default","ast-page-background-meta":{"desktop":{"background-color":"var(--ast-global-color-4)","background-image":"","background-repeat":"repeat","background-position":"center center","background-size":"auto","background-attachment":"scroll","background-type":"","background-media":"","overlay-type":"","overlay-color":"","overlay-opacity":"","overlay-gradient":""},"tablet":{"background-color":"","background-image":"","background-repeat":"repeat","background-position":"center center","background-size":"auto","background-attachment":"scroll","background-type":"","background-media":"","overlay-type":"","overlay-color":"","overlay-opacity":"","overlay-gradient":""},"mobile":{"background-color":"","background-image":"","background-repeat":"repeat","background-position":"center center","background-size":"auto","background-attachment":"scroll","background-type":"","background-media":"","overlay-type":"","overlay-color":"","overlay-opacity":"","overlay-gradient":""}},"ast-content-background-meta":{"desktop":{"background-color":"var(--ast-global-color-5)","background-image":"","background-repeat":"repeat","background-position":"center center","background-size":"auto","background-attachment":"scroll","background-type":"","background-media":"","overlay-type":"","overlay-color":"","overlay-opacity":"","overlay-gradient":""},"tablet":{"background-color":"var(--ast-global-color-5)","background-image":"","background-repeat":"repeat","background-position":"center center","background-size":"auto","background-attachment":"scroll","background-type":"","background-media":"","overlay-type":"","overlay-color":"","overlay-opacity":"","overlay-gradient":""},"mobile":{"background-color":"var(--ast-global-color-5)","background-image":"","background-repeat":"repeat","background-position":"center center","background-size":"auto","background-attachment":"scroll","background-type":"","background-media":"","overlay-type":"","overlay-color":"","overlay-opacity":"","overlay-gradient":""}},"footnotes":""},"categories":[343,297],"tags":[275],"class_list":["post-4641","post","type-post","status-publish","format-standard","has-post-thumbnail","hentry","category-activitats-comarca","category-comarca","tag-museus"],"post_mailing_queue_ids":[],"_links":{"self":[{"href":"https:\/\/serveiseducatius.xtec.cat\/baixpenedes\/wp-json\/wp\/v2\/posts\/4641","targetHints":{"allow":["GET"]}}],"collection":[{"href":"https:\/\/serveiseducatius.xtec.cat\/baixpenedes\/wp-json\/wp\/v2\/posts"}],"about":[{"href":"https:\/\/serveiseducatius.xtec.cat\/baixpenedes\/wp-json\/wp\/v2\/types\/post"}],"author":[{"embeddable":true,"href":"https:\/\/serveiseducatius.xtec.cat\/baixpenedes\/wp-json\/wp\/v2\/users\/1"}],"replies":[{"embeddable":true,"href":"https:\/\/serveiseducatius.xtec.cat\/baixpenedes\/wp-json\/wp\/v2\/comments?post=4641"}],"version-history":[{"count":3,"href":"https:\/\/serveiseducatius.xtec.cat\/baixpenedes\/wp-json\/wp\/v2\/posts\/4641\/revisions"}],"predecessor-version":[{"id":4654,"href":"https:\/\/serveiseducatius.xtec.cat\/baixpenedes\/wp-json\/wp\/v2\/posts\/4641\/revisions\/4654"}],"wp:featuredmedia":[{"embeddable":true,"href":"https:\/\/serveiseducatius.xtec.cat\/baixpenedes\/wp-json\/wp\/v2\/media\/4648"}],"wp:attachment":[{"href":"https:\/\/serveiseducatius.xtec.cat\/baixpenedes\/wp-json\/wp\/v2\/media?parent=4641"}],"wp:term":[{"taxonomy":"category","embeddable":true,"href":"https:\/\/serveiseducatius.xtec.cat\/baixpenedes\/wp-json\/wp\/v2\/categories?post=4641"},{"taxonomy":"post_tag","embeddable":true,"href":"https:\/\/serveiseducatius.xtec.cat\/baixpenedes\/wp-json\/wp\/v2\/tags?post=4641"}],"curies":[{"name":"wp","href":"https:\/\/api.w.org\/{rel}","templated":true}]}}