{"id":4153,"date":"2016-06-03T14:47:23","date_gmt":"2016-06-03T13:47:23","guid":{"rendered":"http:\/\/serveiseducatius.xtec.cat\/baixpenedes\/?p=4153"},"modified":"2017-01-04T23:51:04","modified_gmt":"2017-01-04T22:51:04","slug":"38a-escola-destiu-del-penedes","status":"publish","type":"post","link":"https:\/\/serveiseducatius.xtec.cat\/baixpenedes\/comunitat\/mrp-baix-penedes\/38a-escola-destiu-del-penedes\/","title":{"rendered":"38\u00aa Escola d&#8217;Estiu del Pened\u00e8s"},"content":{"rendered":"<p>&nbsp;<\/p>\n<p><a href=\"http:\/\/serveiseducatius.xtec.cat\/baixpenedes\/wp-content\/uploads\/usu764\/2016\/05\/EscolaMestres.jpg\"><img loading=\"lazy\" decoding=\"async\" class=\" size-full wp-image-4168 aligncenter\" src=\"http:\/\/serveiseducatius.xtec.cat\/baixpenedes\/wp-content\/uploads\/usu764\/2016\/05\/EscolaMestres.jpg\" alt=\"EscolaMestres\" width=\"672\" height=\"422\" srcset=\"https:\/\/serveiseducatius.xtec.cat\/baixpenedes\/wp-content\/uploads\/usu764\/2016\/05\/EscolaMestres.jpg 672w, https:\/\/serveiseducatius.xtec.cat\/baixpenedes\/wp-content\/uploads\/usu764\/2016\/05\/EscolaMestres-300x188.jpg 300w\" sizes=\"auto, (max-width: 672px) 100vw, 672px\" \/><\/a><\/p>\n<p>Oberta la inscripci\u00f3 a l&#8217;Escola d&#8217;Estiu del Pened\u00e8s que es dur\u00e0 a terme a Cal Mata, Saifores.\u00a0Tindr\u00e0 lloc del dilluns 4 al divendres 8 de juliol de 2016, en horari de dilluns a divendres de 9.30h a 13:30h i\/o de 16h a 19h.\u00a0Activitat reconeguda pel Departament d&#8217;Ensenyament.<\/p>\n<p>Inscripcions del <strong>23 de maig al 30 de juny<\/strong>.<\/p>\n<p>Consulteu el\u00a0<a href=\"https:\/\/drive.google.com\/file\/d\/0B6KK-om1jyXrUXRzVFQtSFR6Um8\/view?usp=sharing\" target=\"_blank\">programa<\/a>.<\/p>\n<p>M\u00e9s informaci\u00f3\u00a0<a href=\"http:\/\/mrpbaixpenedes.blogspot.com.es\/search?updated-min=2016-01-01T00:00:00%2B01:00&amp;updated-max=2017-01-01T00:00:00%2B01:00&amp;max-results=6\" target=\"_blank\">en el seu blog<\/a>.<\/p>\n<p>Seu<br \/>\n<iframe loading=\"lazy\" style=\"border: 0;\" src=\"https:\/\/www.google.com\/maps\/embed?pb=!1m14!1m8!1m3!1d47974.10097721161!2d1.5282659267767158!3d41.27880498243184!3m2!1i1024!2i768!4f13.1!3m3!1m2!1s0x0000000000000000%3A0x7569f46332f6f5ad!2sFundaci%C3%B3+Marta+Mata+Garriga!5e0!3m2!1sca!2ses!4v1464254732434\" width=\"600\" height=\"450\" frameborder=\"0\" allowfullscreen=\"allowfullscreen\"><\/iframe><\/p>\n","protected":false},"excerpt":{"rendered":"<p>Oberta la inscripci\u00f3 a l&#8217;Escola d&#8217;Estiu del Pened\u00e8s que es dur\u00e0 a terme a Cal Mata, Saifores<\/p>\n","protected":false},"author":1,"featured_media":4168,"comment_status":"open","ping_status":"open","sticky":false,"template":"","format":"standard","meta":{"_bbp_topic_count":0,"_bbp_reply_count":0,"_bbp_total_topic_count":0,"_bbp_total_reply_count":0,"_bbp_voice_count":0,"_bbp_anonymous_reply_count":0,"_bbp_topic_count_hidden":0,"_bbp_reply_count_hidden":0,"_bbp_forum_subforum_count":0,"site-sidebar-layout":"default","site-content-layout":"","ast-site-content-layout":"","site-content-style":"default","site-sidebar-style":"default","ast-global-header-display":"","ast-banner-title-visibility":"","ast-main-header-display":"","ast-hfb-above-header-display":"","ast-hfb-below-header-display":"","ast-hfb-mobile-header-display":"","site-post-title":"","ast-breadcrumbs-content":"","ast-featured-img":"","footer-sml-layout":"","theme-transparent-header-meta":"","adv-header-id-meta":"","stick-header-meta":"","header-above-stick-meta":"","header-main-stick-meta":"","header-below-stick-meta":"","astra-migrate-meta-layouts":"default","ast-page-background-enabled":"default","ast-page-background-meta":{"desktop":{"background-color":"var(--ast-global-color-4)","background-image":"","background-repeat":"repeat","background-position":"center center","background-size":"auto","background-attachment":"scroll","background-type":"","background-media":"","overlay-type":"","overlay-color":"","overlay-opacity":"","overlay-gradient":""},"tablet":{"background-color":"","background-image":"","background-repeat":"repeat","background-position":"center center","background-size":"auto","background-attachment":"scroll","background-type":"","background-media":"","overlay-type":"","overlay-color":"","overlay-opacity":"","overlay-gradient":""},"mobile":{"background-color":"","background-image":"","background-repeat":"repeat","background-position":"center center","background-size":"auto","background-attachment":"scroll","background-type":"","background-media":"","overlay-type":"","overlay-color":"","overlay-opacity":"","overlay-gradient":""}},"ast-content-background-meta":{"desktop":{"background-color":"var(--ast-global-color-5)","background-image":"","background-repeat":"repeat","background-position":"center center","background-size":"auto","background-attachment":"scroll","background-type":"","background-media":"","overlay-type":"","overlay-color":"","overlay-opacity":"","overlay-gradient":""},"tablet":{"background-color":"var(--ast-global-color-5)","background-image":"","background-repeat":"repeat","background-position":"center center","background-size":"auto","background-attachment":"scroll","background-type":"","background-media":"","overlay-type":"","overlay-color":"","overlay-opacity":"","overlay-gradient":""},"mobile":{"background-color":"var(--ast-global-color-5)","background-image":"","background-repeat":"repeat","background-position":"center center","background-size":"auto","background-attachment":"scroll","background-type":"","background-media":"","overlay-type":"","overlay-color":"","overlay-opacity":"","overlay-gradient":""}},"footnotes":""},"categories":[287],"tags":[292,293],"class_list":["post-4153","post","type-post","status-publish","format-standard","has-post-thumbnail","hentry","category-mrp-baix-penedes","tag-escola-destiu","tag-saifores"],"post_mailing_queue_ids":[],"_links":{"self":[{"href":"https:\/\/serveiseducatius.xtec.cat\/baixpenedes\/wp-json\/wp\/v2\/posts\/4153","targetHints":{"allow":["GET"]}}],"collection":[{"href":"https:\/\/serveiseducatius.xtec.cat\/baixpenedes\/wp-json\/wp\/v2\/posts"}],"about":[{"href":"https:\/\/serveiseducatius.xtec.cat\/baixpenedes\/wp-json\/wp\/v2\/types\/post"}],"author":[{"embeddable":true,"href":"https:\/\/serveiseducatius.xtec.cat\/baixpenedes\/wp-json\/wp\/v2\/users\/1"}],"replies":[{"embeddable":true,"href":"https:\/\/serveiseducatius.xtec.cat\/baixpenedes\/wp-json\/wp\/v2\/comments?post=4153"}],"version-history":[{"count":4,"href":"https:\/\/serveiseducatius.xtec.cat\/baixpenedes\/wp-json\/wp\/v2\/posts\/4153\/revisions"}],"predecessor-version":[{"id":5208,"href":"https:\/\/serveiseducatius.xtec.cat\/baixpenedes\/wp-json\/wp\/v2\/posts\/4153\/revisions\/5208"}],"wp:featuredmedia":[{"embeddable":true,"href":"https:\/\/serveiseducatius.xtec.cat\/baixpenedes\/wp-json\/wp\/v2\/media\/4168"}],"wp:attachment":[{"href":"https:\/\/serveiseducatius.xtec.cat\/baixpenedes\/wp-json\/wp\/v2\/media?parent=4153"}],"wp:term":[{"taxonomy":"category","embeddable":true,"href":"https:\/\/serveiseducatius.xtec.cat\/baixpenedes\/wp-json\/wp\/v2\/categories?post=4153"},{"taxonomy":"post_tag","embeddable":true,"href":"https:\/\/serveiseducatius.xtec.cat\/baixpenedes\/wp-json\/wp\/v2\/tags?post=4153"}],"curies":[{"name":"wp","href":"https:\/\/api.w.org\/{rel}","templated":true}]}}