{"id":23401,"date":"2026-09-03T13:01:02","date_gmt":"2026-09-03T11:01:02","guid":{"rendered":"https:\/\/serveiseducatius.xtec.cat\/baixpenedes\/?p=23401"},"modified":"2026-09-03T13:20:54","modified_gmt":"2026-09-03T11:20:54","slug":"descobreix-loferta-formativa-del-pfz-del-baix-penedes","status":"publish","type":"post","link":"https:\/\/serveiseducatius.xtec.cat\/baixpenedes\/general\/descobreix-loferta-formativa-del-pfz-del-baix-penedes\/","title":{"rendered":"DESCOBREIX L&#8217;OFERTA FORMATIVA DEL PFZ DEL BAIX PENED\u00c8S!"},"content":{"rendered":"<p data-path-to-node=\"3\">Comen\u00e7a un nou curs ple d&#8217;il\u00b7lusi\u00f3, reptes i ganes de continuar fent cr\u00e9ixer la nostra tasca educativa. Des del <b data-path-to-node=\"3\" data-index-in-node=\"112\">Servei Educatiu del Baix Pened\u00e8s<\/b> us presentem l&#8217;oferta d&#8217;activitats de formaci\u00f3 per al professorat, dissenyada per acompanyar-vos en el desenvolupament professional i oferir eines pr\u00e0ctiques amb transfer\u00e8ncia immediata a l&#8217;aula.<\/p>\n<p data-path-to-node=\"4\">Siguis docent d&#8217;educaci\u00f3 infantil, prim\u00e0ria, secund\u00e0ria o formaci\u00f3 professional, en el <b data-path-to-node=\"4\" data-index-in-node=\"87\">Pla de Formaci\u00f3 de Zona (PFZ)<\/b> trobar\u00e0s propostes de reflexi\u00f3, aprenentatge compartit i intercanvi d&#8217;experi\u00e8ncies amb companys i companyes de la comarca.El proper <strong>dijous 4 de setembre<\/strong> s&#8217;inicia el termini d&#8217;inscripci\u00f3 a les activitats proposades per a aquest curs 26-27. Recorda e<b>l per\u00edode d&#8217;inscripci\u00f3 \u00e9s del 4 al 20 de setembre <\/b><b>de 2026<\/b><\/p>\n<p data-path-to-node=\"5\">Perqu\u00e8 puguis trobar r\u00e0pidament all\u00f2 que m\u00e9s s&#8217;adapta a les teves necessitats o a les del teu centre, hem simplificat i agrupat les activitats m\u00e9s significatives:<\/p>\n<h5 data-path-to-node=\"7\">\u00a0Innovaci\u00f3, Tecnologia i Cultura Maker<\/h5>\n<ul data-path-to-node=\"8\">\n<li>\n<p data-path-to-node=\"8,0,0\"><b data-path-to-node=\"8,0,0\" data-index-in-node=\"0\">\u00das de les eines d&#8217;IA generativa aplicades a Educaci\u00f3<\/b><\/p>\n<p data-path-to-node=\"8,0,1\">Apr\u00e8n a integrar la intel\u00b7lig\u00e8ncia artificial de manera pr\u00e0ctica i \u00e8tica en la teva planificaci\u00f3 i pr\u00e0ctica docent.<\/p>\n<ul data-path-to-node=\"8,0,2\">\n<li>\n<p data-path-to-node=\"8,0,2,0,0\"><b data-path-to-node=\"8,0,2,0,0\" data-index-in-node=\"0\">Codi d&#8217;activitat:<\/b> <code data-path-to-node=\"8,0,2,0,0\" data-index-in-node=\"18\">7044591704<\/code><\/p>\n<\/li>\n<li>\n<p data-path-to-node=\"8,0,2,1,0\"><b data-path-to-node=\"8,0,2,1,0\" data-index-in-node=\"0\">Calendari:<\/b> Del 15\/10\/2026 al 24\/11\/2026 (Dijous de 17:15h a 19:15h)<\/p>\n<\/li>\n<li>\n<p data-path-to-node=\"8,0,2,2,0\"><b data-path-to-node=\"8,0,2,2,0\" data-index-in-node=\"0\">Lloc:<\/b> CRP del Baix Pened\u00e8s<\/p>\n<\/li>\n<\/ul>\n<\/li>\n<li>\n<p data-path-to-node=\"8,1,0\"><b data-path-to-node=\"8,1,0\" data-index-in-node=\"0\">Fabricaci\u00f3 maker aplicada a l&#8217;aula<\/b><\/p>\n<p data-path-to-node=\"8,1,1\">Descobreix com el disseny, la creaci\u00f3 i la manipulaci\u00f3 de materials Maker poden transformar els projectes del teu alumnat.<\/p>\n<ul data-path-to-node=\"8,1,2\">\n<li>\n<p data-path-to-node=\"8,1,2,0,0\"><b data-path-to-node=\"8,1,2,0,0\" data-index-in-node=\"0\">Codi d&#8217;activitat:<\/b> <code data-path-to-node=\"8,1,2,0,0\" data-index-in-node=\"18\">7044671704<\/code><\/p>\n<\/li>\n<li>\n<p data-path-to-node=\"8,1,2,1,0\"><b data-path-to-node=\"8,1,2,1,0\" data-index-in-node=\"0\">Calendari:<\/b> Del 19\/10\/2026 al 01\/03\/2027 (Dilluns de 17:00h a 19:00h)<\/p>\n<\/li>\n<li>\n<p data-path-to-node=\"8,1,2,2,0\"><b data-path-to-node=\"8,1,2,2,0\" data-index-in-node=\"0\">Lloc:<\/b> CRP del Baix Pened\u00e8s<\/p>\n<\/li>\n<\/ul>\n<\/li>\n<li>\n<p data-path-to-node=\"8,2,0\"><b data-path-to-node=\"8,2,0\" data-index-in-node=\"0\">BAIXPENEDES-BOT: Projectes maker i rob\u00f2tics a l&#8217;aula<\/b><\/p>\n<p data-path-to-node=\"8,2,1\">Un grup de treball ideal per compartir experi\u00e8ncies, reptes i recursos de rob\u00f2tica i pensament computacional.<\/p>\n<ul data-path-to-node=\"8,2,2\">\n<li>\n<p data-path-to-node=\"8,2,2,0,0\"><b data-path-to-node=\"8,2,2,0,0\" data-index-in-node=\"0\">Codi d&#8217;activitat:<\/b> <code data-path-to-node=\"8,2,2,0,0\" data-index-in-node=\"18\">7044551704<\/code><\/p>\n<\/li>\n<li>\n<p data-path-to-node=\"8,2,2,1,0\"><b data-path-to-node=\"8,2,2,1,0\" data-index-in-node=\"0\">Calendari:<\/b> Del 16\/10\/2026 al 28\/05\/2027 (Divendres de 17:00h a 19:00h)<\/p>\n<\/li>\n<li>\n<p data-path-to-node=\"8,2,2,2,0\"><b data-path-to-node=\"8,2,2,2,0\" data-index-in-node=\"0\">Lloc:<\/b> CRP del Baix Pened\u00e8s<\/p>\n<\/li>\n<\/ul>\n<\/li>\n<li>\n<p data-path-to-node=\"8,3,0\"><b data-path-to-node=\"8,3,0\" data-index-in-node=\"0\">Projectes d&#8217;\u00e0udio amb la maleta d&#8217;audiovisuals<\/b><\/p>\n<p data-path-to-node=\"8,3,1\">Treu el m\u00e0xim suc al Podcast i a la creaci\u00f3 sonora a l&#8217;aula utilitzant els recursos de la maleta audiovisual.<\/p>\n<ul data-path-to-node=\"8,3,2\">\n<li>\n<p data-path-to-node=\"8,3,2,0,0\"><b data-path-to-node=\"8,3,2,0,0\" data-index-in-node=\"0\">Codi d&#8217;activitat:<\/b> <code data-path-to-node=\"8,3,2,0,0\" data-index-in-node=\"18\">7044621704<\/code><\/p>\n<\/li>\n<li>\n<p data-path-to-node=\"8,3,2,1,0\"><b data-path-to-node=\"8,3,2,1,0\" data-index-in-node=\"0\">Calendari:<\/b> Del 13\/10\/2026 al 23\/02\/2027 (Dimarts de 17:00h a 19:00h)<\/p>\n<\/li>\n<li>\n<p data-path-to-node=\"8,3,2,2,0\"><b data-path-to-node=\"8,3,2,2,0\" data-index-in-node=\"0\">Lloc:<\/b> ESC La Parellada (Santa Oliva)<\/p>\n<\/li>\n<\/ul>\n<\/li>\n<\/ul>\n<h5 data-path-to-node=\"10\">\u00a0Inclusi\u00f3, Regulaci\u00f3 Emocional i Etapa 0-6<\/h5>\n<ul data-path-to-node=\"11\">\n<li>\n<p data-path-to-node=\"11,0,0\"><b data-path-to-node=\"11,0,0\" data-index-in-node=\"0\">Pedagogies creatives per a la regulaci\u00f3 emocional, inclusi\u00f3 i participaci\u00f3 activa a l&#8217;aula<\/b><\/p>\n<p data-path-to-node=\"11,0,1\">Eines pr\u00e0ctiques basades en la creativitat per gestionar l&#8217;aula, millorar la conviv\u00e8ncia i afavorir la participaci\u00f3 de tothom.<\/p>\n<ul data-path-to-node=\"11,0,2\">\n<li>\n<p data-path-to-node=\"11,0,2,0,0\"><b data-path-to-node=\"11,0,2,0,0\" data-index-in-node=\"0\">Codi d&#8217;activitat:<\/b> <code data-path-to-node=\"11,0,2,0,0\" data-index-in-node=\"18\">7044681704<\/code><\/p>\n<\/li>\n<li>\n<p data-path-to-node=\"11,0,2,1,0\"><b data-path-to-node=\"11,0,2,1,0\" data-index-in-node=\"0\">Calendari:<\/b> Del 20\/10\/2026 al 01\/12\/2026 (Dimarts de 17:00h a 19:00h)<\/p>\n<\/li>\n<li>\n<p data-path-to-node=\"11,0,2,2,0\"><b data-path-to-node=\"11,0,2,2,0\" data-index-in-node=\"0\">Lloc:<\/b> CRP del Baix Pened\u00e8s<\/p>\n<\/li>\n<\/ul>\n<\/li>\n<li>\n<p data-path-to-node=\"11,2,0\"><b data-path-to-node=\"11,2,0\" data-index-in-node=\"0\">Materials que conviden, infants que investiguen i adults que planifiquen (0-6 anys)<\/b><\/p>\n<p data-path-to-node=\"11,2,1\">Un taller imprescindible per a mestres d&#8217;educaci\u00f3 infantil centrat en la creaci\u00f3 d&#8217;espais d&#8217;aprenentatge i la provocaci\u00f3 del joc.<\/p>\n<ul data-path-to-node=\"11,2,2\">\n<li>\n<p data-path-to-node=\"11,2,2,0,0\"><b data-path-to-node=\"11,2,2,0,0\" data-index-in-node=\"0\">Codi d&#8217;activitat:<\/b> <code data-path-to-node=\"11,2,2,0,0\" data-index-in-node=\"18\">7044661704<\/code><\/p>\n<\/li>\n<li>\n<p data-path-to-node=\"11,2,2,1,0\"><b data-path-to-node=\"11,2,2,1,0\" data-index-in-node=\"0\">Calendari:<\/b> Del 30\/09\/2026 al 14\/10\/2026 (Dimecres de 17:15h a 19:15h)<\/p>\n<\/li>\n<li>\n<p data-path-to-node=\"11,2,2,2,0\"><b data-path-to-node=\"11,2,2,2,0\" data-index-in-node=\"0\">Lloc:<\/b> CRP del Baix Pened\u00e8s<\/p>\n<\/li>\n<\/ul>\n<\/li>\n<\/ul>\n<h5 data-path-to-node=\"13\">Comunicaci\u00f3, Lectura i Confer\u00e8ncies<\/h5>\n<ul style=\"font-size: 16px; font-style: normal; font-weight: 400;\" data-path-to-node=\"14\">\n<li style=\"font-size: 16px;\">\n<p style=\"font-size: 16px;\" data-path-to-node=\"14,2,0\"><b data-path-to-node=\"14,2,0\" data-index-in-node=\"0\">Inauguraci\u00f3 del curs: Marta Mata Garriga, de l&#8217;escola al m\u00f3n<\/b><\/p>\n<p style=\"font-size: 16px;\" data-path-to-node=\"14,2,1\">Confer\u00e8ncia inaugural per arrancar el curs reflexionant sobre una vida dedicada a l&#8217;educaci\u00f3 p\u00fablica de qualitat.<\/p>\n<ul style=\"font-size: 16px;\" data-path-to-node=\"14,2,2\">\n<li style=\"font-size: 16px;\">\n<p style=\"font-size: 16px;\" data-path-to-node=\"14,2,2,0,0\"><b data-path-to-node=\"14,2,2,0,0\" data-index-in-node=\"0\">Codi d&#8217;activitat:<\/b> <code data-path-to-node=\"14,2,2,0,0\" data-index-in-node=\"18\">7044601704<\/code><\/p>\n<\/li>\n<li style=\"font-size: 16px;\">\n<p style=\"font-size: 16px;\" data-path-to-node=\"14,2,2,1,0\"><b data-path-to-node=\"14,2,2,1,0\" data-index-in-node=\"0\">Data:<\/b> Dijous 01\/10\/2026 (de 18:00h a 19:30h)<\/p>\n<\/li>\n<li style=\"font-size: 16px;\">\n<p style=\"font-size: 16px;\" data-path-to-node=\"14,2,2,2,0\"><b data-path-to-node=\"14,2,2,2,0\" data-index-in-node=\"0\">Lloc:<\/b> Auditori del T\u00edvoli (El Vendrell)<\/p>\n<\/li>\n<\/ul>\n<\/li>\n<\/ul>\n<ul data-path-to-node=\"14\">\n<li>\n<p data-path-to-node=\"14,0,0\"><b data-path-to-node=\"14,0,0\" data-index-in-node=\"0\">Taller de lectura en veu alta: el gust de llegir i el plaer d&#8217;escoltar<\/b><\/p>\n<p data-path-to-node=\"14,0,1\">T\u00e8cniques per treballar la lectura expressiva i la comunicaci\u00f3 oral com a eina de dinamitzaci\u00f3 lectora.<\/p>\n<ul data-path-to-node=\"14,0,2\">\n<li>\n<p data-path-to-node=\"14,0,2,0,0\"><b data-path-to-node=\"14,0,2,0,0\" data-index-in-node=\"0\">Codi d&#8217;activitat:<\/b> <code data-path-to-node=\"14,0,2,0,0\" data-index-in-node=\"18\">7044641704<\/code><\/p>\n<\/li>\n<li>\n<p data-path-to-node=\"14,0,2,1,0\"><b data-path-to-node=\"14,0,2,1,0\" data-index-in-node=\"0\">Calendari:<\/b> Del 19\/01\/2027 al 26\/01\/2027 (Dimarts de 17:00h a 19:00h)<\/p>\n<\/li>\n<li>\n<p data-path-to-node=\"14,0,2,2,0\"><b data-path-to-node=\"14,0,2,2,0\" data-index-in-node=\"0\">Lloc:<\/b> CRP del Baix Pened\u00e8s<\/p>\n<\/li>\n<\/ul>\n<\/li>\n<li>\n<p data-path-to-node=\"14,1,0\"><b data-path-to-node=\"14,1,0\" data-index-in-node=\"0\">3r Cicle de Confer\u00e8ncies: Aprenentatge i benestar<\/b><\/p>\n<p data-path-to-node=\"14,1,1\">Espai de reflexi\u00f3 amb ponents experts per debatre sobre el binomi entre el benestar emocional i l&#8217;\u00e8xit en l&#8217;aprenentatge.<\/p>\n<ul data-path-to-node=\"14,1,2\">\n<li>\n<p data-path-to-node=\"14,1,2,0,0\"><b data-path-to-node=\"14,1,2,0,0\" data-index-in-node=\"0\">Codi d&#8217;activitat:<\/b> <code data-path-to-node=\"14,1,2,0,0\" data-index-in-node=\"18\">7044611704<\/code><\/p>\n<\/li>\n<li>\n<p data-path-to-node=\"14,1,2,1,0\"><b data-path-to-node=\"14,1,2,1,0\" data-index-in-node=\"0\">Calendari:<\/b> Del 18\/02\/2027 al 04\/03\/2027 (Dijous de 17:00h a 19:00h)<\/p>\n<\/li>\n<li>\n<p data-path-to-node=\"14,1,2,2,0\"><b data-path-to-node=\"14,1,2,2,0\" data-index-in-node=\"0\">Lloc:<\/b> CRP del Baix Pened\u00e8s<\/p>\n<\/li>\n<\/ul>\n<\/li>\n<\/ul>\n","protected":false},"excerpt":{"rendered":"<p>Comen\u00e7a un nou curs ple d&#8217;il\u00b7lusi\u00f3, reptes i ganes de continuar fent cr\u00e9ixer la nostra tasca educativa. Des del Servei Educatiu del Baix Pened\u00e8s us presentem l&#8217;oferta d&#8217;activitats de formaci\u00f3 per al professorat, dissenyada per acompanyar-vos en el desenvolupament professional i oferir eines pr\u00e0ctiques amb transfer\u00e8ncia immediata a l&#8217;aula. Siguis docent d&#8217;educaci\u00f3 infantil, prim\u00e0ria, secund\u00e0ria [&hellip;]<\/p>\n","protected":false},"author":7,"featured_media":16321,"comment_status":"open","ping_status":"open","sticky":false,"template":"","format":"standard","meta":{"_bbp_topic_count":0,"_bbp_reply_count":0,"_bbp_total_topic_count":0,"_bbp_total_reply_count":0,"_bbp_voice_count":0,"_bbp_anonymous_reply_count":0,"_bbp_topic_count_hidden":0,"_bbp_reply_count_hidden":0,"_bbp_forum_subforum_count":0,"site-sidebar-layout":"default","site-content-layout":"","ast-site-content-layout":"default","site-content-style":"default","site-sidebar-style":"default","ast-global-header-display":"","ast-banner-title-visibility":"","ast-main-header-display":"","ast-hfb-above-header-display":"","ast-hfb-below-header-display":"","ast-hfb-mobile-header-display":"","site-post-title":"","ast-breadcrumbs-content":"","ast-featured-img":"","footer-sml-layout":"","theme-transparent-header-meta":"default","adv-header-id-meta":"","stick-header-meta":"","header-above-stick-meta":"","header-main-stick-meta":"","header-below-stick-meta":"","astra-migrate-meta-layouts":"set","ast-page-background-enabled":"default","ast-page-background-meta":{"desktop":{"background-color":"var(--ast-global-color-4)","background-image":"","background-repeat":"repeat","background-position":"center center","background-size":"auto","background-attachment":"scroll","background-type":"","background-media":"","overlay-type":"","overlay-color":"","overlay-opacity":"","overlay-gradient":""},"tablet":{"background-color":"","background-image":"","background-repeat":"repeat","background-position":"center center","background-size":"auto","background-attachment":"scroll","background-type":"","background-media":"","overlay-type":"","overlay-color":"","overlay-opacity":"","overlay-gradient":""},"mobile":{"background-color":"","background-image":"","background-repeat":"repeat","background-position":"center center","background-size":"auto","background-attachment":"scroll","background-type":"","background-media":"","overlay-type":"","overlay-color":"","overlay-opacity":"","overlay-gradient":""}},"ast-content-background-meta":{"desktop":{"background-color":"var(--ast-global-color-5)","background-image":"","background-repeat":"repeat","background-position":"center center","background-size":"auto","background-attachment":"scroll","background-type":"","background-media":"","overlay-type":"","overlay-color":"","overlay-opacity":"","overlay-gradient":""},"tablet":{"background-color":"var(--ast-global-color-5)","background-image":"","background-repeat":"repeat","background-position":"center center","background-size":"auto","background-attachment":"scroll","background-type":"","background-media":"","overlay-type":"","overlay-color":"","overlay-opacity":"","overlay-gradient":""},"mobile":{"background-color":"var(--ast-global-color-5)","background-image":"","background-repeat":"repeat","background-position":"center center","background-size":"auto","background-attachment":"scroll","background-type":"","background-media":"","overlay-type":"","overlay-color":"","overlay-opacity":"","overlay-gradient":""}},"footnotes":""},"categories":[546,1,377,29],"tags":[],"class_list":["post-23401","post","type-post","status-publish","format-standard","has-post-thumbnail","hentry","category-el-crp","category-general","category-pfz","category-portada"],"post_mailing_queue_ids":[],"_links":{"self":[{"href":"https:\/\/serveiseducatius.xtec.cat\/baixpenedes\/wp-json\/wp\/v2\/posts\/23401","targetHints":{"allow":["GET"]}}],"collection":[{"href":"https:\/\/serveiseducatius.xtec.cat\/baixpenedes\/wp-json\/wp\/v2\/posts"}],"about":[{"href":"https:\/\/serveiseducatius.xtec.cat\/baixpenedes\/wp-json\/wp\/v2\/types\/post"}],"author":[{"embeddable":true,"href":"https:\/\/serveiseducatius.xtec.cat\/baixpenedes\/wp-json\/wp\/v2\/users\/7"}],"replies":[{"embeddable":true,"href":"https:\/\/serveiseducatius.xtec.cat\/baixpenedes\/wp-json\/wp\/v2\/comments?post=23401"}],"version-history":[{"count":3,"href":"https:\/\/serveiseducatius.xtec.cat\/baixpenedes\/wp-json\/wp\/v2\/posts\/23401\/revisions"}],"predecessor-version":[{"id":23404,"href":"https:\/\/serveiseducatius.xtec.cat\/baixpenedes\/wp-json\/wp\/v2\/posts\/23401\/revisions\/23404"}],"wp:featuredmedia":[{"embeddable":true,"href":"https:\/\/serveiseducatius.xtec.cat\/baixpenedes\/wp-json\/wp\/v2\/media\/16321"}],"wp:attachment":[{"href":"https:\/\/serveiseducatius.xtec.cat\/baixpenedes\/wp-json\/wp\/v2\/media?parent=23401"}],"wp:term":[{"taxonomy":"category","embeddable":true,"href":"https:\/\/serveiseducatius.xtec.cat\/baixpenedes\/wp-json\/wp\/v2\/categories?post=23401"},{"taxonomy":"post_tag","embeddable":true,"href":"https:\/\/serveiseducatius.xtec.cat\/baixpenedes\/wp-json\/wp\/v2\/tags?post=23401"}],"curies":[{"name":"wp","href":"https:\/\/api.w.org\/{rel}","templated":true}]}}