{"id":23398,"date":"2026-09-03T12:36:43","date_gmt":"2026-09-03T10:36:43","guid":{"rendered":"https:\/\/serveiseducatius.xtec.cat\/baixpenedes\/?p=23398"},"modified":"2026-09-03T12:38:25","modified_gmt":"2026-09-03T10:38:25","slug":"programa-escuelas-visuales","status":"publish","type":"post","link":"https:\/\/serveiseducatius.xtec.cat\/baixpenedes\/xerrades\/portada\/programa-escuelas-visuales\/","title":{"rendered":"PROGRAMA ESCUELAS VISUALES"},"content":{"rendered":"<p>Durant els darrers anys el programa ha acompanyat a 286 escoles en un proc\u00e9s de transformaci\u00f3 per incorporar la comunicaci\u00f3 visual als seus espais, a la seva organitzaci\u00f3 i, sobretot, a la manera d\u2019ensenyar i aprendre.<\/p>\n<p>Podeu veure en aquest mapa totes les escoles que han participat en el programa:\u00a0<a href=\"http:\/\/bit.ly\/mapaescuelasvisuales\" target=\"_blank\" rel=\"noopener\" data-saferedirecturl=\"https:\/\/www.google.com\/url?q=http:\/\/bit.ly\/mapaescuelasvisuales&amp;source=gmail&amp;ust=1788515216172000&amp;usg=AOvVaw32OeXHecGA60xYURpja0BD\">http:\/\/bit.ly\/<wbr \/>mapaescuelasvisuales<\/a><\/p>\n<p>El pr\u00f2xim <strong>16 de setembre a les 17.00 h<\/strong> presenten <strong>online<\/strong> <strong>\u00abLa meva escola \u00e9s visual\u00bb<\/strong>, un conte que neix precisament de les hist\u00f2ries i experi\u00e8ncies que han viscut al costat d\u2019aquests centres.<\/p>\n<p>Durant la presentaci\u00f3 seran les mateixes mestres les que explicaran com ha estat aquest proc\u00e9s a les seves escoles i compartiran exemples reals de com utilitzen la comunicaci\u00f3 visual per afavorir la comprensi\u00f3, l\u2019aprenentatge, l\u2019autonomia i la participaci\u00f3 de tot l\u2019alumnat. Podeu veure el conte i inscriure-us\u00a0 a <strong><a href=\"http:\/\/www.miescuelaesvisual.com\/\" target=\"_blank\" rel=\"noopener\" data-saferedirecturl=\"https:\/\/www.google.com\/url?q=http:\/\/www.miescuelaesvisual.com\/&amp;source=gmail&amp;ust=1788515216172000&amp;usg=AOvVaw31RWO5izhBDAgRTDS6HYgi\">www.miescuelaesvisual.com<\/a><\/strong>.<\/p>\n<p>Pot ser inspirador per al nostre centre o b\u00e9 una iniciativa a la que adherir-nos ja que est\u00e0 oberta la nova convocat\u00f2ria del programa <strong>Escuelas Visuales<\/strong>\u00a0(<a href=\"http:\/\/www.escuelasvisuales.com\/\" target=\"_blank\" rel=\"noopener\" data-saferedirecturl=\"https:\/\/www.google.com\/url?q=http:\/\/www.escuelasvisuales.com\/&amp;source=gmail&amp;ust=1788515216172000&amp;usg=AOvVaw3QdMPSW2u9OEEwdr_raa3v\">www.escuelasvisuales.com<\/a>). \u00c9s un programa <strong>gratu\u00eft<\/strong> i les escoles solen sol\u00b7licitar una formaci\u00f3 interna de centre\/seminari als seus respectius centres de formaci\u00f3 del professorat.<\/p>\n","protected":false},"excerpt":{"rendered":"<p>Durant els darrers anys el programa ha acompanyat a 286 escoles en un proc\u00e9s de transformaci\u00f3 per incorporar la comunicaci\u00f3 visual als seus espais, a la seva organitzaci\u00f3 i, sobretot, a la manera d\u2019ensenyar i aprendre. Podeu veure en aquest mapa totes les escoles que han participat en el programa:\u00a0http:\/\/bit.ly\/mapaescuelasvisuales El pr\u00f2xim 16 de setembre [&hellip;]<\/p>\n","protected":false},"author":7,"featured_media":23400,"comment_status":"open","ping_status":"open","sticky":false,"template":"","format":"standard","meta":{"_bbp_topic_count":0,"_bbp_reply_count":0,"_bbp_total_topic_count":0,"_bbp_total_reply_count":0,"_bbp_voice_count":0,"_bbp_anonymous_reply_count":0,"_bbp_topic_count_hidden":0,"_bbp_reply_count_hidden":0,"_bbp_forum_subforum_count":0,"site-sidebar-layout":"default","site-content-layout":"","ast-site-content-layout":"default","site-content-style":"default","site-sidebar-style":"default","ast-global-header-display":"","ast-banner-title-visibility":"","ast-main-header-display":"","ast-hfb-above-header-display":"","ast-hfb-below-header-display":"","ast-hfb-mobile-header-display":"","site-post-title":"","ast-breadcrumbs-content":"","ast-featured-img":"","footer-sml-layout":"","theme-transparent-header-meta":"default","adv-header-id-meta":"","stick-header-meta":"","header-above-stick-meta":"","header-main-stick-meta":"","header-below-stick-meta":"","astra-migrate-meta-layouts":"set","ast-page-background-enabled":"default","ast-page-background-meta":{"desktop":{"background-color":"var(--ast-global-color-4)","background-image":"","background-repeat":"repeat","background-position":"center center","background-size":"auto","background-attachment":"scroll","background-type":"","background-media":"","overlay-type":"","overlay-color":"","overlay-opacity":"","overlay-gradient":""},"tablet":{"background-color":"","background-image":"","background-repeat":"repeat","background-position":"center center","background-size":"auto","background-attachment":"scroll","background-type":"","background-media":"","overlay-type":"","overlay-color":"","overlay-opacity":"","overlay-gradient":""},"mobile":{"background-color":"","background-image":"","background-repeat":"repeat","background-position":"center center","background-size":"auto","background-attachment":"scroll","background-type":"","background-media":"","overlay-type":"","overlay-color":"","overlay-opacity":"","overlay-gradient":""}},"ast-content-background-meta":{"desktop":{"background-color":"var(--ast-global-color-5)","background-image":"","background-repeat":"repeat","background-position":"center center","background-size":"auto","background-attachment":"scroll","background-type":"","background-media":"","overlay-type":"","overlay-color":"","overlay-opacity":"","overlay-gradient":""},"tablet":{"background-color":"var(--ast-global-color-5)","background-image":"","background-repeat":"repeat","background-position":"center center","background-size":"auto","background-attachment":"scroll","background-type":"","background-media":"","overlay-type":"","overlay-color":"","overlay-opacity":"","overlay-gradient":""},"mobile":{"background-color":"var(--ast-global-color-5)","background-image":"","background-repeat":"repeat","background-position":"center center","background-size":"auto","background-attachment":"scroll","background-type":"","background-media":"","overlay-type":"","overlay-color":"","overlay-opacity":"","overlay-gradient":""}},"footnotes":""},"categories":[546,29],"tags":[],"class_list":["post-23398","post","type-post","status-publish","format-standard","has-post-thumbnail","hentry","category-el-crp","category-portada"],"post_mailing_queue_ids":[],"_links":{"self":[{"href":"https:\/\/serveiseducatius.xtec.cat\/baixpenedes\/wp-json\/wp\/v2\/posts\/23398","targetHints":{"allow":["GET"]}}],"collection":[{"href":"https:\/\/serveiseducatius.xtec.cat\/baixpenedes\/wp-json\/wp\/v2\/posts"}],"about":[{"href":"https:\/\/serveiseducatius.xtec.cat\/baixpenedes\/wp-json\/wp\/v2\/types\/post"}],"author":[{"embeddable":true,"href":"https:\/\/serveiseducatius.xtec.cat\/baixpenedes\/wp-json\/wp\/v2\/users\/7"}],"replies":[{"embeddable":true,"href":"https:\/\/serveiseducatius.xtec.cat\/baixpenedes\/wp-json\/wp\/v2\/comments?post=23398"}],"version-history":[{"count":1,"href":"https:\/\/serveiseducatius.xtec.cat\/baixpenedes\/wp-json\/wp\/v2\/posts\/23398\/revisions"}],"predecessor-version":[{"id":23399,"href":"https:\/\/serveiseducatius.xtec.cat\/baixpenedes\/wp-json\/wp\/v2\/posts\/23398\/revisions\/23399"}],"wp:featuredmedia":[{"embeddable":true,"href":"https:\/\/serveiseducatius.xtec.cat\/baixpenedes\/wp-json\/wp\/v2\/media\/23400"}],"wp:attachment":[{"href":"https:\/\/serveiseducatius.xtec.cat\/baixpenedes\/wp-json\/wp\/v2\/media?parent=23398"}],"wp:term":[{"taxonomy":"category","embeddable":true,"href":"https:\/\/serveiseducatius.xtec.cat\/baixpenedes\/wp-json\/wp\/v2\/categories?post=23398"},{"taxonomy":"post_tag","embeddable":true,"href":"https:\/\/serveiseducatius.xtec.cat\/baixpenedes\/wp-json\/wp\/v2\/tags?post=23398"}],"curies":[{"name":"wp","href":"https:\/\/api.w.org\/{rel}","templated":true}]}}