{"id":23396,"date":"2026-09-03T11:55:09","date_gmt":"2026-09-03T09:55:09","guid":{"rendered":"https:\/\/serveiseducatius.xtec.cat\/baixpenedes\/?p=23396"},"modified":"2026-09-03T11:55:09","modified_gmt":"2026-09-03T09:55:09","slug":"publicacio-dorientacions-curriculars-durant-lestiu","status":"publish","type":"post","link":"https:\/\/serveiseducatius.xtec.cat\/baixpenedes\/xerrades\/portada\/publicacio-dorientacions-curriculars-durant-lestiu\/","title":{"rendered":"PUBLICACI\u00d3 D&#8217;ORIENTACIONS CURRICULARS DURANT L&#8217;ESTIU"},"content":{"rendered":"<p>Aquest estiu han anat publicant-se les orientacions de diferents \u00e0mbits que estaven pendents. ara ja es poden consultar TOTES les orientacions curriculars per a l&#8217;educaci\u00f3 b\u00e0sica:<\/p>\n<div class=\"wp-block-columns is-layout-flex wp-container-core-columns-is-layout-1 wp-block-columns-is-layout-flex\">\n<div class=\"wp-block-column is-layout-flow wp-block-column-is-layout-flow\">\n<h1 class=\"wp-block-heading has-text-align-center has-border-color has-text-color has-link-color wp-elements-27415c1ca13c350e3b7399e1581e44c2\">Ja es poden consultar\u00a0<strong>totes<\/strong>\u00a0les orientacions curriculars per a l\u2019educaci\u00f3 b\u00e0sica<\/h1>\n<\/div>\n<div class=\"wp-block-column is-layout-flow wp-block-column-is-layout-flow\">\n<figure class=\"wp-block-image alignright size-full is-resized\"><img loading=\"lazy\" decoding=\"async\" class=\"wp-image-17004\" src=\"https:\/\/projectes.xtec.cat\/nou-curriculum\/wp-content\/uploads\/usu2072\/2026\/04\/Logo-Orientacions-Curriculars-5.png\" sizes=\"auto, (max-width: 500px) 100vw, 500px\" srcset=\"https:\/\/projectes.xtec.cat\/nou-curriculum\/wp-content\/uploads\/usu2072\/2026\/04\/Logo-Orientacions-Curriculars-5.png 500w, https:\/\/projectes.xtec.cat\/nou-curriculum\/wp-content\/uploads\/usu2072\/2026\/04\/Logo-Orientacions-Curriculars-5-300x300.png 300w, https:\/\/projectes.xtec.cat\/nou-curriculum\/wp-content\/uploads\/usu2072\/2026\/04\/Logo-Orientacions-Curriculars-5-150x150.png 150w\" alt=\"\" width=\"77\" height=\"77\" \/><\/figure>\n<\/div>\n<\/div>\n<div class=\"wp-block-spacer\" aria-hidden=\"true\"><\/div>\n<div class=\"wp-block-columns is-layout-flex wp-container-core-columns-is-layout-2 wp-block-columns-is-layout-flex\">\n<div id=\"https:\/\/projectes.xtec.cat\/nou-curriculum\/orientacions-curriculars\/\" class=\"wp-block-column caixa-link is-layout-flow wp-block-column-is-layout-flow\">\n<figure class=\"wp-block-image size-large\"><a href=\"https:\/\/projectes.xtec.cat\/nou-curriculum\/wp-content\/uploads\/usu2072\/2026\/07\/Orientacions-Noticia.png\"><img loading=\"lazy\" decoding=\"async\" class=\"wp-image-17404\" src=\"https:\/\/projectes.xtec.cat\/nou-curriculum\/wp-content\/uploads\/usu2072\/2026\/07\/Orientacions-Noticia-1024x772.png\" sizes=\"auto, (max-width: 1024px) 100vw, 1024px\" srcset=\"https:\/\/projectes.xtec.cat\/nou-curriculum\/wp-content\/uploads\/usu2072\/2026\/07\/Orientacions-Noticia-1024x772.png 1024w, https:\/\/projectes.xtec.cat\/nou-curriculum\/wp-content\/uploads\/usu2072\/2026\/07\/Orientacions-Noticia-300x226.png 300w, https:\/\/projectes.xtec.cat\/nou-curriculum\/wp-content\/uploads\/usu2072\/2026\/07\/Orientacions-Noticia-768x579.png 768w, https:\/\/projectes.xtec.cat\/nou-curriculum\/wp-content\/uploads\/usu2072\/2026\/07\/Orientacions-Noticia.png 1120w\" alt=\"\" width=\"1024\" height=\"772\" \/><\/a><\/figure>\n<\/div>\n<div class=\"wp-block-column caixa is-layout-flow wp-block-column-is-layout-flow\">\n<p class=\"has-medium-font-size\">\n\u200b\u200b\u200bEl Departament d\u2019Educaci\u00f3 i Formaci\u00f3 Professional ha completat la publicaci\u00f3 de les orientacions curriculars de l\u2019educaci\u00f3 prim\u00e0ria i de l\u2019educaci\u00f3 secund\u00e0ria obligat\u00f2ria (ESO).<\/p>\n<p>Aquests documents estan pensats per donar suport als equips docents en l\u2019aplicaci\u00f3 del curr\u00edculum a l\u2019aula, especialment pel que fa a la concreci\u00f3 dels sabers de cada curs. S\u00f3n unes guies pr\u00e0ctiques que ofereixen criteris, orientacions i exemples perqu\u00e8 cada centre els pugui desenvolupar d\u2019una\u200b\u200b manera coherent i adaptada a la seva realitat.<\/p>\n<p><strong>Consulteu i descarregueu el material\u200b\u00a0<\/strong>:<\/p>\n<div class=\"wp-block-buttons is-content-justification-center is-layout-flex wp-container-core-buttons-is-layout-1 wp-block-buttons-is-layout-flex\">\n<div class=\"wp-block-button has-custom-font-size has-medium-font-size\"><a class=\"wp-block-button__link has-ast-global-color-5-color has-text-color has-background has-link-color wp-element-button\" href=\"https:\/\/projectes.xtec.cat\/nou-curriculum\/orientacions-curriculars\/\">ORIENTACIONS CURRICULARS DE L\u2019EDUCACI\u00d3 B\u00c0SICA<\/a><\/div>\n<\/div>\n<\/div>\n<\/div>\n<div class=\"addtoany_share_save_container addtoany_content addtoany_content_bottom\"><\/div>\n<header class=\"entry-header \">\n<h1 class=\"entry-title\">Orientacions de l\u2019\u00e0rea de Medi Natural, Social i Cultural de prim\u00e0ria<\/h1>\n<\/header>\n<div class=\"entry-content clear\">\n<div class=\"wp-block-columns is-layout-flex wp-container-core-columns-is-layout-1 wp-block-columns-is-layout-flex\">\n<div class=\"wp-block-column is-layout-flow wp-block-column-is-layout-flow\">\n<p>Les orientacions de l\u2019\u00e0rea de Medi Natural, Social i Cultural de prim\u00e0ria consten de diverses parts: des de la concreci\u00f3 i seq\u00fcenciaci\u00f3 dels sabers, fins a activitats per treballar-los.<\/p>\n<p>A continuaci\u00f3 es poden trobar els enlla\u00e7os als arxius en format pdf amb la concreci\u00f3 i la seq\u00fcenciaci\u00f3 dels sabers marcats pel curr\u00edculum:<\/p>\n<p><a href=\"https:\/\/xtec.gencat.cat\/web\/.content\/curriculum\/primaria\/concrecions-curriculars\/MEDI_PRI_orientacions_curriculars_per_blocs.pdf\" target=\"_blank\" rel=\"noreferrer noopener\"><img loading=\"lazy\" decoding=\"async\" class=\"wp-image-9867\" src=\"https:\/\/projectes.xtec.cat\/nou-curriculum\/wp-content\/uploads\/usu2072\/2023\/01\/pdf-2.png\" sizes=\"auto, (max-width: 35px) 100vw, 35px\" srcset=\"https:\/\/projectes.xtec.cat\/nou-curriculum\/wp-content\/uploads\/usu2072\/2023\/01\/pdf-2.png 256w, https:\/\/projectes.xtec.cat\/nou-curriculum\/wp-content\/uploads\/usu2072\/2023\/01\/pdf-2-150x150.png 150w\" alt=\"\" width=\"35\" height=\"35\" \/>Seq\u00fcenciaci\u00f3 i concreci\u00f3: proposta per blocs<\/a><br \/>\n<a href=\"https:\/\/xtec.gencat.cat\/web\/.content\/curriculum\/primaria\/concrecions-curriculars\/MEDI_PRI_orientacions_curriculars_per_cursos.pdf\" target=\"_blank\" rel=\"noreferrer noopener\"><img loading=\"lazy\" decoding=\"async\" class=\"wp-image-9867\" src=\"https:\/\/projectes.xtec.cat\/nou-curriculum\/wp-content\/uploads\/usu2072\/2023\/01\/pdf-2.png\" sizes=\"auto, (max-width: 35px) 100vw, 35px\" srcset=\"https:\/\/projectes.xtec.cat\/nou-curriculum\/wp-content\/uploads\/usu2072\/2023\/01\/pdf-2.png 256w, https:\/\/projectes.xtec.cat\/nou-curriculum\/wp-content\/uploads\/usu2072\/2023\/01\/pdf-2-150x150.png 150w\" alt=\"\" width=\"35\" height=\"35\" \/>Seq\u00fcenciaci\u00f3 i concreci\u00f3: proposta per cursos<\/a><\/p>\n<p>En el primer arxiu es pot trobar una breu introducci\u00f3 i una taula amb la concreci\u00f3 i la seq\u00fcenciaci\u00f3 per 1r i 2n, per 3r i 4t i per 5\u00e8 i 6\u00e8.<\/p>\n<figure class=\"wp-block-image size-full is-resized\"><a href=\"https:\/\/projectes.xtec.cat\/nou-curriculum\/wp-content\/uploads\/usu2072\/2026\/07\/soc1.jpg\"><img loading=\"lazy\" decoding=\"async\" class=\"wp-image-17320\" src=\"https:\/\/projectes.xtec.cat\/nou-curriculum\/wp-content\/uploads\/usu2072\/2026\/07\/soc1.jpg\" sizes=\"auto, (max-width: 963px) 100vw, 963px\" srcset=\"https:\/\/projectes.xtec.cat\/nou-curriculum\/wp-content\/uploads\/usu2072\/2026\/07\/soc1.jpg 963w, https:\/\/projectes.xtec.cat\/nou-curriculum\/wp-content\/uploads\/usu2072\/2026\/07\/soc1-300x182.jpg 300w, https:\/\/projectes.xtec.cat\/nou-curriculum\/wp-content\/uploads\/usu2072\/2026\/07\/soc1-768x467.jpg 768w\" alt=\"\" width=\"963\" height=\"585\" \/><\/a><\/figure>\n<p>En el segon arxiu es pot trobar la llista de sabers concretats per cada curs.<\/p>\n<p>Per accedir a les orientacions completes, amb activitats, recomanacions, suggeriments i la mateixa seq\u00fcenciaci\u00f3 i concreci\u00f3 i altres recursos, cal accedir al seg\u00fcent enlla\u00e7 (properament):<\/p>\n<p class=\"has-text-align-center\"><a href=\"https:\/\/projectes.xtec.cat\/nou-curriculum\/orientacions-curriculars\/orientacions-curriculars-de-larea-de-coneixement-del-medi-natural-social-i-cultural-de-primaria\/\">Acc\u00e9s a les orientacions completes de l\u2019\u00e0rea de Medi Natural, Social i Cultural<\/a><\/p>\n<header id=\"nodeDecoration\">\n<h1 id=\"nodeTitle\">Orientacions curriculars de l&#8217;\u00e0rea de Coneixement del Medi Natural, Social i Cultural de prim\u00e0ria<\/h1>\n<\/header>\n<article id=\"id121\" class=\"iDevice_wrapper textIdevice em_iDevice\">\n<div class=\"iDevice emphasis1\">\n<div class=\"iDevice_inner\">\n<div class=\"iDevice_content_wrapper\">\n<div id=\"ta121_138_2\" class=\"block iDevice_content\">\n<div class=\"exe-text\">\n<ul>\n<li><a href=\"https:\/\/projectes.edigital.cat\/orientacions-curriculars\/med_pri\/introducci_al_desplegament_del_currculum_de_cincies_socials_geografia_i_histria_de_secundria.html\">Introducci\u00f3 al desplegament<\/a><\/li>\n<li>Especificaci\u00f3 i seq\u00fcenciaci\u00f3 de sabers\n<ul>\n<li><a href=\"https:\/\/projectes.edigital.cat\/orientacions-curriculars\/med_pri\/bloc_1_cultura_cientfica.html\">Bloc 1: Cultura cient\u00edfica:<\/a>\n<ul>\n<li>1.1 Iniciaci\u00f3 a l&#8217;activitat cient\u00edfica:\u00a0<a href=\"https:\/\/projectes.edigital.cat\/orientacions-curriculars\/med_pri\/11_concrecions_del_subbloc_iniciaci_a_lactivitat_cientfica.html\">Concreci\u00f3<\/a>\u00a0\/\u00a0<a href=\"https:\/\/projectes.edigital.cat\/orientacions-curriculars\/med_pri\/11_ideees_clau_i_treball_competencial_del_subbloc_iniciaci_a_lactivitat_cientfica.html\">Idees clau<\/a><\/li>\n<li>1.2 La vida al nostre planeta:\u00a0<a href=\"https:\/\/projectes.edigital.cat\/orientacions-curriculars\/med_pri\/12_concrecions_del_subbloc_la_vida_al_nostre_planeta.html\">Concreci\u00f3<\/a>\u00a0\/\u00a0\u00a0<a href=\"https:\/\/projectes.edigital.cat\/orientacions-curriculars\/med_pri\/12_ideees_clau_i_treball_competencial_del_subbloc_la_vida_al_nostre_planeta.html\">Idees clau<\/a><\/li>\n<li>1.3 Mat\u00e8ria, forces i energia:\u00a0<a href=\"https:\/\/projectes.edigital.cat\/orientacions-curriculars\/med_pri\/13_concrecions_del_subbloc_matria_forces_i_energia.html\">Concreci\u00f3<\/a>\u00a0\/\u00a0<a href=\"https:\/\/projectes.edigital.cat\/orientacions-curriculars\/med_pri\/13_ideees_clau_i_treball_competencial_del_subbloc_matria_forces_i_energia.html\">Idees clau<\/a><\/li>\n<\/ul>\n<\/li>\n<li><a href=\"https:\/\/projectes.edigital.cat\/orientacions-curriculars\/med_pri\/bloc_2_tecnologia_i_digitalitzaci.html\">Bloc 2: Tecnologia i digitalitzaci\u00f3:<\/a>\n<ul>\n<li>2.1 Digitalitzaci\u00f3 de l&#8217;entorn persona d&#8217;aprenentatge:\u00a0<a href=\"https:\/\/projectes.edigital.cat\/orientacions-curriculars\/med_pri\/21_concrecions_del_subbloc_digitalitzaci_de_lentorn_personal_daprenentatge.html\">Concreci\u00f3<\/a>\u00a0\/\u00a0<a href=\"https:\/\/projectes.edigital.cat\/orientacions-curriculars\/med_pri\/21_ideees_clau_i_treball_competencial_del_subbloc_digitalitzaci_de_lentorn_personal_daprenentatge.html\">Idees clau<\/a><\/li>\n<li>2.2 Projectes de disseny i pensament computacional:\u00a0<a href=\"https:\/\/projectes.edigital.cat\/orientacions-curriculars\/med_pri\/22_concrecions_del_subbloc_projectes_de_disseny_i_pensament_computacional.html\">Concreci\u00f3<\/a>\u00a0\/\u00a0<a href=\"https:\/\/projectes.edigital.cat\/orientacions-curriculars\/med_pri\/22_ideees_clau_i_treball_competencial_del_subbloc_projectes_de_disseny_i_pensament_computacional.html\">Idees clau<\/a><\/li>\n<\/ul>\n<\/li>\n<li><a href=\"https:\/\/projectes.edigital.cat\/orientacions-curriculars\/med_pri\/bloc_3_societats_i_territoris.html\">Bloc 3: Societat i territoris:<\/a>\n<ul>\n<li>3.1 Reptes del m\u00f3n actual:\u00a0<a href=\"https:\/\/projectes.edigital.cat\/orientacions-curriculars\/med_pri\/31_concrecions_del_subbloc_reptes_del_mn_actual.html\">Concreci\u00f3<\/a>\u00a0\/\u00a0<a href=\"https:\/\/projectes.edigital.cat\/orientacions-curriculars\/med_pri\/31_ideees_clau_i_treball_competencial_del_subbloc_reptes_del_mn_actual.html\">Idees clau<\/a><\/li>\n<li>3.2 lli\u00e7ons del passat:\u00a0<a href=\"https:\/\/projectes.edigital.cat\/orientacions-curriculars\/med_pri\/32_concrecions_del_subbloc_llions_del_passat.html\">Concreci\u00f3<\/a>\u00a0\/\u00a0<a href=\"https:\/\/projectes.edigital.cat\/orientacions-curriculars\/med_pri\/32_ideees_clau_i_treball_competencial_del_subbloc_llions_del_passat.html\">Idees clau<\/a><\/li>\n<li>3.3 Alfabetitzaci\u00f3 c\u00edvica:\u00a0<a href=\"https:\/\/projectes.edigital.cat\/orientacions-curriculars\/med_pri\/33_concrecions_del_subbloc_alfabetitzaci_cvica.html\">Concreci\u00f3<\/a>\u00a0\/\u00a0<a href=\"https:\/\/projectes.edigital.cat\/orientacions-curriculars\/med_pri\/33_ideees_clau_i_treball_competencial_del_subbloc_alfabetitzaci_cvica.html\">Idees clau<\/a><\/li>\n<li>34. Consci\u00e8ncia ecosocial:\u00a0<a href=\"https:\/\/projectes.edigital.cat\/orientacions-curriculars\/med_pri\/34_concrecions_del_subbloc_conscincia_ecosocial.html\">Concreci\u00f3<\/a>\u00a0\/\u00a0<a href=\"https:\/\/projectes.edigital.cat\/orientacions-curriculars\/med_pri\/34_ideees_clau_i_treball_competencial_del_subbloc_conscincia_ecosocial.html\">Idees clau<\/a><\/li>\n<\/ul>\n<\/li>\n<\/ul>\n<\/li>\n<li><a href=\"https:\/\/projectes.edigital.cat\/orientacions-curriculars\/med_pri\/proposta_en_formats_pdf.html\">Propostes en pdf<\/a><\/li>\n<\/ul>\n<\/div>\n<\/div>\n<\/div>\n<\/div>\n<\/div>\n<\/article>\n<\/div>\n<header id=\"nodeDecoration\">\n<h1 id=\"nodeTitle\">Orientacions curriculars de l&#8217;\u00e0rea d&#8217;Educaci\u00f3 F\u00edsica de prim\u00e0ria<\/h1>\n<\/header>\n<article id=\"id103\" class=\"iDevice_wrapper MapaIdevice\">\n<div class=\"iDevice emphasis0\">\n<div id=\"ta103_133_2\" class=\"block iDevice_content\">\n<div class=\"mapa-IDevice\">\n<div class=\"mapa-instructions gameQP-instructions\">\n<p>Prem sobre les icones actives de la imatge.<\/p>\n<\/div>\n<div id=\"mapaMainContainer-0\" class=\"MQP-MainContainer\">\n<div id=\"mapaGameContainer-0\" class=\"MQP-GameContainer\">\n<div id=\"mapaToolBar-0\" class=\"MQP-ToolBar\"><span id=\"mapaMessageToolBar-0\" class=\"MQP-MesageToolBar\"><\/span><\/p>\n<div class=\"MQP-ToolBarL\">\n<div class=\"MQP-IconsToolBar exeQuextIcons-Areas  MQP-Activo\"><\/div>\n<div class=\"MQP-IconsToolBar exeQuextIcons-MZGame  MQP-Activo\"><\/div>\n<div id=\"mapaFullScreen-0\" class=\"MQP-IconsToolBar exeQuextIcons-FSGame  MQP-Activo\"><\/div>\n<\/div>\n<\/div>\n<div id=\"mapaMessageFind-0\" class=\"MQP-MessageFindDiv\"><\/div>\n<div id=\"mapaMultimedia-0\" class=\"MQP-Multimedia\"><img decoding=\"async\" id=\"mapaImage-0\" class=\"MQP-ImageMain\" src=\"https:\/\/projectes.edigital.cat\/orientacions-curriculars\/ef_pri\/Orientacions_EF_-_Esquema_Primaria.png\" alt=\"\" \/><\/div>\n<div><\/div>\n<\/div>\n<\/div>\n<\/div>\n<\/div>\n<\/div>\n<\/article>\n<\/div>\n<\/div>\n","protected":false},"excerpt":{"rendered":"<p>Aquest estiu han anat publicant-se les orientacions de diferents \u00e0mbits que estaven pendents. ara ja es poden consultar TOTES les orientacions curriculars per a l&#8217;educaci\u00f3 b\u00e0sica: Ja es poden consultar\u00a0totes\u00a0les orientacions curriculars per a l\u2019educaci\u00f3 b\u00e0sica \u200b\u200b\u200bEl Departament d\u2019Educaci\u00f3 i Formaci\u00f3 Professional ha completat la publicaci\u00f3 de les orientacions curriculars de l\u2019educaci\u00f3 prim\u00e0ria i de [&hellip;]<\/p>\n","protected":false},"author":7,"featured_media":21979,"comment_status":"open","ping_status":"open","sticky":false,"template":"","format":"standard","meta":{"_bbp_topic_count":0,"_bbp_reply_count":0,"_bbp_total_topic_count":0,"_bbp_total_reply_count":0,"_bbp_voice_count":0,"_bbp_anonymous_reply_count":0,"_bbp_topic_count_hidden":0,"_bbp_reply_count_hidden":0,"_bbp_forum_subforum_count":0,"site-sidebar-layout":"default","site-content-layout":"","ast-site-content-layout":"default","site-content-style":"default","site-sidebar-style":"default","ast-global-header-display":"","ast-banner-title-visibility":"","ast-main-header-display":"","ast-hfb-above-header-display":"","ast-hfb-below-header-display":"","ast-hfb-mobile-header-display":"","site-post-title":"","ast-breadcrumbs-content":"","ast-featured-img":"","footer-sml-layout":"","theme-transparent-header-meta":"default","adv-header-id-meta":"","stick-header-meta":"","header-above-stick-meta":"","header-main-stick-meta":"","header-below-stick-meta":"","astra-migrate-meta-layouts":"set","ast-page-background-enabled":"default","ast-page-background-meta":{"desktop":{"background-color":"var(--ast-global-color-4)","background-image":"","background-repeat":"repeat","background-position":"center center","background-size":"auto","background-attachment":"scroll","background-type":"","background-media":"","overlay-type":"","overlay-color":"","overlay-opacity":"","overlay-gradient":""},"tablet":{"background-color":"","background-image":"","background-repeat":"repeat","background-position":"center center","background-size":"auto","background-attachment":"scroll","background-type":"","background-media":"","overlay-type":"","overlay-color":"","overlay-opacity":"","overlay-gradient":""},"mobile":{"background-color":"","background-image":"","background-repeat":"repeat","background-position":"center center","background-size":"auto","background-attachment":"scroll","background-type":"","background-media":"","overlay-type":"","overlay-color":"","overlay-opacity":"","overlay-gradient":""}},"ast-content-background-meta":{"desktop":{"background-color":"var(--ast-global-color-5)","background-image":"","background-repeat":"repeat","background-position":"center center","background-size":"auto","background-attachment":"scroll","background-type":"","background-media":"","overlay-type":"","overlay-color":"","overlay-opacity":"","overlay-gradient":""},"tablet":{"background-color":"var(--ast-global-color-5)","background-image":"","background-repeat":"repeat","background-position":"center center","background-size":"auto","background-attachment":"scroll","background-type":"","background-media":"","overlay-type":"","overlay-color":"","overlay-opacity":"","overlay-gradient":""},"mobile":{"background-color":"var(--ast-global-color-5)","background-image":"","background-repeat":"repeat","background-position":"center center","background-size":"auto","background-attachment":"scroll","background-type":"","background-media":"","overlay-type":"","overlay-color":"","overlay-opacity":"","overlay-gradient":""}},"footnotes":""},"categories":[546,520,29,529,422],"tags":[],"class_list":["post-23396","post","type-post","status-publish","format-standard","has-post-thumbnail","hentry","category-el-crp","category-nom-curriculum","category-portada","category-primaria","category-secundaria"],"post_mailing_queue_ids":[],"_links":{"self":[{"href":"https:\/\/serveiseducatius.xtec.cat\/baixpenedes\/wp-json\/wp\/v2\/posts\/23396","targetHints":{"allow":["GET"]}}],"collection":[{"href":"https:\/\/serveiseducatius.xtec.cat\/baixpenedes\/wp-json\/wp\/v2\/posts"}],"about":[{"href":"https:\/\/serveiseducatius.xtec.cat\/baixpenedes\/wp-json\/wp\/v2\/types\/post"}],"author":[{"embeddable":true,"href":"https:\/\/serveiseducatius.xtec.cat\/baixpenedes\/wp-json\/wp\/v2\/users\/7"}],"replies":[{"embeddable":true,"href":"https:\/\/serveiseducatius.xtec.cat\/baixpenedes\/wp-json\/wp\/v2\/comments?post=23396"}],"version-history":[{"count":1,"href":"https:\/\/serveiseducatius.xtec.cat\/baixpenedes\/wp-json\/wp\/v2\/posts\/23396\/revisions"}],"predecessor-version":[{"id":23397,"href":"https:\/\/serveiseducatius.xtec.cat\/baixpenedes\/wp-json\/wp\/v2\/posts\/23396\/revisions\/23397"}],"wp:featuredmedia":[{"embeddable":true,"href":"https:\/\/serveiseducatius.xtec.cat\/baixpenedes\/wp-json\/wp\/v2\/media\/21979"}],"wp:attachment":[{"href":"https:\/\/serveiseducatius.xtec.cat\/baixpenedes\/wp-json\/wp\/v2\/media?parent=23396"}],"wp:term":[{"taxonomy":"category","embeddable":true,"href":"https:\/\/serveiseducatius.xtec.cat\/baixpenedes\/wp-json\/wp\/v2\/categories?post=23396"},{"taxonomy":"post_tag","embeddable":true,"href":"https:\/\/serveiseducatius.xtec.cat\/baixpenedes\/wp-json\/wp\/v2\/tags?post=23396"}],"curies":[{"name":"wp","href":"https:\/\/api.w.org\/{rel}","templated":true}]}}