{"id":23393,"date":"2026-09-03T10:24:50","date_gmt":"2026-09-03T08:24:50","guid":{"rendered":"https:\/\/serveiseducatius.xtec.cat\/baixpenedes\/?p=23393"},"modified":"2026-09-03T11:47:10","modified_gmt":"2026-09-03T09:47:10","slug":"premi-delta-al-programa-faig","status":"publish","type":"post","link":"https:\/\/serveiseducatius.xtec.cat\/baixpenedes\/xerrades\/portada\/premi-delta-al-programa-faig\/","title":{"rendered":"PREMI DELTA AL PROGRAMA FAIG"},"content":{"rendered":"<p>El 22 de juliol de 2026, el Programa FAIG (Fent per Aprendre Imaginant Globalment), impulsat pel Departament d\u2019Educaci\u00f3 i Formaci\u00f3 Professional de la Generalitat de Catalunya a trav\u00e9s del CESIRE, ha rebut el\u00a0<b>Premi Delta Cultura d\u2019Or 2026<\/b>, atorgat per l\u2019ADI-FAD.<\/p>\n<p><a href=\"https:\/\/serveiseducatius.xtec.cat\/cesire\/wp-content\/uploads\/usu2650\/2026\/09\/2026-07-22-Premis-Delta-004-1L8A9381.jpg\" target=\"_blank\" rel=\"noopener\" data-saferedirecturl=\"https:\/\/www.google.com\/url?q=https:\/\/serveiseducatius.xtec.cat\/cesire\/wp-content\/uploads\/usu2650\/2026\/09\/2026-07-22-Premis-Delta-004-1L8A9381.jpg&amp;source=gmail&amp;ust=1788509305222000&amp;usg=AOvVaw0ncym_gmO90fq-rMZv9ixo\"><img loading=\"lazy\" decoding=\"async\" class=\"CToWUd\" src=\"https:\/\/ci3.googleusercontent.com\/meips\/ADKq_NYVec7l8VCauWsO1k_3XmJL3FfKwMik4YUzy7yCPPJTLwsHu2tq2NebyzncUk8yBJGIPDF_Me8DOELKEXBQFYBCOjPzTjIUZb_5NPGxwKNDBQWER2EjkjDSPrz9VaXHf29b4VsHbQXCm2D8rr9wrEhaz5MfOW6yRu1u152kM7VEDxM5c9XsqnEHEg=s0-d-e1-ft#https:\/\/serveiseducatius.xtec.cat\/cesire\/wp-content\/uploads\/usu2650\/2026\/09\/2026-07-22-Premis-Delta-004-1L8A9381.jpg\" alt=\"\" width=\"1024\" height=\"683\" data-bit=\"iit\" \/><\/a><\/p>\n<p>Per a bona part del m\u00f3n educatiu, els Premis Delta poden resultar poc coneguts. Tanmateix, constitueixen un dels guardons m\u00e9s prestigiosos del pa\u00eds en l\u2019\u00e0mbit del disseny. Des de 1961, han distingit projectes, productes i iniciatives que han contribu\u00eft a transformar la cultura del disseny i la seva relaci\u00f3 amb la societat.\u00a0<b>Des del 2016, els Premis Delta Cultura reconeixen projectes que contribueixen a fomentar la cultura del disseny i a fer-la present en nous \u00e0mbits de la societat.<\/b><\/p>\n<p><b>El Programa FAIG<\/b>\u00a0acompanya centres educatius p\u00fablics de prim\u00e0ria i secund\u00e0ria en el desenvolupament de\u00a0<b>projectes d\u2019aprenentatge globalitzats vinculats a reptes socials rellevants del seu entorn<\/b>. En aquest marc, s\u2019ha desplegat una\u00a0<b>xarxa de 150 FAIGLabs<\/b>, laboratoris de fabricaci\u00f3 digital integrats als centres educatius que amplien les possibilitats d\u2019<b>investigar, dissenyar, experimentar, prototipar i fabricar per donar resposta als reptes plantejats, en col\u00b7laboraci\u00f3 amb agents socials i culturals de l\u2019entorn<\/b>.<\/p>\n<p>El jurat ha distingit el Programa FAIG\u00a0<i>\u00abper integrar el disseny com a metodologia des dels primers anys d\u2019escolaritzaci\u00f3, fomentant la creativitat, la cultura i el pensament cr\u00edtic, i per promoure la relaci\u00f3 entre disseny i educaci\u00f3 per generar compet\u00e8ncies que ajudin a comprendre el m\u00f3n i a resoldre problemes\u00bb.<\/i><\/p>\n<p>Els FAIGLabs s\u00f3n una pe\u00e7a fonamental d\u2019aquesta proposta. Les eines i tecnologies de fabricaci\u00f3 digital, com la impressi\u00f3 3D o el tall l\u00e0ser, amplien all\u00f2 que l\u2019alumnat pot imaginar, dissenyar i materialitzar i, alhora, obren noves preguntes: qu\u00e8 volem fer i per qu\u00e8? Per a qui? A quin repte volem donar resposta? Com sabem si funciona?<\/p>\n<p><b>\u00c9s en aquest proc\u00e9s on el disseny esdev\u00e9 una manera d\u2019aprendre.<\/b>\u00a0Infants i joves investiguen el seu entorn, imaginen possibilitats, prenen decisions, experimenten amb materials i tecnologies, col\u00b7laboren, construeixen prototips, els posen a prova i iteren,\u00a0<b>mobilitzant sabers i compet\u00e8ncies al llarg del recorregut.<\/b><\/p>\n<p>El reconeixement posa en valor el paper del disseny en l\u2019educaci\u00f3 com una forma de pensament, una pr\u00e0ctica cultural i una eina per afrontar els reptes socials, ambientals i tecnol\u00f2gics del nostre temps amb creativitat, criteri i responsabilitat. I \u00e9s tamb\u00e9 un reconeixement a la comunitat que ha fet possible el Programa FAIG: els centres educatius, els equips directius, els docents, l\u2019alumnat, els Centres de Recursos Pedag\u00f2gics, els equips del CESIRE, les institucions culturals, les universitats i totes les persones que, al llarg d\u2019aquests anys, han contribu\u00eft a construir aquesta xarxa.<\/p>\n<p>El Premi Delta Cultura d\u2019Or \u00e9s un est\u00edmul per continuar apropant la cultura del disseny a l\u2019educaci\u00f3, posant en valor els processos i el disseny com una manera de comprendre el m\u00f3n i d\u2019imaginar futurs possibles.<\/p>\n<p>&nbsp;<\/p>\n<h2><b>M\u00e9s informaci\u00f3 sobre els Premis Delta 2026<\/b><\/h2>\n<p>Podeu ampliar la informaci\u00f3 a la not\u00edcia publicada al web de l\u2019ADI-FAD:<a href=\"https:\/\/www.fad.cat\/adi-fad\/ca\/news\/26284\/els-premis-delta-2026-reivindiquen-el-millor-disseny-industrial-dels-ultims-dos-anys?utm_source=chatgpt.com\" target=\"_blank\" rel=\"noopener\" data-saferedirecturl=\"https:\/\/www.google.com\/url?q=https:\/\/www.fad.cat\/adi-fad\/ca\/news\/26284\/els-premis-delta-2026-reivindiquen-el-millor-disseny-industrial-dels-ultims-dos-anys?utm_source%3Dchatgpt.com&amp;source=gmail&amp;ust=1788509305222000&amp;usg=AOvVaw0mCyauAkFKVvQH7VTQ9zmL\">\u00a0Els Premis Delta 2026 reivindiquen el millor disseny industrial dels \u00faltims dos anys<\/a>.<\/p>\n<p>Tamb\u00e9 us convidem a visitar l\u2019exposici\u00f3 \u00abPremis Delta 2026. Disseny industrial i cultura del disseny\u00bb, al Disseny Hub Barcelona fins al 6 de setembre de 2026. Entre els projectes distingits pels Premis Delta, hi podreu veure una selecci\u00f3 de materials que documenten alguns dels processos desenvolupats en el marc del Programa FAIG.<\/p>\n","protected":false},"excerpt":{"rendered":"<p>El 22 de juliol de 2026, el Programa FAIG (Fent per Aprendre Imaginant Globalment), impulsat pel Departament d\u2019Educaci\u00f3 i Formaci\u00f3 Professional de la Generalitat de Catalunya a trav\u00e9s del CESIRE, ha rebut el\u00a0Premi Delta Cultura d\u2019Or 2026, atorgat per l\u2019ADI-FAD. Per a bona part del m\u00f3n educatiu, els Premis Delta poden resultar poc coneguts. Tanmateix, [&hellip;]<\/p>\n","protected":false},"author":7,"featured_media":23394,"comment_status":"open","ping_status":"open","sticky":false,"template":"","format":"standard","meta":{"_bbp_topic_count":0,"_bbp_reply_count":0,"_bbp_total_topic_count":0,"_bbp_total_reply_count":0,"_bbp_voice_count":0,"_bbp_anonymous_reply_count":0,"_bbp_topic_count_hidden":0,"_bbp_reply_count_hidden":0,"_bbp_forum_subforum_count":0,"site-sidebar-layout":"default","site-content-layout":"","ast-site-content-layout":"default","site-content-style":"default","site-sidebar-style":"default","ast-global-header-display":"","ast-banner-title-visibility":"","ast-main-header-display":"","ast-hfb-above-header-display":"","ast-hfb-below-header-display":"","ast-hfb-mobile-header-display":"","site-post-title":"","ast-breadcrumbs-content":"","ast-featured-img":"","footer-sml-layout":"","theme-transparent-header-meta":"default","adv-header-id-meta":"","stick-header-meta":"","header-above-stick-meta":"","header-main-stick-meta":"","header-below-stick-meta":"","astra-migrate-meta-layouts":"set","ast-page-background-enabled":"default","ast-page-background-meta":{"desktop":{"background-color":"var(--ast-global-color-4)","background-image":"","background-repeat":"repeat","background-position":"center center","background-size":"auto","background-attachment":"scroll","background-type":"","background-media":"","overlay-type":"","overlay-color":"","overlay-opacity":"","overlay-gradient":""},"tablet":{"background-color":"","background-image":"","background-repeat":"repeat","background-position":"center center","background-size":"auto","background-attachment":"scroll","background-type":"","background-media":"","overlay-type":"","overlay-color":"","overlay-opacity":"","overlay-gradient":""},"mobile":{"background-color":"","background-image":"","background-repeat":"repeat","background-position":"center center","background-size":"auto","background-attachment":"scroll","background-type":"","background-media":"","overlay-type":"","overlay-color":"","overlay-opacity":"","overlay-gradient":""}},"ast-content-background-meta":{"desktop":{"background-color":"var(--ast-global-color-5)","background-image":"","background-repeat":"repeat","background-position":"center center","background-size":"auto","background-attachment":"scroll","background-type":"","background-media":"","overlay-type":"","overlay-color":"","overlay-opacity":"","overlay-gradient":""},"tablet":{"background-color":"var(--ast-global-color-5)","background-image":"","background-repeat":"repeat","background-position":"center center","background-size":"auto","background-attachment":"scroll","background-type":"","background-media":"","overlay-type":"","overlay-color":"","overlay-opacity":"","overlay-gradient":""},"mobile":{"background-color":"var(--ast-global-color-5)","background-image":"","background-repeat":"repeat","background-position":"center center","background-size":"auto","background-attachment":"scroll","background-type":"","background-media":"","overlay-type":"","overlay-color":"","overlay-opacity":"","overlay-gradient":""}},"footnotes":""},"categories":[522,29,419,521],"tags":[],"class_list":["post-23393","post","type-post","status-publish","format-standard","has-post-thumbnail","hentry","category-cesire","category-portada","category-premis-concursos","category-steam"],"post_mailing_queue_ids":[],"_links":{"self":[{"href":"https:\/\/serveiseducatius.xtec.cat\/baixpenedes\/wp-json\/wp\/v2\/posts\/23393","targetHints":{"allow":["GET"]}}],"collection":[{"href":"https:\/\/serveiseducatius.xtec.cat\/baixpenedes\/wp-json\/wp\/v2\/posts"}],"about":[{"href":"https:\/\/serveiseducatius.xtec.cat\/baixpenedes\/wp-json\/wp\/v2\/types\/post"}],"author":[{"embeddable":true,"href":"https:\/\/serveiseducatius.xtec.cat\/baixpenedes\/wp-json\/wp\/v2\/users\/7"}],"replies":[{"embeddable":true,"href":"https:\/\/serveiseducatius.xtec.cat\/baixpenedes\/wp-json\/wp\/v2\/comments?post=23393"}],"version-history":[{"count":1,"href":"https:\/\/serveiseducatius.xtec.cat\/baixpenedes\/wp-json\/wp\/v2\/posts\/23393\/revisions"}],"predecessor-version":[{"id":23395,"href":"https:\/\/serveiseducatius.xtec.cat\/baixpenedes\/wp-json\/wp\/v2\/posts\/23393\/revisions\/23395"}],"wp:featuredmedia":[{"embeddable":true,"href":"https:\/\/serveiseducatius.xtec.cat\/baixpenedes\/wp-json\/wp\/v2\/media\/23394"}],"wp:attachment":[{"href":"https:\/\/serveiseducatius.xtec.cat\/baixpenedes\/wp-json\/wp\/v2\/media?parent=23393"}],"wp:term":[{"taxonomy":"category","embeddable":true,"href":"https:\/\/serveiseducatius.xtec.cat\/baixpenedes\/wp-json\/wp\/v2\/categories?post=23393"},{"taxonomy":"post_tag","embeddable":true,"href":"https:\/\/serveiseducatius.xtec.cat\/baixpenedes\/wp-json\/wp\/v2\/tags?post=23393"}],"curies":[{"name":"wp","href":"https:\/\/api.w.org\/{rel}","templated":true}]}}