{"id":23380,"date":"2026-09-01T13:03:43","date_gmt":"2026-09-01T11:03:43","guid":{"rendered":"https:\/\/serveiseducatius.xtec.cat\/baixpenedes\/?p=23380"},"modified":"2026-09-01T13:04:14","modified_gmt":"2026-09-01T11:04:14","slug":"seminari-guimera","status":"publish","type":"post","link":"https:\/\/serveiseducatius.xtec.cat\/baixpenedes\/general\/seminari-guimera\/","title":{"rendered":"SEMINARI GUIMER\u00c0"},"content":{"rendered":"<p style=\"font-weight: 400;\">El museu \u00c0ngel Guimer\u00e0 t\u00e9 a punt una nova edici\u00f3 del Seminari Guimer\u00e0, aquest any dedicat a les actrius d\u2019\u00c0ngel Guimer\u00e0.<\/p>\n<p style=\"font-weight: 400;\">L\u2019acte tindr\u00e0 lloc el proper 19 de setembre a l\u2019Auditori del T\u00edvoli del Vendrell. Esperem que sigui del vostre inter\u00e8s i us animeu a participar-hi especilament als departaments de Llengua i Literatura.<\/p>\n<p style=\"font-weight: 400;\">Com altres anys, es podr\u00e0 seguir tota la jornada a trav\u00e9s del canal de Youtube de l\u2019Ajuntament del Vendrell:\u00a0<a href=\"https:\/\/www.youtube.com\/@ajuntamentdelvendrell7303\" data-saferedirecturl=\"https:\/\/www.google.com\/url?q=https:\/\/www.youtube.com\/@ajuntamentdelvendrell7303&amp;source=gmail&amp;ust=1788345436442000&amp;usg=AOvVaw0bbmI5tRpV-RzWwc6vMnhm\">https:\/\/www.youtube.com\/@ajuntamentdelvendrell7303<\/a><\/p>\n<p style=\"font-weight: 400;\">Per a m\u00e9s informaci\u00f3, podeu posar-vos en contacte amb el Museu guimer\u00e0 en el correu <span lang=\"ES\"><a href=\"mailto:museuguimera@elvendrell.net\" target=\"_blank\" rel=\"noopener\"><span lang=\"IT\">museuguimera@elvendrell.net<\/span><\/a><\/span><b><span lang=\"IT\"> \u00a0<\/span><\/b>o al tel\u00e8fon <a href=\"tel:977%2066%2056%2084\">977 66 56 84<\/a>.<img loading=\"lazy\" decoding=\"async\" class=\"alignnone size-full wp-image-23382\" style=\"font-weight: inherit;\" src=\"https:\/\/serveiseducatius.xtec.cat\/baixpenedes\/wp-content\/uploads\/usu764\/2026\/09\/AG.jpg\" alt=\"\" width=\"423\" height=\"531\" srcset=\"https:\/\/serveiseducatius.xtec.cat\/baixpenedes\/wp-content\/uploads\/usu764\/2026\/09\/AG.jpg 423w, https:\/\/serveiseducatius.xtec.cat\/baixpenedes\/wp-content\/uploads\/usu764\/2026\/09\/AG-239x300.jpg 239w\" sizes=\"auto, (max-width: 423px) 100vw, 423px\" \/><\/p>\n","protected":false},"excerpt":{"rendered":"<p>El museu \u00c0ngel Guimer\u00e0 t\u00e9 a punt una nova edici\u00f3 del Seminari Guimer\u00e0, aquest any dedicat a les actrius d\u2019\u00c0ngel Guimer\u00e0. L\u2019acte tindr\u00e0 lloc el proper 19 de setembre a l\u2019Auditori del T\u00edvoli del Vendrell. Esperem que sigui del vostre inter\u00e8s i us animeu a participar-hi especilament als departaments de Llengua i Literatura. Com altres [&hellip;]<\/p>\n","protected":false},"author":7,"featured_media":23381,"comment_status":"open","ping_status":"open","sticky":false,"template":"","format":"standard","meta":{"_bbp_topic_count":0,"_bbp_reply_count":0,"_bbp_total_topic_count":0,"_bbp_total_reply_count":0,"_bbp_voice_count":0,"_bbp_anonymous_reply_count":0,"_bbp_topic_count_hidden":0,"_bbp_reply_count_hidden":0,"_bbp_forum_subforum_count":0,"site-sidebar-layout":"default","site-content-layout":"","ast-site-content-layout":"default","site-content-style":"default","site-sidebar-style":"default","ast-global-header-display":"","ast-banner-title-visibility":"","ast-main-header-display":"","ast-hfb-above-header-display":"","ast-hfb-below-header-display":"","ast-hfb-mobile-header-display":"","site-post-title":"","ast-breadcrumbs-content":"","ast-featured-img":"","footer-sml-layout":"","theme-transparent-header-meta":"default","adv-header-id-meta":"","stick-header-meta":"","header-above-stick-meta":"","header-main-stick-meta":"","header-below-stick-meta":"","astra-migrate-meta-layouts":"set","ast-page-background-enabled":"default","ast-page-background-meta":{"desktop":{"background-color":"var(--ast-global-color-4)","background-image":"","background-repeat":"repeat","background-position":"center center","background-size":"auto","background-attachment":"scroll","background-type":"","background-media":"","overlay-type":"","overlay-color":"","overlay-opacity":"","overlay-gradient":""},"tablet":{"background-color":"","background-image":"","background-repeat":"repeat","background-position":"center center","background-size":"auto","background-attachment":"scroll","background-type":"","background-media":"","overlay-type":"","overlay-color":"","overlay-opacity":"","overlay-gradient":""},"mobile":{"background-color":"","background-image":"","background-repeat":"repeat","background-position":"center center","background-size":"auto","background-attachment":"scroll","background-type":"","background-media":"","overlay-type":"","overlay-color":"","overlay-opacity":"","overlay-gradient":""}},"ast-content-background-meta":{"desktop":{"background-color":"var(--ast-global-color-5)","background-image":"","background-repeat":"repeat","background-position":"center center","background-size":"auto","background-attachment":"scroll","background-type":"","background-media":"","overlay-type":"","overlay-color":"","overlay-opacity":"","overlay-gradient":""},"tablet":{"background-color":"var(--ast-global-color-5)","background-image":"","background-repeat":"repeat","background-position":"center center","background-size":"auto","background-attachment":"scroll","background-type":"","background-media":"","overlay-type":"","overlay-color":"","overlay-opacity":"","overlay-gradient":""},"mobile":{"background-color":"var(--ast-global-color-5)","background-image":"","background-repeat":"repeat","background-position":"center center","background-size":"auto","background-attachment":"scroll","background-type":"","background-media":"","overlay-type":"","overlay-color":"","overlay-opacity":"","overlay-gradient":""}},"footnotes":""},"categories":[537,1,427,29,422,203],"tags":[],"class_list":["post-23380","post","type-post","status-publish","format-standard","has-post-thumbnail","hentry","category-elic-baixpenedes","category-general","category-llengua-catalana","category-portada","category-secundaria","category-xerrades"],"post_mailing_queue_ids":[],"_links":{"self":[{"href":"https:\/\/serveiseducatius.xtec.cat\/baixpenedes\/wp-json\/wp\/v2\/posts\/23380","targetHints":{"allow":["GET"]}}],"collection":[{"href":"https:\/\/serveiseducatius.xtec.cat\/baixpenedes\/wp-json\/wp\/v2\/posts"}],"about":[{"href":"https:\/\/serveiseducatius.xtec.cat\/baixpenedes\/wp-json\/wp\/v2\/types\/post"}],"author":[{"embeddable":true,"href":"https:\/\/serveiseducatius.xtec.cat\/baixpenedes\/wp-json\/wp\/v2\/users\/7"}],"replies":[{"embeddable":true,"href":"https:\/\/serveiseducatius.xtec.cat\/baixpenedes\/wp-json\/wp\/v2\/comments?post=23380"}],"version-history":[{"count":1,"href":"https:\/\/serveiseducatius.xtec.cat\/baixpenedes\/wp-json\/wp\/v2\/posts\/23380\/revisions"}],"predecessor-version":[{"id":23383,"href":"https:\/\/serveiseducatius.xtec.cat\/baixpenedes\/wp-json\/wp\/v2\/posts\/23380\/revisions\/23383"}],"wp:featuredmedia":[{"embeddable":true,"href":"https:\/\/serveiseducatius.xtec.cat\/baixpenedes\/wp-json\/wp\/v2\/media\/23381"}],"wp:attachment":[{"href":"https:\/\/serveiseducatius.xtec.cat\/baixpenedes\/wp-json\/wp\/v2\/media?parent=23380"}],"wp:term":[{"taxonomy":"category","embeddable":true,"href":"https:\/\/serveiseducatius.xtec.cat\/baixpenedes\/wp-json\/wp\/v2\/categories?post=23380"},{"taxonomy":"post_tag","embeddable":true,"href":"https:\/\/serveiseducatius.xtec.cat\/baixpenedes\/wp-json\/wp\/v2\/tags?post=23380"}],"curies":[{"name":"wp","href":"https:\/\/api.w.org\/{rel}","templated":true}]}}