{"id":23375,"date":"2026-09-01T12:20:40","date_gmt":"2026-09-01T10:20:40","guid":{"rendered":"https:\/\/serveiseducatius.xtec.cat\/baixpenedes\/?p=23375"},"modified":"2026-09-01T12:20:54","modified_gmt":"2026-09-01T10:20:54","slug":"formacions-urv","status":"publish","type":"post","link":"https:\/\/serveiseducatius.xtec.cat\/baixpenedes\/xerrades\/portada\/formacions-urv\/","title":{"rendered":"FORMACIONS URV"},"content":{"rendered":"<p style=\"font-weight: 400;\"><strong>Us compartim l&#8217;oferta actualitzada d\u2019activitats de divulgaci\u00f3 per a centres escolars de la URV pel curs 2026-2027, i una taula amb les que tenen els <b>terminis d\u2019inscripci\u00f3 m\u00e9s propers<\/b>. \u00a0<\/strong><\/p>\n<p style=\"font-weight: 400;\"><span style=\"text-decoration: underline;\"><strong>Activitats 2026-27 amb terminis d\u2019inscripci\u00f3 m\u00e9s propers<\/strong><\/span><\/p>\n<p style=\"font-weight: 400;\"><strong>\u00a0<\/strong><\/p>\n<table style=\"font-weight: 400;\" width=\"1624\">\n<tbody>\n<tr>\n<td width=\"43\"><strong>N\u00fam.<\/strong><\/td>\n<td width=\"211\"><strong>Activitat<\/strong><\/td>\n<td width=\"132\"><strong>Nivells educatius<\/strong><strong>\u00a0<\/strong><strong>(infantil, prim\u00e0ria, ESO, BAT o FP)<\/strong><\/td>\n<td width=\"188\"><strong>\u00c0mbits de coneixement<\/strong><\/td>\n<td width=\"154\"><strong>Centres destinataris (territori)<\/strong><\/td>\n<td width=\"151\"><strong>Per\u00edode de realitzaci\u00f3<\/strong><\/td>\n<td width=\"186\"><strong>Informaci\u00f3 completa a<\/strong><\/td>\n<td width=\"200\"><strong>Sol\u00b7licituds d\u2019inscripci\u00f3 a<\/strong><\/td>\n<td width=\"149\"><strong>Termini d\u2019inscripci\u00f3<\/strong><\/td>\n<td width=\"111\"><strong>Gratu\u00efta?<\/strong><\/td>\n<td width=\"100\"><strong>A on es realitza?<\/strong><\/td>\n<\/tr>\n<tr>\n<td rowspan=\"4\" width=\"43\">5<\/td>\n<td rowspan=\"4\" width=\"211\"><strong>Programa InspiraSTEAM<\/strong><\/td>\n<td rowspan=\"4\" width=\"132\">Prim\u00e0ria (6\u00e8)<\/td>\n<td width=\"188\">Coneix. medi social (prim\u00e0ria)<\/td>\n<td rowspan=\"4\" width=\"154\">Prov\u00edncia de Tarragona<\/td>\n<td rowspan=\"4\" width=\"151\">Segon i tercer trimestre<\/td>\n<td width=\"186\"><a href=\"https:\/\/www.etseq.urv.cat\/ca\/informacio-per-a\/secundaria\/inspira-steam\/\" data-saferedirecturl=\"https:\/\/www.google.com\/url?q=https:\/\/www.etseq.urv.cat\/ca\/informacio-per-a\/secundaria\/inspira-steam\/&amp;source=gmail&amp;ust=1788343805894000&amp;usg=AOvVaw2K4LQLlxk1rNsQpfsasWRf\">inspira-steam TGN<\/a><\/td>\n<td rowspan=\"4\" width=\"200\"><a href=\"mailto:inspirasteam@urv.cat\">Correu a inspirasteam@urv.cat<\/a><\/td>\n<td rowspan=\"4\" width=\"149\">De juliol a setembre (ambd\u00f3s inclosos)<\/td>\n<td rowspan=\"4\" width=\"111\">S\u00ed<\/td>\n<td rowspan=\"4\" width=\"100\">Centre educatiu<\/td>\n<\/tr>\n<tr>\n<td width=\"188\">Coneix. medi natural (prim\u00e0ria)<\/td>\n<td width=\"186\"><a href=\"https:\/\/inspirasteam.net\/\" data-saferedirecturl=\"https:\/\/www.google.com\/url?q=https:\/\/inspirasteam.net\/&amp;source=gmail&amp;ust=1788343805894000&amp;usg=AOvVaw0sF5e5wH4qolgZTkA32RVJ\">inspirasteam Deusto<\/a><\/td>\n<\/tr>\n<tr>\n<td width=\"188\">Educaci\u00f3 en valors (prim\u00e0ria)<\/td>\n<td width=\"186\"><\/td>\n<\/tr>\n<tr>\n<td width=\"188\">Coneix. medi natural (prim\u00e0ria) \/\u00a0cientificotecnol\u00f2gic (ESO)<\/td>\n<td width=\"186\"><\/td>\n<\/tr>\n<tr>\n<td rowspan=\"2\" width=\"43\">7<\/td>\n<td rowspan=\"2\" width=\"211\"><strong>Torneig First lego League URV<\/strong><\/td>\n<td rowspan=\"2\" width=\"132\">Prim\u00e0ria i ESO<\/td>\n<td rowspan=\"2\" width=\"188\">Digital (prim\u00e0ria i ESO)<\/td>\n<td rowspan=\"2\" width=\"154\">Prov\u00edncia de Tarragona<\/td>\n<td rowspan=\"2\" width=\"151\">Febrer o mar\u00e7<\/td>\n<td width=\"186\"><a href=\"https:\/\/firstlegoleague.soy\/\" data-saferedirecturl=\"https:\/\/www.google.com\/url?q=https:\/\/firstlegoleague.soy\/&amp;source=gmail&amp;ust=1788343805894000&amp;usg=AOvVaw3CwhqTW5gS1DuBGRGz-kMh\">firstlegoleague.soy<\/a><\/td>\n<td rowspan=\"2\" width=\"200\"><a href=\"https:\/\/firstlegoleague.soy\/\" data-saferedirecturl=\"https:\/\/www.google.com\/url?q=https:\/\/firstlegoleague.soy\/&amp;source=gmail&amp;ust=1788343805894000&amp;usg=AOvVaw3CwhqTW5gS1DuBGRGz-kMh\">firstlegoleague.soy<\/a><\/td>\n<td rowspan=\"2\" width=\"149\">Octubre<\/td>\n<td rowspan=\"2\" width=\"111\">No<\/td>\n<td rowspan=\"2\" width=\"100\">Mixte<\/td>\n<\/tr>\n<tr>\n<td width=\"186\"><a href=\"https:\/\/urvdivulga.cat\/activitats-i-programes\/fll\/\" data-saferedirecturl=\"https:\/\/www.google.com\/url?q=https:\/\/urvdivulga.cat\/activitats-i-programes\/fll\/&amp;source=gmail&amp;ust=1788343805894000&amp;usg=AOvVaw1etbPIHbB4jLpdMYGAmVyT\">fll urv<\/a><\/td>\n<\/tr>\n<tr>\n<td rowspan=\"3\" width=\"43\">8<\/td>\n<td rowspan=\"3\" width=\"211\"><strong>Taller d\u2019activitats experimentals URV-AEQT a la \u201cSetmana de la Ci\u00e8ncia 2026\u201d<\/strong><\/td>\n<td rowspan=\"3\" width=\"132\">Prim\u00e0ria (5\u00e8 i 6\u00e8), ESO i BAT<\/td>\n<td width=\"188\">Coneix. medi natural (prim\u00e0ria) \/\u00a0cientificotecnol\u00f2gic (ESO)<\/td>\n<td rowspan=\"3\" width=\"154\">Municipis de Tarragona, La Canonja, Vila-seca, Salou, Constant\u00ed, El Morell, La Pobla de Mafumet, Els Pallaresos i Reus<\/td>\n<td rowspan=\"3\" width=\"151\">9 al 20 de novembre 2027<\/td>\n<td rowspan=\"3\" width=\"186\"><a href=\"https:\/\/urvdivulga.cat\/activitats-i-programes\/setmana_ciencia\/\" data-saferedirecturl=\"https:\/\/www.google.com\/url?q=https:\/\/urvdivulga.cat\/activitats-i-programes\/setmana_ciencia\/&amp;source=gmail&amp;ust=1788343805894000&amp;usg=AOvVaw2H3i-3q4XBhD3SSMwC0b7x\">Info tallers Setmana ci\u00e8ncia<\/a><\/td>\n<td rowspan=\"3\" width=\"200\"><a href=\"https:\/\/forms.cloud.microsoft\/e\/irjkfq5K90\" data-saferedirecturl=\"https:\/\/www.google.com\/url?q=https:\/\/forms.cloud.microsoft\/e\/irjkfq5K90&amp;source=gmail&amp;ust=1788343805894000&amp;usg=AOvVaw0HZCO3LckJ4QIsLxlzpVLa\">Formulari tallers Setmana ci\u00e8ncia<\/a><\/td>\n<td rowspan=\"3\" width=\"149\">14 de setembre (primera inst\u00e0ncia)<\/td>\n<td rowspan=\"3\" width=\"111\">S\u00ed, l&#8217;escola ha de pagar-se el transport<\/td>\n<td rowspan=\"3\" width=\"100\">Universitat<\/td>\n<\/tr>\n<tr>\n<td width=\"188\">Ci\u00e8ncies i tecnologia (BAT)<\/td>\n<\/tr>\n<tr>\n<td width=\"188\">Art\u00edstic (prim\u00e0ria i ESO)<\/td>\n<\/tr>\n<tr>\n<td rowspan=\"2\" width=\"43\">9<\/td>\n<td rowspan=\"2\" width=\"211\"><strong>Tallers \u201cUn m\u00f3n de ci\u00e8ncia DOW-URV\u201d<\/strong><\/td>\n<td rowspan=\"2\" width=\"132\">Prim\u00e0ria (4t a 6\u00e8), ESO i BAT<\/td>\n<td width=\"188\">Coneix. medi natural (prim\u00e0ria) \/\u00a0cientificotecnol\u00f2gic (ESO)<\/td>\n<td rowspan=\"2\" width=\"154\">Municipis de La Pobla de Mafumet, El Morell, La Canonja, Perafort i barris de ponent de Tarragona<\/td>\n<td rowspan=\"2\" width=\"151\">Segon o tercer trimestre<\/td>\n<td width=\"186\"><a href=\"https:\/\/urvdivulga.cat\/activitats-i-programes\/programa-mon-de-ciencia\/\" data-saferedirecturl=\"https:\/\/www.google.com\/url?q=https:\/\/urvdivulga.cat\/activitats-i-programes\/programa-mon-de-ciencia\/&amp;source=gmail&amp;ust=1788343805894000&amp;usg=AOvVaw3qYe3gr51maW3vZRhY7zFs\">Info\u00a0 programa-mon-de-ciencia<\/a><\/td>\n<td rowspan=\"2\" width=\"200\"><a href=\"https:\/\/forms.cloud.microsoft\/e\/JrsFZpTmmT\" data-saferedirecturl=\"https:\/\/www.google.com\/url?q=https:\/\/forms.cloud.microsoft\/e\/JrsFZpTmmT&amp;source=gmail&amp;ust=1788343805894000&amp;usg=AOvVaw0zS5jJ3EQoeSCJoEpADnEs\">Formulari M\u00f3n de Ci\u00e8ncia<\/a><\/td>\n<td rowspan=\"2\" width=\"149\">21 de setembre (primera inst\u00e0ncia)<\/td>\n<td rowspan=\"2\" width=\"111\">S\u00ed<\/td>\n<td rowspan=\"2\" width=\"100\">Centre educatiu<\/td>\n<\/tr>\n<tr>\n<td width=\"188\">Ci\u00e8ncies i tecnologia (BAT)<\/td>\n<td width=\"186\"><a href=\"http:\/\/..\/:b:\/g\/personal\/urvdivulga_epp_urv_cat\/IQBxYZMhDn-ZTrnCdi-8nWeaAbDlljX7ppz6ufkpsDDiBtk?e=FIo6kR\" data-saferedirecturl=\"https:\/\/www.google.com\/url?q=http:\/\/..\/..\/..\/..\/..\/..\/..\/..\/:b:\/g\/personal\/urvdivulga_epp_urv_cat\/IQBxYZMhDn-ZTrnCdi-8nWeaAbDlljX7ppz6ufkpsDDiBtk?e%3DFIo6kR&amp;source=gmail&amp;ust=1788343805894000&amp;usg=AOvVaw30H_kAyWvXDqDyTDnQfJAQ\">Info tallers disponibles<\/a><\/td>\n<\/tr>\n<tr>\n<td rowspan=\"3\" width=\"43\">10<\/td>\n<td rowspan=\"3\" width=\"211\"><strong>Tallers \u201cUn m\u00f3n de Ci\u00e8ncia\u201d\u00a0 i visita &#8220;Programa de Visites Educatives&#8221; URV-Alt Camp<\/strong><\/td>\n<td rowspan=\"3\" width=\"132\">Prim\u00e0ria (4t a 6\u00e8), ESO i BAT<\/td>\n<td width=\"188\">Coneix. medi natural (prim\u00e0ria) \/\u00a0cientificotecnol\u00f2gic (ESO)<\/td>\n<td rowspan=\"3\" width=\"154\">Comarca de l\u2019Alt Camp<\/td>\n<td rowspan=\"3\" width=\"151\">Febrer a maig<\/td>\n<td width=\"186\"><a href=\"https:\/\/urvdivulga.cat\/activitats-i-programes\/programa-mon-de-ciencia\/\" data-saferedirecturl=\"https:\/\/www.google.com\/url?q=https:\/\/urvdivulga.cat\/activitats-i-programes\/programa-mon-de-ciencia\/&amp;source=gmail&amp;ust=1788343805894000&amp;usg=AOvVaw3qYe3gr51maW3vZRhY7zFs\">programa-mon-de-ciencia<\/a><\/td>\n<td width=\"200\"><a href=\"https:\/\/forms.cloud.microsoft\/e\/m7a5iHvx7P\" data-saferedirecturl=\"https:\/\/www.google.com\/url?q=https:\/\/forms.cloud.microsoft\/e\/m7a5iHvx7P&amp;source=gmail&amp;ust=1788343805894000&amp;usg=AOvVaw2PL_q8WdL-opY4gOgvagrd\">Formuari tallers M\u00f3n de ci\u00e8ncia<\/a><\/td>\n<td rowspan=\"3\" width=\"149\">1 d\u2019octubre (primera inst\u00e0ncia)<\/td>\n<td rowspan=\"3\" width=\"111\">S\u00ed<\/td>\n<td width=\"100\">Centre educatiu<\/td>\n<\/tr>\n<tr>\n<td rowspan=\"2\" width=\"188\">Ci\u00e8ncies i tecnologia (BAT)<\/td>\n<td width=\"186\"><a href=\"https:\/\/urvdivulga.cat\/activitats-i-programes\/visites_educatives\/\" data-saferedirecturl=\"https:\/\/www.google.com\/url?q=https:\/\/urvdivulga.cat\/activitats-i-programes\/visites_educatives\/&amp;source=gmail&amp;ust=1788343805894000&amp;usg=AOvVaw3BV7geqV9iUJdSkr6SnXS6\">programa de visites educatives<\/a><\/td>\n<td rowspan=\"2\" width=\"200\"><a href=\"https:\/\/forms.cloud.microsoft\/e\/S8bSUhV3ja\" data-saferedirecturl=\"https:\/\/www.google.com\/url?q=https:\/\/forms.cloud.microsoft\/e\/S8bSUhV3ja&amp;source=gmail&amp;ust=1788343805894000&amp;usg=AOvVaw3_fCnR5vpZC-5bXe44NwG6\">Formulari visites PVE<\/a><\/td>\n<td rowspan=\"2\" width=\"100\">Seu Empresa<\/td>\n<\/tr>\n<tr>\n<td width=\"186\"><a href=\"http:\/\/..\/:f:\/g\/personal\/urvdivulga_epp_urv_cat\/IgAh4KAohsPVT5VeWI9K1tB3AWimFHNgWWSRyruWEY4oybs?e=VsbCVx\" data-saferedirecturl=\"https:\/\/www.google.com\/url?q=http:\/\/..\/..\/..\/..\/..\/..\/..\/..\/:f:\/g\/personal\/urvdivulga_epp_urv_cat\/IgAh4KAohsPVT5VeWI9K1tB3AWimFHNgWWSRyruWEY4oybs?e%3DVsbCVx&amp;source=gmail&amp;ust=1788343805894000&amp;usg=AOvVaw1AtU1B7r8ncQ3eZ1-uERp6\">visites_educatives\u00a0 documents addicionals<\/a><\/td>\n<\/tr>\n<tr>\n<td rowspan=\"2\" width=\"43\">19<\/td>\n<td rowspan=\"2\" width=\"211\"><strong>Convocat\u00f2ria llic\u00e8ncies beca-alumne Campus Experimenta:\u00a0<\/strong><strong>ci\u00e8ncia gamificada per repensar l\u2019aula<\/strong><\/td>\n<td rowspan=\"2\" width=\"132\">ESO<\/td>\n<td width=\"188\">Matem\u00e0tic\u00a0(ESO)<\/td>\n<td rowspan=\"2\" width=\"154\">Centres que tingui el catal\u00e0 com a llengua vehicular<\/td>\n<td rowspan=\"2\" width=\"151\">Curs 2026-27<\/td>\n<td rowspan=\"2\" width=\"186\"><a href=\"https:\/\/campusexperimenta.eu\/\" data-saferedirecturl=\"https:\/\/www.google.com\/url?q=https:\/\/campusexperimenta.eu\/&amp;source=gmail&amp;ust=1788343805894000&amp;usg=AOvVaw1oHxDdB8VHBdNKFrQQNZ7J\">campusexperimenta<\/a><\/td>\n<td rowspan=\"2\" width=\"200\"><a href=\"https:\/\/repteexperimenta.cat\/categoria\/convocatoria-llicencies\/\" data-saferedirecturl=\"https:\/\/www.google.com\/url?q=https:\/\/repteexperimenta.cat\/categoria\/convocatoria-llicencies\/&amp;source=gmail&amp;ust=1788343805894000&amp;usg=AOvVaw3i7Qu_9VWS42fRxXclJ_Xs\">convocatoria-llicencies<\/a><\/td>\n<td rowspan=\"2\" width=\"149\">07\/10\/26 &#8211; 31\/10\/26<\/td>\n<td rowspan=\"2\" width=\"111\">S\u00ed<\/td>\n<td rowspan=\"2\" width=\"100\">En xarxa<\/td>\n<\/tr>\n<tr>\n<td width=\"188\">Cientificotecnol\u00f2gic (ESO)<\/td>\n<\/tr>\n<tr>\n<td width=\"43\">24<\/td>\n<td width=\"211\"><strong>Nit de la Recerca &#8211; Xerrades als Instituts<\/strong><\/td>\n<td width=\"132\">ESO, FP i BAT<\/td>\n<td width=\"188\">Tot (ESO, BAT i FP)<\/td>\n<td width=\"154\">Camp de Tarragona i Terres de l&#8217;Ebre<\/td>\n<td width=\"151\">Del 17 al 24 de setembre<\/td>\n<td width=\"186\"><a href=\"https:\/\/tarragona.nitdelarecerca.cat\/ca\/programacio\/secundaria\/\" data-saferedirecturl=\"https:\/\/www.google.com\/url?q=https:\/\/tarragona.nitdelarecerca.cat\/ca\/programacio\/secundaria\/&amp;source=gmail&amp;ust=1788343805895000&amp;usg=AOvVaw3zUAlb1oBSBvvfAGWQ5wxH\">Info xerrades instituts<\/a><\/td>\n<td width=\"200\"><a href=\"https:\/\/tarragona.nitdelarecerca.cat\/ca\/programacio\/secundaria\/#formulari\" data-saferedirecturl=\"https:\/\/www.google.com\/url?q=https:\/\/tarragona.nitdelarecerca.cat\/ca\/programacio\/secundaria\/%23formulari&amp;source=gmail&amp;ust=1788343805895000&amp;usg=AOvVaw38tY5Y0_GGelVfvKgdkL6x\">nitdelarecerca.formulari<\/a><\/td>\n<td width=\"149\">Setembre, fins a exhaurir disponibilitat<\/td>\n<td width=\"111\">S\u00ed<\/td>\n<td width=\"100\">Centre educatiu<\/td>\n<\/tr>\n<tr>\n<td rowspan=\"2\" width=\"43\">25<\/td>\n<td rowspan=\"2\" width=\"211\"><strong>Ruta Antoni de Mart\u00ed i Franqu\u00e8s<\/strong><\/td>\n<td rowspan=\"2\" width=\"132\">ESO (4t) i BAT<\/td>\n<td width=\"188\">Tots (ESO)<\/td>\n<td rowspan=\"2\" width=\"154\">Tot Catalunya<\/td>\n<td rowspan=\"2\" width=\"151\">Novembre<\/td>\n<td rowspan=\"2\" width=\"186\"><a href=\"https:\/\/www.comciencia.urv.cat\/ca\/ruta-marti-franques\/\" data-saferedirecturl=\"https:\/\/www.google.com\/url?q=https:\/\/www.comciencia.urv.cat\/ca\/ruta-marti-franques\/&amp;source=gmail&amp;ust=1788343805895000&amp;usg=AOvVaw14_7RRg7ZqX6e0TJh5NaBJ\">ruta-marti-franques<\/a><\/td>\n<td rowspan=\"2\" width=\"200\"><a href=\"https:\/\/www.comciencia.urv.cat\/ca\/ruta-marti-franques\/formulari-instituts\/\" data-saferedirecturl=\"https:\/\/www.google.com\/url?q=https:\/\/www.comciencia.urv.cat\/ca\/ruta-marti-franques\/formulari-instituts\/&amp;source=gmail&amp;ust=1788343805895000&amp;usg=AOvVaw0cSdB9J6rXyWqK3Vw6iWtt\">Formulari ruta marti i franques<\/a><\/td>\n<td rowspan=\"2\" width=\"149\">Octubre, fins a exhaurir dates<\/td>\n<td rowspan=\"2\" width=\"111\">S\u00ed<\/td>\n<td rowspan=\"2\" width=\"100\">Carrer<\/td>\n<\/tr>\n<tr>\n<td width=\"188\">Tots (BAT)<\/td>\n<\/tr>\n<tr>\n<td rowspan=\"6\" width=\"43\">37<\/td>\n<td rowspan=\"6\" width=\"211\"><strong>Lliga de Debat de Secund\u00e0ria i Batxillerat<\/strong><\/td>\n<td rowspan=\"6\" width=\"132\">ESO (4t), BAT i FP<\/td>\n<td width=\"188\">Social (ESO)<\/td>\n<td rowspan=\"6\" width=\"154\">Prov\u00edncia de Tarragona<\/td>\n<td rowspan=\"6\" width=\"151\">Febrer<\/td>\n<td rowspan=\"6\" width=\"186\"><a href=\"https:\/\/www.urv.cat\/ca\/vida-campus\/art-cultura\/debat\/lliga\/lliga-de-debat-de-secundaria-i-batxillerat\/\" data-saferedirecturl=\"https:\/\/www.google.com\/url?q=https:\/\/www.urv.cat\/ca\/vida-campus\/art-cultura\/debat\/lliga\/lliga-de-debat-de-secundaria-i-batxillerat\/&amp;source=gmail&amp;ust=1788343805895000&amp;usg=AOvVaw3JZu9pm5P9Mm4IPFlCspZk\">debat\/lliga<\/a><\/td>\n<td rowspan=\"6\" width=\"200\"><a href=\"https:\/\/www.urv.cat\/ca\/vida-campus\/art-cultura\/debat\/lliga\/lliga-de-debat-de-secundaria-i-batxillerat\/\" data-saferedirecturl=\"https:\/\/www.google.com\/url?q=https:\/\/www.urv.cat\/ca\/vida-campus\/art-cultura\/debat\/lliga\/lliga-de-debat-de-secundaria-i-batxillerat\/&amp;source=gmail&amp;ust=1788343805895000&amp;usg=AOvVaw3JZu9pm5P9Mm4IPFlCspZk\">debat\/lliga<\/a><\/td>\n<td rowspan=\"6\" width=\"149\">Mitjans de setembre a mitjans d&#8217;octubre<\/td>\n<td rowspan=\"6\" width=\"111\">45\u20ac per equip, excepte centres guanyadors de fases locals de l&#8217;any anterior<\/td>\n<td rowspan=\"6\" width=\"100\">Universitat<\/td>\n<\/tr>\n<tr>\n<td width=\"188\">Art\u00edstic (ESO)<\/td>\n<\/tr>\n<tr>\n<td width=\"188\">Cientificotecnol\u00f2gic (ESO)<\/td>\n<\/tr>\n<tr>\n<td width=\"188\">Arts (BAT)<\/td>\n<\/tr>\n<tr>\n<td width=\"188\">Ci\u00e8ncies i tecnologia (BAT)<\/td>\n<\/tr>\n<tr>\n<td width=\"188\">Humanitats i ci\u00e8ncies socials\u00a0 (BAT)<\/td>\n<\/tr>\n<tr>\n<td width=\"43\">39<\/td>\n<td width=\"211\"><strong>Talent Jove<\/strong><\/td>\n<td width=\"132\">BAT<\/td>\n<td width=\"188\">Ci\u00e8ncies i tecnologia (BAT)<\/td>\n<td width=\"154\">Tot Catalunya<\/td>\n<td width=\"151\">Octubre a juny<\/td>\n<td width=\"186\"><a href=\"https:\/\/www.urv.cat\/ca\/recerca\/divulgacio\/escoles\/talent-jove\/\" data-saferedirecturl=\"https:\/\/www.google.com\/url?q=https:\/\/www.urv.cat\/ca\/recerca\/divulgacio\/escoles\/talent-jove\/&amp;source=gmail&amp;ust=1788343805895000&amp;usg=AOvVaw21uLQvZOJdf1NKfLB_GweT\">Info talent-jove<\/a><\/td>\n<td width=\"200\"><a href=\"https:\/\/inscripcions.urv.cat\/event_detail\/155889\/detail\/talent-jove-26-27.html\" data-saferedirecturl=\"https:\/\/www.google.com\/url?q=https:\/\/inscripcions.urv.cat\/event_detail\/155889\/detail\/talent-jove-26-27.html&amp;source=gmail&amp;ust=1788343805895000&amp;usg=AOvVaw2lYfZBexJLb4fESwjW8x9H\">inscripcions talent-jove<\/a><\/td>\n<td width=\"149\">30 de setembre.<\/td>\n<td width=\"111\">1r de BAT 99\u20ac (per dos cursos) o 2n de BAT de nou ingr\u00e9s 50\u20ac<\/td>\n<td width=\"100\">Universitat<\/td>\n<\/tr>\n<tr>\n<td rowspan=\"3\" width=\"43\">51<\/td>\n<td rowspan=\"3\" width=\"211\"><strong>Final catalana de l&#8217;olimpiada inform\u00e0tica<\/strong><\/td>\n<td rowspan=\"3\" width=\"132\">ESO, BAT i FP<\/td>\n<td width=\"188\">Ci\u00e8ncies i tecnologia (BAT)<\/td>\n<td rowspan=\"3\" width=\"154\">Prov\u00edncia de Tarragona<\/td>\n<td rowspan=\"3\" width=\"151\">Un dissabte del mes de febrer<\/td>\n<td rowspan=\"3\" width=\"186\"><a href=\"https:\/\/olimpiada-informatica.cat\/\" data-saferedirecturl=\"https:\/\/www.google.com\/url?q=https:\/\/olimpiada-informatica.cat\/&amp;source=gmail&amp;ust=1788343805895000&amp;usg=AOvVaw3fMZasUTJo-St_6dgNbw0O\">https:\/\/olimpiada-informatica.cat<\/a><\/td>\n<td rowspan=\"3\" width=\"200\"><a href=\"https:\/\/olimpiada-informatica.cat\/\" data-saferedirecturl=\"https:\/\/www.google.com\/url?q=https:\/\/olimpiada-informatica.cat\/&amp;source=gmail&amp;ust=1788343805895000&amp;usg=AOvVaw3fMZasUTJo-St_6dgNbw0O\">https:\/\/olimpiada-informatica.cat<\/a><\/td>\n<td rowspan=\"3\" width=\"149\">Setembre-octubre<\/td>\n<td rowspan=\"3\" width=\"111\">S\u00ed, el despla\u00e7ament i acompanyament \u00e9s per compte propi.<\/td>\n<td rowspan=\"3\" width=\"100\">Universitat<\/td>\n<\/tr>\n<tr>\n<td width=\"188\">Matem\u00e0tic\u00a0(PRI, ESO)<\/td>\n<\/tr>\n<tr>\n<td width=\"188\">Inform\u00e0tica i comunicacions (FP)<\/td>\n<\/tr>\n<\/tbody>\n<\/table>\n<p style=\"font-weight: 400;\"><strong>\u00a0<\/strong><\/p>\n<p style=\"font-weight: 400;\"><strong>Descripci\u00f3 de les activitats amb terminis d\u2019inscripci\u00f3 m\u00e9s propers<\/strong><\/p>\n<p style=\"font-weight: 400;\"><strong>\u00a0<\/strong><\/p>\n<table style=\"font-weight: 400;\" width=\"1635\">\n<tbody>\n<tr>\n<td width=\"64\">N\u00fam.<\/td>\n<td width=\"265\"><strong>Activitat<\/strong><\/td>\n<td width=\"1305\"><strong>Descripcio<\/strong><\/td>\n<\/tr>\n<tr>\n<td width=\"64\">5<\/td>\n<td width=\"265\">Programa InspiraSTEAM<\/td>\n<td width=\"1305\">Inspira STEAM \u00e9s un projecte pioner de la Universitat de Deusto pel foment de la vocaci\u00f3 cientificotecnol\u00f2gica entre les nenes i els nens, basat en accions de sensibilitzaci\u00f3 que imparteixen dones i homes professionals del m\u00f3n de la investigaci\u00f3, la ci\u00e8ncia i la tecnologia. S\u2019utilitza la t\u00e8cnica del mentoring grupal entre estudiants de sis\u00e8 de prim\u00e0ria. A Tarragona l&#8217;organitza i impulsa la URV des de 2020.<br \/>\nEl cor del nostre projecte s\u00f3n les mentores i els mentors, que de manera volunt\u00e0ria, apropen el seu dia a dia a nenes i nens a trav\u00e9s de 6 sessions de treball en horari lectiu. Totes elles s\u00f3n cient\u00edfiques i tecn\u00f2logues que desenvolupen la seva activitat professional en diferents \u00e0mbits: acad\u00e8mic, empresarial, investigaci\u00f3, gesti\u00f3, etc. El projecte necessita de la incorporaci\u00f3 de noves mentores per donar resposta a la demanda dels centres interessats. Si teniu inter\u00e8s en desenvolupar el projecte al vostre centre escolar\u00a0 i coneixeu alguna persona potencialment interessada en fer-hi de mentora, per favor informeu-nos.<\/td>\n<\/tr>\n<tr>\n<td width=\"64\">7<\/td>\n<td width=\"265\">Torneig First lego League URV<\/td>\n<td width=\"1305\">La FIRST LEGO League (FLL) \u00e9s un programa de creaci\u00f3 rob\u00f2tica per a joves de 6 a 16 anys que vol motivar els joves en la ci\u00e8ncia i la tecnologia, i ensenyar-los valors importants i coneixements. Els equips, formats per deu nens amb almenys un entrenador adult, poden treballar el projecte en una aula o en una activitat extraescolar. Contr\u00e0riament a la creen\u00e7a popular, els entrenadors no necessiten cap experi\u00e8ncia t\u00e8cnica. A la FLL, els nens fan la feina que \u00e9s programar un robot aut\u00f2nom (fent un robot LEGO\u00ae) per puntuar sobre una tem\u00e0tica preestablerta. Han de trobar una soluci\u00f3 innovadora a un problema seguint els valors de la FLL. El desafiament anual est\u00e0 format per tres elements que s\u00f3n el Robot Game, el projecte i els valors de la FLL.\u00a0 L\u2019Asociaci\u00f3n Ingeniera Soy \u00e9s l&#8217;entitat encarregada d&#8217;impulsar FIRST LEGO League a l\u2019Estat espanyol.<br \/>\nLa Universitat Rovira i Virgili, a trav\u00e9s de l\u2019Escola T\u00e8cnica Superior d\u2019Enginyeria (ETSE), organitza anualment el torneig FLL de les comarques de Tarragona. L\u2019acc\u00e9s a la competici\u00f3 es fa a trav\u00e9s d\u2019una inscripci\u00f3 a\u00a0<a href=\"https:\/\/firstlegoleague.soy\/\" data-saferedirecturl=\"https:\/\/www.google.com\/url?q=https:\/\/firstlegoleague.soy\/&amp;source=gmail&amp;ust=1788343805895000&amp;usg=AOvVaw3AFKNaaKdWqb0VZfqeQb2q\">https:\/\/firstlegoleague.soy\/<\/a>\u00a0diversos mesos abans de forma que el professor\/a pot dirigir el treball del grup durant el primer trimestre del curs escolar i culminar-lo tots junts el dia de la competici\u00f3. Amb l\u2019objectiu que es converteixi en un esdeveniment territorial, la seu del torneig s\u2019alterna cada any entre Tarragona i Reus.<\/td>\n<\/tr>\n<tr>\n<td width=\"64\">8<\/td>\n<td width=\"265\">Taller d\u2019activitats experimentals URV-AEQT a la \u201cSetmana de la Ci\u00e8ncia 2026\u201d<\/td>\n<td width=\"1305\">Del 9 al 20 de novembre es realitzar\u00e0 al CRAI del Campus Sescelades URV un taller d\u2019activitats experimentals destinat a grups escolars de 10 a 18 anys, en el marc de la Setmana de la Ci\u00e8ncia. Per enguany es proposa el taller &#8220;La meva f\u00e0brica d&#8217;aquarel\u00b7les&#8221; relacionat gen\u00e8ricament amb l\u2019operaci\u00f3 de plantes de producci\u00f3 qu\u00edmica, i que es concreta en forma d\u2019una planta pilot de producci\u00f3 de pintures.<br \/>\nL\u2019objectiu \u00e9s doble, per una banda introduir coneixements b\u00e0sics de programaci\u00f3 i rob\u00f2tica relacionats amb el funcionament d\u2019elements una planta de producci\u00f3, assajar la tasca d\u2019operador\/a de planta qu\u00edmica, introduir les aportacions de la qu\u00edmica i de les enginyeries qu\u00edmica, electr\u00f2nica i inform\u00e0tica en el funcionament d\u2019una plata de producci\u00f3 industrial; i per l\u2019altra banda fomentar vocacions i contribuir a atraure l\u2019alumnat femen\u00ed a les disciplines cient\u00edfiques i tecnol\u00f2giques. Les sessions del taller tindran una durada total d\u2019una hora i mitja. Es faran 4 sessions per dia, entre les 9:30 a 13:15 h. En casa sessi\u00f3 participar\u00e0 un grup escolar de fins a 32 alumnes. Sessions encavalcades en 2 espais del CRAI. Les sessions s\u00f3n gratu\u00eftes, el transport no est\u00e0 incl\u00f2s.<br \/>\nResum del taller \u201cLa meva f\u00e0brica d&#8217;aquarel\u00b7les\u201d<br \/>\nEn aquest taller els i les assistents assumeixen el paper de treballadors\/es d\u2019una f\u00e0brica de pintures. A la primera part treballen en la programaci\u00f3 inform\u00e0tica d\u2019algunes operacions b\u00e0siques de la planta de producci\u00f3, com activar un motor o una bomba, o omplir un dip\u00f2sit amb un sensor de nivell, de forma adaptada als coneixements previs de programaci\u00f3 (amb MBlock). Organitzats en equips, utilitzen un ordinador port\u00e0til connectat a una placa Arduino i diversos complements i sensors per fer les activitats.<br \/>\nA la segona part s\u2019introdueixen nocions de teoria i classificaci\u00f3 dels colors i les parts de la planta pilot automatitzada de producci\u00f3 d&#8217;aquarel\u00b7les a escala. Cada equip munta la seva planta pilot i controlant-la des d\u2019una tableta i amb una placa Arduino preparen mostres d\u2019aquarel\u00b7la de colors a escollir, que en acabar prendran a casa. Despr\u00e9s netegen l\u2019aparell agitador de la planta i fan un proc\u00e9s de depuraci\u00f3 fisico-qu\u00edmic de l\u2019aigua residual resultant. S\u2019introdueixen tamb\u00e9 les implicacions del canvi d&#8217;escala industrial i les tasques de l\u2019operaci\u00f3 de planta qu\u00edmica.<br \/>\nActivitat realitzada amb el suport de l\u2019Associaci\u00f3 Empresarial Qu\u00edmica de Tarragona (AEQT).<\/td>\n<\/tr>\n<tr>\n<td width=\"64\">9<\/td>\n<td width=\"265\">Tallers \u201cUn m\u00f3n de ci\u00e8ncia DOW-URV\u201d<\/td>\n<td width=\"1305\">\u00a0 El programa planteja l\u2019aprenentatge de continguts cient\u00edfics en el marc d\u2019una activitat a l\u2019aula. T\u00e9 per objectius espec\u00edfics facilitar la realitzaci\u00f3 d\u2019una activitat experimental atractiva, participativa i socialment rellevant, que il\u00b7lustri que la ci\u00e8ncia \u00e9s un m\u00e8tode que permet donar resposta als interrogants i necessitats de les persones, estimular l\u2019inter\u00e8s per les ci\u00e8ncies, promoure la utilitzaci\u00f3 de l\u2019evid\u00e8ncia cient\u00edfica com a base per a la presa de decisions. Pel present curs escolar es contempla la impartici\u00f3 d\u2019activitats (1 hora) de forma presencial en els centres educatius.<br \/>\nActivitat realitzada amb el suport de Dow Chemical Ib\u00e9rica.<\/td>\n<\/tr>\n<tr>\n<td width=\"64\">10<\/td>\n<td width=\"265\">Tallers \u201cUn m\u00f3n de Ci\u00e8ncia\u201d i visita &#8220;Programa de Visites Educatives&#8221; URV-Alt Camp<\/td>\n<td width=\"1305\"><strong>Programa \u201cUn m\u00f3n de Ci\u00e8ncia\u201d URV-Alt Camp.<\/strong>\u00a0 Aquest consisteix en la realitzaci\u00f3 per part de personal d&#8217;URV Divulga d\u2019una activitat experimental sobre \u201cLa lluita contra el canvi clim\u00e0tic\u201d a l\u2019aula amb alumnat, de forma totalment gratu\u00efta. Podeu veure el detall de les activitats en el document adjunt a la taula.\u00a0 El termini de recepci\u00f3 de sol\u00b7licituds \u00e9s fins l&#8217;1 d&#8217;octubre. Un cop tancat el termini de recepci\u00f3 de sol\u00b7licituds, es procedir\u00e0 a l\u2019encaix de les peticions amb el nombre d\u2019activitats disponibles.<br \/>\n<strong>Programa de Visites Educatives (PVE).\u00a0<\/strong>\u00a0Aquest consisteix en la realitzaci\u00f3 de visites guiades amb grups escolars, de forma totalment gratu\u00efta i amb transport incl\u00f2s, a empreses de l\u2019Alt Camp.\u00a0\u00a0 Per al present curs l\u2019empresa que pot realitzar una visita \u00e9s Essity Spain S.L. de Puigpelat. Les tem\u00e0tiques de les visites disponibles s\u00f3n \u201cBona fins a l\u2019ultima gota!\u201d i &#8220;Els suoperabsorbents&#8221; (prim\u00e0ria i secund\u00e0ria). Adjuntem el dossier com a refer\u00e8ncia a la taula. El nombre m\u00e0xim d\u2019alumnes \u00e9s de 20.<br \/>\nEl termini de recepci\u00f3 de sol\u00b7licituds \u00e9s fins l&#8217;1 d&#8217;octubre. Posteriorment es procedir\u00e0 a l\u2019encaix de les peticions amb la visita disponible.<br \/>\nActivitats realitzades amb el suport del Consell Comarcal de l&#8217;Alt Camp, Essity, Kellanova, URSSA i Valls Qu\u00edmica.<\/td>\n<\/tr>\n<tr>\n<td width=\"64\">19<\/td>\n<td width=\"265\">Convocat\u00f2ria llic\u00e8ncies beca-alumne Campus Experimenta: ci\u00e8ncia gamificada per repensar l\u2019aula<\/td>\n<td width=\"1305\">Campus Experimenta \u00e9s una plataforma virtual de recursos did\u00e0ctics STEM adre\u00e7ada a l\u2019alumnat de l\u2019ESO, que forma part del programa Repte Experimenta de la URV. Pensada per impulsar l\u2019experimentaci\u00f3 a l\u2019aula, ofereix una proposta innovadora i motivadora basada en l\u2019aprenentatge actiu, el m\u00e8tode cient\u00edfic i la gamificaci\u00f3.<br \/>\nA trav\u00e9s de situacions d\u2019aprenentatge amb fil conductor, l\u2019alumnat es converteix en protagonista d\u2019un repte cient\u00edfic que ha de resoldre combinant coneixement, experimentaci\u00f3 i pensament cr\u00edtic. El material proposa un recorregut estructurat en \u201cnivells\u201d al m\u00e9s pur estil videojoc, que es van superant mitjan\u00e7ant l\u2019observaci\u00f3, la formulaci\u00f3 d\u2019hip\u00f2tesis, l\u2019experimentaci\u00f3 i l\u2019an\u00e0lisi de resultats.<br \/>\nLes activitats es basen en c\u00e0psules audiovisuals creades per experts de la URV, ICIQ i UAB, que expliquen conceptes cient\u00edfics de manera demostrativa i accessible. Aquestes c\u00e0psules donen pas a reptes pr\u00e0ctics guiats per fitxes i instruccions clares, que es poden dur a terme amb materials casolans, fent que l\u2019experimentaci\u00f3 sigui assequible i f\u00e0cilment adaptable a diferents contextos educatius.<br \/>\nCampus Experimenta destaca per ser una eina flexible i transversal, dissenyada per integrar-se a l\u2019aula com a recurs d\u2019enriquiment i aprofundiment. Estimula l\u2019aprenentatge interdisciplinari i treballa compet\u00e8ncies com la resoluci\u00f3 de problemes, el treball cooperatiu, la comunicaci\u00f3 i el pensament cient\u00edfic. A m\u00e9s, permet que l\u2019alumnat avanci al seu ritme, respectant la diversitat de ritmes i estils d\u2019aprenentatge.<br \/>\nLa plataforma digital \u00e9s el suport, per\u00f2 no el centre de l\u2019activitat: el focus est\u00e0 posat en l\u2019aprenentatge significatiu i en la pr\u00e0ctica experimental. L\u2019objectiu \u00e9s oferir al jovent estrat\u00e8gies per comprendre el m\u00f3n de manera cr\u00edtica i innovadora.<br \/>\nSi sou un centre educatiu amb ganes de potenciar l\u2019experimentaci\u00f3 a l\u2019aula, us animem a consultar les bases de la convocat\u00f2ria per accedir a les llic\u00e8ncies tipus beca-alumne per al curs 2025-2026.<\/td>\n<\/tr>\n<tr>\n<td width=\"64\">24<\/td>\n<td width=\"265\">Nit de la Recerca &#8211; Xerrades als Instituts<\/td>\n<td width=\"1305\">En el marc de la Nit Europea de la Recerca els investigadors i investigadores de la URV i dels instituts adscrits es desplacen als centres educatius per fer xerrades i tallers divulgatius, on expliquen la seva recerca als joves i com \u00e9s el dia a dia de la investigaci\u00f3 cient\u00edfica. L&#8217;oferta de xerrades \u00e9s variada i els docents i centres educatius poden sol\u00b7licitar les activitats a trav\u00e9s del formulari. Les peticions s&#8217;accepten per ordre d&#8217;inscripci\u00f3 i estan limitades a un m\u00e0xim de dues xerrades o tallers per centre educatiu.<br \/>\nAbans de sol\u00b7licitar una activitat, tingueu en compte la disponibilitat (en vermell es marquen les que ja estan reservades).<\/td>\n<\/tr>\n<tr>\n<td width=\"64\">25<\/td>\n<td width=\"265\">Ruta Antoni de Mart\u00ed i Franqu\u00e8s<\/td>\n<td width=\"1305\">Ruta teatralitzada per descobrir la figura d\u2019Antoni de Mart\u00ed i Franqu\u00e8s, cient\u00edfic catal\u00e0 del segle XVIII considerat una de les grans figures de la qu\u00edmica i les ci\u00e8ncies naturals del pa\u00eds. L\u2019activitat recorre espais del centre hist\u00f2ric de Tarragona vinculats a la seva vida i la seva recerca, i permet con\u00e8ixer els experiments i descobriments amb qu\u00e8 va contribuir al coneixement de la composici\u00f3 de l\u2019aire.\u00a0 La proposta combina divulgaci\u00f3 cient\u00edfica, patrimoni i interpretaci\u00f3 hist\u00f2rica per apropar l\u2019alumnat a la ci\u00e8ncia de l\u2019\u00e8poca moderna i al context intel\u00b7lectual en qu\u00e8 treballava Mart\u00ed i Franqu\u00e8s. La ruta est\u00e0 especialment pensada per a centres educatius i ofereix una aproximaci\u00f3 vivencial a la hist\u00f2ria de la ci\u00e8ncia a Tarragona.<\/td>\n<\/tr>\n<tr>\n<td width=\"64\">37<\/td>\n<td width=\"265\">Lliga de Debat de Secund\u00e0ria i Batxillerat<\/td>\n<td width=\"1305\">La Lliga de Debat de Secund\u00e0ria i Batxillerat de la URV \u00e9s una competici\u00f3 d\u2019orat\u00f2ria entre diversos equips d\u2019estudiants de 4t d\u2019ESO, batxillerat i cicles formatius que t\u00e9 com a objectiu fomentar el debat i l&#8217;intercanvi d&#8217;idees al voltant d\u2019un tema pol\u00e8mic i d\u2019actualitat. L&#8217;equip guanyador participa en representaci\u00f3 de la URV a la Lliga de Secund\u00e0ria i Batxillerat de la Xarxa Vives, que agrupa les universitats del territori de parla catalana.<\/td>\n<\/tr>\n<tr>\n<td width=\"64\">39<\/td>\n<td width=\"265\">Talent Jove<\/td>\n<td width=\"1305\">Talent Jove t\u00e9 per objectiu oferir coneixements avan\u00e7ats sobre f\u00edsica i matem\u00e0tiques a joves de 1r i 2n de batxillerat amb bones capacitats acad\u00e8miques i especialment motivats, mitjan\u00e7ant la realitzaci\u00f3 d\u2019un conjunt de tallers. Presenta un programa de treball que es desenvolupa al llarg dels dos cursos del batxillerat. \u00c9s un programa d&#8217;alta exig\u00e8ncia formativa i cient\u00edfica que aporta una formaci\u00f3 complement\u00e0ria i avan\u00e7ada per cultivar i potenciar el talent cient\u00edfic dels alumnes.<\/td>\n<\/tr>\n<tr>\n<td width=\"64\">51<\/td>\n<td width=\"265\">Final catalana de l&#8217;olimpiada inform\u00e0tica<\/td>\n<td width=\"1305\">L\u2019Olimp\u00edada Inform\u00e0tica Catalana (oiCat) t\u00e9 com a principal objectiu fomentar l\u2019aprenentatge de la Inform\u00e0tica entre els estudiants de secund\u00e0ria i batxillerat. Els problemes d\u2019aquesta competici\u00f3 s\u00f3n majorit\u00e0riament de natura algor\u00edsmica. Per resoldre\u2019ls, cal emprar raonaments l\u00f2gics i matem\u00e0tics, i sovint escriure programes que n\u2019implementin alguna soluci\u00f3.<br \/>\nL\u2019oiCat \u00e9s oberta a tots els estudiants preuniversitaris de Catalunya, en particular els de secund\u00e0ria i batxillerat. Tamb\u00e9 hi poden prendre part els estudiants de cicles formatius de grau mitj\u00e0 (CFGM) i, excepcionalment, els estudiants de prim\u00e0ria. La participaci\u00f3 a l\u2019oiCat \u00e9s a t\u00edtol individual.<br \/>\nL&#8217;any 2027 la final catalana de l&#8217;olimpiada tindr\u00e0 lloc a l&#8217;ETSE de la URV.<\/td>\n<\/tr>\n<\/tbody>\n<\/table>\n<p style=\"font-weight: 400;\"><strong>\u00a0<\/strong><\/p>\n<p style=\"font-weight: 400;\"><strong>\u00a0<\/strong><\/p>\n<p style=\"font-weight: 400;\"><strong>\u00a0<\/strong><\/p>\n","protected":false},"excerpt":{"rendered":"<p>Us compartim l&#8217;oferta actualitzada d\u2019activitats de divulgaci\u00f3 per a centres escolars de la URV pel curs 2026-2027, i una taula amb les que tenen els terminis d\u2019inscripci\u00f3 m\u00e9s propers. \u00a0 Activitats 2026-27 amb terminis d\u2019inscripci\u00f3 m\u00e9s propers \u00a0 N\u00fam. Activitat Nivells educatius\u00a0(infantil, prim\u00e0ria, ESO, BAT o FP) \u00c0mbits de coneixement Centres destinataris (territori) Per\u00edode de [&hellip;]<\/p>\n","protected":false},"author":7,"featured_media":22775,"comment_status":"open","ping_status":"open","sticky":false,"template":"","format":"standard","meta":{"_bbp_topic_count":0,"_bbp_reply_count":0,"_bbp_total_topic_count":0,"_bbp_total_reply_count":0,"_bbp_voice_count":0,"_bbp_anonymous_reply_count":0,"_bbp_topic_count_hidden":0,"_bbp_reply_count_hidden":0,"_bbp_forum_subforum_count":0,"site-sidebar-layout":"default","site-content-layout":"","ast-site-content-layout":"default","site-content-style":"default","site-sidebar-style":"default","ast-global-header-display":"","ast-banner-title-visibility":"","ast-main-header-display":"","ast-hfb-above-header-display":"","ast-hfb-below-header-display":"","ast-hfb-mobile-header-display":"","site-post-title":"","ast-breadcrumbs-content":"","ast-featured-img":"","footer-sml-layout":"","theme-transparent-header-meta":"default","adv-header-id-meta":"","stick-header-meta":"","header-above-stick-meta":"","header-main-stick-meta":"","header-below-stick-meta":"","astra-migrate-meta-layouts":"set","ast-page-background-enabled":"default","ast-page-background-meta":{"desktop":{"background-color":"var(--ast-global-color-4)","background-image":"","background-repeat":"repeat","background-position":"center center","background-size":"auto","background-attachment":"scroll","background-type":"","background-media":"","overlay-type":"","overlay-color":"","overlay-opacity":"","overlay-gradient":""},"tablet":{"background-color":"","background-image":"","background-repeat":"repeat","background-position":"center center","background-size":"auto","background-attachment":"scroll","background-type":"","background-media":"","overlay-type":"","overlay-color":"","overlay-opacity":"","overlay-gradient":""},"mobile":{"background-color":"","background-image":"","background-repeat":"repeat","background-position":"center center","background-size":"auto","background-attachment":"scroll","background-type":"","background-media":"","overlay-type":"","overlay-color":"","overlay-opacity":"","overlay-gradient":""}},"ast-content-background-meta":{"desktop":{"background-color":"var(--ast-global-color-5)","background-image":"","background-repeat":"repeat","background-position":"center center","background-size":"auto","background-attachment":"scroll","background-type":"","background-media":"","overlay-type":"","overlay-color":"","overlay-opacity":"","overlay-gradient":""},"tablet":{"background-color":"var(--ast-global-color-5)","background-image":"","background-repeat":"repeat","background-position":"center center","background-size":"auto","background-attachment":"scroll","background-type":"","background-media":"","overlay-type":"","overlay-color":"","overlay-opacity":"","overlay-gradient":""},"mobile":{"background-color":"var(--ast-global-color-5)","background-image":"","background-repeat":"repeat","background-position":"center center","background-size":"auto","background-attachment":"scroll","background-type":"","background-media":"","overlay-type":"","overlay-color":"","overlay-opacity":"","overlay-gradient":""}},"footnotes":""},"categories":[376,29,529,422],"tags":[],"class_list":["post-23375","post","type-post","status-publish","format-standard","has-post-thumbnail","hentry","category-formacio","category-portada","category-primaria","category-secundaria"],"post_mailing_queue_ids":[],"_links":{"self":[{"href":"https:\/\/serveiseducatius.xtec.cat\/baixpenedes\/wp-json\/wp\/v2\/posts\/23375","targetHints":{"allow":["GET"]}}],"collection":[{"href":"https:\/\/serveiseducatius.xtec.cat\/baixpenedes\/wp-json\/wp\/v2\/posts"}],"about":[{"href":"https:\/\/serveiseducatius.xtec.cat\/baixpenedes\/wp-json\/wp\/v2\/types\/post"}],"author":[{"embeddable":true,"href":"https:\/\/serveiseducatius.xtec.cat\/baixpenedes\/wp-json\/wp\/v2\/users\/7"}],"replies":[{"embeddable":true,"href":"https:\/\/serveiseducatius.xtec.cat\/baixpenedes\/wp-json\/wp\/v2\/comments?post=23375"}],"version-history":[{"count":2,"href":"https:\/\/serveiseducatius.xtec.cat\/baixpenedes\/wp-json\/wp\/v2\/posts\/23375\/revisions"}],"predecessor-version":[{"id":23377,"href":"https:\/\/serveiseducatius.xtec.cat\/baixpenedes\/wp-json\/wp\/v2\/posts\/23375\/revisions\/23377"}],"wp:featuredmedia":[{"embeddable":true,"href":"https:\/\/serveiseducatius.xtec.cat\/baixpenedes\/wp-json\/wp\/v2\/media\/22775"}],"wp:attachment":[{"href":"https:\/\/serveiseducatius.xtec.cat\/baixpenedes\/wp-json\/wp\/v2\/media?parent=23375"}],"wp:term":[{"taxonomy":"category","embeddable":true,"href":"https:\/\/serveiseducatius.xtec.cat\/baixpenedes\/wp-json\/wp\/v2\/categories?post=23375"},{"taxonomy":"post_tag","embeddable":true,"href":"https:\/\/serveiseducatius.xtec.cat\/baixpenedes\/wp-json\/wp\/v2\/tags?post=23375"}],"curies":[{"name":"wp","href":"https:\/\/api.w.org\/{rel}","templated":true}]}}