{"id":23368,"date":"2026-07-13T09:27:25","date_gmt":"2026-07-13T07:27:25","guid":{"rendered":"https:\/\/serveiseducatius.xtec.cat\/baixpenedes\/?p=23368"},"modified":"2026-07-13T09:27:25","modified_gmt":"2026-07-13T07:27:25","slug":"orientacions-geografia-i-historia-de-leso","status":"publish","type":"post","link":"https:\/\/serveiseducatius.xtec.cat\/baixpenedes\/xerrades\/portada\/orientacions-geografia-i-historia-de-leso\/","title":{"rendered":"ORIENTACIONS GEOGRAFIA I HIST\u00d2RIA DE L&#8217;ESO"},"content":{"rendered":"<p>Les orientacions de la mat\u00e8ria Ci\u00e8ncies Socials: Geografia i Hist\u00f2ria de l\u2019ESO consten de diverses parts: des de la concreci\u00f3 i seq\u00fcenciaci\u00f3 dels sabers, fins a activitats per treballar-los.<\/p>\n<p>A continuaci\u00f3 es poden trobar els enlla\u00e7os als arxius en format pdf amb la concreci\u00f3 i la seq\u00fcenciaci\u00f3 dels sabers marcats pel curr\u00edculum:<\/p>\n<p><img loading=\"lazy\" decoding=\"async\" class=\"wp-image-9867\" src=\"https:\/\/projectes.xtec.cat\/nou-curriculum\/wp-content\/uploads\/usu2072\/2023\/01\/pdf-2.png\" sizes=\"auto, (max-width: 35px) 100vw, 35px\" srcset=\"https:\/\/projectes.xtec.cat\/nou-curriculum\/wp-content\/uploads\/usu2072\/2023\/01\/pdf-2.png 256w, https:\/\/projectes.xtec.cat\/nou-curriculum\/wp-content\/uploads\/usu2072\/2023\/01\/pdf-2-150x150.png 150w\" alt=\"\" width=\"35\" height=\"35\" \/><a href=\"https:\/\/xtec.gencat.cat\/web\/.content\/curriculum\/eso\/concrecions-curriculars\/SOC_SEC_Orientacions_curriculars_SOC_per_blocs.pdf\" target=\"_blank\" rel=\"noreferrer noopener\">Seq\u00fcenciaci\u00f3 i concreci\u00f3: proposta per blocs<\/a><br \/>\n<img loading=\"lazy\" decoding=\"async\" class=\"wp-image-9867\" src=\"https:\/\/projectes.xtec.cat\/nou-curriculum\/wp-content\/uploads\/usu2072\/2023\/01\/pdf-2.png\" sizes=\"auto, (max-width: 35px) 100vw, 35px\" srcset=\"https:\/\/projectes.xtec.cat\/nou-curriculum\/wp-content\/uploads\/usu2072\/2023\/01\/pdf-2.png 256w, https:\/\/projectes.xtec.cat\/nou-curriculum\/wp-content\/uploads\/usu2072\/2023\/01\/pdf-2-150x150.png 150w\" alt=\"\" width=\"35\" height=\"35\" \/><a href=\"https:\/\/xtec.gencat.cat\/web\/.content\/curriculum\/eso\/concrecions-curriculars\/SOC_SEC_Orientacions_curriculars_SOC_per_cursos.pdf\" target=\"_blank\" rel=\"noreferrer noopener\">Seq\u00fcenciaci\u00f3 i concreci\u00f3: proposta per cursos<\/a><\/p>\n<p>En el primer arxiu es pot trobar una breu introducci\u00f3 i una taula amb la concreci\u00f3 i la seq\u00fcenciaci\u00f3 per 1r, 2n, 3r i 4t d\u2019ESO.<\/p>\n<figure class=\"wp-block-image size-full is-resized\"><a href=\"https:\/\/projectes.xtec.cat\/nou-curriculum\/wp-content\/uploads\/usu2072\/2026\/07\/soc1.jpg\"><img loading=\"lazy\" decoding=\"async\" class=\"wp-image-17320\" src=\"https:\/\/projectes.xtec.cat\/nou-curriculum\/wp-content\/uploads\/usu2072\/2026\/07\/soc1.jpg\" sizes=\"auto, (max-width: 963px) 100vw, 963px\" srcset=\"https:\/\/projectes.xtec.cat\/nou-curriculum\/wp-content\/uploads\/usu2072\/2026\/07\/soc1.jpg 963w, https:\/\/projectes.xtec.cat\/nou-curriculum\/wp-content\/uploads\/usu2072\/2026\/07\/soc1-300x182.jpg 300w, https:\/\/projectes.xtec.cat\/nou-curriculum\/wp-content\/uploads\/usu2072\/2026\/07\/soc1-768x467.jpg 768w\" alt=\"\" width=\"963\" height=\"585\" \/><\/a><\/figure>\n<p>En el segon arxiu es pot trobar la llista de sabers concretats per cada curs.<\/p>\n<p>Per accedir a les orientacions completes, amb activitats, recomanacions, suggeriments i la mateixa seq\u00fcenciaci\u00f3 i concreci\u00f3 i altres recursos, cal accedir al seg\u00fcent enlla\u00e7 (properament a final de l&#8217;article):<\/p>\n<p class=\"has-text-align-center\"><a href=\"https:\/\/projectes.xtec.cat\/nou-curriculum\/orientacions-de-la-materia-ciencies-socials-geografia-i-historia-de-leso\/\">Acc\u00e9s a les orientacions completes de la mat\u00e8ria d\u2019Educaci\u00f3 Pl\u00e0stica, Visual i Audiovisual de l\u2019ESO<\/a><\/p>\n","protected":false},"excerpt":{"rendered":"<p>Les orientacions de la mat\u00e8ria Ci\u00e8ncies Socials: Geografia i Hist\u00f2ria de l\u2019ESO consten de diverses parts: des de la concreci\u00f3 i seq\u00fcenciaci\u00f3 dels sabers, fins a activitats per treballar-los. A continuaci\u00f3 es poden trobar els enlla\u00e7os als arxius en format pdf amb la concreci\u00f3 i la seq\u00fcenciaci\u00f3 dels sabers marcats pel curr\u00edculum: Seq\u00fcenciaci\u00f3 i concreci\u00f3: [&hellip;]<\/p>\n","protected":false},"author":7,"featured_media":21979,"comment_status":"open","ping_status":"open","sticky":false,"template":"","format":"standard","meta":{"_bbp_topic_count":0,"_bbp_reply_count":0,"_bbp_total_topic_count":0,"_bbp_total_reply_count":0,"_bbp_voice_count":0,"_bbp_anonymous_reply_count":0,"_bbp_topic_count_hidden":0,"_bbp_reply_count_hidden":0,"_bbp_forum_subforum_count":0,"site-sidebar-layout":"default","site-content-layout":"","ast-site-content-layout":"default","site-content-style":"default","site-sidebar-style":"default","ast-global-header-display":"","ast-banner-title-visibility":"","ast-main-header-display":"","ast-hfb-above-header-display":"","ast-hfb-below-header-display":"","ast-hfb-mobile-header-display":"","site-post-title":"","ast-breadcrumbs-content":"","ast-featured-img":"","footer-sml-layout":"","theme-transparent-header-meta":"default","adv-header-id-meta":"","stick-header-meta":"","header-above-stick-meta":"","header-main-stick-meta":"","header-below-stick-meta":"","astra-migrate-meta-layouts":"set","ast-page-background-enabled":"default","ast-page-background-meta":{"desktop":{"background-color":"var(--ast-global-color-4)","background-image":"","background-repeat":"repeat","background-position":"center center","background-size":"auto","background-attachment":"scroll","background-type":"","background-media":"","overlay-type":"","overlay-color":"","overlay-opacity":"","overlay-gradient":""},"tablet":{"background-color":"","background-image":"","background-repeat":"repeat","background-position":"center center","background-size":"auto","background-attachment":"scroll","background-type":"","background-media":"","overlay-type":"","overlay-color":"","overlay-opacity":"","overlay-gradient":""},"mobile":{"background-color":"","background-image":"","background-repeat":"repeat","background-position":"center center","background-size":"auto","background-attachment":"scroll","background-type":"","background-media":"","overlay-type":"","overlay-color":"","overlay-opacity":"","overlay-gradient":""}},"ast-content-background-meta":{"desktop":{"background-color":"var(--ast-global-color-5)","background-image":"","background-repeat":"repeat","background-position":"center center","background-size":"auto","background-attachment":"scroll","background-type":"","background-media":"","overlay-type":"","overlay-color":"","overlay-opacity":"","overlay-gradient":""},"tablet":{"background-color":"var(--ast-global-color-5)","background-image":"","background-repeat":"repeat","background-position":"center center","background-size":"auto","background-attachment":"scroll","background-type":"","background-media":"","overlay-type":"","overlay-color":"","overlay-opacity":"","overlay-gradient":""},"mobile":{"background-color":"var(--ast-global-color-5)","background-image":"","background-repeat":"repeat","background-position":"center center","background-size":"auto","background-attachment":"scroll","background-type":"","background-media":"","overlay-type":"","overlay-color":"","overlay-opacity":"","overlay-gradient":""}},"footnotes":""},"categories":[29,422],"tags":[],"class_list":["post-23368","post","type-post","status-publish","format-standard","has-post-thumbnail","hentry","category-portada","category-secundaria"],"post_mailing_queue_ids":[],"_links":{"self":[{"href":"https:\/\/serveiseducatius.xtec.cat\/baixpenedes\/wp-json\/wp\/v2\/posts\/23368","targetHints":{"allow":["GET"]}}],"collection":[{"href":"https:\/\/serveiseducatius.xtec.cat\/baixpenedes\/wp-json\/wp\/v2\/posts"}],"about":[{"href":"https:\/\/serveiseducatius.xtec.cat\/baixpenedes\/wp-json\/wp\/v2\/types\/post"}],"author":[{"embeddable":true,"href":"https:\/\/serveiseducatius.xtec.cat\/baixpenedes\/wp-json\/wp\/v2\/users\/7"}],"replies":[{"embeddable":true,"href":"https:\/\/serveiseducatius.xtec.cat\/baixpenedes\/wp-json\/wp\/v2\/comments?post=23368"}],"version-history":[{"count":1,"href":"https:\/\/serveiseducatius.xtec.cat\/baixpenedes\/wp-json\/wp\/v2\/posts\/23368\/revisions"}],"predecessor-version":[{"id":23369,"href":"https:\/\/serveiseducatius.xtec.cat\/baixpenedes\/wp-json\/wp\/v2\/posts\/23368\/revisions\/23369"}],"wp:featuredmedia":[{"embeddable":true,"href":"https:\/\/serveiseducatius.xtec.cat\/baixpenedes\/wp-json\/wp\/v2\/media\/21979"}],"wp:attachment":[{"href":"https:\/\/serveiseducatius.xtec.cat\/baixpenedes\/wp-json\/wp\/v2\/media?parent=23368"}],"wp:term":[{"taxonomy":"category","embeddable":true,"href":"https:\/\/serveiseducatius.xtec.cat\/baixpenedes\/wp-json\/wp\/v2\/categories?post=23368"},{"taxonomy":"post_tag","embeddable":true,"href":"https:\/\/serveiseducatius.xtec.cat\/baixpenedes\/wp-json\/wp\/v2\/tags?post=23368"}],"curies":[{"name":"wp","href":"https:\/\/api.w.org\/{rel}","templated":true}]}}