{"id":22736,"date":"2026-04-28T11:56:59","date_gmt":"2026-04-28T09:56:59","guid":{"rendered":"https:\/\/serveiseducatius.xtec.cat\/baixpenedes\/?p=22736"},"modified":"2026-04-28T11:56:59","modified_gmt":"2026-04-28T09:56:59","slug":"recordatori-ii-congres-de-professorat-stem","status":"publish","type":"post","link":"https:\/\/serveiseducatius.xtec.cat\/baixpenedes\/xerrades\/portada\/recordatori-ii-congres-de-professorat-stem\/","title":{"rendered":"RECORDATORI II CONGR\u00c9S DE PROFESSORAT STEM"},"content":{"rendered":"<div>\n<p dir=\"ltr\">Us recordem que en breu finalitza la presentaci\u00f3 de contribucions al II Congr\u00e9s de Professorat STEM: Compartim Experi\u00e8ncies, Multipliquem Aprenentatges.<\/p>\n<p dir=\"ltr\"><img decoding=\"async\" class=\"an1\" draggable=\"false\" src=\"https:\/\/fonts.gstatic.com\/s\/e\/notoemoji\/17.0\/1f469_200d_1f3eb\/32.png\" alt=\"\ud83d\udc69\u200d\ud83c\udfeb\" data-emoji=\"\ud83d\udc69\u200d\ud83c\udfeb\" aria-label=\"\ud83d\udc69\u200d\ud83c\udfeb\" \/> Darrera crida: Presenta les teves experi\u00e8ncies did\u00e0ctiques en format de comunicaci\u00f3 oral, p\u00f2ster o mostra d&#8217;experi\u00e8ncies fins el 4 de maig. Ara nom\u00e9s cal presentar un resum de 200 paraules. M\u00e9s informaci\u00f3 a <a href=\"https:\/\/esdeveniments.upc.edu\/145707\/section\/63376\/ii-congres-de-professorat-stem.html\" target=\"_blank\" rel=\"noopener\" data-saferedirecturl=\"https:\/\/www.google.com\/url?q=https:\/\/esdeveniments.upc.edu\/145707\/section\/63376\/ii-congres-de-professorat-stem.html&amp;source=gmail&amp;ust=1777455976411000&amp;usg=AOvVaw0sv5MFXDagIm_a91AjbgvG\">Enviament contribuci\u00f3<\/a>.<\/p>\n<p dir=\"ltr\">Les contribucions acceptades formaran part del llibre d\u2019actes amb ISBN. Es rebr\u00e0 certificat de formador (compatible amb el d\u2019assistent. Us adjuntem el <a href=\"https:\/\/esdeveniments.upc.edu\/getFiles\/hash\/YxQjYyADM3EDZmJTNhRDO0kTY4QzYlNGZIjY3AjZxUj:aUpTRWgzcnhLNmtwTUUyb2xscWl1MitzWkc1UTBRNmxuV1M2b2cyOGI2MGhYRHRnMFhZb0ZCazJGTFFFQVllT09pQkhJd1NuSmRUVTduUFlSenpyQ2hVZkc4enltdHozczZ3dkVYUlZSSEN0ODBXK3QvekZ3ZDAyS3B1ZHFZc3Y0bHp2WVo4MW9qeStFZ1QxcEpiOVNqNUtYT1NMMGZtQjdDNUZuWEcwN2VGSllXVWNHbmYxT1k3ZlZoV3RkQXBxcFlzcGRWcTRrUnA5YUZpRDNVOGdVdTY3c1F3aGFoTzBQenc2dzk1VzNXaktUVDNFOTVXbVdzSGkzeEh6elB2VHQ4K1V0Q3duTy9XY09OMHZYZmtKVVE9PQ==\" target=\"_blank\" rel=\"noopener\" data-saferedirecturl=\"https:\/\/www.google.com\/url?q=https:\/\/esdeveniments.upc.edu\/getFiles\/hash\/YxQjYyADM3EDZmJTNhRDO0kTY4QzYlNGZIjY3AjZxUj:aUpTRWgzcnhLNmtwTUUyb2xscWl1MitzWkc1UTBRNmxuV1M2b2cyOGI2MGhYRHRnMFhZb0ZCazJGTFFFQVllT09pQkhJd1NuSmRUVTduUFlSenpyQ2hVZkc4enltdHozczZ3dkVYUlZSSEN0ODBXK3QvekZ3ZDAyS3B1ZHFZc3Y0bHp2WVo4MW9qeStFZ1QxcEpiOVNqNUtYT1NMMGZtQjdDNUZuWEcwN2VGSllXVWNHbmYxT1k3ZlZoV3RkQXBxcFlzcGRWcTRrUnA5YUZpRDNVOGdVdTY3c1F3aGFoTzBQenc2dzk1VzNXaktUVDNFOTVXbVdzSGkzeEh6elB2VHQ4K1V0Q3duTy9XY09OMHZYZmtKVVE9PQ%3D%3D&amp;source=gmail&amp;ust=1777455976411000&amp;usg=AOvVaw2LB1I0GzTzRHDbhnCJUGNQ\">llibre d\u2019actes<\/a> del passat congr\u00e9s.<\/p>\n<p dir=\"ltr\"><img decoding=\"async\" class=\"an1\" draggable=\"false\" src=\"https:\/\/fonts.gstatic.com\/s\/e\/notoemoji\/17.0\/1f4c5\/32.png\" alt=\"\ud83d\udcc5\" data-emoji=\"\ud83d\udcc5\" aria-label=\"\ud83d\udcc5\" \/> 2 i 3 de juliol de 2026 | <img decoding=\"async\" class=\"an1\" draggable=\"false\" src=\"https:\/\/fonts.gstatic.com\/s\/e\/notoemoji\/17.0\/1f4cd\/32.png\" alt=\"\ud83d\udccd\" data-emoji=\"\ud83d\udccd\" aria-label=\"\ud83d\udccd\" \/> <a href=\"https:\/\/maps.app.goo.gl\/bKsw2XqZeRVe6f4b7\" target=\"_blank\" rel=\"noopener\" data-saferedirecturl=\"https:\/\/www.google.com\/url?q=https:\/\/maps.app.goo.gl\/bKsw2XqZeRVe6f4b7&amp;source=gmail&amp;ust=1777455976411000&amp;usg=AOvVaw0tY6XLAt4ay5U-KfSTVsUU\">Campus del Baix Llobregat, Castelldefels, UPC<\/a><\/p>\n<p dir=\"ltr\">L\u2019ICE de la UPC, conjuntament amb el Departament d\u2019Educaci\u00f3 i FP,\u00a0 organitza aquest congr\u00e9s com a punt de trobada per a docents de prim\u00e0ria,\u00a0 d&#8217;ESO, Batxillerat i Cicles Formatius. L&#8217;objectiu \u00e9s intercanviar experi\u00e8ncies innovadores, generar debat i crear sinergies per millorar l&#8217;ensenyament STEM.<\/p>\n<p dir=\"ltr\"><img decoding=\"async\" class=\"an1\" draggable=\"false\" src=\"https:\/\/fonts.gstatic.com\/s\/e\/notoemoji\/17.0\/270f_fe0f\/32.png\" alt=\"\u270f\ufe0f\" data-emoji=\"\u270f\ufe0f\" aria-label=\"\u270f\ufe0f\" \/> Inscripci\u00f3 gratu\u00efta fins al 15 de juny. <a href=\"https:\/\/aplicacions.gestioeducativa.gencat.cat\/ords\/pls\/soloas\/pk_for_mod_ins.p_for_detall_activitat?p_codi=9000400014&amp;p_curs=2025-2026&amp;p_es_inscr=S\" target=\"_blank\" rel=\"noopener\" data-saferedirecturl=\"https:\/\/www.google.com\/url?q=https:\/\/aplicacions.gestioeducativa.gencat.cat\/ords\/pls\/soloas\/pk_for_mod_ins.p_for_detall_activitat?p_codi%3D9000400014%26p_curs%3D2025-2026%26p_es_inscr%3DS&amp;source=gmail&amp;ust=1777455976411000&amp;usg=AOvVaw3zXmFZqZlhfEr9HIr8J0tK\">Inscripci\u00f3.<\/a><\/p>\n<p dir=\"ltr\"><img decoding=\"async\" class=\"an1\" draggable=\"false\" src=\"https:\/\/fonts.gstatic.com\/s\/e\/notoemoji\/17.0\/1f4cc\/32.png\" alt=\"\ud83d\udccc\" data-emoji=\"\ud83d\udccc\" aria-label=\"\ud83d\udccc\" \/> M\u00e9s informaci\u00f3: <a href=\"https:\/\/esdeveniments.upc.edu\/go\/II-congres-professorat-STEM\" target=\"_blank\" rel=\"noopener\" data-saferedirecturl=\"https:\/\/www.google.com\/url?q=https:\/\/esdeveniments.upc.edu\/go\/II-congres-professorat-STEM&amp;source=gmail&amp;ust=1777455976411000&amp;usg=AOvVaw0l-3aJGmRhZON65iMLzm58\">Web del congr\u00e9s<\/a><\/p>\n<p>Gr\u00e0cies per sumar-vos-hi!<\/p><\/div>\n<div>\n<div class=\"gmail_signature\" dir=\"ltr\">\n<div dir=\"ltr\">L&#8217;Organitzaci\u00f3 del\u00a0Congr\u00e9s<\/p>\n<div><span style=\"color: #222222;\">\u00a0<\/span><\/div>\n<div><a href=\"https:\/\/esdeveniments.upc.edu\/go\/II-congres-professorat-STEM\" target=\"_blank\" rel=\"noopener\" data-saferedirecturl=\"https:\/\/www.google.com\/url?q=https:\/\/esdeveniments.upc.edu\/go\/II-congres-professorat-STEM&amp;source=gmail&amp;ust=1777455976411000&amp;usg=AOvVaw0l-3aJGmRhZON65iMLzm58\"><img loading=\"lazy\" decoding=\"async\" class=\"CToWUd\" src=\"https:\/\/mail.google.com\/mail\/u\/0?ui=2&amp;ik=c6f619f4c2&amp;attid=0.2&amp;permmsgid=msg-f:1863707074223415512&amp;th=19dd37b5ac7820d8&amp;view=fimg&amp;fur=ip&amp;permmsgid=msg-f:1863707074223415512&amp;sz=s0-l75-ft&amp;attbid=ANGjdJ8T8P-u4FPEyGl_xdBU4i6UKCdMYMbX9x6J0tIgvYVC8ShdL0A9z0xsJHS84YxC9PkE8cYORpscLwEvOm-psbtz8Plb88H00EolTqahcQOYcS5DLY2IAXI0UYM&amp;disp=emb&amp;realattid=ii_moifckew3&amp;zw\" alt=\"https:\/\/esdeveniments.upc.edu\/go\/II-congres-professorat-STEM\" width=\"420\" height=\"90\" data-image-whitelisted=\"\" data-bit=\"iit\" \/><\/a><span style=\"color: #222222;\"><br \/>\n<\/span><\/p>\n<div><a href=\"http:\/\/esdeveniments.upc.edu\/go\/congres-professorat-STEM\" target=\"_blank\" rel=\"noopener\" data-saferedirecturl=\"https:\/\/www.google.com\/url?q=http:\/\/esdeveniments.upc.edu\/go\/congres-professorat-STEM&amp;source=gmail&amp;ust=1777455976411000&amp;usg=AOvVaw0xxilvMGec80tthhcXgHJl\">https:\/\/esdeveniments.upc.edu\/<wbr \/>go\/II-congres-professorat-STEM<\/a><\/div>\n<div>\n<span id=\"m_7345198126222345060m_-536166062425374440gmail-docs-internal-guid-62643f03-7fff-7dd5-8911-548abe60f29a\">Formaci\u00f3 d\u2019estiu ICE de la UPC: El proper dijous 30 d\u2019abril publicarem a la p\u00e0gina web de l\u2019ICE <a href=\"https:\/\/ice.upc.edu\/ca\/formacio\/professorat-de-primaria-secundaria-i-formacio-professional\" target=\"_blank\" rel=\"noopener\" data-saferedirecturl=\"https:\/\/www.google.com\/url?q=https:\/\/ice.upc.edu\/ca\/formacio\/professorat-de-primaria-secundaria-i-formacio-professional&amp;source=gmail&amp;ust=1777455976411000&amp;usg=AOvVaw1PweCSqhCA1b5WKnOI7eu-\">l\u2019oferta de cursos d\u2019estiu.<\/a><\/span><\/div>\n<\/div>\n<\/div>\n<\/div>\n<\/div>\n","protected":false},"excerpt":{"rendered":"<p>Us recordem que en breu finalitza la presentaci\u00f3 de contribucions al II Congr\u00e9s de Professorat STEM: Compartim Experi\u00e8ncies, Multipliquem Aprenentatges. Darrera crida: Presenta les teves experi\u00e8ncies did\u00e0ctiques en format de comunicaci\u00f3 oral, p\u00f2ster o mostra d&#8217;experi\u00e8ncies fins el 4 de maig. Ara nom\u00e9s cal presentar un resum de 200 paraules. M\u00e9s informaci\u00f3 a Enviament contribuci\u00f3. [&hellip;]<\/p>\n","protected":false},"author":7,"featured_media":22542,"comment_status":"open","ping_status":"open","sticky":false,"template":"","format":"standard","meta":{"_bbp_topic_count":0,"_bbp_reply_count":0,"_bbp_total_topic_count":0,"_bbp_total_reply_count":0,"_bbp_voice_count":0,"_bbp_anonymous_reply_count":0,"_bbp_topic_count_hidden":0,"_bbp_reply_count_hidden":0,"_bbp_forum_subforum_count":0,"site-sidebar-layout":"default","site-content-layout":"","ast-site-content-layout":"default","site-content-style":"default","site-sidebar-style":"default","ast-global-header-display":"","ast-banner-title-visibility":"","ast-main-header-display":"","ast-hfb-above-header-display":"","ast-hfb-below-header-display":"","ast-hfb-mobile-header-display":"","site-post-title":"","ast-breadcrumbs-content":"","ast-featured-img":"","footer-sml-layout":"","theme-transparent-header-meta":"default","adv-header-id-meta":"","stick-header-meta":"","header-above-stick-meta":"","header-main-stick-meta":"","header-below-stick-meta":"","astra-migrate-meta-layouts":"set","ast-page-background-enabled":"default","ast-page-background-meta":{"desktop":{"background-color":"var(--ast-global-color-4)","background-image":"","background-repeat":"repeat","background-position":"center center","background-size":"auto","background-attachment":"scroll","background-type":"","background-media":"","overlay-type":"","overlay-color":"","overlay-opacity":"","overlay-gradient":""},"tablet":{"background-color":"","background-image":"","background-repeat":"repeat","background-position":"center center","background-size":"auto","background-attachment":"scroll","background-type":"","background-media":"","overlay-type":"","overlay-color":"","overlay-opacity":"","overlay-gradient":""},"mobile":{"background-color":"","background-image":"","background-repeat":"repeat","background-position":"center center","background-size":"auto","background-attachment":"scroll","background-type":"","background-media":"","overlay-type":"","overlay-color":"","overlay-opacity":"","overlay-gradient":""}},"ast-content-background-meta":{"desktop":{"background-color":"var(--ast-global-color-5)","background-image":"","background-repeat":"repeat","background-position":"center center","background-size":"auto","background-attachment":"scroll","background-type":"","background-media":"","overlay-type":"","overlay-color":"","overlay-opacity":"","overlay-gradient":""},"tablet":{"background-color":"var(--ast-global-color-5)","background-image":"","background-repeat":"repeat","background-position":"center center","background-size":"auto","background-attachment":"scroll","background-type":"","background-media":"","overlay-type":"","overlay-color":"","overlay-opacity":"","overlay-gradient":""},"mobile":{"background-color":"var(--ast-global-color-5)","background-image":"","background-repeat":"repeat","background-position":"center center","background-size":"auto","background-attachment":"scroll","background-type":"","background-media":"","overlay-type":"","overlay-color":"","overlay-opacity":"","overlay-gradient":""}},"footnotes":""},"categories":[29,521],"tags":[],"class_list":["post-22736","post","type-post","status-publish","format-standard","has-post-thumbnail","hentry","category-portada","category-steam"],"post_mailing_queue_ids":[],"_links":{"self":[{"href":"https:\/\/serveiseducatius.xtec.cat\/baixpenedes\/wp-json\/wp\/v2\/posts\/22736","targetHints":{"allow":["GET"]}}],"collection":[{"href":"https:\/\/serveiseducatius.xtec.cat\/baixpenedes\/wp-json\/wp\/v2\/posts"}],"about":[{"href":"https:\/\/serveiseducatius.xtec.cat\/baixpenedes\/wp-json\/wp\/v2\/types\/post"}],"author":[{"embeddable":true,"href":"https:\/\/serveiseducatius.xtec.cat\/baixpenedes\/wp-json\/wp\/v2\/users\/7"}],"replies":[{"embeddable":true,"href":"https:\/\/serveiseducatius.xtec.cat\/baixpenedes\/wp-json\/wp\/v2\/comments?post=22736"}],"version-history":[{"count":1,"href":"https:\/\/serveiseducatius.xtec.cat\/baixpenedes\/wp-json\/wp\/v2\/posts\/22736\/revisions"}],"predecessor-version":[{"id":22737,"href":"https:\/\/serveiseducatius.xtec.cat\/baixpenedes\/wp-json\/wp\/v2\/posts\/22736\/revisions\/22737"}],"wp:featuredmedia":[{"embeddable":true,"href":"https:\/\/serveiseducatius.xtec.cat\/baixpenedes\/wp-json\/wp\/v2\/media\/22542"}],"wp:attachment":[{"href":"https:\/\/serveiseducatius.xtec.cat\/baixpenedes\/wp-json\/wp\/v2\/media?parent=22736"}],"wp:term":[{"taxonomy":"category","embeddable":true,"href":"https:\/\/serveiseducatius.xtec.cat\/baixpenedes\/wp-json\/wp\/v2\/categories?post=22736"},{"taxonomy":"post_tag","embeddable":true,"href":"https:\/\/serveiseducatius.xtec.cat\/baixpenedes\/wp-json\/wp\/v2\/tags?post=22736"}],"curies":[{"name":"wp","href":"https:\/\/api.w.org\/{rel}","templated":true}]}}