{"id":22727,"date":"2026-04-28T09:36:23","date_gmt":"2026-04-28T07:36:23","guid":{"rendered":"https:\/\/serveiseducatius.xtec.cat\/baixpenedes\/?p=22727"},"modified":"2026-04-28T09:36:23","modified_gmt":"2026-04-28T07:36:23","slug":"noves-activitats-de-divulgacio-per-a-centres-educatius","status":"publish","type":"post","link":"https:\/\/serveiseducatius.xtec.cat\/baixpenedes\/xerrades\/portada\/noves-activitats-de-divulgacio-per-a-centres-educatius\/","title":{"rendered":"NOVES ACTIVITATS DE DIVULGACI\u00d3 PER A CENTRES EDUCATIUS"},"content":{"rendered":"<p>Us reenviem la informaci\u00f3 de les activitats de divulgaci\u00f3 per a centres escolars de la URV que tenen\u00a0<b>terminis d\u2019inscripci\u00f3\u00a0<\/b>propers i<b>\u00a0<\/b>informaci\u00f3 de\u00a0<b>dues\u00a0noves activitats<\/b>.<\/p>\n<p style=\"font-weight: 400;\"><strong>Nova activitat<\/strong><\/p>\n<p style=\"font-weight: 400;\"><strong>\u00a0<\/strong><\/p>\n<table style=\"font-weight: 400;\" width=\"1624\">\n<tbody>\n<tr>\n<td width=\"47\"><strong>N\u00fam.<\/strong><\/td>\n<td width=\"227\"><strong>Activitat<\/strong><\/td>\n<td width=\"135\"><strong>Nivells educatius<\/strong><strong>\u00a0<\/strong><strong>(infantil, prim\u00e0ria, ESO, BAT o FP)<\/strong><\/td>\n<td width=\"204\"><strong>\u00c0mbits de coneixement<\/strong><\/td>\n<td width=\"143\"><strong>Centres destinataris (territori)<\/strong><\/td>\n<td width=\"171\"><strong>Per\u00edode de realitzaci\u00f3<\/strong><\/td>\n<td width=\"150\"><strong>Informaci\u00f3 completa a<\/strong><\/td>\n<td width=\"171\"><strong>Sol\u00b7licituds d\u2019inscripci\u00f3 a<\/strong><\/td>\n<td width=\"158\"><strong>Termini d\u2019inscripci\u00f3<\/strong><\/td>\n<td width=\"114\"><strong>Gratu\u00efta?<\/strong><\/td>\n<td width=\"104\"><strong>A on es realitza?<\/strong><\/td>\n<\/tr>\n<tr>\n<td rowspan=\"2\" width=\"47\">48<\/td>\n<td rowspan=\"2\" width=\"227\"><strong>Campus F\u00edsicomatem\u00e0tic d&#8217;Estiu URV<\/strong><\/td>\n<td rowspan=\"2\" width=\"135\">ESO (4t) i BAT (1r)<\/td>\n<td width=\"204\">Ci\u00e8ncies i tecnologia (BAT)<\/td>\n<td rowspan=\"2\" width=\"143\">Tot Catalunya<\/td>\n<td rowspan=\"2\" width=\"171\">30 de juny a 30 de juliol<\/td>\n<td rowspan=\"2\" width=\"150\"><a href=\"https:\/\/urvdivulga.cat\/activitats-i-programes\/campus-fisicomatematic\/\" data-saferedirecturl=\"https:\/\/www.google.com\/url?q=https:\/\/urvdivulga.cat\/activitats-i-programes\/campus-fisicomatematic\/&amp;source=gmail&amp;ust=1777447610180000&amp;usg=AOvVaw0PbTUSUgw-cl0RBTkgko_O\">Campus FM 2026<\/a><\/td>\n<td rowspan=\"2\" width=\"171\"><a href=\"https:\/\/inscripcions.urv.cat\/event_detail\/152619\/detail\/campus-fisicomatematic-2026.html\" data-saferedirecturl=\"https:\/\/www.google.com\/url?q=https:\/\/inscripcions.urv.cat\/event_detail\/152619\/detail\/campus-fisicomatematic-2026.html&amp;source=gmail&amp;ust=1777447610180000&amp;usg=AOvVaw1Y4iUPvRK-YFnNEN2wvF2B\">Campus FM 2026 inscripcions<\/a><\/td>\n<td rowspan=\"2\" width=\"158\">Fins 26 de juny<\/td>\n<td rowspan=\"2\" width=\"114\">No, 20 \u20ac<\/td>\n<td rowspan=\"2\" width=\"104\">En l\u00ednia (Microsoft Teams)<\/td>\n<\/tr>\n<tr>\n<td width=\"204\">Cientificotecnol\u00f2gic (ESO)<\/td>\n<\/tr>\n<tr>\n<td rowspan=\"2\" width=\"47\">49<\/td>\n<td rowspan=\"2\" width=\"227\"><strong>Ruta cient\u00edfica Llu\u00eds Pons d&#8217;Icart<\/strong><\/td>\n<td rowspan=\"2\" width=\"135\">ESO (4t) i BAT<\/td>\n<td width=\"204\">Tots (ESO)<\/td>\n<td rowspan=\"2\" width=\"143\">Camp de Tarragona i Terres de l&#8217;Ebre<\/td>\n<td rowspan=\"2\" width=\"171\">Del 5 al 15 de maig<\/td>\n<td rowspan=\"2\" width=\"150\"><u><a href=\"https:\/\/www.comciencia.urv.cat\/ca\/ruta-pons-icart\/\" data-saferedirecturl=\"https:\/\/www.google.com\/url?q=https:\/\/www.comciencia.urv.cat\/ca\/ruta-pons-icart\/&amp;source=gmail&amp;ust=1777447610180000&amp;usg=AOvVaw0Du-rSCg8HrZZumlT2yN6X\">ruta-pons-icart<\/a><\/u><\/td>\n<td rowspan=\"2\" width=\"171\"><u><a href=\"https:\/\/www.comciencia.urv.cat\/ca\/ruta-pons-icart\/inscripcioinstituts\/\" data-saferedirecturl=\"https:\/\/www.google.com\/url?q=https:\/\/www.comciencia.urv.cat\/ca\/ruta-pons-icart\/inscripcioinstituts\/&amp;source=gmail&amp;ust=1777447610181000&amp;usg=AOvVaw0Mj991HhoaebTk6j5knVjc\">pons icart formulari<\/a><\/u><\/td>\n<td rowspan=\"2\" width=\"158\">Fins 15 de maig, per ordre d\u2019arribada<\/td>\n<td rowspan=\"2\" width=\"114\">S\u00ed<\/td>\n<td rowspan=\"2\" width=\"104\">Carrer<\/td>\n<\/tr>\n<tr>\n<td width=\"204\">Tots (BAT)<\/td>\n<\/tr>\n<\/tbody>\n<\/table>\n<p style=\"font-weight: 400;\"><strong>\u00a0<\/strong><\/p>\n<p style=\"font-weight: 400;\"><strong>\u00a0<\/strong><\/p>\n<p style=\"font-weight: 400;\"><strong>Campus F\u00edsicomatem\u00e0tic d&#8217;Estiu URV<\/strong><\/p>\n<p style=\"font-weight: 400;\">El Campus F\u00edsicomatem\u00e0tic \u00e9s una\u00a0<strong>activitat en format en l\u00ednia que organitza la URV durant els mesos de juny i juliol, dissenyada espec\u00edficament per a estudiants de 4t d&#8217;ESO i 1r de BAT amb excel\u00b7lents qualificacions en aquestes mat\u00e8ries<\/strong>\u00a0de Catalunya, el Pa\u00eds Valenci\u00e0 i les Illes Balears. El campus ofereix una s\u00e8rie de sessions interactives sobre temes d&#8217;inter\u00e8s i d&#8217;actualitat relacionats amb f\u00edsica i matem\u00e0tiques, com machine learning, epid\u00e8mies, forats negres, ones gravitacionals, atzar i models matem\u00e0tics, din\u00e0mica de gal\u00e0xies, f\u00edsica i computaci\u00f3 qu\u00e0ntica, l\u2019eclipsi, superconductivitat, etc., impartides per investigadors rellevants que estan treballant en aquests camps. Suposa una oportunitat \u00fanica perqu\u00e8 els estudiants puguin ampliar els coneixements i con\u00e8ixer de primera m\u00e0 l\u2019apassionant m\u00f3n de la recerca i les persones que la lideren. Del 30 de juny al 30 de juliol de 2026, 10 sessions, tots els dimarts i dijous de 10 a 12 h. Sessions en l\u00ednia (Microsoft Teams). Lliurament de diplomes d\u2019aprofitament.<\/p>\n<p style=\"font-weight: 400;\"><strong>\u00a0<\/strong><\/p>\n<p style=\"font-weight: 400;\"><strong>Ruta cient\u00edfica Llu\u00eds Pons d&#8217;Icart<\/strong><\/p>\n<p style=\"font-weight: 400;\">Pons d&#8217;Icart va documentar, mesurar i descriure la ciutat romana de Tarragona; per aix\u00f2 se&#8217;l considera el precursor dels arque\u00f2legs moderns. La ruta descobreix la hist\u00f2ria d&#8217;aquest personatge il\u00b7lustre, que va reivindicar i documentar la grandesa de T\u00e0rraco i que va assentar les bases d&#8217;una disciplina que en la seva \u00e8poca no tenia nom: l&#8217;arqueologia. La visita recorre espais monumentals de la ciutat , com l&#8217;Amfiteatre i el Circ, i permet entendre tamb\u00e9 el context hist\u00f2ric en qu\u00e8 va viure el nostre protagonista: l&#8217;\u00e8poca del Renaixement, el Concili de Trento, la Contrareforma i la revoluci\u00f3 cient\u00edfica, per\u00f2 tamb\u00e9 uns anys en qu\u00e8 a les nostres costes sovintejaven els atacs dels pirates.\u00a0Activitat adre\u00e7ada als centres educatius (4t d\u2019ESO i Batxillerat): del 5 al 15 de maig de 2026. Sessi\u00f3 oberta al p\u00fablic general: dissabte 9 de maig de 2026..<\/p>\n<p style=\"font-weight: 400;\"><strong>\u00a0<\/strong><\/p>\n<p style=\"font-weight: 400;\"><strong>\u00a0<\/strong><\/p>\n<p style=\"font-weight: 400;\"><strong>Activitats amb terminis d\u2019inscripci\u00f3 propers<\/strong><\/p>\n<p style=\"font-weight: 400;\"><strong>\u00a0<\/strong><\/p>\n<table style=\"font-weight: 400;\" width=\"1624\">\n<tbody>\n<tr>\n<td width=\"47\"><strong>N\u00fam.<\/strong><\/td>\n<td width=\"199\"><strong>Activitat<\/strong><\/td>\n<td width=\"128\"><strong>Nivells educatius<\/strong><strong>\u00a0<\/strong><strong>(infantil, prim\u00e0ria, ESO, BAT o FP)<\/strong><\/td>\n<td width=\"182\"><strong>\u00c0mbits de coneixement<\/strong><\/td>\n<td width=\"150\"><strong>Centres destinataris (territori)<\/strong><\/td>\n<td width=\"142\"><strong>Per\u00edode de realitzaci\u00f3<\/strong><\/td>\n<td width=\"218\"><strong>Informaci\u00f3 completa a<\/strong><\/td>\n<td width=\"218\"><strong>Sol\u00b7licituds d\u2019inscripci\u00f3 a<\/strong><\/td>\n<td width=\"142\"><strong>Termini d\u2019inscripci\u00f3<\/strong><\/td>\n<td width=\"94\"><strong>Gratu\u00efta?<\/strong><\/td>\n<td width=\"104\"><strong>A on es realitza?<\/strong><\/td>\n<\/tr>\n<tr>\n<td rowspan=\"3\" width=\"47\">9<\/td>\n<td rowspan=\"3\" width=\"199\"><strong>Cient\u00edfiques en acci\u00f3, experimenta! Inspirar vocacions amb referents real<\/strong><\/td>\n<td rowspan=\"3\" width=\"128\">Prim\u00e0ria i ESO<\/td>\n<td width=\"182\">Matem\u00e0tic\u00a0(prim\u00e0ria i ESO)<\/td>\n<td rowspan=\"3\" width=\"150\">Centres on la llengua vehicular sigui el catal\u00e0<\/td>\n<td rowspan=\"3\" width=\"142\">Llan\u00e7ament i accessible via web el 6\/02\/26<\/td>\n<td rowspan=\"2\" width=\"218\"><a href=\"https:\/\/repteexperimenta.cat\/etiqueta\/cientifiques-en-accio\/\" data-saferedirecturl=\"https:\/\/www.google.com\/url?q=https:\/\/repteexperimenta.cat\/etiqueta\/cientifiques-en-accio\/&amp;source=gmail&amp;ust=1777447610181000&amp;usg=AOvVaw1lvYTxw90YOCs5U20bpmA4\">cientifiques-en-accio<\/a><\/td>\n<td rowspan=\"3\" width=\"218\"><a href=\"https:\/\/repteexperimenta.cat\/etiqueta\/cientifiques-en-accio\/\" data-saferedirecturl=\"https:\/\/www.google.com\/url?q=https:\/\/repteexperimenta.cat\/etiqueta\/cientifiques-en-accio\/&amp;source=gmail&amp;ust=1777447610181000&amp;usg=AOvVaw1lvYTxw90YOCs5U20bpmA4\">cientifiques-en-accio<\/a><\/td>\n<td rowspan=\"3\" width=\"142\">A partir del 6\/02\/2026<\/td>\n<td rowspan=\"3\" width=\"94\">S\u00ed, cal descarregar material via formulari<\/td>\n<td rowspan=\"2\" width=\"104\">Centre educatiu<\/td>\n<\/tr>\n<tr>\n<td width=\"182\">Coneix. medi natural (prim\u00e0ria) \/\u00a0cientificotecnol\u00f2gic (ESO)<\/td>\n<\/tr>\n<tr>\n<td width=\"182\">Ci\u00e8ncies i tecnologia (BAT)<\/td>\n<td width=\"218\">visites_educatives\u00a0 documents addicionals<\/td>\n<td width=\"104\">Seu Empresa<\/td>\n<\/tr>\n<tr>\n<td rowspan=\"4\" width=\"47\">13<\/td>\n<td rowspan=\"4\" width=\"199\"><strong>Experimenta en xarxa: de la teoria a l\u2019experimentaci\u00f3<\/strong><\/td>\n<td rowspan=\"4\" width=\"128\">Prim\u00e0ria (4t a 6\u00e8), ESO,\u00a0 BAT, FP<\/td>\n<td width=\"182\">Coneix. medi natural (prim\u00e0ria) \/\u00a0cientificotecnol\u00f2gic (ESO)<\/td>\n<td rowspan=\"4\" width=\"150\">Centres on la llengua vehicular sigui el catal\u00e0<\/td>\n<td rowspan=\"4\" width=\"142\">26\/6\/2026<\/td>\n<td rowspan=\"4\" width=\"218\"><a href=\"https:\/\/hubexperimenta.eu\/tag\/experimenta-en-xarxa\/\" data-saferedirecturl=\"https:\/\/www.google.com\/url?q=https:\/\/hubexperimenta.eu\/tag\/experimenta-en-xarxa\/&amp;source=gmail&amp;ust=1777447610181000&amp;usg=AOvVaw2Pnw5yu_zgs-igiOldCEQr\">experimenta-en-xarxa<\/a><\/td>\n<td rowspan=\"4\" width=\"218\"><a href=\"https:\/\/hubexperimenta.eu\/tag\/experimenta-en-xarxa\/\" data-saferedirecturl=\"https:\/\/www.google.com\/url?q=https:\/\/hubexperimenta.eu\/tag\/experimenta-en-xarxa\/&amp;source=gmail&amp;ust=1777447610181000&amp;usg=AOvVaw2Pnw5yu_zgs-igiOldCEQr\">experimenta-en-xarxa<\/a><\/td>\n<td rowspan=\"4\" width=\"142\">26\/6\/2026<\/td>\n<td rowspan=\"4\" width=\"94\">S\u00ed<\/td>\n<td rowspan=\"4\" width=\"104\">En xarxa<\/td>\n<\/tr>\n<tr>\n<td width=\"182\">Ci\u00e8ncies i tecnologia (BAT)<\/td>\n<\/tr>\n<tr>\n<td width=\"182\">Coneix. medi natural (prim\u00e0ria) \/\u00a0cientificotecnol\u00f2gic (ESO)<\/td>\n<\/tr>\n<tr>\n<td width=\"182\">Ci\u00e8ncies i tecnologia (BAT)<\/td>\n<\/tr>\n<tr>\n<td width=\"47\">15<\/td>\n<td width=\"199\"><strong>Jornada d&#8217;Innovaci\u00f3 Docent<\/strong><\/td>\n<td width=\"128\">Totes les etapes<\/td>\n<td width=\"182\">Tots (prim\u00e0ria, ESO, BAT, FP)<\/td>\n<td width=\"150\">Prov\u00edncia de Tarragona<\/td>\n<td width=\"142\">juliol<\/td>\n<td width=\"218\"><a href=\"https:\/\/www.ice.urv.cat\/ca\/innovacio\/\" data-saferedirecturl=\"https:\/\/www.google.com\/url?q=https:\/\/www.ice.urv.cat\/ca\/innovacio\/&amp;source=gmail&amp;ust=1777447610181000&amp;usg=AOvVaw0KqNmFJGIHLJq6-ThArsrQ\">Properament a ice.innovacio<\/a><\/td>\n<td width=\"218\"><a href=\"https:\/\/www.ice.urv.cat\/ca\/innovacio\/\" data-saferedirecturl=\"https:\/\/www.google.com\/url?q=https:\/\/www.ice.urv.cat\/ca\/innovacio\/&amp;source=gmail&amp;ust=1777447610181000&amp;usg=AOvVaw0KqNmFJGIHLJq6-ThArsrQ\">Properament a ice.innovacio<\/a><\/td>\n<td width=\"142\">juliol<\/td>\n<td width=\"94\">S\u00ed<\/td>\n<td width=\"104\">Universitat<\/td>\n<\/tr>\n<tr>\n<td width=\"47\">16<\/td>\n<td width=\"199\"><strong>Ajuts Pont<\/strong><\/td>\n<td width=\"128\">Totes les etapes<\/td>\n<td width=\"182\">Tots (prim\u00e0ria, ESO, BAT, FP)<\/td>\n<td width=\"150\">Prov\u00edncia de Tarragona<\/td>\n<td width=\"142\">Setembre a juny<\/td>\n<td width=\"218\"><a href=\"https:\/\/www.urv.cat\/ca\/universitat\/estructura\/govern\/consell-social\/ajuts\/\" data-saferedirecturl=\"https:\/\/www.google.com\/url?q=https:\/\/www.urv.cat\/ca\/universitat\/estructura\/govern\/consell-social\/ajuts\/&amp;source=gmail&amp;ust=1777447610181000&amp;usg=AOvVaw0NuqfEkFrUvJ1Lic4HnVAF\">Ajuts Pont &#8211; URV<\/a><\/td>\n<td width=\"218\"><a href=\"https:\/\/www.urv.cat\/ca\/universitat\/estructura\/govern\/consell-social\/ajuts\/\" data-saferedirecturl=\"https:\/\/www.google.com\/url?q=https:\/\/www.urv.cat\/ca\/universitat\/estructura\/govern\/consell-social\/ajuts\/&amp;source=gmail&amp;ust=1777447610181000&amp;usg=AOvVaw0NuqfEkFrUvJ1Lic4HnVAF\">Ajuts Pont &#8211; URV<\/a><\/td>\n<td width=\"142\">Abril<\/td>\n<td width=\"94\">S\u00ed<\/td>\n<td width=\"104\">Mixte<\/td>\n<\/tr>\n<tr>\n<td rowspan=\"2\" width=\"47\">25<\/td>\n<td rowspan=\"2\" width=\"199\"><strong>EstiURV<\/strong><\/td>\n<td rowspan=\"2\" width=\"128\">ESO (4t) i BAT<\/td>\n<td width=\"182\">Cientificotecnol\u00f2gic (ESO)<\/td>\n<td rowspan=\"2\" width=\"150\">Prov\u00edncia de Tarragona<\/td>\n<td rowspan=\"2\" width=\"142\">Finals juny a mitjans juliol<\/td>\n<td rowspan=\"2\" width=\"218\"><a href=\"https:\/\/www.urv.cat\/ca\/recerca\/divulgacio\/escoles\/estiurv\/\" data-saferedirecturl=\"https:\/\/www.google.com\/url?q=https:\/\/www.urv.cat\/ca\/recerca\/divulgacio\/escoles\/estiurv\/&amp;source=gmail&amp;ust=1777447610181000&amp;usg=AOvVaw1Ycwe6rmdiPHOjalScRlbU\">estiurv<\/a><\/td>\n<td rowspan=\"2\" width=\"218\"><a href=\"https:\/\/www.urv.cat\/ca\/recerca\/divulgacio\/escoles\/estiurv\/\" data-saferedirecturl=\"https:\/\/www.google.com\/url?q=https:\/\/www.urv.cat\/ca\/recerca\/divulgacio\/escoles\/estiurv\/&amp;source=gmail&amp;ust=1777447610181000&amp;usg=AOvVaw1Ycwe6rmdiPHOjalScRlbU\">estiurv<\/a><\/td>\n<td rowspan=\"2\" width=\"142\">Fins al 13 de juny<\/td>\n<td rowspan=\"2\" width=\"94\">25 \u20ac<\/td>\n<td rowspan=\"2\" width=\"104\">Universitat<\/td>\n<\/tr>\n<tr>\n<td width=\"182\">Ci\u00e8ncies i tecnologia (BAT)<\/td>\n<\/tr>\n<tr>\n<td rowspan=\"3\" width=\"47\">35<\/td>\n<td rowspan=\"3\" width=\"199\"><strong>Premis Consell Social de la URV a treballs de recerca de batxillerat<\/strong><\/td>\n<td rowspan=\"3\" width=\"128\">BAT (2n)<\/td>\n<td width=\"182\">Arts (BAT)<\/td>\n<td rowspan=\"3\" width=\"150\">Tot Catalunya<\/td>\n<td rowspan=\"3\" width=\"142\">Maig<\/td>\n<td rowspan=\"3\" width=\"218\"><a href=\"https:\/\/www.urv.cat\/ca\/universitat\/estructura\/govern\/consell-social\/premis\/\" data-saferedirecturl=\"https:\/\/www.google.com\/url?q=https:\/\/www.urv.cat\/ca\/universitat\/estructura\/govern\/consell-social\/premis\/&amp;source=gmail&amp;ust=1777447610181000&amp;usg=AOvVaw2xtxpj-eVb9HAWC-yKJsB8\">consell-social\/premis<\/a><\/td>\n<td rowspan=\"3\" width=\"218\"><a href=\"https:\/\/www.urv.cat\/ca\/universitat\/estructura\/govern\/consell-social\/premis\/\" data-saferedirecturl=\"https:\/\/www.google.com\/url?q=https:\/\/www.urv.cat\/ca\/universitat\/estructura\/govern\/consell-social\/premis\/&amp;source=gmail&amp;ust=1777447610181000&amp;usg=AOvVaw2xtxpj-eVb9HAWC-yKJsB8\">consell-social\/premis<\/a><\/td>\n<td rowspan=\"3\" width=\"142\">Primera quinzena de maig<\/td>\n<td rowspan=\"3\" width=\"94\">S\u00ed<\/td>\n<td rowspan=\"3\" width=\"104\">Universitat<\/td>\n<\/tr>\n<tr>\n<td width=\"182\">Ci\u00e8ncies i tecnologia (BAT)<\/td>\n<\/tr>\n<tr>\n<td width=\"182\">Humanitats i ci\u00e8ncies socials\u00a0 (BAT)<\/td>\n<\/tr>\n<tr>\n<td rowspan=\"3\" width=\"47\">36<\/td>\n<td rowspan=\"3\" width=\"199\"><strong>Premis Gerard Verg\u00e9s als treballs de recerca de batxillerat i treballs de s\u00edntesi de cicles formatius de grau superior<\/strong><\/td>\n<td rowspan=\"3\" width=\"128\">BAT (2n) i FP CFGS<\/td>\n<td width=\"182\">Ci\u00e8ncies i tecnologia (BAT)<\/td>\n<td rowspan=\"3\" width=\"150\">Terres de l&#8217;Ebre<\/td>\n<td rowspan=\"3\" width=\"142\">Mar\u00e7 a juny<\/td>\n<td rowspan=\"3\" width=\"218\">Properament a campusebre.urv<\/td>\n<td rowspan=\"3\" width=\"218\">Properament a campusebre.urv<\/td>\n<td rowspan=\"3\" width=\"142\">Mar\u00e7 a juny<\/td>\n<td rowspan=\"3\" width=\"94\">S\u00ed<\/td>\n<td rowspan=\"3\" width=\"104\">Universitat<\/td>\n<\/tr>\n<tr>\n<td width=\"182\">Humanitats i ci\u00e8ncies socials\u00a0 (BAT)<\/td>\n<\/tr>\n<tr>\n<td width=\"182\">Diverses (FP)<\/td>\n<\/tr>\n<tr>\n<td rowspan=\"2\" width=\"47\">37<\/td>\n<td rowspan=\"2\" width=\"199\"><strong>Premis de la Facultat de Ci\u00e8ncies Jur\u00eddiques als treballs de recerca de batxillerat i treballs de s\u00edntesi de CFGS<\/strong><\/td>\n<td rowspan=\"2\" width=\"128\">BAT (2n) i FP CFGS<\/td>\n<td width=\"182\">Humanitats i ci\u00e8ncies socials\u00a0 (BAT)<\/td>\n<td rowspan=\"2\" width=\"150\">Estat espanyol<\/td>\n<td rowspan=\"2\" width=\"142\">Resoluci\u00f3 a finals juny<\/td>\n<td rowspan=\"2\" width=\"218\"><a href=\"https:\/\/www.fcj.urv.cat\/ca\/tauler-anuncis\/75\/nova-convocatoria-de-premis-als-treballs-de-recerca-de-batxillerat-i-treballs-de-credits-de-sintesi-de-cicles-formatius-de-grau-superior\" data-saferedirecturl=\"https:\/\/www.google.com\/url?q=https:\/\/www.fcj.urv.cat\/ca\/tauler-anuncis\/75\/nova-convocatoria-de-premis-als-treballs-de-recerca-de-batxillerat-i-treballs-de-credits-de-sintesi-de-cicles-formatius-de-grau-superior&amp;source=gmail&amp;ust=1777447610181000&amp;usg=AOvVaw33Axm4iKHvU19ywqan505u\">premis-FCJ<\/a><\/td>\n<td rowspan=\"2\" width=\"218\"><a href=\"https:\/\/www.fcj.urv.cat\/ca\/tauler-anuncis\/75\/nova-convocatoria-de-premis-als-treballs-de-recerca-de-batxillerat-i-treballs-de-credits-de-sintesi-de-cicles-formatius-de-grau-superior\" data-saferedirecturl=\"https:\/\/www.google.com\/url?q=https:\/\/www.fcj.urv.cat\/ca\/tauler-anuncis\/75\/nova-convocatoria-de-premis-als-treballs-de-recerca-de-batxillerat-i-treballs-de-credits-de-sintesi-de-cicles-formatius-de-grau-superior&amp;source=gmail&amp;ust=1777447610181000&amp;usg=AOvVaw33Axm4iKHvU19ywqan505u\">premis-FCJ<\/a><\/td>\n<td rowspan=\"2\" width=\"142\">Mitjans de juny<\/td>\n<td rowspan=\"2\" width=\"94\">S\u00ed<\/td>\n<td rowspan=\"2\" width=\"104\">Universitat<\/td>\n<\/tr>\n<tr>\n<td width=\"182\">Serveis socioculturals i a la comunitat; Administraci\u00f3 i gesti\u00f3 \u00a0(FP)<\/td>\n<\/tr>\n<tr>\n<td rowspan=\"2\" width=\"47\">48<\/td>\n<td rowspan=\"2\" width=\"199\"><strong>Campus F\u00edsicomatem\u00e0tic d&#8217;Estiu URV<\/strong><\/td>\n<td rowspan=\"2\" width=\"128\">ESO (4t) i BAT (1r)<\/td>\n<td width=\"182\">Ci\u00e8ncies i tecnologia (BAT)<\/td>\n<td rowspan=\"2\" width=\"150\">Tot Catalunya<\/td>\n<td rowspan=\"2\" width=\"142\">30 de juny a 30 de juliol<\/td>\n<td rowspan=\"2\" width=\"218\"><a href=\"https:\/\/urvdivulga.cat\/activitats-i-programes\/campus-fisicomatematic\/\" data-saferedirecturl=\"https:\/\/www.google.com\/url?q=https:\/\/urvdivulga.cat\/activitats-i-programes\/campus-fisicomatematic\/&amp;source=gmail&amp;ust=1777447610181000&amp;usg=AOvVaw3kc0Gc7XYm57tml9viJsia\">Campus FM 2026<\/a><\/td>\n<td rowspan=\"2\" width=\"218\"><a href=\"https:\/\/inscripcions.urv.cat\/event_detail\/152619\/detail\/campus-fisicomatematic-2026.html\" data-saferedirecturl=\"https:\/\/www.google.com\/url?q=https:\/\/inscripcions.urv.cat\/event_detail\/152619\/detail\/campus-fisicomatematic-2026.html&amp;source=gmail&amp;ust=1777447610181000&amp;usg=AOvVaw3IsC5CyUJ9w6U8GWfzZHSq\">Campus FM 2026 inscripcions<\/a><\/td>\n<td rowspan=\"2\" width=\"142\">Fins 26 de juny<\/td>\n<td rowspan=\"2\" width=\"94\">No, 20 \u20ac<\/td>\n<td rowspan=\"2\" width=\"104\">En l\u00ednia (Microsoft Teams)<\/td>\n<\/tr>\n<tr>\n<td width=\"182\">Cientificotecnol\u00f2gic (ESO)<\/td>\n<\/tr>\n<tr>\n<td rowspan=\"2\" width=\"47\">49<\/td>\n<td rowspan=\"2\" width=\"199\"><strong>Ruta cient\u00edfica Llu\u00eds Pons d&#8217;Icart<\/strong><\/td>\n<td rowspan=\"2\" width=\"128\">ESO (4t) i BAT<\/td>\n<td width=\"182\">Tots (ESO)<\/td>\n<td rowspan=\"2\" width=\"150\">Camp de Tarragona i Terres de l&#8217;Ebre<\/td>\n<td rowspan=\"2\" width=\"142\">Del 5 al 15 de maig<\/td>\n<td rowspan=\"2\" width=\"218\"><u><a href=\"https:\/\/www.comciencia.urv.cat\/ca\/ruta-pons-icart\/\" data-saferedirecturl=\"https:\/\/www.google.com\/url?q=https:\/\/www.comciencia.urv.cat\/ca\/ruta-pons-icart\/&amp;source=gmail&amp;ust=1777447610182000&amp;usg=AOvVaw1E7YY3IzvTM8kEEuU6G8uf\">ruta-pons-icart<\/a><\/u><\/td>\n<td rowspan=\"2\" width=\"218\"><u><a href=\"https:\/\/www.comciencia.urv.cat\/ca\/ruta-pons-icart\/inscripcioinstituts\/\" data-saferedirecturl=\"https:\/\/www.google.com\/url?q=https:\/\/www.comciencia.urv.cat\/ca\/ruta-pons-icart\/inscripcioinstituts\/&amp;source=gmail&amp;ust=1777447610182000&amp;usg=AOvVaw3r8WHcuviteP1wt9W_rYKV\">pons icart formulari<\/a><\/u><\/td>\n<td rowspan=\"2\" width=\"142\">Fins 15 de maig, per ordre d\u2019arribada<\/td>\n<td rowspan=\"2\" width=\"94\">S\u00ed<\/td>\n<td rowspan=\"2\" width=\"104\">Carrer<\/td>\n<\/tr>\n<tr>\n<td width=\"182\">Tots (BAT)<\/td>\n<\/tr>\n<\/tbody>\n<\/table>\n<p style=\"font-weight: 400;\"><strong>\u00a0<\/strong><\/p>\n<p style=\"font-weight: 400;\"><strong>\u00a0<\/strong><\/p>\n","protected":false},"excerpt":{"rendered":"<p>Us reenviem la informaci\u00f3 de les activitats de divulgaci\u00f3 per a centres escolars de la URV que tenen\u00a0terminis d\u2019inscripci\u00f3\u00a0propers i\u00a0informaci\u00f3 de\u00a0dues\u00a0noves activitats. Nova activitat \u00a0 N\u00fam. Activitat Nivells educatius\u00a0(infantil, prim\u00e0ria, ESO, BAT o FP) \u00c0mbits de coneixement Centres destinataris (territori) Per\u00edode de realitzaci\u00f3 Informaci\u00f3 completa a Sol\u00b7licituds d\u2019inscripci\u00f3 a Termini d\u2019inscripci\u00f3 Gratu\u00efta? A on es [&hellip;]<\/p>\n","protected":false},"author":7,"featured_media":22669,"comment_status":"open","ping_status":"open","sticky":false,"template":"","format":"standard","meta":{"_bbp_topic_count":0,"_bbp_reply_count":0,"_bbp_total_topic_count":0,"_bbp_total_reply_count":0,"_bbp_voice_count":0,"_bbp_anonymous_reply_count":0,"_bbp_topic_count_hidden":0,"_bbp_reply_count_hidden":0,"_bbp_forum_subforum_count":0,"site-sidebar-layout":"default","site-content-layout":"","ast-site-content-layout":"default","site-content-style":"default","site-sidebar-style":"default","ast-global-header-display":"","ast-banner-title-visibility":"","ast-main-header-display":"","ast-hfb-above-header-display":"","ast-hfb-below-header-display":"","ast-hfb-mobile-header-display":"","site-post-title":"","ast-breadcrumbs-content":"","ast-featured-img":"","footer-sml-layout":"","theme-transparent-header-meta":"default","adv-header-id-meta":"","stick-header-meta":"","header-above-stick-meta":"","header-main-stick-meta":"","header-below-stick-meta":"","astra-migrate-meta-layouts":"set","ast-page-background-enabled":"default","ast-page-background-meta":{"desktop":{"background-color":"var(--ast-global-color-4)","background-image":"","background-repeat":"repeat","background-position":"center center","background-size":"auto","background-attachment":"scroll","background-type":"","background-media":"","overlay-type":"","overlay-color":"","overlay-opacity":"","overlay-gradient":""},"tablet":{"background-color":"","background-image":"","background-repeat":"repeat","background-position":"center center","background-size":"auto","background-attachment":"scroll","background-type":"","background-media":"","overlay-type":"","overlay-color":"","overlay-opacity":"","overlay-gradient":""},"mobile":{"background-color":"","background-image":"","background-repeat":"repeat","background-position":"center center","background-size":"auto","background-attachment":"scroll","background-type":"","background-media":"","overlay-type":"","overlay-color":"","overlay-opacity":"","overlay-gradient":""}},"ast-content-background-meta":{"desktop":{"background-color":"var(--ast-global-color-5)","background-image":"","background-repeat":"repeat","background-position":"center center","background-size":"auto","background-attachment":"scroll","background-type":"","background-media":"","overlay-type":"","overlay-color":"","overlay-opacity":"","overlay-gradient":""},"tablet":{"background-color":"var(--ast-global-color-5)","background-image":"","background-repeat":"repeat","background-position":"center center","background-size":"auto","background-attachment":"scroll","background-type":"","background-media":"","overlay-type":"","overlay-color":"","overlay-opacity":"","overlay-gradient":""},"mobile":{"background-color":"var(--ast-global-color-5)","background-image":"","background-repeat":"repeat","background-position":"center center","background-size":"auto","background-attachment":"scroll","background-type":"","background-media":"","overlay-type":"","overlay-color":"","overlay-opacity":"","overlay-gradient":""}},"footnotes":""},"categories":[376,29],"tags":[],"class_list":["post-22727","post","type-post","status-publish","format-standard","has-post-thumbnail","hentry","category-formacio","category-portada"],"post_mailing_queue_ids":[],"_links":{"self":[{"href":"https:\/\/serveiseducatius.xtec.cat\/baixpenedes\/wp-json\/wp\/v2\/posts\/22727","targetHints":{"allow":["GET"]}}],"collection":[{"href":"https:\/\/serveiseducatius.xtec.cat\/baixpenedes\/wp-json\/wp\/v2\/posts"}],"about":[{"href":"https:\/\/serveiseducatius.xtec.cat\/baixpenedes\/wp-json\/wp\/v2\/types\/post"}],"author":[{"embeddable":true,"href":"https:\/\/serveiseducatius.xtec.cat\/baixpenedes\/wp-json\/wp\/v2\/users\/7"}],"replies":[{"embeddable":true,"href":"https:\/\/serveiseducatius.xtec.cat\/baixpenedes\/wp-json\/wp\/v2\/comments?post=22727"}],"version-history":[{"count":1,"href":"https:\/\/serveiseducatius.xtec.cat\/baixpenedes\/wp-json\/wp\/v2\/posts\/22727\/revisions"}],"predecessor-version":[{"id":22728,"href":"https:\/\/serveiseducatius.xtec.cat\/baixpenedes\/wp-json\/wp\/v2\/posts\/22727\/revisions\/22728"}],"wp:featuredmedia":[{"embeddable":true,"href":"https:\/\/serveiseducatius.xtec.cat\/baixpenedes\/wp-json\/wp\/v2\/media\/22669"}],"wp:attachment":[{"href":"https:\/\/serveiseducatius.xtec.cat\/baixpenedes\/wp-json\/wp\/v2\/media?parent=22727"}],"wp:term":[{"taxonomy":"category","embeddable":true,"href":"https:\/\/serveiseducatius.xtec.cat\/baixpenedes\/wp-json\/wp\/v2\/categories?post=22727"},{"taxonomy":"post_tag","embeddable":true,"href":"https:\/\/serveiseducatius.xtec.cat\/baixpenedes\/wp-json\/wp\/v2\/tags?post=22727"}],"curies":[{"name":"wp","href":"https:\/\/api.w.org\/{rel}","templated":true}]}}