{"id":22533,"date":"2026-03-27T13:20:57","date_gmt":"2026-03-27T12:20:57","guid":{"rendered":"https:\/\/serveiseducatius.xtec.cat\/baixpenedes\/?p=22533"},"modified":"2026-03-27T13:20:57","modified_gmt":"2026-03-27T12:20:57","slug":"jornada-inclusio-i-dret-al-temps-2","status":"publish","type":"post","link":"https:\/\/serveiseducatius.xtec.cat\/baixpenedes\/xerrades\/portada\/jornada-inclusio-i-dret-al-temps-2\/","title":{"rendered":"JORNADA INCLUSI\u00d3 I DRET AL TEMPS"},"content":{"rendered":"<p style=\"font-weight: 400;\">Aquesta Jornada tindr\u00e0 lloc al Vendrell <strong>dijous 16 d\u2019abril i est\u00e0 <\/strong>organitzada per la Taula Inclusiva del Pla Educatiu d\u2019Entorn i l\u2019Ajuntament del Vendrell<\/p>\n<p style=\"font-weight: 400;\">LLOC:\u00a0 l\u2019Auditori del T\u00edvoli del Vendrell<\/p>\n<p style=\"font-weight: 400;\">HORARI:\u00a0 a partir de les 9:15 h. Durant el mat\u00ed podreu gaudir de confer\u00e8ncies i taules de treball. A la tarda, hi haur\u00e0 tallers oberts, activitats per cuidar-se!\u00a0 A la franja de tarda hi haur\u00e0 servei de canguratge.<\/p>\n<p style=\"font-weight: 400;\">El temps \u00e9s un recurs essencial per al benestar, l\u2019autonomia i la participaci\u00f3 plena en societat. Tanmateix, l\u2019acc\u00e9s al temps no es produeix en condicions d\u2019igualtat per a tothom.\u00a0L\u2019organitzaci\u00f3 social del temps genera\u00a0<strong>desigualtats<\/strong>\u00a0que afecten de manera especial algunes persones. Garantir el dret al temps implica recon\u00e8ixer el valor de les cures i del temps no productiu, redistribuir les c\u00e0rregues de treball\u00a0<strong>i impulsar pol\u00edtiques de temps amb perspectiva de g\u00e8nere i discapacitat.\u00a0<\/strong>La Jornada tracta de la relaci\u00f3 entre\u00a0<strong>temps, inclusi\u00f3 social, g\u00e8nere i discapacitat<\/strong>. Generar un espai de reflexi\u00f3 i acci\u00f3 col\u00b7lectiva sobre com afecta la pobresa de temps a les persones i la necessitat d\u2019incorporar una mirada inclusiva i de drets en les organitzacions i les pol\u00edtiques p\u00fabliques. \u00a0Incorporem les mirades de les persones amb discapacitat, de les fam\u00edlies cuidadores i l\u2019\u00e0mbit municipi i territori.<\/p>\n<p style=\"font-weight: 400;\"><a href=\"https:\/\/jornadainclusioidretaltemps.blogspot.com\/2024\/02\/programa.html\" data-saferedirecturl=\"https:\/\/www.google.com\/url?q=https:\/\/jornadainclusioidretaltemps.blogspot.com\/2024\/02\/programa.html&amp;source=gmail&amp;ust=1774696894962000&amp;usg=AOvVaw3P8uvbGAiFDmwWBelP1llB\">Aqu\u00ed podeu consultar el programa de la Jornada<\/a>.<\/p>\n<p style=\"font-weight: 400;\"><a href=\"https:\/\/forms.gle\/UradyXVzeYTLxZPU6\" data-saferedirecturl=\"https:\/\/www.google.com\/url?q=https:\/\/forms.gle\/UradyXVzeYTLxZPU6&amp;source=gmail&amp;ust=1774696894962000&amp;usg=AOvVaw3bnkKIMxKqdchNuEu1VVR4\">Aqu\u00ed us podeu inscriure<\/a>\u00a0fins al pr\u00f2xim 10 d\u2019abril.<\/p>\n","protected":false},"excerpt":{"rendered":"<p>Aquesta Jornada tindr\u00e0 lloc al Vendrell dijous 16 d\u2019abril i est\u00e0 organitzada per la Taula Inclusiva del Pla Educatiu d\u2019Entorn i l\u2019Ajuntament del Vendrell LLOC:\u00a0 l\u2019Auditori del T\u00edvoli del Vendrell HORARI:\u00a0 a partir de les 9:15 h. Durant el mat\u00ed podreu gaudir de confer\u00e8ncies i taules de treball. A la tarda, hi haur\u00e0 tallers oberts, [&hellip;]<\/p>\n","protected":false},"author":7,"featured_media":22364,"comment_status":"open","ping_status":"open","sticky":false,"template":"","format":"standard","meta":{"_bbp_topic_count":0,"_bbp_reply_count":0,"_bbp_total_topic_count":0,"_bbp_total_reply_count":0,"_bbp_voice_count":0,"_bbp_anonymous_reply_count":0,"_bbp_topic_count_hidden":0,"_bbp_reply_count_hidden":0,"_bbp_forum_subforum_count":0,"site-sidebar-layout":"default","site-content-layout":"","ast-site-content-layout":"default","site-content-style":"default","site-sidebar-style":"default","ast-global-header-display":"","ast-banner-title-visibility":"","ast-main-header-display":"","ast-hfb-above-header-display":"","ast-hfb-below-header-display":"","ast-hfb-mobile-header-display":"","site-post-title":"","ast-breadcrumbs-content":"","ast-featured-img":"","footer-sml-layout":"","theme-transparent-header-meta":"default","adv-header-id-meta":"","stick-header-meta":"","header-above-stick-meta":"","header-main-stick-meta":"","header-below-stick-meta":"","astra-migrate-meta-layouts":"set","ast-page-background-enabled":"default","ast-page-background-meta":{"desktop":{"background-color":"var(--ast-global-color-4)","background-image":"","background-repeat":"repeat","background-position":"center center","background-size":"auto","background-attachment":"scroll","background-type":"","background-media":"","overlay-type":"","overlay-color":"","overlay-opacity":"","overlay-gradient":""},"tablet":{"background-color":"","background-image":"","background-repeat":"repeat","background-position":"center center","background-size":"auto","background-attachment":"scroll","background-type":"","background-media":"","overlay-type":"","overlay-color":"","overlay-opacity":"","overlay-gradient":""},"mobile":{"background-color":"","background-image":"","background-repeat":"repeat","background-position":"center center","background-size":"auto","background-attachment":"scroll","background-type":"","background-media":"","overlay-type":"","overlay-color":"","overlay-opacity":"","overlay-gradient":""}},"ast-content-background-meta":{"desktop":{"background-color":"var(--ast-global-color-5)","background-image":"","background-repeat":"repeat","background-position":"center center","background-size":"auto","background-attachment":"scroll","background-type":"","background-media":"","overlay-type":"","overlay-color":"","overlay-opacity":"","overlay-gradient":""},"tablet":{"background-color":"var(--ast-global-color-5)","background-image":"","background-repeat":"repeat","background-position":"center center","background-size":"auto","background-attachment":"scroll","background-type":"","background-media":"","overlay-type":"","overlay-color":"","overlay-opacity":"","overlay-gradient":""},"mobile":{"background-color":"var(--ast-global-color-5)","background-image":"","background-repeat":"repeat","background-position":"center center","background-size":"auto","background-attachment":"scroll","background-type":"","background-media":"","overlay-type":"","overlay-color":"","overlay-opacity":"","overlay-gradient":""}},"footnotes":""},"categories":[546,530,29],"tags":[],"class_list":["post-22533","post","type-post","status-publish","format-standard","has-post-thumbnail","hentry","category-el-crp","category-inclusio","category-portada"],"post_mailing_queue_ids":[],"_links":{"self":[{"href":"https:\/\/serveiseducatius.xtec.cat\/baixpenedes\/wp-json\/wp\/v2\/posts\/22533","targetHints":{"allow":["GET"]}}],"collection":[{"href":"https:\/\/serveiseducatius.xtec.cat\/baixpenedes\/wp-json\/wp\/v2\/posts"}],"about":[{"href":"https:\/\/serveiseducatius.xtec.cat\/baixpenedes\/wp-json\/wp\/v2\/types\/post"}],"author":[{"embeddable":true,"href":"https:\/\/serveiseducatius.xtec.cat\/baixpenedes\/wp-json\/wp\/v2\/users\/7"}],"replies":[{"embeddable":true,"href":"https:\/\/serveiseducatius.xtec.cat\/baixpenedes\/wp-json\/wp\/v2\/comments?post=22533"}],"version-history":[{"count":1,"href":"https:\/\/serveiseducatius.xtec.cat\/baixpenedes\/wp-json\/wp\/v2\/posts\/22533\/revisions"}],"predecessor-version":[{"id":22534,"href":"https:\/\/serveiseducatius.xtec.cat\/baixpenedes\/wp-json\/wp\/v2\/posts\/22533\/revisions\/22534"}],"wp:featuredmedia":[{"embeddable":true,"href":"https:\/\/serveiseducatius.xtec.cat\/baixpenedes\/wp-json\/wp\/v2\/media\/22364"}],"wp:attachment":[{"href":"https:\/\/serveiseducatius.xtec.cat\/baixpenedes\/wp-json\/wp\/v2\/media?parent=22533"}],"wp:term":[{"taxonomy":"category","embeddable":true,"href":"https:\/\/serveiseducatius.xtec.cat\/baixpenedes\/wp-json\/wp\/v2\/categories?post=22533"},{"taxonomy":"post_tag","embeddable":true,"href":"https:\/\/serveiseducatius.xtec.cat\/baixpenedes\/wp-json\/wp\/v2\/tags?post=22533"}],"curies":[{"name":"wp","href":"https:\/\/api.w.org\/{rel}","templated":true}]}}