{"id":22527,"date":"2026-03-25T12:00:49","date_gmt":"2026-03-25T11:00:49","guid":{"rendered":"https:\/\/serveiseducatius.xtec.cat\/baixpenedes\/?p=22527"},"modified":"2026-03-25T12:00:49","modified_gmt":"2026-03-25T11:00:49","slug":"vi-trobada-canviar-leducacio-per-canviar-el-mon","status":"publish","type":"post","link":"https:\/\/serveiseducatius.xtec.cat\/baixpenedes\/xerrades\/portada\/vi-trobada-canviar-leducacio-per-canviar-el-mon\/","title":{"rendered":"VI TROBADA &#8220;CANVIAR L&#8217;EDUCACI\u00d3 PER CANVIAR EL M\u00d3N&#8221;"},"content":{"rendered":"<div>\n<p>Des de\u00a0<a href=\"http:\/\/www.lafede.cat\/\" target=\"_blank\" rel=\"noopener\" data-saferedirecturl=\"https:\/\/www.google.com\/url?q=http:\/\/www.lafede.cat&amp;source=gmail&amp;ust=1774511557372000&amp;usg=AOvVaw2wo25qqBjOVKfuZGwwBPk6\">Lafede &#8211; Just\u00edcia global<\/a>, ens arriba la <a href=\"https:\/\/www.lafede.cat\/canviar-leducacio-per-canviar-el-mon\/\" target=\"_blank\" rel=\"noopener\" data-saferedirecturl=\"https:\/\/www.google.com\/url?q=https:\/\/www.lafede.cat\/canviar-leducacio-per-canviar-el-mon\/&amp;source=gmail&amp;ust=1774511557372000&amp;usg=AOvVaw2kkuXaEvVMSzazEcFiNUc2\"><strong>VI Trobada &#8220;Canviar l&#8217;educaci\u00f3 per canviar el m\u00f3n&#8221;<\/strong><\/a>, que tindr\u00e0 lloc l&#8217;<strong>11 d&#8217;abril<\/strong>\u00a0a\u00a0<strong>Can Massallera (Sant Boi de Llobregat)<\/strong>.<\/p>\n<\/div>\n<div>\n<p><strong>Objectiu:<\/strong>\u00a0Un espai de reflexi\u00f3, intercanvi i generaci\u00f3 d&#8217;aliances per a totes les persones interessades en l&#8217;impuls d&#8217;una educaci\u00f3 cr\u00edtica i transformadora. Enguany, la trobada vol reflexionar sobre el rol de l&#8217;educaci\u00f3 davant l&#8217;auge del feixisme i dels discursos d&#8217;odi.<\/p>\n<p><strong>Programaci\u00f3 destacada:<\/strong><\/p>\n<ul>\n<li><b>Xerrada<\/b>\u00a0sobre l&#8217;educaci\u00f3 antifeixista<\/li>\n<li>Presentaci\u00f3 de m\u00e9s de 20\u00a0<b>experi\u00e8ncies educatives<\/b>\u00a0(p\u00f2sters, taules d&#8217;experi\u00e8ncies i laboratori d&#8217;an\u00e0lisi col\u00b7laborativa)<\/li>\n<li><b>Tallers<\/b>\u00a0orientats a l&#8217;aprenentatge col\u00b7laboratiu i exploraci\u00f3 d&#8217;eines pr\u00e0ctiques i metodol\u00f2giques<\/li>\n<li>Accions culturals<\/li>\n<li>Activitats paral\u00b7leles per a infants i joves (d&#8217;esplais i caus) tant al mat\u00ed com a la tarda<\/li>\n<\/ul>\n<p><strong>Inscripcions:<\/strong><\/p>\n<ul>\n<li><strong>General:<\/strong>\u00a0[<a href=\"http:\/\/www.tickettailor.com\/events\/mottaieventosdeimpacto\/2054225\" target=\"_blank\" rel=\"noopener\" data-saferedirecturl=\"https:\/\/www.google.com\/url?q=http:\/\/www.tickettailor.com\/events\/mottaieventosdeimpacto\/2054225&amp;source=gmail&amp;ust=1774511557372000&amp;usg=AOvVaw1OkUYQzFksYM617XsHfGQ0\">Enlla\u00e7 gen\u00e8ric d&#8217;inscripci\u00f3<\/a>]<\/li>\n<li><strong>Docents (reconeixement del Departament d&#8217;Educaci\u00f3):<\/strong>\u00a0[<a href=\"https:\/\/aplicacions.gestioeducativa.gencat.cat\/ords\/pls\/soloas\/pk_for_mod_ins.p_for_detall_activitat?p_codi=3040871304&amp;p_curs=2025-2026&amp;p_es_inscr=S\" target=\"_blank\" rel=\"noopener\" data-saferedirecturl=\"https:\/\/www.google.com\/url?q=https:\/\/aplicacions.gestioeducativa.gencat.cat\/ords\/pls\/soloas\/pk_for_mod_ins.p_for_detall_activitat?p_codi%3D3040871304%26p_curs%3D2025-2026%26p_es_inscr%3DS&amp;source=gmail&amp;ust=1774511557372000&amp;usg=AOvVaw1wLxnmDhLpcY3Iw1K44wGx\">Enlla\u00e7 espec\u00edfic per a docents<\/a>]<\/li>\n<\/ul>\n<p>Adjuntem el\u00a0<strong><a href=\"https:\/\/www.lafede.cat\/wp-content\/uploads\/2026\/03\/lafede_CECM_Programa_210x1948mm-DEF.pdf\" target=\"_blank\" rel=\"noopener\" data-saferedirecturl=\"https:\/\/www.google.com\/url?q=https:\/\/www.lafede.cat\/wp-content\/uploads\/2026\/03\/lafede_CECM_Programa_210x1948mm-DEF.pdf&amp;source=gmail&amp;ust=1774511557372000&amp;usg=AOvVaw0yYJNIOhHMB5Vt47-T6Tk-\">programa complet<\/a><\/strong>\u00a0de la trobada per a la vostra consulta.<\/p>\n<p>&nbsp;<\/p>\n<\/div>\n<p><img loading=\"lazy\" decoding=\"async\" class=\"CToWUd a6T\" tabindex=\"0\" src=\"https:\/\/mail.google.com\/mail\/u\/0?ui=2&amp;ik=c6f619f4c2&amp;attid=0.0.1.1&amp;permmsgid=msg-f:1860557627736224507&amp;th=19d2074e055c72fb&amp;view=fimg&amp;fur=ip&amp;permmsgid=msg-f:1860557627736224507&amp;sz=s0-l75-ft&amp;attbid=ANGjdJ8ha6P6Pv1qC792w-C7Ro-G6jzUPCCVrP5zzLgazM3mJvQ-XSmeJNMkSC-nSkMgNd4O2Jg1yDFwzF3q2AyLSOhp4Nds3wdqka7v1aYq6LAGMpQOhlwm7QQjt8c&amp;disp=emb&amp;zw\" alt=\"slide\" width=\"1241\" height=\"517\" data-image-whitelisted=\"\" data-bit=\"iit\" \/><\/p>\n","protected":false},"excerpt":{"rendered":"<p>Des de\u00a0Lafede &#8211; Just\u00edcia global, ens arriba la VI Trobada &#8220;Canviar l&#8217;educaci\u00f3 per canviar el m\u00f3n&#8221;, que tindr\u00e0 lloc l&#8217;11 d&#8217;abril\u00a0a\u00a0Can Massallera (Sant Boi de Llobregat). Objectiu:\u00a0Un espai de reflexi\u00f3, intercanvi i generaci\u00f3 d&#8217;aliances per a totes les persones interessades en l&#8217;impuls d&#8217;una educaci\u00f3 cr\u00edtica i transformadora. Enguany, la trobada vol reflexionar sobre el rol [&hellip;]<\/p>\n","protected":false},"author":7,"featured_media":22528,"comment_status":"open","ping_status":"open","sticky":false,"template":"","format":"standard","meta":{"_bbp_topic_count":0,"_bbp_reply_count":0,"_bbp_total_topic_count":0,"_bbp_total_reply_count":0,"_bbp_voice_count":0,"_bbp_anonymous_reply_count":0,"_bbp_topic_count_hidden":0,"_bbp_reply_count_hidden":0,"_bbp_forum_subforum_count":0,"site-sidebar-layout":"default","site-content-layout":"","ast-site-content-layout":"default","site-content-style":"default","site-sidebar-style":"default","ast-global-header-display":"","ast-banner-title-visibility":"","ast-main-header-display":"","ast-hfb-above-header-display":"","ast-hfb-below-header-display":"","ast-hfb-mobile-header-display":"","site-post-title":"","ast-breadcrumbs-content":"","ast-featured-img":"","footer-sml-layout":"","theme-transparent-header-meta":"default","adv-header-id-meta":"","stick-header-meta":"","header-above-stick-meta":"","header-main-stick-meta":"","header-below-stick-meta":"","astra-migrate-meta-layouts":"set","ast-page-background-enabled":"default","ast-page-background-meta":{"desktop":{"background-color":"var(--ast-global-color-4)","background-image":"","background-repeat":"repeat","background-position":"center center","background-size":"auto","background-attachment":"scroll","background-type":"","background-media":"","overlay-type":"","overlay-color":"","overlay-opacity":"","overlay-gradient":""},"tablet":{"background-color":"","background-image":"","background-repeat":"repeat","background-position":"center center","background-size":"auto","background-attachment":"scroll","background-type":"","background-media":"","overlay-type":"","overlay-color":"","overlay-opacity":"","overlay-gradient":""},"mobile":{"background-color":"","background-image":"","background-repeat":"repeat","background-position":"center center","background-size":"auto","background-attachment":"scroll","background-type":"","background-media":"","overlay-type":"","overlay-color":"","overlay-opacity":"","overlay-gradient":""}},"ast-content-background-meta":{"desktop":{"background-color":"var(--ast-global-color-5)","background-image":"","background-repeat":"repeat","background-position":"center center","background-size":"auto","background-attachment":"scroll","background-type":"","background-media":"","overlay-type":"","overlay-color":"","overlay-opacity":"","overlay-gradient":""},"tablet":{"background-color":"var(--ast-global-color-5)","background-image":"","background-repeat":"repeat","background-position":"center center","background-size":"auto","background-attachment":"scroll","background-type":"","background-media":"","overlay-type":"","overlay-color":"","overlay-opacity":"","overlay-gradient":""},"mobile":{"background-color":"var(--ast-global-color-5)","background-image":"","background-repeat":"repeat","background-position":"center center","background-size":"auto","background-attachment":"scroll","background-type":"","background-media":"","overlay-type":"","overlay-color":"","overlay-opacity":"","overlay-gradient":""}},"footnotes":""},"categories":[29,203],"tags":[],"class_list":["post-22527","post","type-post","status-publish","format-standard","has-post-thumbnail","hentry","category-portada","category-xerrades"],"post_mailing_queue_ids":[],"_links":{"self":[{"href":"https:\/\/serveiseducatius.xtec.cat\/baixpenedes\/wp-json\/wp\/v2\/posts\/22527","targetHints":{"allow":["GET"]}}],"collection":[{"href":"https:\/\/serveiseducatius.xtec.cat\/baixpenedes\/wp-json\/wp\/v2\/posts"}],"about":[{"href":"https:\/\/serveiseducatius.xtec.cat\/baixpenedes\/wp-json\/wp\/v2\/types\/post"}],"author":[{"embeddable":true,"href":"https:\/\/serveiseducatius.xtec.cat\/baixpenedes\/wp-json\/wp\/v2\/users\/7"}],"replies":[{"embeddable":true,"href":"https:\/\/serveiseducatius.xtec.cat\/baixpenedes\/wp-json\/wp\/v2\/comments?post=22527"}],"version-history":[{"count":1,"href":"https:\/\/serveiseducatius.xtec.cat\/baixpenedes\/wp-json\/wp\/v2\/posts\/22527\/revisions"}],"predecessor-version":[{"id":22529,"href":"https:\/\/serveiseducatius.xtec.cat\/baixpenedes\/wp-json\/wp\/v2\/posts\/22527\/revisions\/22529"}],"wp:featuredmedia":[{"embeddable":true,"href":"https:\/\/serveiseducatius.xtec.cat\/baixpenedes\/wp-json\/wp\/v2\/media\/22528"}],"wp:attachment":[{"href":"https:\/\/serveiseducatius.xtec.cat\/baixpenedes\/wp-json\/wp\/v2\/media?parent=22527"}],"wp:term":[{"taxonomy":"category","embeddable":true,"href":"https:\/\/serveiseducatius.xtec.cat\/baixpenedes\/wp-json\/wp\/v2\/categories?post=22527"},{"taxonomy":"post_tag","embeddable":true,"href":"https:\/\/serveiseducatius.xtec.cat\/baixpenedes\/wp-json\/wp\/v2\/tags?post=22527"}],"curies":[{"name":"wp","href":"https:\/\/api.w.org\/{rel}","templated":true}]}}