{"id":22516,"date":"2026-03-24T13:03:07","date_gmt":"2026-03-24T12:03:07","guid":{"rendered":"https:\/\/serveiseducatius.xtec.cat\/baixpenedes\/?p=22516"},"modified":"2026-03-27T12:34:26","modified_gmt":"2026-03-27T11:34:26","slug":"avaluacio-diagnostica-2n-eso-i-4t-pri","status":"publish","type":"post","link":"https:\/\/serveiseducatius.xtec.cat\/baixpenedes\/xerrades\/portada\/avaluacio-diagnostica-2n-eso-i-4t-pri\/","title":{"rendered":"AVALUACI\u00d3 DIAGN\u00d2STICA 2n ESO I 4t PRI"},"content":{"rendered":"<div class=\"message-text-content mat-body-medium\" aria-live=\"polite\">\n<div class=\"ng-star-inserted\">\n<div class=\"paragraph is-rich-chat-ui normal ng-star-inserted\" data-start-index=\"84\"><span class=\"ng-star-inserted\" data-start-index=\"84\">Davant la proximitat de les proves de l&#8217;Avaluaci\u00f3 de Diagn\u00f2stic per al curs <\/span><b class=\"ng-star-inserted\" data-start-index=\"160\">2025-2026<\/b><span class=\"ng-star-inserted\" data-start-index=\"169\">, caldr\u00e0\u00a0 coordinar l&#8217;aplicaci\u00f3 a les aules de <\/span><b class=\"ng-star-inserted\" data-start-index=\"241\">4t d&#8217;Educaci\u00f3 Prim\u00e0ria (AD4P)<\/b><span class=\"ng-star-inserted\" data-start-index=\"270\"> i <\/span><b class=\"ng-star-inserted\" data-start-index=\"273\">2n d&#8217;ESO (AD2S). <\/b>\u00c9s per aix\u00f2 que us hem preparat un petit resum d&#8217;all\u00f2 m\u00e9s destacable.<\/div>\n<div data-start-index=\"84\">\n<div class=\"ast-oembed-container \" style=\"height: 100%;\"><iframe loading=\"lazy\" title=\"Avaluaci\u00f3 de diagn\u00f2stic\" width=\"500\" height=\"281\" src=\"https:\/\/www.youtube.com\/embed\/ulmTPBbF3T4?feature=oembed\" frameborder=\"0\" allow=\"accelerometer; autoplay; clipboard-write; encrypted-media; gyroscope; picture-in-picture; web-share\" referrerpolicy=\"strict-origin-when-cross-origin\" allowfullscreen><\/iframe><\/div>\n<\/div>\n<div class=\"paragraph is-rich-chat-ui heading3 ng-star-inserted\" role=\"heading\" data-start-index=\"289\" aria-level=\"3\"><span style=\"text-decoration: underline;\"><b class=\"ng-star-inserted\" data-start-index=\"289\">Calendari i horaris de les proves<\/b><\/span><\/div>\n<div class=\"paragraph is-rich-chat-ui normal ng-star-inserted\" data-start-index=\"322\"><span class=\"ng-star-inserted\" data-start-index=\"322\">Les proves tindran lloc durant la setmana del <\/span><b class=\"ng-star-inserted\" data-start-index=\"368\">13 d&#8217;abril.<\/b><\/div>\n<ul class=\"ng-star-inserted\">\n<li class=\"paragraph list-item is-rich-chat-ui normal ng-star-inserted\" data-start-index=\"379\"><b class=\"ng-star-inserted\" data-start-index=\"379\">4t de Prim\u00e0ria:<\/b><span class=\"ng-star-inserted\" data-start-index=\"394\"> Es realitzaran del <\/span><b class=\"ng-star-inserted\" data-start-index=\"414\">13 al 17 d&#8217;abril<\/b><span class=\"ng-star-inserted\" data-start-index=\"430\">. Cada jornada inclou activitats de 2 hores sobre tem\u00e0tiques vinculades als residus, cobrint Llengua Catalana, Castellana, Matem\u00e0tiques, Medi i Lleng\u00fces Estrangeres<\/span><span class=\"ng-star-inserted\" data-start-index=\"594\">.<\/span><\/li>\n<li class=\"paragraph list-item is-rich-chat-ui normal ng-star-inserted\" data-start-index=\"595\"><b class=\"ng-star-inserted\" data-start-index=\"595\">2n d&#8217;ESO:<\/b><span class=\"ng-star-inserted\" data-start-index=\"604\"> Es concentraran els dies <\/span><b class=\"ng-star-inserted\" data-start-index=\"630\">13, 14 i 15 d&#8217;abril<\/b><span class=\"ng-star-inserted\" data-start-index=\"649\">. Les sessions comen\u00e7aran a les 9:00 h, amb una desc\u00e0rrega pr\u00e8via de fitxers a les 8:00 h a l&#8217;aplicaci\u00f3 AVI<\/span><span class=\"ng-star-inserted\" data-start-index=\"756\">.<\/span><\/li>\n<\/ul>\n<div role=\"heading\" data-start-index=\"757\" aria-level=\"3\"><img loading=\"lazy\" decoding=\"async\" class=\"alignnone size-full wp-image-22517\" src=\"https:\/\/serveiseducatius.xtec.cat\/baixpenedes\/wp-content\/uploads\/usu764\/2026\/03\/2-ESO.jpg\" alt=\"\" width=\"1010\" height=\"579\" srcset=\"https:\/\/serveiseducatius.xtec.cat\/baixpenedes\/wp-content\/uploads\/usu764\/2026\/03\/2-ESO.jpg 1010w, https:\/\/serveiseducatius.xtec.cat\/baixpenedes\/wp-content\/uploads\/usu764\/2026\/03\/2-ESO-300x172.jpg 300w, https:\/\/serveiseducatius.xtec.cat\/baixpenedes\/wp-content\/uploads\/usu764\/2026\/03\/2-ESO-768x440.jpg 768w\" sizes=\"auto, (max-width: 1010px) 100vw, 1010px\" \/> <img loading=\"lazy\" decoding=\"async\" class=\"alignnone size-large wp-image-22518\" src=\"https:\/\/serveiseducatius.xtec.cat\/baixpenedes\/wp-content\/uploads\/usu764\/2026\/03\/av-4-1024x573.jpg\" alt=\"\" width=\"1024\" height=\"573\" srcset=\"https:\/\/serveiseducatius.xtec.cat\/baixpenedes\/wp-content\/uploads\/usu764\/2026\/03\/av-4-1024x573.jpg 1024w, https:\/\/serveiseducatius.xtec.cat\/baixpenedes\/wp-content\/uploads\/usu764\/2026\/03\/av-4-300x168.jpg 300w, https:\/\/serveiseducatius.xtec.cat\/baixpenedes\/wp-content\/uploads\/usu764\/2026\/03\/av-4-768x430.jpg 768w, https:\/\/serveiseducatius.xtec.cat\/baixpenedes\/wp-content\/uploads\/usu764\/2026\/03\/av-4.jpg 1036w\" sizes=\"auto, (max-width: 1024px) 100vw, 1024px\" \/><\/div>\n<div class=\"paragraph is-rich-chat-ui heading3 ng-star-inserted\" role=\"heading\" data-start-index=\"757\" aria-level=\"3\"><span style=\"text-decoration: underline;\"><b class=\"ng-star-inserted\" data-start-index=\"757\">Preparaci\u00f3 del material i suports<\/b><\/span><\/div>\n<div class=\"paragraph is-rich-chat-ui normal ng-star-inserted\" data-start-index=\"790\"><span class=\"ng-star-inserted\" data-start-index=\"790\">Existeixen difer\u00e8ncies significatives en el format segons l&#8217;etapa educativa:<\/span><\/div>\n<ul class=\"ng-star-inserted\">\n<li class=\"paragraph list-item is-rich-chat-ui normal ng-star-inserted\" data-start-index=\"866\"><b class=\"ng-star-inserted\" data-start-index=\"866\">Quaderns d\u2019enunciats:<\/b><span class=\"ng-star-inserted\" data-start-index=\"887\"> A <\/span><b class=\"ng-star-inserted\" data-start-index=\"890\">Prim\u00e0ria<\/b><span class=\"ng-star-inserted\" data-start-index=\"898\">, els quaderns s\u00f3n en format <\/span><b class=\"ng-star-inserted\" data-start-index=\"927\">paper<\/b><span class=\"ng-star-inserted\" data-start-index=\"932\">, mentre que a <\/span><b class=\"ng-star-inserted\" data-start-index=\"947\">Secund\u00e0ria<\/b><span class=\"ng-star-inserted\" data-start-index=\"957\"> seran en format <\/span><b class=\"ng-star-inserted\" data-start-index=\"974\">digital<\/b><span class=\"ng-star-inserted\" data-start-index=\"981\"> (PDF)<\/span><span class=\"ng-star-inserted\" data-start-index=\"987\">.<\/span><\/li>\n<li class=\"paragraph list-item is-rich-chat-ui normal ng-star-inserted\" data-start-index=\"988\"><b class=\"ng-star-inserted\" data-start-index=\"988\">\u00c0udios i presentacions:<\/b><span class=\"ng-star-inserted\" data-start-index=\"1011\"> Per a 4t de Prim\u00e0ria, cal descarregar la guia i la presentaci\u00f3 (que inclou els \u00e0udios) a partir del <\/span><b class=\"ng-star-inserted\" data-start-index=\"1112\">7 d&#8217;abril<\/b><span class=\"ng-star-inserted\" data-start-index=\"1121\">.\u00a0 <\/span><span class=\"ng-star-inserted\" data-start-index=\"1121\">A 2n d&#8217;ESO, els \u00e0udios es baixen el mateix dia de la prova i cal verificar el funcionament del reproductor de l&#8217;aula<\/span><span class=\"ng-star-inserted\" data-start-index=\"1239\">.<\/span><\/li>\n<li class=\"paragraph list-item is-rich-chat-ui normal ng-star-inserted\" data-start-index=\"1240\"><b class=\"ng-star-inserted\" data-start-index=\"1240\">Fulls de resposta:<\/b><span class=\"ng-star-inserted\" data-start-index=\"1258\"> S\u2019utilitzar\u00e0 un <\/span><b class=\"ng-star-inserted\" data-start-index=\"1275\">full \u00fanic DIN A4<\/b><span class=\"ng-star-inserted\" data-start-index=\"1291\"> per a les respostes d\u2019opci\u00f3 m\u00faltiple<\/span><span class=\"ng-star-inserted\" data-start-index=\"1328\">. Es recomana l&#8217;\u00fas de bol\u00edgraf blau o negre i est\u00e0 prohibit l&#8217;\u00fas de corrector<\/span><span class=\"ng-star-inserted\" data-start-index=\"1405\">.<\/span><\/li>\n<\/ul>\n<div class=\"paragraph is-rich-chat-ui heading3 ng-star-inserted\" role=\"heading\" data-start-index=\"1406\" aria-level=\"3\"><span style=\"text-decoration: underline;\"><b class=\"ng-star-inserted\" data-start-index=\"1406\">Instruccions per a l\u2019aplicaci\u00f3 a l\u2019aula<\/b><\/span><\/div>\n<div class=\"paragraph is-rich-chat-ui normal ng-star-inserted\" data-start-index=\"1445\"><span class=\"ng-star-inserted\" data-start-index=\"1445\">\u00c9s fonamental seguir el protocol de seguretat i assignaci\u00f3 nominal:<\/span><\/div>\n<ol class=\"ng-star-inserted\">\n<li class=\"paragraph list-item is-rich-chat-ui normal ng-star-inserted\" data-start-index=\"1512\"><b class=\"ng-star-inserted\" data-start-index=\"1512\">Etiquetes nominals:<\/b><span class=\"ng-star-inserted\" data-start-index=\"1531\"> Cada alumne t\u00e9 una etiqueta per prova que s\u2019ha d\u2019enganxar al full de respostes corresponent<\/span><span class=\"ng-star-inserted\" data-start-index=\"1623\">. A secund\u00e0ria, totes les compet\u00e8ncies es troben en un sol full d&#8217;etiquetes<\/span><span class=\"ng-star-inserted\" data-start-index=\"1698\">.<\/span><\/li>\n<li class=\"paragraph list-item is-rich-chat-ui normal ng-star-inserted\" data-start-index=\"1699\"><b class=\"ng-star-inserted\" data-start-index=\"1699\">Llistes de control:<\/b><span class=\"ng-star-inserted\" data-start-index=\"1718\"> Les direccions descarreguen aquestes llistes en format CSV<\/span><span class=\"ng-star-inserted\" data-start-index=\"1777\">. Cal passar llista i anotar les abs\u00e8ncies<\/span><span class=\"ng-star-inserted\" data-start-index=\"1819\">.<\/span><\/li>\n<li class=\"paragraph list-item is-rich-chat-ui normal ng-star-inserted\" data-start-index=\"1820\"><b class=\"ng-star-inserted\" data-start-index=\"1820\">Codis contingents:<\/b><span class=\"ng-star-inserted\" data-start-index=\"1838\"> Si un alumne no apareix a la llista, se li assignar\u00e0 un codi contingent que s&#8217;ha de mantenir durant totes les proves<\/span><span class=\"ng-star-inserted\" data-start-index=\"1955\">.<\/span><\/li>\n<li class=\"paragraph list-item is-rich-chat-ui normal ng-star-inserted\" data-start-index=\"1956\"><b class=\"ng-star-inserted\" data-start-index=\"1956\">Alumnat exempt:<\/b><span class=\"ng-star-inserted\" data-start-index=\"1971\"> Els fulls de l\u2019alumnat exempt (identificat amb una &#8220;X&#8221; a l&#8217;etiqueta o al llistat) <\/span><b class=\"ng-star-inserted\" data-start-index=\"2054\">no s\u2019han d\u2019enviar<\/b><span class=\"ng-star-inserted\" data-start-index=\"2071\">; s&#8217;han de separar i romandran al centre<\/span><span class=\"ng-star-inserted\" data-start-index=\"2111\">.<\/span><\/li>\n<\/ol>\n<div class=\"paragraph is-rich-chat-ui heading3 ng-star-inserted\" role=\"heading\" data-start-index=\"2112\" aria-level=\"3\"><span style=\"text-decoration: underline;\"><b class=\"ng-star-inserted\" data-start-index=\"2112\">Tancament i lliurament de resultats<\/b><\/span><\/div>\n<div class=\"paragraph is-rich-chat-ui normal ng-star-inserted\" data-start-index=\"2147\"><span class=\"ng-star-inserted\" data-start-index=\"2147\">Un cop finalitzades les proves, s\u2019han de seguir aquests passos log\u00edstics:<\/span><\/div>\n<ul class=\"ng-star-inserted\">\n<li class=\"paragraph list-item is-rich-chat-ui normal ng-star-inserted\" data-start-index=\"2220\"><b class=\"ng-star-inserted\" data-start-index=\"2220\">Empaquetat:<\/b><span class=\"ng-star-inserted\" data-start-index=\"2231\"> Cal introduir els fulls de resposta als sobres de recollida, enganxar l&#8217;etiqueta corresponent al sobre i anotar-hi la quantitat total de fulls<\/span><span class=\"ng-star-inserted\" data-start-index=\"2374\">. No \u00e9s necessari ordenar els fulls internament<\/span><span class=\"ng-star-inserted\" data-start-index=\"2421\">.<\/span><\/li>\n<li class=\"paragraph list-item is-rich-chat-ui normal ng-star-inserted\" data-start-index=\"2422\"><b class=\"ng-star-inserted\" data-start-index=\"2422\">Terminis CRP:<\/b><span class=\"ng-star-inserted\" data-start-index=\"2435\"> Els sobres s\u2019han de portar al <\/span><b class=\"ng-star-inserted\" data-start-index=\"2466\">Centre de Recursos Pedag\u00f2gics (CRP) del Baix Pened\u00e8s <\/b><span style=\"background-color: #ffff00;\"><span class=\"ng-star-inserted\" data-start-index=\"2501\">els dies <\/span><b class=\"ng-star-inserted\" data-start-index=\"2519\">20 i 21 d&#8217;abril<\/b><\/span><span class=\"ng-star-inserted\" data-start-index=\"2534\"><span style=\"background-color: #ffff00;\">.<\/span> El lliurament fora de termini obligar\u00e0 a fer una correcci\u00f3 interna al centre<\/span><span class=\"ng-star-inserted\" data-start-index=\"2612\">.\u00a0<\/span><strong>SE del BAIX PENED\u00c8S<\/strong><br \/>\nAvda. de les Escoles, 21 (sota l\u2019Escola Garb\u00ed)<br \/>\n43700 El Vendrell<br \/>\n977 66 33 60<iframe loading=\"lazy\" src=\"https:\/\/www.google.com\/maps\/embed?pb=!1m18!1m12!1m3!1d3001.342595809556!2d1.5232113149213309!3d41.21430401467098!2m3!1f0!2f0!3f0!3m2!1i1024!2i768!4f13.1!3m3!1m2!1s0x12a38b3418aac931%3A0x73b0a60c6e196b69!2sAvinguda+Escoles-bon+Lloc%2C+21%2C+43700+El+Vendrell%2C+Tarragona%2C+Espa%C3%B1a!5e0!3m2!1ses!2sus!4v1444816060210\" width=\"100%\" height=\"450\" frameborder=\"0\"><\/iframe><\/li>\n<li class=\"paragraph list-item is-rich-chat-ui normal ng-star-inserted\" data-start-index=\"2613\"><b class=\"ng-star-inserted\" data-start-index=\"2613\">Tractament manual:<\/b><span class=\"ng-star-inserted\" data-start-index=\"2631\"> Les compet\u00e8ncies de <\/span><b class=\"ng-star-inserted\" data-start-index=\"2652\">Franc\u00e8s, Alemany i Aran\u00e8s<\/b><span class=\"ng-star-inserted\" data-start-index=\"2677\"> requereixen que el CRP digitalitzi els fulls i els envi\u00ef per correu electr\u00f2nic a l\u2019Ag\u00e8ncia d\u2019Avaluaci\u00f3 entre el <\/span><b class=\"ng-star-inserted\" data-start-index=\"2790\">20 i 22 d&#8217;abril<\/b><span class=\"ng-star-inserted\" data-start-index=\"2805\">.<\/span><\/li>\n<\/ul>\n<div class=\"paragraph is-rich-chat-ui normal ng-star-inserted\" data-start-index=\"2806\"><span class=\"ng-star-inserted\" data-start-index=\"2806\">Finalment, el servei de recollida de l\u2019empresa de transport passar\u00e0 pels CRP el <\/span><b class=\"ng-star-inserted\" data-start-index=\"2886\">22 d&#8217;abril de 2026<\/b><span class=\"ng-star-inserted\" data-start-index=\"2904\"> per recollir totes les caixes processades<\/span><span class=\"ng-star-inserted\" data-start-index=\"2946\">.<\/span><\/div>\n<\/div>\n<\/div>\n<div class=\"action ng-star-inserted\">\n<div><\/div>\n<\/div>\n<div class=\"action ng-star-inserted\">\n<div>Tota la informaci\u00f3 referent a <strong>les instruccions la podeu consultar a la presentaci\u00f3\u00a0<\/strong> <a href=\"https:\/\/serveiseducatius.xtec.cat\/baixpenedes\/wp-content\/uploads\/usu764\/2026\/03\/INS_APLIC_PROV_DIAGN_26_REVISADA.pdf\">INS_APLIC_PROV_DIAGN_26_REVISADA<\/a><\/div>\n<\/div>\n<div class=\"action ng-star-inserted\">\n<div><\/div>\n<\/div>\n<div class=\"suggestions-container ng-star-inserted\">\n<div class=\"follow-up-vertical-container ng-star-inserted\">\n<div class=\"follow-up-chip mat-body-medium grey-background ng-star-inserted\" tabindex=\"0\" role=\"button\"><strong>Per a m\u00e9s informaci\u00f3<\/strong>:\u00a0 <a href=\"https:\/\/avaluacioeducativa.gencat.cat\/ca\/avaluacions\/diagnostic\/quart-primaria\/\">AD4P\u00a0\u00a0\u00a0<\/a><\/div>\n<div tabindex=\"0\" role=\"button\">\u00a0 \u00a0 \u00a0 \u00a0 \u00a0 \u00a0 \u00a0 \u00a0 \u00a0 \u00a0 \u00a0 \u00a0 \u00a0 \u00a0 \u00a0 \u00a0 \u00a0 \u00a0 \u00a0 \u00a0 \u00a0 <a href=\"https:\/\/avaluacioeducativa.gencat.cat\/ca\/avaluacions\/diagnostic\/segon-eso\/\">AD2S<\/a><\/div>\n<\/div>\n<\/div>\n","protected":false},"excerpt":{"rendered":"<p>Davant la proximitat de les proves de l&#8217;Avaluaci\u00f3 de Diagn\u00f2stic per al curs 2025-2026, caldr\u00e0\u00a0 coordinar l&#8217;aplicaci\u00f3 a les aules de 4t d&#8217;Educaci\u00f3 Prim\u00e0ria (AD4P) i 2n d&#8217;ESO (AD2S). \u00c9s per aix\u00f2 que us hem preparat un petit resum d&#8217;all\u00f2 m\u00e9s destacable. Calendari i horaris de les proves Les proves tindran lloc durant la setmana [&hellip;]<\/p>\n","protected":false},"author":7,"featured_media":22520,"comment_status":"open","ping_status":"open","sticky":false,"template":"","format":"standard","meta":{"_bbp_topic_count":0,"_bbp_reply_count":0,"_bbp_total_topic_count":0,"_bbp_total_reply_count":0,"_bbp_voice_count":0,"_bbp_anonymous_reply_count":0,"_bbp_topic_count_hidden":0,"_bbp_reply_count_hidden":0,"_bbp_forum_subforum_count":0,"site-sidebar-layout":"default","site-content-layout":"","ast-site-content-layout":"default","site-content-style":"default","site-sidebar-style":"default","ast-global-header-display":"","ast-banner-title-visibility":"","ast-main-header-display":"","ast-hfb-above-header-display":"","ast-hfb-below-header-display":"","ast-hfb-mobile-header-display":"","site-post-title":"","ast-breadcrumbs-content":"","ast-featured-img":"","footer-sml-layout":"","theme-transparent-header-meta":"default","adv-header-id-meta":"","stick-header-meta":"","header-above-stick-meta":"","header-main-stick-meta":"","header-below-stick-meta":"","astra-migrate-meta-layouts":"set","ast-page-background-enabled":"default","ast-page-background-meta":{"desktop":{"background-color":"var(--ast-global-color-4)","background-image":"","background-repeat":"repeat","background-position":"center center","background-size":"auto","background-attachment":"scroll","background-type":"","background-media":"","overlay-type":"","overlay-color":"","overlay-opacity":"","overlay-gradient":""},"tablet":{"background-color":"","background-image":"","background-repeat":"repeat","background-position":"center center","background-size":"auto","background-attachment":"scroll","background-type":"","background-media":"","overlay-type":"","overlay-color":"","overlay-opacity":"","overlay-gradient":""},"mobile":{"background-color":"","background-image":"","background-repeat":"repeat","background-position":"center center","background-size":"auto","background-attachment":"scroll","background-type":"","background-media":"","overlay-type":"","overlay-color":"","overlay-opacity":"","overlay-gradient":""}},"ast-content-background-meta":{"desktop":{"background-color":"var(--ast-global-color-5)","background-image":"","background-repeat":"repeat","background-position":"center center","background-size":"auto","background-attachment":"scroll","background-type":"","background-media":"","overlay-type":"","overlay-color":"","overlay-opacity":"","overlay-gradient":""},"tablet":{"background-color":"var(--ast-global-color-5)","background-image":"","background-repeat":"repeat","background-position":"center center","background-size":"auto","background-attachment":"scroll","background-type":"","background-media":"","overlay-type":"","overlay-color":"","overlay-opacity":"","overlay-gradient":""},"mobile":{"background-color":"var(--ast-global-color-5)","background-image":"","background-repeat":"repeat","background-position":"center center","background-size":"auto","background-attachment":"scroll","background-type":"","background-media":"","overlay-type":"","overlay-color":"","overlay-opacity":"","overlay-gradient":""}},"footnotes":""},"categories":[29,529,422],"tags":[],"class_list":["post-22516","post","type-post","status-publish","format-standard","has-post-thumbnail","hentry","category-portada","category-primaria","category-secundaria"],"post_mailing_queue_ids":[],"_links":{"self":[{"href":"https:\/\/serveiseducatius.xtec.cat\/baixpenedes\/wp-json\/wp\/v2\/posts\/22516","targetHints":{"allow":["GET"]}}],"collection":[{"href":"https:\/\/serveiseducatius.xtec.cat\/baixpenedes\/wp-json\/wp\/v2\/posts"}],"about":[{"href":"https:\/\/serveiseducatius.xtec.cat\/baixpenedes\/wp-json\/wp\/v2\/types\/post"}],"author":[{"embeddable":true,"href":"https:\/\/serveiseducatius.xtec.cat\/baixpenedes\/wp-json\/wp\/v2\/users\/7"}],"replies":[{"embeddable":true,"href":"https:\/\/serveiseducatius.xtec.cat\/baixpenedes\/wp-json\/wp\/v2\/comments?post=22516"}],"version-history":[{"count":6,"href":"https:\/\/serveiseducatius.xtec.cat\/baixpenedes\/wp-json\/wp\/v2\/posts\/22516\/revisions"}],"predecessor-version":[{"id":22532,"href":"https:\/\/serveiseducatius.xtec.cat\/baixpenedes\/wp-json\/wp\/v2\/posts\/22516\/revisions\/22532"}],"wp:featuredmedia":[{"embeddable":true,"href":"https:\/\/serveiseducatius.xtec.cat\/baixpenedes\/wp-json\/wp\/v2\/media\/22520"}],"wp:attachment":[{"href":"https:\/\/serveiseducatius.xtec.cat\/baixpenedes\/wp-json\/wp\/v2\/media?parent=22516"}],"wp:term":[{"taxonomy":"category","embeddable":true,"href":"https:\/\/serveiseducatius.xtec.cat\/baixpenedes\/wp-json\/wp\/v2\/categories?post=22516"},{"taxonomy":"post_tag","embeddable":true,"href":"https:\/\/serveiseducatius.xtec.cat\/baixpenedes\/wp-json\/wp\/v2\/tags?post=22516"}],"curies":[{"name":"wp","href":"https:\/\/api.w.org\/{rel}","templated":true}]}}