{"id":22242,"date":"2026-03-04T10:37:24","date_gmt":"2026-03-04T09:37:24","guid":{"rendered":"https:\/\/serveiseducatius.xtec.cat\/baixpenedes\/?p=22242"},"modified":"2026-03-04T10:40:48","modified_gmt":"2026-03-04T09:40:48","slug":"formacions-online-delectronica-aplicada-a-laula","status":"publish","type":"post","link":"https:\/\/serveiseducatius.xtec.cat\/baixpenedes\/xerrades\/portada\/formacions-online-delectronica-aplicada-a-laula\/","title":{"rendered":"FORMACIONS ONLINE D&#8217;ELECTR\u00d2NICA APLICADA A L&#8217;AULA"},"content":{"rendered":"<p>Aquestes dues formacions <strong>online d\u2019electr\u00f2nica aplicada a l\u2019aula <\/strong>dissenyades per l&#8217;Institut de Ci\u00e8ncies de l&#8217;Educaci\u00f3 de la UPC, s\u00f3n adre\u00e7ades a professorat de secund\u00e0ria i FP, amb enfocament pr\u00e0ctic i transferible directament a l\u2019aula:<\/p>\n<p>&nbsp;<\/p>\n<div dir=\"ltr\" align=\"left\">\n<table>\n<colgroup>\n<col width=\"248\" \/>\n<col width=\"112\" \/>\n<col width=\"142\" \/>\n<col width=\"48\" \/><\/colgroup>\n<tbody>\n<tr>\n<td>\n<p dir=\"ltr\">Nom de la formaci\u00f3<\/p>\n<\/td>\n<td>\n<p dir=\"ltr\">Format\/lloc<\/p>\n<\/td>\n<td>\n<p dir=\"ltr\">Dies<\/p>\n<\/td>\n<td>\n<p dir=\"ltr\">Hores<\/p>\n<\/td>\n<\/tr>\n<tr>\n<td>\n<p dir=\"ltr\"><a href=\"https:\/\/aplicacions.gestioeducativa.gencat.cat\/ords\/pls\/soloas\/pk_for_mod_ins.p_for_detall_activitat?p_codi=9000370014&amp;p_curs=2025-2026&amp;p_es_inscr=S\" target=\"_blank\" rel=\"noopener\" data-saferedirecturl=\"https:\/\/www.google.com\/url?q=https:\/\/aplicacions.gestioeducativa.gencat.cat\/ords\/pls\/soloas\/pk_for_mod_ins.p_for_detall_activitat?p_codi%3D9000370014%26p_curs%3D2025-2026%26p_es_inscr%3DS&amp;source=gmail&amp;ust=1772697132316000&amp;usg=AOvVaw3YjvS5Kfl-06mZLNHz9qeu\">\u00das did\u00e0ctic del recurs digital lliure &#8211; Lli\u00e7ons Circuits digitals &#8211; de la C\u00e0tedra Chip UPC<\/a><\/p>\n<\/td>\n<td>\n<p dir=\"ltr\"><img decoding=\"async\" class=\"an1\" draggable=\"false\" src=\"https:\/\/fonts.gstatic.com\/s\/e\/notoemoji\/17.0\/1f4bb\/32.png\" alt=\"\ud83d\udcbb\" data-emoji=\"\ud83d\udcbb\" aria-label=\"\ud83d\udcbb\" \/>En l\u00ednia mixt<\/p>\n<\/td>\n<td>\n<h5 dir=\"ltr\">16\/4\/2026 &#8211; 30\/4\/2026 de 16:30h a 19:30h<\/h5>\n<\/td>\n<td>\n<p dir=\"ltr\">10 h<\/p>\n<\/td>\n<\/tr>\n<tr>\n<td>\n<p dir=\"ltr\"><a href=\"https:\/\/aplicacions.gestioeducativa.gencat.cat\/ords\/pls\/soloas\/pk_for_mod_ins.p_for_detall_activitat?p_codi=9000380014&amp;p_curs=2025-2026&amp;p_es_inscr=S\" target=\"_blank\" rel=\"noopener\" data-saferedirecturl=\"https:\/\/www.google.com\/url?q=https:\/\/aplicacions.gestioeducativa.gencat.cat\/ords\/pls\/soloas\/pk_for_mod_ins.p_for_detall_activitat?p_codi%3D9000380014%26p_curs%3D2025-2026%26p_es_inscr%3DS&amp;source=gmail&amp;ust=1772697132316000&amp;usg=AOvVaw0uJGcMjsdHliOFV0qjWngL\">El recurs did\u00e0ctic lliure- El transistor. Fonament de la computaci\u00f3 digital &#8211; de la C\u00e0tedra Chip UPC<\/a><\/p>\n<\/td>\n<td>\n<p dir=\"ltr\"><img decoding=\"async\" class=\"an1\" draggable=\"false\" src=\"https:\/\/fonts.gstatic.com\/s\/e\/notoemoji\/17.0\/1f4bb\/32.png\" alt=\"\ud83d\udcbb\" data-emoji=\"\ud83d\udcbb\" aria-label=\"\ud83d\udcbb\" \/>En l\u00ednia s\u00edncron<\/p>\n<\/td>\n<td>\n<h5 dir=\"ltr\"><strong>26\/3\/2026 &#8211; 9\/4\/2026<\/strong> de 16:30h a 18:30h<\/h5>\n<\/td>\n<td>\n<p dir=\"ltr\">5 h<\/p>\n<\/td>\n<\/tr>\n<\/tbody>\n<\/table>\n<\/div>\n<div><\/div>\n<p>S\u00f3n propostes vinculades als continguts curriculars de tecnologia i amb orientaci\u00f3 competencial, pensades per refor\u00e7ar tant el coneixement t\u00e8cnic com la seva did\u00e0ctica.<\/p>\n<p><img loading=\"lazy\" decoding=\"async\" class=\"alignnone wp-image-21052\" src=\"https:\/\/serveiseducatius.xtec.cat\/baixpenedes\/wp-content\/uploads\/usu764\/2025\/09\/UPC-e1765784089358.jpg\" alt=\"\" width=\"233\" height=\"67\" \/><\/p>\n<p>Institut de Ci\u00e8ncies de l&#8217;Educaci\u00f3<\/p>\n","protected":false},"excerpt":{"rendered":"<p>Aquestes dues formacions online d\u2019electr\u00f2nica aplicada a l\u2019aula dissenyades per l&#8217;Institut de Ci\u00e8ncies de l&#8217;Educaci\u00f3 de la UPC, s\u00f3n adre\u00e7ades a professorat de secund\u00e0ria i FP, amb enfocament pr\u00e0ctic i transferible directament a l\u2019aula: &nbsp; Nom de la formaci\u00f3 Format\/lloc Dies Hores \u00das did\u00e0ctic del recurs digital lliure &#8211; Lli\u00e7ons Circuits digitals &#8211; de la [&hellip;]<\/p>\n","protected":false},"author":7,"featured_media":22244,"comment_status":"open","ping_status":"open","sticky":false,"template":"","format":"standard","meta":{"_bbp_topic_count":0,"_bbp_reply_count":0,"_bbp_total_topic_count":0,"_bbp_total_reply_count":0,"_bbp_voice_count":0,"_bbp_anonymous_reply_count":0,"_bbp_topic_count_hidden":0,"_bbp_reply_count_hidden":0,"_bbp_forum_subforum_count":0,"site-sidebar-layout":"default","site-content-layout":"","ast-site-content-layout":"default","site-content-style":"default","site-sidebar-style":"default","ast-global-header-display":"","ast-banner-title-visibility":"","ast-main-header-display":"","ast-hfb-above-header-display":"","ast-hfb-below-header-display":"","ast-hfb-mobile-header-display":"","site-post-title":"","ast-breadcrumbs-content":"","ast-featured-img":"","footer-sml-layout":"","theme-transparent-header-meta":"default","adv-header-id-meta":"","stick-header-meta":"","header-above-stick-meta":"","header-main-stick-meta":"","header-below-stick-meta":"","astra-migrate-meta-layouts":"set","ast-page-background-enabled":"default","ast-page-background-meta":{"desktop":{"background-color":"var(--ast-global-color-4)","background-image":"","background-repeat":"repeat","background-position":"center center","background-size":"auto","background-attachment":"scroll","background-type":"","background-media":"","overlay-type":"","overlay-color":"","overlay-opacity":"","overlay-gradient":""},"tablet":{"background-color":"","background-image":"","background-repeat":"repeat","background-position":"center center","background-size":"auto","background-attachment":"scroll","background-type":"","background-media":"","overlay-type":"","overlay-color":"","overlay-opacity":"","overlay-gradient":""},"mobile":{"background-color":"","background-image":"","background-repeat":"repeat","background-position":"center center","background-size":"auto","background-attachment":"scroll","background-type":"","background-media":"","overlay-type":"","overlay-color":"","overlay-opacity":"","overlay-gradient":""}},"ast-content-background-meta":{"desktop":{"background-color":"var(--ast-global-color-5)","background-image":"","background-repeat":"repeat","background-position":"center center","background-size":"auto","background-attachment":"scroll","background-type":"","background-media":"","overlay-type":"","overlay-color":"","overlay-opacity":"","overlay-gradient":""},"tablet":{"background-color":"var(--ast-global-color-5)","background-image":"","background-repeat":"repeat","background-position":"center center","background-size":"auto","background-attachment":"scroll","background-type":"","background-media":"","overlay-type":"","overlay-color":"","overlay-opacity":"","overlay-gradient":""},"mobile":{"background-color":"var(--ast-global-color-5)","background-image":"","background-repeat":"repeat","background-position":"center center","background-size":"auto","background-attachment":"scroll","background-type":"","background-media":"","overlay-type":"","overlay-color":"","overlay-opacity":"","overlay-gradient":""}},"footnotes":""},"categories":[78,392,376,29,422,521,468],"tags":[],"class_list":["post-22242","post","type-post","status-publish","format-standard","has-post-thumbnail","hentry","category-tac","category-divulgacio-cientifica","category-formacio","category-portada","category-secundaria","category-steam","category-xtcd"],"post_mailing_queue_ids":[],"_links":{"self":[{"href":"https:\/\/serveiseducatius.xtec.cat\/baixpenedes\/wp-json\/wp\/v2\/posts\/22242","targetHints":{"allow":["GET"]}}],"collection":[{"href":"https:\/\/serveiseducatius.xtec.cat\/baixpenedes\/wp-json\/wp\/v2\/posts"}],"about":[{"href":"https:\/\/serveiseducatius.xtec.cat\/baixpenedes\/wp-json\/wp\/v2\/types\/post"}],"author":[{"embeddable":true,"href":"https:\/\/serveiseducatius.xtec.cat\/baixpenedes\/wp-json\/wp\/v2\/users\/7"}],"replies":[{"embeddable":true,"href":"https:\/\/serveiseducatius.xtec.cat\/baixpenedes\/wp-json\/wp\/v2\/comments?post=22242"}],"version-history":[{"count":2,"href":"https:\/\/serveiseducatius.xtec.cat\/baixpenedes\/wp-json\/wp\/v2\/posts\/22242\/revisions"}],"predecessor-version":[{"id":22245,"href":"https:\/\/serveiseducatius.xtec.cat\/baixpenedes\/wp-json\/wp\/v2\/posts\/22242\/revisions\/22245"}],"wp:featuredmedia":[{"embeddable":true,"href":"https:\/\/serveiseducatius.xtec.cat\/baixpenedes\/wp-json\/wp\/v2\/media\/22244"}],"wp:attachment":[{"href":"https:\/\/serveiseducatius.xtec.cat\/baixpenedes\/wp-json\/wp\/v2\/media?parent=22242"}],"wp:term":[{"taxonomy":"category","embeddable":true,"href":"https:\/\/serveiseducatius.xtec.cat\/baixpenedes\/wp-json\/wp\/v2\/categories?post=22242"},{"taxonomy":"post_tag","embeddable":true,"href":"https:\/\/serveiseducatius.xtec.cat\/baixpenedes\/wp-json\/wp\/v2\/tags?post=22242"}],"curies":[{"name":"wp","href":"https:\/\/api.w.org\/{rel}","templated":true}]}}