{"id":22233,"date":"2026-04-04T10:05:46","date_gmt":"2026-04-04T08:05:46","guid":{"rendered":"https:\/\/serveiseducatius.xtec.cat\/baixpenedes\/?p=22233"},"modified":"2026-04-08T10:27:57","modified_gmt":"2026-04-08T08:27:57","slug":"jornada-internivells-dansateatre-i-musica","status":"publish","type":"post","link":"https:\/\/serveiseducatius.xtec.cat\/baixpenedes\/xerrades\/portada\/jornada-internivells-dansateatre-i-musica\/","title":{"rendered":"JORNADA INTERNIVELLS DANSA,TEATRE I M\u00daSICA"},"content":{"rendered":"<p><strong>Jornada de formaci\u00f3 adre\u00e7ada a docents de totes les \u00e0rees i etapes educatives. Es tracta d\u2019una experi\u00e8ncia pr\u00e0ctica i transversal en dansa, teatre i m\u00fasica <\/strong><strong style=\"font-size: 16px; font-style: normal;\">per promoure la connexi\u00f3 amb les arts en viu. La jornada comptar\u00e0 <\/strong><strong style=\"font-size: 16px;\">amb professionals com Jo\u00e3o Lima, David Anguera i Sheila Garcia .<\/strong><\/p>\n<p><strong>\u00a0<\/strong>L\u2019objectiu \u00e9s fer viure al professorat l\u2019impacte d\u2019aquestes arts en primera persona i oferir recursos reals per portar-les a l\u2019aula amb confian\u00e7a, emoci\u00f3 i transversalitat de la m\u00e0 de formadors altament qualificats.<\/p>\n<p>La formaci\u00f3 est\u00e0\u00a0<strong>impulsada per\u00a0<\/strong><a href=\"https:\/\/lacultivadora.cat\/\" data-saferedirecturl=\"https:\/\/www.google.com\/url?q=https:\/\/lacultivadora.cat\/&amp;source=gmail&amp;ust=1772697119560000&amp;usg=AOvVaw0qAt3f24aOBpcdBm3L8NAU\"><strong>laCultivadora<\/strong><\/a><strong>,\u00a0servei educatiu dels sis equipaments nacionals esc\u00e8nics i musicals\u00a0<\/strong>( <span style=\"text-decoration: underline;\">L\u2019Auditori, Gran Teatre del Liceu, Mercat de les Flors, Palau de la M\u00fasica Catalana, Teatre Lliure i Teatre Nacional de Catalunya<\/span>)<strong>,\u00a0<\/strong>juntament amb el<strong>\u00a0<\/strong><a href=\"https:\/\/cultura.gencat.cat\/ca\/temes\/culturaeducacio\/index.html\" data-saferedirecturl=\"https:\/\/www.google.com\/url?q=https:\/\/cultura.gencat.cat\/ca\/temes\/culturaeducacio\/index.html&amp;source=gmail&amp;ust=1772697119560000&amp;usg=AOvVaw0xLt7CGz2a77cVcTw8vlj2\"><strong>Programa Cultura i Educaci\u00f3<\/strong><\/a><strong>\u00a0<\/strong>i la col\u00b7laboraci\u00f3 de l\u2019Ajuntament de Calafell.<\/p>\n<p><strong>\u00a0QUAN i ON<\/strong>:<\/p>\n<p>Dissabte 9 de maig de 2026, de\u00a09.00 h a 14.30 h\u00a0al\u00a0<a href=\"https:\/\/www.google.com\/maps\/place\/data=!4m2!3m1!1s0x12a38b85fe6f83e7:0x75e8ee9a85573063?sa=X&amp;ved=1t:8290&amp;ictx=111\" data-saferedirecturl=\"https:\/\/www.google.com\/url?q=https:\/\/www.google.com\/maps\/place\/data%3D!4m2!3m1!1s0x12a38b85fe6f83e7:0x75e8ee9a85573063?sa%3DX%26ved%3D1t:8290%26ictx%3D111&amp;source=gmail&amp;ust=1772697119560000&amp;usg=AOvVaw2UQmHn2I3xi1n_9M5lzJUX\"><strong>Teatre Auditori Municipal de Calafell Joan Colet<\/strong><\/a>.<\/p>\n<p><strong>\u00a0PROGRAMA:<\/strong><\/p>\n<p><strong>\u00a0<\/strong>9:00 h Acreditacions i benvinguda<\/p>\n<p>BLOC 1 | EXPERIENCIAL<\/p>\n<p>Realitzaci\u00f3 de tres sessions de formaci\u00f3 vivencial. Una hora dedicada a cos i moviment, una segona hora dedicada a les arts esc\u00e8niques i una tercera hora dedicada al llenguatge musical.<\/p>\n<ul>\n<li>\u00a0\u00a0 9:30 a 10:30 h Dansa: Jo\u00e3o Lima \/ Teatre: David Anguera \/ M\u00fasica: Sheila Garcia<\/li>\n<li>10:30 a 11:30 h Teatre: David Anguera \/ Dansa: Jo\u00e3o Lima \/ M\u00fasica: Sheila Garcia<\/li>\n<li>11:30 a 12:00 h Pausa i esmorzar<\/li>\n<li>12:00 a 13:00 h\u00a0 M\u00fasica: Sheila Garcia \/Teatre: David Anguera \/ Dansa: Jo\u00e3o Lima<\/li>\n<\/ul>\n<p>BLOC 2 | PRESENTACI\u00d3 DE PROJECTES<\/p>\n<ul>\n<li>13:00 a 13:30 h Presentaci\u00f3 del projecte de la Cultivadora, El programa Cultura i Educaci\u00f3 i programaci\u00f3 educativa dels serveis d\u2019educaci\u00f3 i cultura de l&#8217;Ajuntament de Calafell.<\/li>\n<\/ul>\n<p>BLOC 3 | \u00c0GORA<\/p>\n<ul>\n<li>13:30 a 14:30 h Realitzaci\u00f3 d&#8217;una din\u00e0mica per detectar les necessitats dels docents que treballin en el territori on es realitzi la formaci\u00f3 per despr\u00e9s poder implementar accions que millorin la situaci\u00f3 de les arts en l&#8217;educaci\u00f3.<\/li>\n<\/ul>\n<p><strong>Inscripci\u00f3 gratu\u00efta aqu\u00ed:\u00a0<\/strong><span style=\"font-size: 16px; font-style: normal; font-weight: 400;\">Codi D007320547<\/span><strong style=\"font-size: 16px;\">\u00a0<\/strong><a style=\"font-size: 16px; background-color: #ffffff;\" href=\"https:\/\/aplicacions.gestioeducativa.gencat.cat\/ords\/pls\/soloas\/pk_for_mod_ins.p_for_detall_activitat?p_codi=D007320547&amp;p_curs=2025-2026&amp;p_es_inscr=S\" data-saferedirecturl=\"https:\/\/www.google.com\/url?q=https:\/\/aplicacions.gestioeducativa.gencat.cat\/ords\/pls\/soloas\/pk_for_mod_ins.p_for_detall_activitat?p_codi%3DD007320547%26p_curs%3D2025-2026%26p_es_inscr%3DS&amp;source=gmail&amp;ust=1772697119560000&amp;usg=AOvVaw0lUME3TLjbX2kEC-qPQ8Kk\"><strong>INSCRIPCIONS I DESCRIPCI\u00d3\u00a0<\/strong><\/a><strong style=\"font-size: 16px;\">\u00a0\u00a0\u00a0\u00a0\u00a0\u00a0\u00a0\u00a0\u00a0\u00a0\u00a0\u00a0\u00a0\u00a0\u00a0\u00a0\u00a0\u00a0\u00a0\u00a0<\/strong><\/p>\n<p><strong style=\"font-size: 16px;\">TERMINI D\u2019INSCRIPCI\u00d3: <\/strong>\u00a023 d&#8217;abril<\/p>\n<p><strong>\u00a0<\/strong><em style=\"font-size: 16px; font-weight: 400;\">Places limitades, reserva la teva ara mateix!<\/em><strong style=\"font-size: 16px;\">\u00a0<\/strong><strong style=\"font-size: 16px;\">\u00a0<u>Cal portar l\u2019ordinador, roba i cal\u00e7at c\u00f2mode.<\/u><\/strong><\/p>\n<p><a href=\"https:\/\/serveiseducatius.xtec.cat\/baixpenedes\/wp-content\/uploads\/usu764\/2026\/03\/La-jornada-de-formacio-en-teatre-dansa-i-musica_laCultivadora_arriba-al-Penedes.pdf\">M\u00e9s informaci\u00f3 : La jornada de formaci\u00f3 en teatre, dansa i m\u00fasica_laCultivadora_arriba al Pened\u00e8s<\/a><\/p>\n<p><img loading=\"lazy\" decoding=\"async\" class=\"size-full wp-image-22235 aligncenter\" src=\"https:\/\/serveiseducatius.xtec.cat\/baixpenedes\/wp-content\/uploads\/usu764\/2026\/03\/jornada-dansa.jpg\" alt=\"\" width=\"677\" height=\"724\" srcset=\"https:\/\/serveiseducatius.xtec.cat\/baixpenedes\/wp-content\/uploads\/usu764\/2026\/03\/jornada-dansa.jpg 677w, https:\/\/serveiseducatius.xtec.cat\/baixpenedes\/wp-content\/uploads\/usu764\/2026\/03\/jornada-dansa-281x300.jpg 281w\" sizes=\"auto, (max-width: 677px) 100vw, 677px\" \/><\/p>\n","protected":false},"excerpt":{"rendered":"<p>Jornada de formaci\u00f3 adre\u00e7ada a docents de totes les \u00e0rees i etapes educatives. Es tracta d\u2019una experi\u00e8ncia pr\u00e0ctica i transversal en dansa, teatre i m\u00fasica per promoure la connexi\u00f3 amb les arts en viu. La jornada comptar\u00e0 amb professionals com Jo\u00e3o Lima, David Anguera i Sheila Garcia . \u00a0L\u2019objectiu \u00e9s fer viure al professorat l\u2019impacte [&hellip;]<\/p>\n","protected":false},"author":7,"featured_media":22236,"comment_status":"open","ping_status":"open","sticky":false,"template":"","format":"standard","meta":{"_bbp_topic_count":0,"_bbp_reply_count":0,"_bbp_total_topic_count":0,"_bbp_total_reply_count":0,"_bbp_voice_count":0,"_bbp_anonymous_reply_count":0,"_bbp_topic_count_hidden":0,"_bbp_reply_count_hidden":0,"_bbp_forum_subforum_count":0,"site-sidebar-layout":"default","site-content-layout":"","ast-site-content-layout":"default","site-content-style":"default","site-sidebar-style":"default","ast-global-header-display":"","ast-banner-title-visibility":"","ast-main-header-display":"","ast-hfb-above-header-display":"","ast-hfb-below-header-display":"","ast-hfb-mobile-header-display":"","site-post-title":"","ast-breadcrumbs-content":"","ast-featured-img":"","footer-sml-layout":"","theme-transparent-header-meta":"default","adv-header-id-meta":"","stick-header-meta":"","header-above-stick-meta":"","header-main-stick-meta":"","header-below-stick-meta":"","astra-migrate-meta-layouts":"set","ast-page-background-enabled":"default","ast-page-background-meta":{"desktop":{"background-color":"var(--ast-global-color-4)","background-image":"","background-repeat":"repeat","background-position":"center center","background-size":"auto","background-attachment":"scroll","background-type":"","background-media":"","overlay-type":"","overlay-color":"","overlay-opacity":"","overlay-gradient":""},"tablet":{"background-color":"","background-image":"","background-repeat":"repeat","background-position":"center center","background-size":"auto","background-attachment":"scroll","background-type":"","background-media":"","overlay-type":"","overlay-color":"","overlay-opacity":"","overlay-gradient":""},"mobile":{"background-color":"","background-image":"","background-repeat":"repeat","background-position":"center center","background-size":"auto","background-attachment":"scroll","background-type":"","background-media":"","overlay-type":"","overlay-color":"","overlay-opacity":"","overlay-gradient":""}},"ast-content-background-meta":{"desktop":{"background-color":"var(--ast-global-color-5)","background-image":"","background-repeat":"repeat","background-position":"center center","background-size":"auto","background-attachment":"scroll","background-type":"","background-media":"","overlay-type":"","overlay-color":"","overlay-opacity":"","overlay-gradient":""},"tablet":{"background-color":"var(--ast-global-color-5)","background-image":"","background-repeat":"repeat","background-position":"center center","background-size":"auto","background-attachment":"scroll","background-type":"","background-media":"","overlay-type":"","overlay-color":"","overlay-opacity":"","overlay-gradient":""},"mobile":{"background-color":"var(--ast-global-color-5)","background-image":"","background-repeat":"repeat","background-position":"center center","background-size":"auto","background-attachment":"scroll","background-type":"","background-media":"","overlay-type":"","overlay-color":"","overlay-opacity":"","overlay-gradient":""}},"footnotes":""},"categories":[343,76,375,457,29],"tags":[],"class_list":["post-22233","post","type-post","status-publish","format-standard","has-post-thumbnail","hentry","category-activitats-comarca","category-agenda","category-jornades","category-musica","category-portada"],"post_mailing_queue_ids":[],"_links":{"self":[{"href":"https:\/\/serveiseducatius.xtec.cat\/baixpenedes\/wp-json\/wp\/v2\/posts\/22233","targetHints":{"allow":["GET"]}}],"collection":[{"href":"https:\/\/serveiseducatius.xtec.cat\/baixpenedes\/wp-json\/wp\/v2\/posts"}],"about":[{"href":"https:\/\/serveiseducatius.xtec.cat\/baixpenedes\/wp-json\/wp\/v2\/types\/post"}],"author":[{"embeddable":true,"href":"https:\/\/serveiseducatius.xtec.cat\/baixpenedes\/wp-json\/wp\/v2\/users\/7"}],"replies":[{"embeddable":true,"href":"https:\/\/serveiseducatius.xtec.cat\/baixpenedes\/wp-json\/wp\/v2\/comments?post=22233"}],"version-history":[{"count":3,"href":"https:\/\/serveiseducatius.xtec.cat\/baixpenedes\/wp-json\/wp\/v2\/posts\/22233\/revisions"}],"predecessor-version":[{"id":22557,"href":"https:\/\/serveiseducatius.xtec.cat\/baixpenedes\/wp-json\/wp\/v2\/posts\/22233\/revisions\/22557"}],"wp:featuredmedia":[{"embeddable":true,"href":"https:\/\/serveiseducatius.xtec.cat\/baixpenedes\/wp-json\/wp\/v2\/media\/22236"}],"wp:attachment":[{"href":"https:\/\/serveiseducatius.xtec.cat\/baixpenedes\/wp-json\/wp\/v2\/media?parent=22233"}],"wp:term":[{"taxonomy":"category","embeddable":true,"href":"https:\/\/serveiseducatius.xtec.cat\/baixpenedes\/wp-json\/wp\/v2\/categories?post=22233"},{"taxonomy":"post_tag","embeddable":true,"href":"https:\/\/serveiseducatius.xtec.cat\/baixpenedes\/wp-json\/wp\/v2\/tags?post=22233"}],"curies":[{"name":"wp","href":"https:\/\/api.w.org\/{rel}","templated":true}]}}