{"id":22108,"date":"2026-02-24T08:33:53","date_gmt":"2026-02-24T07:33:53","guid":{"rendered":"https:\/\/serveiseducatius.xtec.cat\/baixpenedes\/?p=22108"},"modified":"2026-03-20T09:17:37","modified_gmt":"2026-03-20T08:17:37","slug":"la-bici-de-la-lola-2","status":"publish","type":"post","link":"https:\/\/serveiseducatius.xtec.cat\/baixpenedes\/xerrades\/portada\/la-bici-de-la-lola-2\/","title":{"rendered":"LA BICI DE LA LOLA"},"content":{"rendered":"<p>Com recordareu, el curs passat va editar-se &#8220;La bici de la Lola&#8221; un <u style=\"font-weight: inherit;\">\u00e0lbum il\u00b7lustrat per abordar les viol\u00e8ncies sexuals amb la inf\u00e0ncia de\u00a0<\/u>l&#8217;Alba Barb\u00e9 i Serra i Laia Pibernat.\u00a0 Aquest projecte ha anat creixent i ofereix suport\u00a0<span style=\"font-size: 16px; font-style: normal; font-weight: 400;\"> a la web que han creat com a eina pedag\u00f2gica i d&#8217;acompanyament per a fam\u00edlies i professionals: <\/span><a style=\"background-color: #ffffff; font-size: 16px; font-style: normal; font-weight: 400;\" href=\"http:\/\/www.labicidelalola.com\/\" target=\"_blank\" rel=\"noopener\" data-saferedirecturl=\"https:\/\/www.google.com\/url?q=http:\/\/www.labicidelalola.com&amp;source=gmail&amp;ust=1772004008557000&amp;usg=AOvVaw0KU7YeFzRdCAvgFBihIpTt\">http:\/\/www.<wbr \/>labicidelalola.com<\/a><\/p>\n<div><\/div>\n<p>En aquesta p\u00e0gina web trobareu tamb\u00e9 \u00a0una guia de suport per a la lectura en coordinaci\u00f3 amb la unitat de suport a l&#8217;Alumnat en situaci\u00f3 de viol\u00e8ncia (USAV) Dep d&#8217;Educaci\u00f3\u00a0 i Formaci\u00f3 proessional.<\/p>\n<p>Pistes, idees i consells sobre com explicar el conte i aprofundir-hi m\u00e9s! tot el que necessiteu per treure tot el suc de la hist\u00f2ria com a recurs per a la prevenci\u00f3 de les viol\u00e8ncies sexuals a la inf\u00e0ncia.<\/p>\n<p>A m\u00e9s a m\u00e9s<b>,ofereixen,\u00a0<\/b> si esteu interessats,\u00a0 una<b>\u00a0formaci\u00f3 en<\/b>\u00a0<b>&#8220;Comunicaci\u00f3 amb els infants i estrat\u00e8gies de prevenci\u00f3 de les viol\u00e8ncies sexuals&#8221;,\u00a0<\/b>a trav\u00e9s del conte, adre\u00e7ades a fam\u00edlies i professionals -claustres i equips t\u00e8cnics.<\/p>\n<div><\/div>\n<div>Des de l&#8217;abril del 2023 estan recorrent el territori catal\u00e0 fent formacions (bressol, prim\u00e0ria, graus, etc.) a trav\u00e9s dels elements que ens brinda la hist\u00f2ria! Tenen diferents formats de formaci\u00f3, o b\u00e9 amb les autores o amb<u>\u00a0il\u00b7lustraci\u00f3 en directe!<\/u> Les autores oferim tamb\u00e9 fan formacions ampliades (2:30h), profunditzant en treball de casos.<\/div>\n<div><\/div>\n<div>Hi ha tota la informaci\u00f3 al document adjunt: <a href=\"https:\/\/serveiseducatius.xtec.cat\/baixpenedes\/wp-content\/uploads\/usu764\/2026\/02\/PRESENTACIONS-labicidelalola.pdf\">PRESENTACIONS labicidelalola<\/a><\/div>\n<div><\/div>\n<div><span style=\"color: #0b5394;\"><b>Tenen dates disponibles d&#8217;abril a desembre del 2026!<\/b><\/span><\/div>\n<div>I ara estan preparant <a href=\"https:\/\/www.eldiariodehuesca.com\/cultura\/la-bici-lola-punto-culminar-pelicula-prevenir-abuso-infantil_41181_102.html\">la pel.l\u00edcula<\/a>!<\/div>\n","protected":false},"excerpt":{"rendered":"<p>Com recordareu, el curs passat va editar-se &#8220;La bici de la Lola&#8221; un \u00e0lbum il\u00b7lustrat per abordar les viol\u00e8ncies sexuals amb la inf\u00e0ncia de\u00a0l&#8217;Alba Barb\u00e9 i Serra i Laia Pibernat.\u00a0 Aquest projecte ha anat creixent i ofereix suport\u00a0 a la web que han creat com a eina pedag\u00f2gica i d&#8217;acompanyament per a fam\u00edlies i professionals: [&hellip;]<\/p>\n","protected":false},"author":7,"featured_media":22110,"comment_status":"open","ping_status":"open","sticky":false,"template":"","format":"standard","meta":{"_bbp_topic_count":0,"_bbp_reply_count":0,"_bbp_total_topic_count":0,"_bbp_total_reply_count":0,"_bbp_voice_count":0,"_bbp_anonymous_reply_count":0,"_bbp_topic_count_hidden":0,"_bbp_reply_count_hidden":0,"_bbp_forum_subforum_count":0,"site-sidebar-layout":"default","site-content-layout":"","ast-site-content-layout":"default","site-content-style":"default","site-sidebar-style":"default","ast-global-header-display":"","ast-banner-title-visibility":"","ast-main-header-display":"","ast-hfb-above-header-display":"","ast-hfb-below-header-display":"","ast-hfb-mobile-header-display":"","site-post-title":"","ast-breadcrumbs-content":"","ast-featured-img":"","footer-sml-layout":"","theme-transparent-header-meta":"default","adv-header-id-meta":"","stick-header-meta":"","header-above-stick-meta":"","header-main-stick-meta":"","header-below-stick-meta":"","astra-migrate-meta-layouts":"set","ast-page-background-enabled":"default","ast-page-background-meta":{"desktop":{"background-color":"var(--ast-global-color-4)","background-image":"","background-repeat":"repeat","background-position":"center center","background-size":"auto","background-attachment":"scroll","background-type":"","background-media":"","overlay-type":"","overlay-color":"","overlay-opacity":"","overlay-gradient":""},"tablet":{"background-color":"","background-image":"","background-repeat":"repeat","background-position":"center center","background-size":"auto","background-attachment":"scroll","background-type":"","background-media":"","overlay-type":"","overlay-color":"","overlay-opacity":"","overlay-gradient":""},"mobile":{"background-color":"","background-image":"","background-repeat":"repeat","background-position":"center center","background-size":"auto","background-attachment":"scroll","background-type":"","background-media":"","overlay-type":"","overlay-color":"","overlay-opacity":"","overlay-gradient":""}},"ast-content-background-meta":{"desktop":{"background-color":"var(--ast-global-color-5)","background-image":"","background-repeat":"repeat","background-position":"center center","background-size":"auto","background-attachment":"scroll","background-type":"","background-media":"","overlay-type":"","overlay-color":"","overlay-opacity":"","overlay-gradient":""},"tablet":{"background-color":"var(--ast-global-color-5)","background-image":"","background-repeat":"repeat","background-position":"center center","background-size":"auto","background-attachment":"scroll","background-type":"","background-media":"","overlay-type":"","overlay-color":"","overlay-opacity":"","overlay-gradient":""},"mobile":{"background-color":"var(--ast-global-color-5)","background-image":"","background-repeat":"repeat","background-position":"center center","background-size":"auto","background-attachment":"scroll","background-type":"","background-media":"","overlay-type":"","overlay-color":"","overlay-opacity":"","overlay-gradient":""}},"footnotes":""},"categories":[546,537,356,427,29,370,203],"tags":[],"class_list":["post-22108","post","type-post","status-publish","format-standard","has-post-thumbnail","hentry","category-el-crp","category-elic-baixpenedes","category-families","category-llengua-catalana","category-portada","category-recursos","category-xerrades"],"post_mailing_queue_ids":[],"_links":{"self":[{"href":"https:\/\/serveiseducatius.xtec.cat\/baixpenedes\/wp-json\/wp\/v2\/posts\/22108","targetHints":{"allow":["GET"]}}],"collection":[{"href":"https:\/\/serveiseducatius.xtec.cat\/baixpenedes\/wp-json\/wp\/v2\/posts"}],"about":[{"href":"https:\/\/serveiseducatius.xtec.cat\/baixpenedes\/wp-json\/wp\/v2\/types\/post"}],"author":[{"embeddable":true,"href":"https:\/\/serveiseducatius.xtec.cat\/baixpenedes\/wp-json\/wp\/v2\/users\/7"}],"replies":[{"embeddable":true,"href":"https:\/\/serveiseducatius.xtec.cat\/baixpenedes\/wp-json\/wp\/v2\/comments?post=22108"}],"version-history":[{"count":2,"href":"https:\/\/serveiseducatius.xtec.cat\/baixpenedes\/wp-json\/wp\/v2\/posts\/22108\/revisions"}],"predecessor-version":[{"id":22496,"href":"https:\/\/serveiseducatius.xtec.cat\/baixpenedes\/wp-json\/wp\/v2\/posts\/22108\/revisions\/22496"}],"wp:featuredmedia":[{"embeddable":true,"href":"https:\/\/serveiseducatius.xtec.cat\/baixpenedes\/wp-json\/wp\/v2\/media\/22110"}],"wp:attachment":[{"href":"https:\/\/serveiseducatius.xtec.cat\/baixpenedes\/wp-json\/wp\/v2\/media?parent=22108"}],"wp:term":[{"taxonomy":"category","embeddable":true,"href":"https:\/\/serveiseducatius.xtec.cat\/baixpenedes\/wp-json\/wp\/v2\/categories?post=22108"},{"taxonomy":"post_tag","embeddable":true,"href":"https:\/\/serveiseducatius.xtec.cat\/baixpenedes\/wp-json\/wp\/v2\/tags?post=22108"}],"curies":[{"name":"wp","href":"https:\/\/api.w.org\/{rel}","templated":true}]}}