{"id":22059,"date":"2026-02-20T09:29:11","date_gmt":"2026-02-20T08:29:11","guid":{"rendered":"https:\/\/serveiseducatius.xtec.cat\/baixpenedes\/?p=22059"},"modified":"2026-02-20T09:29:11","modified_gmt":"2026-02-20T08:29:11","slug":"lego-league-a-lescola-la-parellada","status":"publish","type":"post","link":"https:\/\/serveiseducatius.xtec.cat\/baixpenedes\/xerrades\/portada\/lego-league-a-lescola-la-parellada\/","title":{"rendered":"LEGO LEAGUE A L&#8217;ESCOLA LA PARELLADA"},"content":{"rendered":"<p>Dijous 19 va tenir lloc una fant\u00e0stica exposici\u00f3 dels projectes per a la <a href=\"https:\/\/firstlegoleague.soy\/\">First Lego League<\/a> per part dels alumnes d&#8217;I5 i de 4t de prim\u00e0ria a l&#8217;Escola La Parellada de Santa Oliva. Les propostes compartien una mateixa tem\u00e0tica aprendre del passat treballant la Perhist\u00f2ria i les diferents etapes que la formen, mitjan\u00e7ant la construcci\u00f3 de jaciments arqueol\u00f2gics en diferents ambients mar\u00ed, terrestre, desert&#8230;<\/p>\n<p>Vam acudir responsables de l&#8217;Ajuntament, dels Serveis Territorials al Pened\u00e8s i del CRP del Baix Pened\u00e8s com a\u00a0 jurat a valorar les construccions d&#8217;un alumnat protagonista, completament implicat i participatiu. Cal destacar les presentacions i suports realitzats per ells. Fam\u00edlies i jurat vam gaudir de les explicacions al voltant de les diferents solucions innovadores i detallades, fase a fase, que cada grup havia preparat.<\/p>\n<p>Tots els projectes tenien un enfocament \u00fanic i diferent ple de detalls. Peces en moviment, programaci\u00f3 amb Spike, construccions i personatges realitzant rols diferents omplien les aules d&#8217;I5 i l&#8217;entrada de l&#8217;escola amb 4t de prim\u00e0ria. El treball de l&#8217;alumnat i docents acompanyants quedava pal\u00e8s a l&#8217;hora d&#8217;explicar cadascuna de les funcions i realitats de les seves construccions.<\/p>\n<p>En escoltar-los i veient els seus projectes podem corroborar que ens van mostrar com aprengueren, experimentaren i desenvoluparen les seves habilitats de treball en equip, pensament cr\u00edtic, codificaci\u00f3 i disseny amb el repte d&#8217;enguany <b>. Enhorabona a tots els participants i organitzaci\u00f3 de l&#8217;acte!<\/b><\/p>\n<p><img loading=\"lazy\" decoding=\"async\" class=\"alignnone size-large wp-image-22064\" src=\"https:\/\/serveiseducatius.xtec.cat\/baixpenedes\/wp-content\/uploads\/usu764\/2026\/02\/image-12.png\" alt=\"\" width=\"689\" height=\"320\" srcset=\"https:\/\/serveiseducatius.xtec.cat\/baixpenedes\/wp-content\/uploads\/usu764\/2026\/02\/image-12.png 689w, https:\/\/serveiseducatius.xtec.cat\/baixpenedes\/wp-content\/uploads\/usu764\/2026\/02\/image-12-300x139.png 300w\" sizes=\"auto, (max-width: 689px) 100vw, 689px\" \/> <img loading=\"lazy\" decoding=\"async\" class=\"alignnone size-large wp-image-22065\" src=\"https:\/\/serveiseducatius.xtec.cat\/baixpenedes\/wp-content\/uploads\/usu764\/2026\/02\/image-11-1024x629.png\" alt=\"\" width=\"1024\" height=\"629\" srcset=\"https:\/\/serveiseducatius.xtec.cat\/baixpenedes\/wp-content\/uploads\/usu764\/2026\/02\/image-11-1024x629.png 1024w, https:\/\/serveiseducatius.xtec.cat\/baixpenedes\/wp-content\/uploads\/usu764\/2026\/02\/image-11-300x184.png 300w, https:\/\/serveiseducatius.xtec.cat\/baixpenedes\/wp-content\/uploads\/usu764\/2026\/02\/image-11-768x471.png 768w, https:\/\/serveiseducatius.xtec.cat\/baixpenedes\/wp-content\/uploads\/usu764\/2026\/02\/image-11.png 1225w\" sizes=\"auto, (max-width: 1024px) 100vw, 1024px\" \/> <img loading=\"lazy\" decoding=\"async\" class=\"alignnone size-large wp-image-22066\" src=\"https:\/\/serveiseducatius.xtec.cat\/baixpenedes\/wp-content\/uploads\/usu764\/2026\/02\/image-10.png\" alt=\"\" width=\"388\" height=\"502\" srcset=\"https:\/\/serveiseducatius.xtec.cat\/baixpenedes\/wp-content\/uploads\/usu764\/2026\/02\/image-10.png 388w, https:\/\/serveiseducatius.xtec.cat\/baixpenedes\/wp-content\/uploads\/usu764\/2026\/02\/image-10-232x300.png 232w\" sizes=\"auto, (max-width: 388px) 100vw, 388px\" \/> <img loading=\"lazy\" decoding=\"async\" class=\"alignnone size-large wp-image-22067\" src=\"https:\/\/serveiseducatius.xtec.cat\/baixpenedes\/wp-content\/uploads\/usu764\/2026\/02\/image-9.png\" alt=\"\" width=\"944\" height=\"474\" srcset=\"https:\/\/serveiseducatius.xtec.cat\/baixpenedes\/wp-content\/uploads\/usu764\/2026\/02\/image-9.png 944w, https:\/\/serveiseducatius.xtec.cat\/baixpenedes\/wp-content\/uploads\/usu764\/2026\/02\/image-9-300x151.png 300w, https:\/\/serveiseducatius.xtec.cat\/baixpenedes\/wp-content\/uploads\/usu764\/2026\/02\/image-9-768x386.png 768w\" sizes=\"auto, (max-width: 944px) 100vw, 944px\" \/> <img loading=\"lazy\" decoding=\"async\" class=\"alignnone size-large wp-image-22068\" src=\"https:\/\/serveiseducatius.xtec.cat\/baixpenedes\/wp-content\/uploads\/usu764\/2026\/02\/image-8.png\" alt=\"\" width=\"857\" height=\"460\" srcset=\"https:\/\/serveiseducatius.xtec.cat\/baixpenedes\/wp-content\/uploads\/usu764\/2026\/02\/image-8.png 857w, https:\/\/serveiseducatius.xtec.cat\/baixpenedes\/wp-content\/uploads\/usu764\/2026\/02\/image-8-300x161.png 300w, https:\/\/serveiseducatius.xtec.cat\/baixpenedes\/wp-content\/uploads\/usu764\/2026\/02\/image-8-768x412.png 768w\" sizes=\"auto, (max-width: 857px) 100vw, 857px\" \/> <img loading=\"lazy\" decoding=\"async\" class=\"alignnone size-large wp-image-22069\" src=\"https:\/\/serveiseducatius.xtec.cat\/baixpenedes\/wp-content\/uploads\/usu764\/2026\/02\/image-7.png\" alt=\"\" width=\"702\" height=\"474\" srcset=\"https:\/\/serveiseducatius.xtec.cat\/baixpenedes\/wp-content\/uploads\/usu764\/2026\/02\/image-7.png 702w, https:\/\/serveiseducatius.xtec.cat\/baixpenedes\/wp-content\/uploads\/usu764\/2026\/02\/image-7-300x203.png 300w\" sizes=\"auto, (max-width: 702px) 100vw, 702px\" \/> <img loading=\"lazy\" decoding=\"async\" class=\"alignnone size-large wp-image-22070\" src=\"https:\/\/serveiseducatius.xtec.cat\/baixpenedes\/wp-content\/uploads\/usu764\/2026\/02\/image-6.png\" alt=\"\" width=\"406\" height=\"586\" srcset=\"https:\/\/serveiseducatius.xtec.cat\/baixpenedes\/wp-content\/uploads\/usu764\/2026\/02\/image-6.png 406w, https:\/\/serveiseducatius.xtec.cat\/baixpenedes\/wp-content\/uploads\/usu764\/2026\/02\/image-6-208x300.png 208w\" sizes=\"auto, (max-width: 406px) 100vw, 406px\" \/> <img loading=\"lazy\" decoding=\"async\" class=\"alignnone size-large wp-image-22071\" src=\"https:\/\/serveiseducatius.xtec.cat\/baixpenedes\/wp-content\/uploads\/usu764\/2026\/02\/image-5.png\" alt=\"\" width=\"689\" height=\"430\" srcset=\"https:\/\/serveiseducatius.xtec.cat\/baixpenedes\/wp-content\/uploads\/usu764\/2026\/02\/image-5.png 689w, https:\/\/serveiseducatius.xtec.cat\/baixpenedes\/wp-content\/uploads\/usu764\/2026\/02\/image-5-300x187.png 300w\" sizes=\"auto, (max-width: 689px) 100vw, 689px\" \/><\/p>\n<p><img loading=\"lazy\" decoding=\"async\" class=\"alignnone size-large wp-image-22072\" src=\"https:\/\/serveiseducatius.xtec.cat\/baixpenedes\/wp-content\/uploads\/usu764\/2026\/02\/image-4.png\" alt=\"\" width=\"689\" height=\"366\" srcset=\"https:\/\/serveiseducatius.xtec.cat\/baixpenedes\/wp-content\/uploads\/usu764\/2026\/02\/image-4.png 689w, https:\/\/serveiseducatius.xtec.cat\/baixpenedes\/wp-content\/uploads\/usu764\/2026\/02\/image-4-300x159.png 300w\" sizes=\"auto, (max-width: 689px) 100vw, 689px\" \/><\/p>\n<p><img loading=\"lazy\" decoding=\"async\" class=\"alignnone size-large wp-image-22073\" src=\"https:\/\/serveiseducatius.xtec.cat\/baixpenedes\/wp-content\/uploads\/usu764\/2026\/02\/image-3.png\" alt=\"\" width=\"689\" height=\"395\" srcset=\"https:\/\/serveiseducatius.xtec.cat\/baixpenedes\/wp-content\/uploads\/usu764\/2026\/02\/image-3.png 689w, https:\/\/serveiseducatius.xtec.cat\/baixpenedes\/wp-content\/uploads\/usu764\/2026\/02\/image-3-300x172.png 300w\" sizes=\"auto, (max-width: 689px) 100vw, 689px\" \/><\/p>\n","protected":false},"excerpt":{"rendered":"<p>Dijous 19 va tenir lloc una fant\u00e0stica exposici\u00f3 dels projectes per a la First Lego League per part dels alumnes d&#8217;I5 i de 4t de prim\u00e0ria a l&#8217;Escola La Parellada de Santa Oliva. Les propostes compartien una mateixa tem\u00e0tica aprendre del passat treballant la Perhist\u00f2ria i les diferents etapes que la formen, mitjan\u00e7ant la construcci\u00f3 [&hellip;]<\/p>\n","protected":false},"author":7,"featured_media":22060,"comment_status":"open","ping_status":"open","sticky":false,"template":"","format":"standard","meta":{"_bbp_topic_count":0,"_bbp_reply_count":0,"_bbp_total_topic_count":0,"_bbp_total_reply_count":0,"_bbp_voice_count":0,"_bbp_anonymous_reply_count":0,"_bbp_topic_count_hidden":0,"_bbp_reply_count_hidden":0,"_bbp_forum_subforum_count":0,"site-sidebar-layout":"default","site-content-layout":"","ast-site-content-layout":"default","site-content-style":"default","site-sidebar-style":"default","ast-global-header-display":"","ast-banner-title-visibility":"","ast-main-header-display":"","ast-hfb-above-header-display":"","ast-hfb-below-header-display":"","ast-hfb-mobile-header-display":"","site-post-title":"","ast-breadcrumbs-content":"","ast-featured-img":"","footer-sml-layout":"","theme-transparent-header-meta":"default","adv-header-id-meta":"","stick-header-meta":"","header-above-stick-meta":"","header-main-stick-meta":"","header-below-stick-meta":"","astra-migrate-meta-layouts":"set","ast-page-background-enabled":"default","ast-page-background-meta":{"desktop":{"background-color":"var(--ast-global-color-4)","background-image":"","background-repeat":"repeat","background-position":"center center","background-size":"auto","background-attachment":"scroll","background-type":"","background-media":"","overlay-type":"","overlay-color":"","overlay-opacity":"","overlay-gradient":""},"tablet":{"background-color":"","background-image":"","background-repeat":"repeat","background-position":"center center","background-size":"auto","background-attachment":"scroll","background-type":"","background-media":"","overlay-type":"","overlay-color":"","overlay-opacity":"","overlay-gradient":""},"mobile":{"background-color":"","background-image":"","background-repeat":"repeat","background-position":"center center","background-size":"auto","background-attachment":"scroll","background-type":"","background-media":"","overlay-type":"","overlay-color":"","overlay-opacity":"","overlay-gradient":""}},"ast-content-background-meta":{"desktop":{"background-color":"var(--ast-global-color-5)","background-image":"","background-repeat":"repeat","background-position":"center center","background-size":"auto","background-attachment":"scroll","background-type":"","background-media":"","overlay-type":"","overlay-color":"","overlay-opacity":"","overlay-gradient":""},"tablet":{"background-color":"var(--ast-global-color-5)","background-image":"","background-repeat":"repeat","background-position":"center center","background-size":"auto","background-attachment":"scroll","background-type":"","background-media":"","overlay-type":"","overlay-color":"","overlay-opacity":"","overlay-gradient":""},"mobile":{"background-color":"var(--ast-global-color-5)","background-image":"","background-repeat":"repeat","background-position":"center center","background-size":"auto","background-attachment":"scroll","background-type":"","background-media":"","overlay-type":"","overlay-color":"","overlay-opacity":"","overlay-gradient":""}},"footnotes":""},"categories":[262,531,459,29,529,272,521,468],"tags":[],"class_list":["post-22059","post","type-post","status-publish","format-standard","has-post-thumbnail","hentry","category-activitats-dels-centres","category-innovacio","category-penedes","category-portada","category-primaria","category-robotica","category-steam","category-xtcd"],"post_mailing_queue_ids":[],"_links":{"self":[{"href":"https:\/\/serveiseducatius.xtec.cat\/baixpenedes\/wp-json\/wp\/v2\/posts\/22059","targetHints":{"allow":["GET"]}}],"collection":[{"href":"https:\/\/serveiseducatius.xtec.cat\/baixpenedes\/wp-json\/wp\/v2\/posts"}],"about":[{"href":"https:\/\/serveiseducatius.xtec.cat\/baixpenedes\/wp-json\/wp\/v2\/types\/post"}],"author":[{"embeddable":true,"href":"https:\/\/serveiseducatius.xtec.cat\/baixpenedes\/wp-json\/wp\/v2\/users\/7"}],"replies":[{"embeddable":true,"href":"https:\/\/serveiseducatius.xtec.cat\/baixpenedes\/wp-json\/wp\/v2\/comments?post=22059"}],"version-history":[{"count":1,"href":"https:\/\/serveiseducatius.xtec.cat\/baixpenedes\/wp-json\/wp\/v2\/posts\/22059\/revisions"}],"predecessor-version":[{"id":22074,"href":"https:\/\/serveiseducatius.xtec.cat\/baixpenedes\/wp-json\/wp\/v2\/posts\/22059\/revisions\/22074"}],"wp:featuredmedia":[{"embeddable":true,"href":"https:\/\/serveiseducatius.xtec.cat\/baixpenedes\/wp-json\/wp\/v2\/media\/22060"}],"wp:attachment":[{"href":"https:\/\/serveiseducatius.xtec.cat\/baixpenedes\/wp-json\/wp\/v2\/media?parent=22059"}],"wp:term":[{"taxonomy":"category","embeddable":true,"href":"https:\/\/serveiseducatius.xtec.cat\/baixpenedes\/wp-json\/wp\/v2\/categories?post=22059"},{"taxonomy":"post_tag","embeddable":true,"href":"https:\/\/serveiseducatius.xtec.cat\/baixpenedes\/wp-json\/wp\/v2\/tags?post=22059"}],"curies":[{"name":"wp","href":"https:\/\/api.w.org\/{rel}","templated":true}]}}