{"id":21980,"date":"2026-02-09T09:32:18","date_gmt":"2026-02-09T08:32:18","guid":{"rendered":"https:\/\/serveiseducatius.xtec.cat\/baixpenedes\/?p=21980"},"modified":"2026-02-09T09:32:18","modified_gmt":"2026-02-09T08:32:18","slug":"butlleti-escoles-verdes-6","status":"publish","type":"post","link":"https:\/\/serveiseducatius.xtec.cat\/baixpenedes\/xerrades\/portada\/butlleti-escoles-verdes-6\/","title":{"rendered":"BUTLLET\u00cd ESCOLES VERDES"},"content":{"rendered":"<p><em>&#8220;L&#8217;educaci\u00f3 ambiental no canvia el m\u00f3n, canvia les persones que canviaran el m\u00f3n&#8221;<\/em><\/p>\n<p>Paulo Freire &#8211; pedagog.<\/p>\n<table style=\"width: 100%;\" border=\"0\" width=\"100%\" cellspacing=\"0\" cellpadding=\"0\" bgcolor=\"#ffffff\">\n<tbody>\n<tr>\n<td style=\"width: 99.9265%;\"><a href=\"https:\/\/butlletins.gencat.cat\/pres_push\/AppJava\/TRD?trd_sec=NTXXxBtH3Yo58GbPWWf6s5kmwsteAD3BegyJJ4NWsc8=rMopq9Hxb+M0hDbAlsVBfg==PykT6LKyL\/5gewP+DWvIZGs4HUy4uA2RuwMszzxXfxA===o1z1mghuqGyA7FQ863uwGA==o7LxL0srypeVdabnra6vKO3wvAGJgfy5aTaXdVxnOa\/NwzptsS1lLjZAuiBYkGIfYiGhplpo+wg05hlyaeDuLpheU6JpJL+4yq2ewyLQvxW1XVoSwel3aXLxj\/1seMRyQv44d3018+jzwN+SIk6Pk\/TXCH6aMyFgMeqRB536ukk=\" target=\"_blank\" rel=\"noopener\" aria-label=\"Aquest enlla\u00e7 surt fora de la p\u00e0gina actual\" data-saferedirecturl=\"https:\/\/www.google.com\/url?q=https:\/\/butlletins.gencat.cat\/pres_push\/AppJava\/TRD?trd_sec%3DNTXXxBtH3Yo58GbPWWf6s5kmwsteAD3BegyJJ4NWsc8%3DrMopq9Hxb%2BM0hDbAlsVBfg%3D%3DPykT6LKyL\/5gewP%2BDWvIZGs4HUy4uA2RuwMszzxXfxA%3D%3D%3Do1z1mghuqGyA7FQ863uwGA%3D%3Do7LxL0srypeVdabnra6vKO3wvAGJgfy5aTaXdVxnOa\/NwzptsS1lLjZAuiBYkGIfYiGhplpo%2Bwg05hlyaeDuLpheU6JpJL%2B4yq2ewyLQvxW1XVoSwel3aXLxj\/1seMRyQv44d3018%2BjzwN%2BSIk6Pk\/TXCH6aMyFgMeqRB536ukk%3D&amp;source=gmail&amp;ust=1770708935652000&amp;usg=AOvVaw1YcxRB4_gM_FGJaD9fdFMH\">Resum projecte Jardins de Papallones 2025<\/a><\/td>\n<\/tr>\n<tr>\n<td style=\"width: 99.9265%;\" height=\"25\"><a href=\"https:\/\/butlletins.gencat.cat\/pres_push\/AppJava\/TRD?trd_sec=NTXXxBtH3Yo58GbPWWf6s5kmwsteAD3BegyJJ4NWsc8=rMopq9Hxb+M0hDbAlsVBfg==PykT6LKyL\/5gewP+DWvIZGs4HUy4uA2RuwMszzxXfxA===o1z1mghuqGyA7FQ863uwGA==o7LxL0srypeVdabnra6vKO3wvAGJgfy5aTaXdVxnOa\/NwzptsS1lLjZAuiBYkGIfYiGhplpo+wg05hlyaeDuLpheU6JpJL+4yq2ewyLQvxW1XVoSwel3aXLxj\/1seMRyQv44d3018+jzwN+SIk6Pk\/TXCH6aMyFgMeqRB536ukk=\" target=\"_blank\" rel=\"noopener\" aria-label=\"Resum projecte Jardins de Papallones 2025. Aquest enlla\u00e7 surt fora de la p\u00e0gina actual\" data-saferedirecturl=\"https:\/\/www.google.com\/url?q=https:\/\/butlletins.gencat.cat\/pres_push\/AppJava\/TRD?trd_sec%3DNTXXxBtH3Yo58GbPWWf6s5kmwsteAD3BegyJJ4NWsc8%3DrMopq9Hxb%2BM0hDbAlsVBfg%3D%3DPykT6LKyL\/5gewP%2BDWvIZGs4HUy4uA2RuwMszzxXfxA%3D%3D%3Do1z1mghuqGyA7FQ863uwGA%3D%3Do7LxL0srypeVdabnra6vKO3wvAGJgfy5aTaXdVxnOa\/NwzptsS1lLjZAuiBYkGIfYiGhplpo%2Bwg05hlyaeDuLpheU6JpJL%2B4yq2ewyLQvxW1XVoSwel3aXLxj\/1seMRyQv44d3018%2BjzwN%2BSIk6Pk\/TXCH6aMyFgMeqRB536ukk%3D&amp;source=gmail&amp;ust=1770708935652000&amp;usg=AOvVaw1YcxRB4_gM_FGJaD9fdFMH\">Llegiu-ne m\u00e9s<\/a><\/td>\n<\/tr>\n<\/tbody>\n<\/table>\n<table border=\"0\" cellspacing=\"0\" cellpadding=\"0\">\n<tbody>\n<tr>\n<td><a href=\"https:\/\/butlletins.gencat.cat\/pres_push\/AppJava\/TRD?trd_sec=NTXXxBtH3Yo58GbPWWf6s5kmwsteAD3BegyJJ4NWsc8=rMopq9Hxb+M0hDbAlsVBfg==PykT6LKyL\/5gewP+DWvIZGs4HUy4uA2RuwMszzxXfxA===o1z1mghuqGyA7FQ863uwGA==o7LxL0srypeVdabnra6vKB0j\/O5pv1LlvEf36wWlTMyg65v0dYwMgvjeCZI4aqUr3jfj9OQ\/9a3cDkLEHdkVfl+VQ1k04yPV6rINkeDGF51bpCQbomneZ4VfVQ3TDIILRX+YM98eXjuBcDKK\/QSNTgHCTXdtuEeml68KQ0G\/tWueeTXtSSzEGDexn+wOrP8O+\/oewE9dC4WO7f6RJnqW4344kJ\/1ViTH0+inyKpKCmE=\" target=\"_blank\" rel=\"noopener\" aria-label=\"El CSIC i l'ICM-CSIC acomiaden Josefina Castellv\u00ed, la gran pionera de l'Ant\u00e0rtida i l'oceanografia Aquest enlla\u00e7 surt fora de la p\u00e0gina actual\" data-saferedirecturl=\"https:\/\/www.google.com\/url?q=https:\/\/butlletins.gencat.cat\/pres_push\/AppJava\/TRD?trd_sec%3DNTXXxBtH3Yo58GbPWWf6s5kmwsteAD3BegyJJ4NWsc8%3DrMopq9Hxb%2BM0hDbAlsVBfg%3D%3DPykT6LKyL\/5gewP%2BDWvIZGs4HUy4uA2RuwMszzxXfxA%3D%3D%3Do1z1mghuqGyA7FQ863uwGA%3D%3Do7LxL0srypeVdabnra6vKB0j\/O5pv1LlvEf36wWlTMyg65v0dYwMgvjeCZI4aqUr3jfj9OQ\/9a3cDkLEHdkVfl%2BVQ1k04yPV6rINkeDGF51bpCQbomneZ4VfVQ3TDIILRX%2BYM98eXjuBcDKK\/QSNTgHCTXdtuEeml68KQ0G\/tWueeTXtSSzEGDexn%2BwOrP8O%2B\/oewE9dC4WO7f6RJnqW4344kJ\/1ViTH0%2BinyKpKCmE%3D&amp;source=gmail&amp;ust=1770708935652000&amp;usg=AOvVaw1J4xsM7aLPuMwvplh8bg3a\">El CSIC i l&#8217;ICM-CSIC acomiaden Josefina Castellv\u00ed, la gran pionera de l&#8217;Ant\u00e0rtida i l&#8217;oceanografia<\/a><\/td>\n<\/tr>\n<tr>\n<td>La investigadora barcelonina ha mort deixant un llegat inesborrable en l&#8217;\u00e0mbit de la ci\u00e8ncia marina. Josefina Castellv\u00ed va esdevenir un referent \u00e8tic i cient\u00edfic per la instituci\u00f3, i la seva passi\u00f3 per l&#8217;estudi i el seu comprom\u00eds amb la divulgaci\u00f3 han marcat un abans i un despr\u00e9s en la manera com entenem el paper de la dona en la recerca d&#8217;elit.<\/td>\n<\/tr>\n<tr>\n<td>\n<table border=\"0\" cellspacing=\"0\" cellpadding=\"0\" bgcolor=\"#c2c327 \">\n<tbody>\n<tr>\n<td height=\"25\"><a href=\"https:\/\/butlletins.gencat.cat\/pres_push\/AppJava\/TRD?trd_sec=NTXXxBtH3Yo58GbPWWf6s5kmwsteAD3BegyJJ4NWsc8=rMopq9Hxb+M0hDbAlsVBfg==PykT6LKyL\/5gewP+DWvIZGs4HUy4uA2RuwMszzxXfxA===o1z1mghuqGyA7FQ863uwGA==o7LxL0srypeVdabnra6vKB0j\/O5pv1LlvEf36wWlTMyg65v0dYwMgvjeCZI4aqUr3jfj9OQ\/9a3cDkLEHdkVfl+VQ1k04yPV6rINkeDGF51bpCQbomneZ4VfVQ3TDIILRX+YM98eXjuBcDKK\/QSNTgHCTXdtuEeml68KQ0G\/tWueeTXtSSzEGDexn+wOrP8O+\/oewE9dC4WO7f6RJnqW4344kJ\/1ViTH0+inyKpKCmE=\" target=\"_blank\" rel=\"noopener\" aria-label=\"Llegiu-ne m\u00e9s El CSIC i l'ICM-CSIC acomiaden Josefina Castellv\u00ed, la gran pionera de l'Ant\u00e0rtida i l'oceanografia. Aquest enlla\u00e7 surt fora de la p\u00e0gina actual\" data-saferedirecturl=\"https:\/\/www.google.com\/url?q=https:\/\/butlletins.gencat.cat\/pres_push\/AppJava\/TRD?trd_sec%3DNTXXxBtH3Yo58GbPWWf6s5kmwsteAD3BegyJJ4NWsc8%3DrMopq9Hxb%2BM0hDbAlsVBfg%3D%3DPykT6LKyL\/5gewP%2BDWvIZGs4HUy4uA2RuwMszzxXfxA%3D%3D%3Do1z1mghuqGyA7FQ863uwGA%3D%3Do7LxL0srypeVdabnra6vKB0j\/O5pv1LlvEf36wWlTMyg65v0dYwMgvjeCZI4aqUr3jfj9OQ\/9a3cDkLEHdkVfl%2BVQ1k04yPV6rINkeDGF51bpCQbomneZ4VfVQ3TDIILRX%2BYM98eXjuBcDKK\/QSNTgHCTXdtuEeml68KQ0G\/tWueeTXtSSzEGDexn%2BwOrP8O%2B\/oewE9dC4WO7f6RJnqW4344kJ\/1ViTH0%2BinyKpKCmE%3D&amp;source=gmail&amp;ust=1770708935653000&amp;usg=AOvVaw2_Iwyl2ib6lg0delhkRQ-H\">Llegiu-ne m\u00e9<\/a>s<\/td>\n<\/tr>\n<\/tbody>\n<\/table>\n<\/td>\n<\/tr>\n<\/tbody>\n<\/table>\n<table border=\"0\" cellspacing=\"0\" cellpadding=\"0\">\n<tbody>\n<tr>\n<td><a href=\"https:\/\/butlletins.gencat.cat\/pres_push\/AppJava\/TRD?trd_sec=NTXXxBtH3Yo58GbPWWf6s5kmwsteAD3BegyJJ4NWsc8=rMopq9Hxb+M0hDbAlsVBfg==PykT6LKyL\/5gewP+DWvIZGs4HUy4uA2RuwMszzxXfxA===o1z1mghuqGyA7FQ863uwGA==o7LxL0srypeVdabnra6vKHD9o\/layEknaO79zv3tWVODfL0urI1IL9434Yvigqum5tJqh1p5LiI8Sk5IZJmhkOb4A7gKEO3EuikAOGGknsWiOHOWrD6U\/fS5yDa5AZnQ8j1BWp7h2DrVxQSNQAGSmA==\" target=\"_blank\" rel=\"noopener\" aria-label=\"L'hora verda, connectem amb l'hivern Aquest enlla\u00e7 surt fora de la p\u00e0gina actual\" data-saferedirecturl=\"https:\/\/www.google.com\/url?q=https:\/\/butlletins.gencat.cat\/pres_push\/AppJava\/TRD?trd_sec%3DNTXXxBtH3Yo58GbPWWf6s5kmwsteAD3BegyJJ4NWsc8%3DrMopq9Hxb%2BM0hDbAlsVBfg%3D%3DPykT6LKyL\/5gewP%2BDWvIZGs4HUy4uA2RuwMszzxXfxA%3D%3D%3Do1z1mghuqGyA7FQ863uwGA%3D%3Do7LxL0srypeVdabnra6vKHD9o\/layEknaO79zv3tWVODfL0urI1IL9434Yvigqum5tJqh1p5LiI8Sk5IZJmhkOb4A7gKEO3EuikAOGGknsWiOHOWrD6U\/fS5yDa5AZnQ8j1BWp7h2DrVxQSNQAGSmA%3D%3D&amp;source=gmail&amp;ust=1770711736134000&amp;usg=AOvVaw3_TMqgtOoxGwKWLXxhGfyy\">L&#8217;hora verda, connectem amb l&#8217;hivern<\/a><\/td>\n<\/tr>\n<tr>\n<td>El 24 de febrer tindr\u00e0 lloc el segon webinar de l&#8217;Hora Verda adre\u00e7at a docents de prim\u00e0ria i secund\u00e0ria. Aquesta edici\u00f3 tractar\u00e0 sobre l&#8217;hivern i tindr\u00e0 com a protagonistes l&#8217;alta muntanya, les adaptacions de la fauna al fred i els ecosistemes \u00c0rtic i Ant\u00e0rtic, tot seguint les tem\u00e0tiques transversals del canvi clim\u00e0tic i la biodiversitat.<\/td>\n<\/tr>\n<tr>\n<td>\n<table border=\"0\" cellspacing=\"0\" cellpadding=\"0\" bgcolor=\"#c2c327 \">\n<tbody>\n<tr>\n<td height=\"25\"><a href=\"https:\/\/butlletins.gencat.cat\/pres_push\/AppJava\/TRD?trd_sec=NTXXxBtH3Yo58GbPWWf6s5kmwsteAD3BegyJJ4NWsc8=rMopq9Hxb+M0hDbAlsVBfg==PykT6LKyL\/5gewP+DWvIZGs4HUy4uA2RuwMszzxXfxA===o1z1mghuqGyA7FQ863uwGA==o7LxL0srypeVdabnra6vKHD9o\/layEknaO79zv3tWVODfL0urI1IL9434Yvigqum5tJqh1p5LiI8Sk5IZJmhkOb4A7gKEO3EuikAOGGknsWiOHOWrD6U\/fS5yDa5AZnQ8j1BWp7h2DrVxQSNQAGSmA==\" target=\"_blank\" rel=\"noopener\" aria-label=\"Llegiu-ne m\u00e9s L'hora verda, connectem amb l'hivern. Aquest enlla\u00e7 surt fora de la p\u00e0gina actual\" data-saferedirecturl=\"https:\/\/www.google.com\/url?q=https:\/\/butlletins.gencat.cat\/pres_push\/AppJava\/TRD?trd_sec%3DNTXXxBtH3Yo58GbPWWf6s5kmwsteAD3BegyJJ4NWsc8%3DrMopq9Hxb%2BM0hDbAlsVBfg%3D%3DPykT6LKyL\/5gewP%2BDWvIZGs4HUy4uA2RuwMszzxXfxA%3D%3D%3Do1z1mghuqGyA7FQ863uwGA%3D%3Do7LxL0srypeVdabnra6vKHD9o\/layEknaO79zv3tWVODfL0urI1IL9434Yvigqum5tJqh1p5LiI8Sk5IZJmhkOb4A7gKEO3EuikAOGGknsWiOHOWrD6U\/fS5yDa5AZnQ8j1BWp7h2DrVxQSNQAGSmA%3D%3D&amp;source=gmail&amp;ust=1770711736134000&amp;usg=AOvVaw3_TMqgtOoxGwKWLXxhGfyy\">Llegiu-ne m\u00e9s<\/a><\/td>\n<\/tr>\n<\/tbody>\n<\/table>\n<\/td>\n<\/tr>\n<\/tbody>\n<\/table>\n<table border=\"0\" cellspacing=\"0\" cellpadding=\"0\">\n<tbody>\n<tr>\n<td><a href=\"https:\/\/butlletins.gencat.cat\/pres_push\/AppJava\/TRD?trd_sec=NTXXxBtH3Yo58GbPWWf6s5kmwsteAD3BegyJJ4NWsc8=rMopq9Hxb+M0hDbAlsVBfg==PykT6LKyL\/5gewP+DWvIZGs4HUy4uA2RuwMszzxXfxA===o1z1mghuqGyA7FQ863uwGA==o7LxL0srypeVdabnra6vKJ4bvTaP2FdZ+8e3t8efiAiCmdznueBHozg+dTLYB83cyCf8ueLrtJm7FUoZfAXcegy4j\/pd8ghVT+45bzwcGcGmhIwXP4S1p7yx0vhO3LThlvLq+d1vu+\/ilSwu2NZgxyaSm31heMJmoA1vNV1FiH0f6eodijNtj87SjkPLA52UuvE\/2OI0qqgE7\/9dNk66Xz\/NU1lf03s+jziV+2+07KsJ3FcGJgFp7eRstOAYuDyS6aimXSIrgKJ167zvwOWVA8GIUfQvGmFV0pZ2Xa9G4tU=\" target=\"_blank\" rel=\"noopener\" aria-label=\"Formaci\u00f3 sobre el projecte Jard\u00ed de Papallones Aquest enlla\u00e7 surt fora de la p\u00e0gina actual\" data-saferedirecturl=\"https:\/\/www.google.com\/url?q=https:\/\/butlletins.gencat.cat\/pres_push\/AppJava\/TRD?trd_sec%3DNTXXxBtH3Yo58GbPWWf6s5kmwsteAD3BegyJJ4NWsc8%3DrMopq9Hxb%2BM0hDbAlsVBfg%3D%3DPykT6LKyL\/5gewP%2BDWvIZGs4HUy4uA2RuwMszzxXfxA%3D%3D%3Do1z1mghuqGyA7FQ863uwGA%3D%3Do7LxL0srypeVdabnra6vKJ4bvTaP2FdZ%2B8e3t8efiAiCmdznueBHozg%2BdTLYB83cyCf8ueLrtJm7FUoZfAXcegy4j\/pd8ghVT%2B45bzwcGcGmhIwXP4S1p7yx0vhO3LThlvLq%2Bd1vu%2B\/ilSwu2NZgxyaSm31heMJmoA1vNV1FiH0f6eodijNtj87SjkPLA52UuvE\/2OI0qqgE7\/9dNk66Xz\/NU1lf03s%2BjziV%2B2%2B07KsJ3FcGJgFp7eRstOAYuDyS6aimXSIrgKJ167zvwOWVA8GIUfQvGmFV0pZ2Xa9G4tU%3D&amp;source=gmail&amp;ust=1770711736135000&amp;usg=AOvVaw3upR-GT_vHXzCHYblashYl\">Formaci\u00f3 sobre el projecte Jard\u00ed de Papallones<\/a><\/td>\n<\/tr>\n<tr>\n<td>Aquesta formaci\u00f3 t&#8217;ajudar\u00e0 a iniciar el projecte Jardins de Papallones al teu centre educatiu. Aprendrem qu\u00e8 podem fer des de l&#8217;escola per afavorir la poblaci\u00f3 de papallones i per qu\u00e8 \u00e9s important. Durem a terme diverses tasques que aniran des de crear un jard\u00ed al centre fins a participar en el seguiment amb eines de ci\u00e8ncia ciutadana.<\/td>\n<\/tr>\n<tr>\n<td>\n<table border=\"0\" cellspacing=\"0\" cellpadding=\"0\" bgcolor=\"#c2c327 \">\n<tbody>\n<tr>\n<td height=\"25\"><a href=\"https:\/\/butlletins.gencat.cat\/pres_push\/AppJava\/TRD?trd_sec=NTXXxBtH3Yo58GbPWWf6s5kmwsteAD3BegyJJ4NWsc8=rMopq9Hxb+M0hDbAlsVBfg==PykT6LKyL\/5gewP+DWvIZGs4HUy4uA2RuwMszzxXfxA===o1z1mghuqGyA7FQ863uwGA==o7LxL0srypeVdabnra6vKJ4bvTaP2FdZ+8e3t8efiAiCmdznueBHozg+dTLYB83cyCf8ueLrtJm7FUoZfAXcegy4j\/pd8ghVT+45bzwcGcGmhIwXP4S1p7yx0vhO3LThlvLq+d1vu+\/ilSwu2NZgxyaSm31heMJmoA1vNV1FiH0f6eodijNtj87SjkPLA52UuvE\/2OI0qqgE7\/9dNk66Xz\/NU1lf03s+jziV+2+07KsJ3FcGJgFp7eRstOAYuDyS6aimXSIrgKJ167zvwOWVA8GIUfQvGmFV0pZ2Xa9G4tU=\" target=\"_blank\" rel=\"noopener\" aria-label=\"Llegiu-ne m\u00e9s Formaci\u00f3 sobre el projecte Jard\u00ed de Papallones. Aquest enlla\u00e7 surt fora de la p\u00e0gina actual\" data-saferedirecturl=\"https:\/\/www.google.com\/url?q=https:\/\/butlletins.gencat.cat\/pres_push\/AppJava\/TRD?trd_sec%3DNTXXxBtH3Yo58GbPWWf6s5kmwsteAD3BegyJJ4NWsc8%3DrMopq9Hxb%2BM0hDbAlsVBfg%3D%3DPykT6LKyL\/5gewP%2BDWvIZGs4HUy4uA2RuwMszzxXfxA%3D%3D%3Do1z1mghuqGyA7FQ863uwGA%3D%3Do7LxL0srypeVdabnra6vKJ4bvTaP2FdZ%2B8e3t8efiAiCmdznueBHozg%2BdTLYB83cyCf8ueLrtJm7FUoZfAXcegy4j\/pd8ghVT%2B45bzwcGcGmhIwXP4S1p7yx0vhO3LThlvLq%2Bd1vu%2B\/ilSwu2NZgxyaSm31heMJmoA1vNV1FiH0f6eodijNtj87SjkPLA52UuvE\/2OI0qqgE7\/9dNk66Xz\/NU1lf03s%2BjziV%2B2%2B07KsJ3FcGJgFp7eRstOAYuDyS6aimXSIrgKJ167zvwOWVA8GIUfQvGmFV0pZ2Xa9G4tU%3D&amp;source=gmail&amp;ust=1770711736135000&amp;usg=AOvVaw3upR-GT_vHXzCHYblashYl\">Llegiu-ne m\u00e9s<\/a><\/td>\n<\/tr>\n<\/tbody>\n<\/table>\n<\/td>\n<\/tr>\n<\/tbody>\n<\/table>\n<table border=\"0\" cellspacing=\"0\" cellpadding=\"0\">\n<tbody>\n<tr>\n<td><a href=\"https:\/\/butlletins.gencat.cat\/pres_push\/AppJava\/TRD?trd_sec=NTXXxBtH3Yo58GbPWWf6s5kmwsteAD3BegyJJ4NWsc8=rMopq9Hxb+M0hDbAlsVBfg==PykT6LKyL\/5gewP+DWvIZGs4HUy4uA2RuwMszzxXfxA===o1z1mghuqGyA7FQ863uwGA==o7LxL0srypeVdabnra6vKHD9o\/layEknaO79zv3tWVMYr63eZg+zOISyCwVF57iNg7szXVrLmBvfBcScpfYC05TfiALqBOfBbpD5JBxswdc=\" target=\"_blank\" rel=\"noopener\" aria-label=\"XXI Premi de Recerca per a la Pau de la UB Aquest enlla\u00e7 surt fora de la p\u00e0gina actual\" data-saferedirecturl=\"https:\/\/www.google.com\/url?q=https:\/\/butlletins.gencat.cat\/pres_push\/AppJava\/TRD?trd_sec%3DNTXXxBtH3Yo58GbPWWf6s5kmwsteAD3BegyJJ4NWsc8%3DrMopq9Hxb%2BM0hDbAlsVBfg%3D%3DPykT6LKyL\/5gewP%2BDWvIZGs4HUy4uA2RuwMszzxXfxA%3D%3D%3Do1z1mghuqGyA7FQ863uwGA%3D%3Do7LxL0srypeVdabnra6vKHD9o\/layEknaO79zv3tWVMYr63eZg%2BzOISyCwVF57iNg7szXVrLmBvfBcScpfYC05TfiALqBOfBbpD5JBxswdc%3D&amp;source=gmail&amp;ust=1770711736135000&amp;usg=AOvVaw3wyB4PxnVZSEtGhrsXy1IX\">XXI Premi de Recerca per a la Pau de la UB<\/a><\/td>\n<\/tr>\n<tr>\n<td>Ja est\u00e0 oberta la convocat\u00f2ria del XXI Premi de Recerca per a la Pau de la Universitat de Barcelona. Aquest guard\u00f3 premia els treballs de recerca de batxillerat que hagin fet estudiants matriculats als centres educatius catalans durant el curs 2025-2026 i que tractin alguna q\u00fcesti\u00f3 relacionada amb la cultura de pau. Podeu presentar-vos-hi fins al 20 de mar\u00e7!<\/td>\n<\/tr>\n<tr>\n<td>\n<table border=\"0\" cellspacing=\"0\" cellpadding=\"0\" bgcolor=\"#c2c327 \">\n<tbody>\n<tr>\n<td height=\"25\"><a href=\"https:\/\/butlletins.gencat.cat\/pres_push\/AppJava\/TRD?trd_sec=NTXXxBtH3Yo58GbPWWf6s5kmwsteAD3BegyJJ4NWsc8=rMopq9Hxb+M0hDbAlsVBfg==PykT6LKyL\/5gewP+DWvIZGs4HUy4uA2RuwMszzxXfxA===o1z1mghuqGyA7FQ863uwGA==o7LxL0srypeVdabnra6vKHD9o\/layEknaO79zv3tWVMYr63eZg+zOISyCwVF57iNg7szXVrLmBvfBcScpfYC05TfiALqBOfBbpD5JBxswdc=\" target=\"_blank\" rel=\"noopener\" aria-label=\"Llegiu-ne m\u00e9s XXI Premi de Recerca per a la Pau de la UB. Aquest enlla\u00e7 surt fora de la p\u00e0gina actual\" data-saferedirecturl=\"https:\/\/www.google.com\/url?q=https:\/\/butlletins.gencat.cat\/pres_push\/AppJava\/TRD?trd_sec%3DNTXXxBtH3Yo58GbPWWf6s5kmwsteAD3BegyJJ4NWsc8%3DrMopq9Hxb%2BM0hDbAlsVBfg%3D%3DPykT6LKyL\/5gewP%2BDWvIZGs4HUy4uA2RuwMszzxXfxA%3D%3D%3Do1z1mghuqGyA7FQ863uwGA%3D%3Do7LxL0srypeVdabnra6vKHD9o\/layEknaO79zv3tWVMYr63eZg%2BzOISyCwVF57iNg7szXVrLmBvfBcScpfYC05TfiALqBOfBbpD5JBxswdc%3D&amp;source=gmail&amp;ust=1770711736135000&amp;usg=AOvVaw3wyB4PxnVZSEtGhrsXy1IX\">Llegiu-ne m\u00e9s<\/a><\/td>\n<\/tr>\n<\/tbody>\n<\/table>\n<\/td>\n<\/tr>\n<\/tbody>\n<\/table>\n<table border=\"0\" cellspacing=\"0\" cellpadding=\"0\">\n<tbody>\n<tr>\n<td><a href=\"https:\/\/butlletins.gencat.cat\/pres_push\/AppJava\/TRD?trd_sec=NTXXxBtH3Yo58GbPWWf6s5kmwsteAD3BegyJJ4NWsc8=rMopq9Hxb+M0hDbAlsVBfg==PykT6LKyL\/5gewP+DWvIZGs4HUy4uA2RuwMszzxXfxA===o1z1mghuqGyA7FQ863uwGA==o7LxL0srypeVdabnra6vKMQ4VZd5fRS1ze920YQVXwmAxb7kl1VRvaO0jh97AD+M0lspTvj\/FZagPhNQvj9q4LJN5MfRY5dTQNtfPygNyYmY05tYfvTIY0Z5kEa7G\/z3fT8R1rZlRhB1EWeLtD2hBA==\" target=\"_blank\" rel=\"noopener\" aria-label=\"L'institut Ponts duu a terme una recollida de residus electr\u00f2nics Aquest enlla\u00e7 surt fora de la p\u00e0gina actual\" data-saferedirecturl=\"https:\/\/www.google.com\/url?q=https:\/\/butlletins.gencat.cat\/pres_push\/AppJava\/TRD?trd_sec%3DNTXXxBtH3Yo58GbPWWf6s5kmwsteAD3BegyJJ4NWsc8%3DrMopq9Hxb%2BM0hDbAlsVBfg%3D%3DPykT6LKyL\/5gewP%2BDWvIZGs4HUy4uA2RuwMszzxXfxA%3D%3D%3Do1z1mghuqGyA7FQ863uwGA%3D%3Do7LxL0srypeVdabnra6vKMQ4VZd5fRS1ze920YQVXwmAxb7kl1VRvaO0jh97AD%2BM0lspTvj\/FZagPhNQvj9q4LJN5MfRY5dTQNtfPygNyYmY05tYfvTIY0Z5kEa7G\/z3fT8R1rZlRhB1EWeLtD2hBA%3D%3D&amp;source=gmail&amp;ust=1770711736135000&amp;usg=AOvVaw03EkST77s_ie-HUnB3TnJg\">L&#8217;institut Ponts duu a terme una recollida de residus electr\u00f2nics<\/a><\/td>\n<\/tr>\n<tr>\n<td>L&#8217;activitat, organitzada per l&#8217;alumnat de 3r d&#8217;ESO, ha tingut un impacte molt positiu, ja que ha contribu\u00eft a sensibilitzar la comunitat educativa sobre l&#8217;impacte ambiental que generen els residus electr\u00f2nics quan no es gestionen correctament.<\/td>\n<\/tr>\n<tr>\n<td>\n<table border=\"0\" cellspacing=\"0\" cellpadding=\"0\" bgcolor=\"#c2c327 \">\n<tbody>\n<tr>\n<td height=\"25\"><a href=\"https:\/\/butlletins.gencat.cat\/pres_push\/AppJava\/TRD?trd_sec=NTXXxBtH3Yo58GbPWWf6s5kmwsteAD3BegyJJ4NWsc8=rMopq9Hxb+M0hDbAlsVBfg==PykT6LKyL\/5gewP+DWvIZGs4HUy4uA2RuwMszzxXfxA===o1z1mghuqGyA7FQ863uwGA==o7LxL0srypeVdabnra6vKMQ4VZd5fRS1ze920YQVXwmAxb7kl1VRvaO0jh97AD+M0lspTvj\/FZagPhNQvj9q4LJN5MfRY5dTQNtfPygNyYmY05tYfvTIY0Z5kEa7G\/z3fT8R1rZlRhB1EWeLtD2hBA==\" target=\"_blank\" rel=\"noopener\" aria-label=\"Llegiu-ne m\u00e9s L'institut Ponts duu a terme una recollida de residus electr\u00f2nics. Aquest enlla\u00e7 surt fora de la p\u00e0gina actual\" data-saferedirecturl=\"https:\/\/www.google.com\/url?q=https:\/\/butlletins.gencat.cat\/pres_push\/AppJava\/TRD?trd_sec%3DNTXXxBtH3Yo58GbPWWf6s5kmwsteAD3BegyJJ4NWsc8%3DrMopq9Hxb%2BM0hDbAlsVBfg%3D%3DPykT6LKyL\/5gewP%2BDWvIZGs4HUy4uA2RuwMszzxXfxA%3D%3D%3Do1z1mghuqGyA7FQ863uwGA%3D%3Do7LxL0srypeVdabnra6vKMQ4VZd5fRS1ze920YQVXwmAxb7kl1VRvaO0jh97AD%2BM0lspTvj\/FZagPhNQvj9q4LJN5MfRY5dTQNtfPygNyYmY05tYfvTIY0Z5kEa7G\/z3fT8R1rZlRhB1EWeLtD2hBA%3D%3D&amp;source=gmail&amp;ust=1770711736135000&amp;usg=AOvVaw03EkST77s_ie-HUnB3TnJg\">Llegiu-ne m\u00e9s<\/a><\/td>\n<\/tr>\n<\/tbody>\n<\/table>\n<\/td>\n<\/tr>\n<\/tbody>\n<\/table>\n<table border=\"0\" cellspacing=\"0\" cellpadding=\"0\">\n<tbody>\n<tr>\n<td><a href=\"https:\/\/butlletins.gencat.cat\/pres_push\/AppJava\/TRD?trd_sec=NTXXxBtH3Yo58GbPWWf6s5kmwsteAD3BegyJJ4NWsc8=rMopq9Hxb+M0hDbAlsVBfg==PykT6LKyL\/5gewP+DWvIZGs4HUy4uA2RuwMszzxXfxA===o1z1mghuqGyA7FQ863uwGA==o7LxL0srypeVdabnra6vKMQ4VZd5fRS1ze920YQVXwnvTxn1emD3NluKKLj+oUNMIMeM3YdrLI2kqHLAJsJR8s\/0PQYvXJ+FsmwUbRfT5q1XCVJmD3LFVRpZOX\/ZBqd209us36GqB\/9WSTp1xD+buA==\" target=\"_blank\" rel=\"noopener\" aria-label=\"L'institut Vila-seca estudia els ocells i el seu h\u00e0bitat Aquest enlla\u00e7 surt fora de la p\u00e0gina actual\" data-saferedirecturl=\"https:\/\/www.google.com\/url?q=https:\/\/butlletins.gencat.cat\/pres_push\/AppJava\/TRD?trd_sec%3DNTXXxBtH3Yo58GbPWWf6s5kmwsteAD3BegyJJ4NWsc8%3DrMopq9Hxb%2BM0hDbAlsVBfg%3D%3DPykT6LKyL\/5gewP%2BDWvIZGs4HUy4uA2RuwMszzxXfxA%3D%3D%3Do1z1mghuqGyA7FQ863uwGA%3D%3Do7LxL0srypeVdabnra6vKMQ4VZd5fRS1ze920YQVXwnvTxn1emD3NluKKLj%2BoUNMIMeM3YdrLI2kqHLAJsJR8s\/0PQYvXJ%2BFsmwUbRfT5q1XCVJmD3LFVRpZOX\/ZBqd209us36GqB\/9WSTp1xD%2BbuA%3D%3D&amp;source=gmail&amp;ust=1770711736135000&amp;usg=AOvVaw1FbZyXWoAoe9YhDEG9Gc1F\">L&#8217;institut Vila-seca estudia els ocells i el seu h\u00e0bitat<\/a><\/td>\n<\/tr>\n<tr>\n<td>L&#8217;alumnat de 2n d&#8217;ESO ha observat que les poblacions d&#8217;ocells estan disminuint a Europa i ha estudiat els motius principals. Han constru\u00eft caixes-niu per tal de col\u00b7laborar amb la recuperaci\u00f3 d&#8217;aquestes esp\u00e8cies.<\/td>\n<\/tr>\n<tr>\n<td>\n<table border=\"0\" cellspacing=\"0\" cellpadding=\"0\" bgcolor=\"#c2c327 \">\n<tbody>\n<tr>\n<td height=\"25\"><a href=\"https:\/\/butlletins.gencat.cat\/pres_push\/AppJava\/TRD?trd_sec=NTXXxBtH3Yo58GbPWWf6s5kmwsteAD3BegyJJ4NWsc8=rMopq9Hxb+M0hDbAlsVBfg==PykT6LKyL\/5gewP+DWvIZGs4HUy4uA2RuwMszzxXfxA===o1z1mghuqGyA7FQ863uwGA==o7LxL0srypeVdabnra6vKMQ4VZd5fRS1ze920YQVXwnvTxn1emD3NluKKLj+oUNMIMeM3YdrLI2kqHLAJsJR8s\/0PQYvXJ+FsmwUbRfT5q1XCVJmD3LFVRpZOX\/ZBqd209us36GqB\/9WSTp1xD+buA==\" target=\"_blank\" rel=\"noopener\" aria-label=\"Llegiu-ne m\u00e9s L'institut Vila-seca estudia els ocells i el seu h\u00e0bitat. Aquest enlla\u00e7 surt fora de la p\u00e0gina actual\" data-saferedirecturl=\"https:\/\/www.google.com\/url?q=https:\/\/butlletins.gencat.cat\/pres_push\/AppJava\/TRD?trd_sec%3DNTXXxBtH3Yo58GbPWWf6s5kmwsteAD3BegyJJ4NWsc8%3DrMopq9Hxb%2BM0hDbAlsVBfg%3D%3DPykT6LKyL\/5gewP%2BDWvIZGs4HUy4uA2RuwMszzxXfxA%3D%3D%3Do1z1mghuqGyA7FQ863uwGA%3D%3Do7LxL0srypeVdabnra6vKMQ4VZd5fRS1ze920YQVXwnvTxn1emD3NluKKLj%2BoUNMIMeM3YdrLI2kqHLAJsJR8s\/0PQYvXJ%2BFsmwUbRfT5q1XCVJmD3LFVRpZOX\/ZBqd209us36GqB\/9WSTp1xD%2BbuA%3D%3D&amp;source=gmail&amp;ust=1770711736135000&amp;usg=AOvVaw1FbZyXWoAoe9YhDEG9Gc1F\">Llegiu-ne m\u00e9s<\/a><\/td>\n<\/tr>\n<\/tbody>\n<\/table>\n<\/td>\n<\/tr>\n<\/tbody>\n<\/table>\n<table border=\"0\" cellspacing=\"0\" cellpadding=\"0\">\n<tbody>\n<tr>\n<td><a href=\"https:\/\/butlletins.gencat.cat\/pres_push\/AppJava\/TRD?trd_sec=NTXXxBtH3Yo58GbPWWf6s5kmwsteAD3BegyJJ4NWsc8=rMopq9Hxb+M0hDbAlsVBfg==PykT6LKyL\/5gewP+DWvIZGs4HUy4uA2RuwMszzxXfxA===o1z1mghuqGyA7FQ863uwGA==o7LxL0srypeVdabnra6vKMQ4VZd5fRS1ze920YQVXwmo9HojHkl\/Ja2\/ikKp39BZQoMZERxnNuGOMWvxOhFflQFTiLsBg\/HIPZYl54xXKvqYM8DhgMp8xNypvMHhK13SvBj60KW6cP28mmLQ6R7cBQ==\" target=\"_blank\" rel=\"noopener\" aria-label=\"L'escola Josep Barcel\u00f3 i Matas de Palafrugell comencen a treballar l'hort Aquest enlla\u00e7 surt fora de la p\u00e0gina actual\" data-saferedirecturl=\"https:\/\/www.google.com\/url?q=https:\/\/butlletins.gencat.cat\/pres_push\/AppJava\/TRD?trd_sec%3DNTXXxBtH3Yo58GbPWWf6s5kmwsteAD3BegyJJ4NWsc8%3DrMopq9Hxb%2BM0hDbAlsVBfg%3D%3DPykT6LKyL\/5gewP%2BDWvIZGs4HUy4uA2RuwMszzxXfxA%3D%3D%3Do1z1mghuqGyA7FQ863uwGA%3D%3Do7LxL0srypeVdabnra6vKMQ4VZd5fRS1ze920YQVXwmo9HojHkl\/Ja2\/ikKp39BZQoMZERxnNuGOMWvxOhFflQFTiLsBg\/HIPZYl54xXKvqYM8DhgMp8xNypvMHhK13SvBj60KW6cP28mmLQ6R7cBQ%3D%3D&amp;source=gmail&amp;ust=1770711736136000&amp;usg=AOvVaw3-5FQde-0-mSKdMxstoqru\">L&#8217;escola Josep Barcel\u00f3 i Matas de Palafrugell comencen a treballar l&#8217;hort<\/a><\/td>\n<\/tr>\n<tr>\n<td>L&#8217;alumnat de 5\u00e8 ha anat a comprar planter en una botiga de proximitat del poble i hi han plantat cols, enciams, br\u00f2quils i p\u00e8sols. Una experi\u00e8ncia que els ajuda a connectar i valorar la feina de la pagesia i entendre el valor de l&#8217;alimentaci\u00f3 sostenible.<\/td>\n<\/tr>\n<tr>\n<td>\n<table border=\"0\" cellspacing=\"0\" cellpadding=\"0\" bgcolor=\"#c2c327 \">\n<tbody>\n<tr>\n<td height=\"25\"><a href=\"https:\/\/butlletins.gencat.cat\/pres_push\/AppJava\/TRD?trd_sec=NTXXxBtH3Yo58GbPWWf6s5kmwsteAD3BegyJJ4NWsc8=rMopq9Hxb+M0hDbAlsVBfg==PykT6LKyL\/5gewP+DWvIZGs4HUy4uA2RuwMszzxXfxA===o1z1mghuqGyA7FQ863uwGA==o7LxL0srypeVdabnra6vKMQ4VZd5fRS1ze920YQVXwmo9HojHkl\/Ja2\/ikKp39BZQoMZERxnNuGOMWvxOhFflQFTiLsBg\/HIPZYl54xXKvqYM8DhgMp8xNypvMHhK13SvBj60KW6cP28mmLQ6R7cBQ==\" target=\"_blank\" rel=\"noopener\" aria-label=\"Llegiu-ne m\u00e9s L'escola Josep Barcel\u00f3 i Matas de Palafrugell comencen a treballar l'hort. Aquest enlla\u00e7 surt fora de la p\u00e0gina actual\" data-saferedirecturl=\"https:\/\/www.google.com\/url?q=https:\/\/butlletins.gencat.cat\/pres_push\/AppJava\/TRD?trd_sec%3DNTXXxBtH3Yo58GbPWWf6s5kmwsteAD3BegyJJ4NWsc8%3DrMopq9Hxb%2BM0hDbAlsVBfg%3D%3DPykT6LKyL\/5gewP%2BDWvIZGs4HUy4uA2RuwMszzxXfxA%3D%3D%3Do1z1mghuqGyA7FQ863uwGA%3D%3Do7LxL0srypeVdabnra6vKMQ4VZd5fRS1ze920YQVXwmo9HojHkl\/Ja2\/ikKp39BZQoMZERxnNuGOMWvxOhFflQFTiLsBg\/HIPZYl54xXKvqYM8DhgMp8xNypvMHhK13SvBj60KW6cP28mmLQ6R7cBQ%3D%3D&amp;source=gmail&amp;ust=1770711736136000&amp;usg=AOvVaw3-5FQde-0-mSKdMxstoqru\">Llegiu-ne m\u00e9s<\/a><\/td>\n<\/tr>\n<\/tbody>\n<\/table>\n<\/td>\n<\/tr>\n<\/tbody>\n<\/table>\n","protected":false},"excerpt":{"rendered":"<p>&#8220;L&#8217;educaci\u00f3 ambiental no canvia el m\u00f3n, canvia les persones que canviaran el m\u00f3n&#8221; Paulo Freire &#8211; pedagog. Resum projecte Jardins de Papallones 2025 Llegiu-ne m\u00e9s El CSIC i l&#8217;ICM-CSIC acomiaden Josefina Castellv\u00ed, la gran pionera de l&#8217;Ant\u00e0rtida i l&#8217;oceanografia La investigadora barcelonina ha mort deixant un llegat inesborrable en l&#8217;\u00e0mbit de la ci\u00e8ncia marina. Josefina [&hellip;]<\/p>\n","protected":false},"author":7,"featured_media":16491,"comment_status":"open","ping_status":"open","sticky":false,"template":"","format":"standard","meta":{"_bbp_topic_count":0,"_bbp_reply_count":0,"_bbp_total_topic_count":0,"_bbp_total_reply_count":0,"_bbp_voice_count":0,"_bbp_anonymous_reply_count":0,"_bbp_topic_count_hidden":0,"_bbp_reply_count_hidden":0,"_bbp_forum_subforum_count":0,"site-sidebar-layout":"default","site-content-layout":"","ast-site-content-layout":"default","site-content-style":"default","site-sidebar-style":"default","ast-global-header-display":"","ast-banner-title-visibility":"","ast-main-header-display":"","ast-hfb-above-header-display":"","ast-hfb-below-header-display":"","ast-hfb-mobile-header-display":"","site-post-title":"","ast-breadcrumbs-content":"","ast-featured-img":"","footer-sml-layout":"","theme-transparent-header-meta":"default","adv-header-id-meta":"","stick-header-meta":"","header-above-stick-meta":"","header-main-stick-meta":"","header-below-stick-meta":"","astra-migrate-meta-layouts":"set","ast-page-background-enabled":"default","ast-page-background-meta":{"desktop":{"background-color":"var(--ast-global-color-4)","background-image":"","background-repeat":"repeat","background-position":"center center","background-size":"auto","background-attachment":"scroll","background-type":"","background-media":"","overlay-type":"","overlay-color":"","overlay-opacity":"","overlay-gradient":""},"tablet":{"background-color":"","background-image":"","background-repeat":"repeat","background-position":"center center","background-size":"auto","background-attachment":"scroll","background-type":"","background-media":"","overlay-type":"","overlay-color":"","overlay-opacity":"","overlay-gradient":""},"mobile":{"background-color":"","background-image":"","background-repeat":"repeat","background-position":"center center","background-size":"auto","background-attachment":"scroll","background-type":"","background-media":"","overlay-type":"","overlay-color":"","overlay-opacity":"","overlay-gradient":""}},"ast-content-background-meta":{"desktop":{"background-color":"var(--ast-global-color-5)","background-image":"","background-repeat":"repeat","background-position":"center center","background-size":"auto","background-attachment":"scroll","background-type":"","background-media":"","overlay-type":"","overlay-color":"","overlay-opacity":"","overlay-gradient":""},"tablet":{"background-color":"var(--ast-global-color-5)","background-image":"","background-repeat":"repeat","background-position":"center center","background-size":"auto","background-attachment":"scroll","background-type":"","background-media":"","overlay-type":"","overlay-color":"","overlay-opacity":"","overlay-gradient":""},"mobile":{"background-color":"var(--ast-global-color-5)","background-image":"","background-repeat":"repeat","background-position":"center center","background-size":"auto","background-attachment":"scroll","background-type":"","background-media":"","overlay-type":"","overlay-color":"","overlay-opacity":"","overlay-gradient":""}},"footnotes":""},"categories":[546,153,29],"tags":[],"class_list":["post-21980","post","type-post","status-publish","format-standard","has-post-thumbnail","hentry","category-el-crp","category-escoles-verdes","category-portada"],"post_mailing_queue_ids":[],"_links":{"self":[{"href":"https:\/\/serveiseducatius.xtec.cat\/baixpenedes\/wp-json\/wp\/v2\/posts\/21980","targetHints":{"allow":["GET"]}}],"collection":[{"href":"https:\/\/serveiseducatius.xtec.cat\/baixpenedes\/wp-json\/wp\/v2\/posts"}],"about":[{"href":"https:\/\/serveiseducatius.xtec.cat\/baixpenedes\/wp-json\/wp\/v2\/types\/post"}],"author":[{"embeddable":true,"href":"https:\/\/serveiseducatius.xtec.cat\/baixpenedes\/wp-json\/wp\/v2\/users\/7"}],"replies":[{"embeddable":true,"href":"https:\/\/serveiseducatius.xtec.cat\/baixpenedes\/wp-json\/wp\/v2\/comments?post=21980"}],"version-history":[{"count":1,"href":"https:\/\/serveiseducatius.xtec.cat\/baixpenedes\/wp-json\/wp\/v2\/posts\/21980\/revisions"}],"predecessor-version":[{"id":21981,"href":"https:\/\/serveiseducatius.xtec.cat\/baixpenedes\/wp-json\/wp\/v2\/posts\/21980\/revisions\/21981"}],"wp:featuredmedia":[{"embeddable":true,"href":"https:\/\/serveiseducatius.xtec.cat\/baixpenedes\/wp-json\/wp\/v2\/media\/16491"}],"wp:attachment":[{"href":"https:\/\/serveiseducatius.xtec.cat\/baixpenedes\/wp-json\/wp\/v2\/media?parent=21980"}],"wp:term":[{"taxonomy":"category","embeddable":true,"href":"https:\/\/serveiseducatius.xtec.cat\/baixpenedes\/wp-json\/wp\/v2\/categories?post=21980"},{"taxonomy":"post_tag","embeddable":true,"href":"https:\/\/serveiseducatius.xtec.cat\/baixpenedes\/wp-json\/wp\/v2\/tags?post=21980"}],"curies":[{"name":"wp","href":"https:\/\/api.w.org\/{rel}","templated":true}]}}