{"id":21959,"date":"2026-02-05T13:51:48","date_gmt":"2026-02-05T12:51:48","guid":{"rendered":"https:\/\/serveiseducatius.xtec.cat\/baixpenedes\/?p=21959"},"modified":"2026-02-09T10:42:59","modified_gmt":"2026-02-09T09:42:59","slug":"10-de-febrer-dia-de-la-internet-segura","status":"publish","type":"post","link":"https:\/\/serveiseducatius.xtec.cat\/baixpenedes\/general\/10-de-febrer-dia-de-la-internet-segura\/","title":{"rendered":"DIA DE LA INTERNET SEGURA"},"content":{"rendered":"<p class=\"m_6543766127161234334elementtoproof\">L\u2019Ag\u00e8ncia de Ciberseguretat de Catalunya s\u2019ha adherit un any m\u00e9s a la commemoraci\u00f3 del Dia de la Internet Segura el pr\u00f2xim\u00a0<b>10 de febrer<\/b>. La data, que se celebra a diferents pa\u00efsos de la Uni\u00f3 Europea, t\u00e9 com a objectiu conscienciar la ciutadania sobre la necessitat de fer un \u00fas segur d\u2019Internet.<u><\/u><u><\/u><\/p>\n<p class=\"m_6543766127161234334elementtoproof\">\u00a0<u><\/u><u><\/u><\/p>\n<p class=\"m_6543766127161234334elementtoproof\">Sota el lema \u2018<b>El que fas a Internet se&#8217;t pot girar en contra\u2019<\/b>, la proposta d&#8217;aquest any busca conscienciar sobre els riscos que comporta exposar informaci\u00f3 personal en l\u00ednia i la import\u00e0ncia de\u00a0<b>protegir les dades personals<\/b>.<b>\u00a0<\/b>Per aix\u00f2, s\u2019ha dissenyat &#8216;<b>D@DE$ en joc<\/b>&#8216;, una activitat adaptada a tres tipus de p\u00fablic: infants, adolescents i adults, que aborda els diferents riscos i perills que es pot trobar cada perfil d&#8217;edat a Internet.<u><\/u><u><\/u><\/p>\n<p class=\"m_6543766127161234334elementtoproof\"><u><\/u>\u00a0<u><\/u> Compartim amb vosaltres el\u00a0<b>joc interactiu<\/b> i algunes creativitats de la campanya :\u00a0<a href=\"https:\/\/form.typeform.com\/to\/XUZkErNo\" target=\"_blank\" rel=\"noopener\" data-saferedirecturl=\"https:\/\/www.google.com\/url?q=https:\/\/form.typeform.com\/to\/XUZkErNo&amp;source=gmail&amp;ust=1770376061433000&amp;usg=AOvVaw2Qfq93uHlrSMorUZFljYp_\">https:\/\/form.typeform.com\/to\/<wbr \/>XUZkErNo<\/a><\/p>\n<p style=\"font-weight: 400;\"><span style=\"background-color: #ffff00;\">S&#8217;ha de<strong style=\"font-weight: 400;\"> posposar el taller del D\u00eda de Internet Segura 2026 previst per al 10 de febrer<\/strong>.<\/span> La jornada es realitzava en directe des de l Ja\u00e9n i la greu situaci\u00f3 metereol\u00f2gica obliga a prendre aquesta decisio. Properament ens comunicaran la nova data del taller.<\/p>\n<p>El dia 10 l&#8217;alumnat des de 6\u00e8 de Prim\u00e0ria i tota l&#8217;ESO havia de seguir en directe el programa i participar al taller online &#8220;\u00c9s clar!, aqu\u00ed tens una proposta.Tu qu\u00e8 faries?&#8221;<\/p>\n<p>Tota la informaci\u00f3 sobre el taller est\u00e0 disponible a l&#8217;enlla\u00e7 web <a href=\"https:\/\/www.incibe.es\/eventos\/sid\">www.incibe.es\/eventos\/sid<\/a>.<\/p>\n<h3><span style=\"background-color: #ffff00;\">APLA\u00c7AT: Taller online para centros educativos<\/span><\/h3>\n<p>El Instituto Nacional de Ciberseguridad de Espa\u00f1a (INCIBE), junto al Instituto Nacional de Tecnolog\u00edas Educativas y de Formaci\u00f3n del Profesorado (INTEF) hemos desarrollado conjuntamente el taller &#8220;<strong>\u00a1Claro!, aqu\u00ed tienes una propuesta. \u00bfT\u00fa qu\u00e9 harIAs?<\/strong>&#8220;, para trabajar con el alumnado la toma de decisiones inteligentes en tem\u00e1ticas como el cibercontrol, difusi\u00f3n de im\u00e1genes \u00edntimas generadas con IA, sextorsi\u00f3n y deepfakes, as\u00ed como la importancia del reporte de contenidos inadecuados.<\/p>\n<div class=\"row row-full\">\n<div class=\"col-sm-2\"><\/div>\n<div class=\"col-sm-2\">\n<p class=\"text-align-right\"><strong>T\u00edtulo:<\/strong><\/p>\n<p class=\"text-align-right\"><strong>D\u00eda:<\/strong><\/p>\n<p class=\"text-align-right\"><strong>Hora:<\/strong><\/p>\n<p class=\"text-align-right\"><strong>Lugar:<\/strong><\/p>\n<p class=\"text-align-right\"><strong>Edad orientativa:<\/strong><\/p>\n<\/div>\n<div class=\"col-sm-6\">\n<p><strong>&#8220;Claro, aqu\u00ed tienes una propuesta, \u00bft\u00fa qu\u00e9 harIAs?&#8221;<\/strong><\/p>\n<p>martes\u00a0<strong>10 de febrero<\/strong>\u00a0de 2026<\/p>\n<p>de\u00a0<strong>10:30h a 11:10h<\/strong><\/p>\n<p><em><strong>streaming online<\/strong><\/em>\u00a0desde\u00a0<a title=\"SID 2026\" href=\"https:\/\/www.incibe.es\/eventos\/sid\" target=\"_blank\" rel=\"noopener\"><strong>https:\/\/www.incibe.es\/eventos\/sid<\/strong><\/a><\/p>\n<p><strong>a partir de 6\u00ba E.P. y E.S.O.<\/strong><\/p>\n<\/div>\n<div class=\"col-sm-2\"><\/div>\n<\/div>\n<p>&nbsp;<\/p>\n<p class=\"text-align-center\"><strong>Instrucciones para acceder al taller online:<\/strong><\/p>\n<p>&nbsp;<\/p>\n<ol>\n<li><strong>No es necesario inscribirse previamente<\/strong>\ud83e\udc2e\u200b Basta con que el martes 10 de febrero est\u00e9s conectado antes de las 10:30 a\u00a0<a title=\"SID 2026\" href=\"https:\/\/www.incibe.es\/eventos\/sid\" target=\"_blank\" rel=\"noopener\"><strong>https:\/\/www.incibe.es\/eventos\/sid<\/strong><\/a>\u00a0donde encontrar\u00e1s un v\u00eddeo de emisi\u00f3n en directo.\ud83e\udc2e\u200b Lo puedes reproducir en pantalla completa (icono en la esquina inferior derecha) y proyectarlo en tu aula.\ud83e\udc2e\u200b\u200b Por supuesto, si quieres seguir el evento completo, puedes conectarte desde las 10:00.<\/li>\n<li><strong>Interacci\u00f3n en el taller online<\/strong>\ud83e\udc2e\u200b En el taller se emplear\u00e1 una plataforma online de votaciones. La URL y el c\u00f3digo necesario para unirse se facilitar\u00e1n en directo. Por lo tanto, es necesario disponer de un dispositivo con conexi\u00f3n a Internet para votar en nombre del grupo.\ud83e\udc2e\u200b\u200b Recordemos que es un taller breve, y nos conectamos desde centros educativos de todo el pa\u00eds. Para aprovechar bien el tiempo, no se van a habilitar funciones de chat, preguntas o comentarios.\ud83e\udc2e\u200b Para cualquier duda sobre ciberseguridad o uso seguro y responsable de Internet, siempre tenemos a nuestra disposici\u00f3n el tel\u00e9fono 017, de Tu Ayuda en Ciberseguridad de INCIBE:\u00a0<a title=\"Tu Ayuda en Ciberseguridad de INCIBE\" href=\"https:\/\/www.incibe.es\/linea-de-ayuda-en-ciberseguridad\" target=\"_blank\" rel=\"noopener\"><strong>https:\/\/www.incibe.es\/linea-de-ayuda-en-ciberseguridad<\/strong><\/a><\/li>\n<li><strong>Recordatorio en tu agenda<\/strong>\ud83e\udc2e\u200b\u200b El martes 10 de febrero tenemos una cita a las 10:30, \u00a1que no se te olvide! Igual te ayuda ponerte un recordatorio en la agenda.\ud83e\udc2e\u200b\u200b Y si quieres que te avisemos,\u00a0<a title=\"Bolet\u00edn IS4K\" href=\"https:\/\/www.incibe.es\/menores\/simplenews\/subscriptions\/landing\" target=\"_blank\" rel=\"noopener\"><strong>suscr\u00edbete a nuestro bolet\u00edn<\/strong><\/a><\/li>\n<\/ol>\n<p>Plataforma d&#8217;inf\u00e0ncia entrevistaran representants d&#8217;empreses tecnol\u00f2giques sobre els passos a fer per aconseguir l&#8217;equilibri a l&#8217;espai digital .A m\u00e9s hi haur\u00e0 un espai on s&#8217;explicar\u00e0 el funcionament del servei &#8220;La teva ajuda a ciberseguretat 017&#8221; i es lliuraran els premis del concurs &#8220;Qu\u00e8 \u00e9s per a tu el 017?&#8221;<\/p>\n<pre id=\"tw-target-text\" class=\"tw-data-text tw-text-large tw-ta\" dir=\"ltr\" tabindex=\"-1\" role=\"text\" data-placeholder=\"Traducci\u00f3n\" data-ved=\"2ahUKEwi52aSgnMKSAxXUVvEDHeF1GZEQ3ewLegQIDBAW\" aria-label=\"Texto traducido: Tota la informaci\u00f3 sobre el taller est\u00e0 disponible a l'enlla\u00e7 web www.incibe.es\/eventos\/sid. La jornada comptar\u00e0 tamb\u00e9 amb tres espais de debat, \u201cLa joventut pregunta\u201d, on joves integrants de la Plataforma d'Inf\u00e0ncia entrevistaran representants d'empreses tecnol\u00f2giques sobre els passos a fer per aconseguir l'equilibri a l'espai digital. A m\u00e9s, hi haur\u00e0 un espai on s'explicar\u00e0 el funcionament del servei El teu Ajuda a Ciberseguretat 017 i es lliuraran els premis del concurs \u201cQu\u00e8 \u00e9s per a tu el 017?\u201d.\"><\/pre>\n","protected":false},"excerpt":{"rendered":"<p>L\u2019Ag\u00e8ncia de Ciberseguretat de Catalunya s\u2019ha adherit un any m\u00e9s a la commemoraci\u00f3 del Dia de la Internet Segura el pr\u00f2xim\u00a010 de febrer. La data, que se celebra a diferents pa\u00efsos de la Uni\u00f3 Europea, t\u00e9 com a objectiu conscienciar la ciutadania sobre la necessitat de fer un \u00fas segur d\u2019Internet. \u00a0 Sota el lema [&hellip;]<\/p>\n","protected":false},"author":7,"featured_media":21960,"comment_status":"open","ping_status":"open","sticky":false,"template":"","format":"standard","meta":{"_bbp_topic_count":0,"_bbp_reply_count":0,"_bbp_total_topic_count":0,"_bbp_total_reply_count":0,"_bbp_voice_count":0,"_bbp_anonymous_reply_count":0,"_bbp_topic_count_hidden":0,"_bbp_reply_count_hidden":0,"_bbp_forum_subforum_count":0,"site-sidebar-layout":"default","site-content-layout":"","ast-site-content-layout":"default","site-content-style":"default","site-sidebar-style":"default","ast-global-header-display":"","ast-banner-title-visibility":"","ast-main-header-display":"","ast-hfb-above-header-display":"","ast-hfb-below-header-display":"","ast-hfb-mobile-header-display":"","site-post-title":"","ast-breadcrumbs-content":"","ast-featured-img":"","footer-sml-layout":"","theme-transparent-header-meta":"default","adv-header-id-meta":"","stick-header-meta":"","header-above-stick-meta":"","header-main-stick-meta":"","header-below-stick-meta":"","astra-migrate-meta-layouts":"set","ast-page-background-enabled":"default","ast-page-background-meta":{"desktop":{"background-color":"var(--ast-global-color-4)","background-image":"","background-repeat":"repeat","background-position":"center center","background-size":"auto","background-attachment":"scroll","background-type":"","background-media":"","overlay-type":"","overlay-color":"","overlay-opacity":"","overlay-gradient":""},"tablet":{"background-color":"","background-image":"","background-repeat":"repeat","background-position":"center center","background-size":"auto","background-attachment":"scroll","background-type":"","background-media":"","overlay-type":"","overlay-color":"","overlay-opacity":"","overlay-gradient":""},"mobile":{"background-color":"","background-image":"","background-repeat":"repeat","background-position":"center center","background-size":"auto","background-attachment":"scroll","background-type":"","background-media":"","overlay-type":"","overlay-color":"","overlay-opacity":"","overlay-gradient":""}},"ast-content-background-meta":{"desktop":{"background-color":"var(--ast-global-color-5)","background-image":"","background-repeat":"repeat","background-position":"center center","background-size":"auto","background-attachment":"scroll","background-type":"","background-media":"","overlay-type":"","overlay-color":"","overlay-opacity":"","overlay-gradient":""},"tablet":{"background-color":"var(--ast-global-color-5)","background-image":"","background-repeat":"repeat","background-position":"center center","background-size":"auto","background-attachment":"scroll","background-type":"","background-media":"","overlay-type":"","overlay-color":"","overlay-opacity":"","overlay-gradient":""},"mobile":{"background-color":"var(--ast-global-color-5)","background-image":"","background-repeat":"repeat","background-position":"center center","background-size":"auto","background-attachment":"scroll","background-type":"","background-media":"","overlay-type":"","overlay-color":"","overlay-opacity":"","overlay-gradient":""}},"footnotes":""},"categories":[78,546,1,531,29,521,468],"tags":[],"class_list":["post-21959","post","type-post","status-publish","format-standard","has-post-thumbnail","hentry","category-tac","category-el-crp","category-general","category-innovacio","category-portada","category-steam","category-xtcd"],"post_mailing_queue_ids":[],"_links":{"self":[{"href":"https:\/\/serveiseducatius.xtec.cat\/baixpenedes\/wp-json\/wp\/v2\/posts\/21959","targetHints":{"allow":["GET"]}}],"collection":[{"href":"https:\/\/serveiseducatius.xtec.cat\/baixpenedes\/wp-json\/wp\/v2\/posts"}],"about":[{"href":"https:\/\/serveiseducatius.xtec.cat\/baixpenedes\/wp-json\/wp\/v2\/types\/post"}],"author":[{"embeddable":true,"href":"https:\/\/serveiseducatius.xtec.cat\/baixpenedes\/wp-json\/wp\/v2\/users\/7"}],"replies":[{"embeddable":true,"href":"https:\/\/serveiseducatius.xtec.cat\/baixpenedes\/wp-json\/wp\/v2\/comments?post=21959"}],"version-history":[{"count":4,"href":"https:\/\/serveiseducatius.xtec.cat\/baixpenedes\/wp-json\/wp\/v2\/posts\/21959\/revisions"}],"predecessor-version":[{"id":21984,"href":"https:\/\/serveiseducatius.xtec.cat\/baixpenedes\/wp-json\/wp\/v2\/posts\/21959\/revisions\/21984"}],"wp:featuredmedia":[{"embeddable":true,"href":"https:\/\/serveiseducatius.xtec.cat\/baixpenedes\/wp-json\/wp\/v2\/media\/21960"}],"wp:attachment":[{"href":"https:\/\/serveiseducatius.xtec.cat\/baixpenedes\/wp-json\/wp\/v2\/media?parent=21959"}],"wp:term":[{"taxonomy":"category","embeddable":true,"href":"https:\/\/serveiseducatius.xtec.cat\/baixpenedes\/wp-json\/wp\/v2\/categories?post=21959"},{"taxonomy":"post_tag","embeddable":true,"href":"https:\/\/serveiseducatius.xtec.cat\/baixpenedes\/wp-json\/wp\/v2\/tags?post=21959"}],"curies":[{"name":"wp","href":"https:\/\/api.w.org\/{rel}","templated":true}]}}