{"id":21951,"date":"2026-02-05T10:31:45","date_gmt":"2026-02-05T09:31:45","guid":{"rendered":"https:\/\/serveiseducatius.xtec.cat\/baixpenedes\/?p=21951"},"modified":"2026-02-05T10:32:50","modified_gmt":"2026-02-05T09:32:50","slug":"educacio-critica-des-de-les-ciencies-socials","status":"publish","type":"post","link":"https:\/\/serveiseducatius.xtec.cat\/baixpenedes\/xerrades\/portada\/educacio-critica-des-de-les-ciencies-socials\/","title":{"rendered":"EDUCACI\u00d3 CR\u00cdTICA DES DE LES CI\u00c8NCIES SOCIALS"},"content":{"rendered":"<p>Formaci\u00f3 de 30 hores que s&#8217;ofereix des de Connexions ci\u00e8ncies socials del CESIRE. La formaci\u00f3 es far\u00e0 al Servei Educatiu de l&#8217;Alt Pened\u00e8s a Vilafranca del Pened\u00e8s en format presencial.<br \/>\nVa adre\u00e7ada a docents de secund\u00e0ria i de prim\u00e0ria que vulguin repensar la seva pr\u00e0ctica des d\u2019una mirada cr\u00edtica i compromesa.<\/p>\n<p>En un context en qu\u00e8 els valors democr\u00e0tics i la conviv\u00e8ncia es veuen sovint q\u00fcestionats, educar en el pensament cr\u00edtic \u00e9s m\u00e9s necessari que mai. Aquesta formaci\u00f3 ofereix un espai per reflexionar, compartir i dissenyar propostes que ajudin l\u2019alumnat a comprendre i transformar la realitat.<br \/>\nDurant 6 sessions de 3 hores, combinarem reflexi\u00f3 i pr\u00e0ctica a trav\u00e9s de metodologies actives i col\u00b7laboratives, amb espais de debat i creaci\u00f3 compartida de propostes did\u00e0ctiques.<\/p>\n<p><strong>Objectius principals:<\/strong><br \/>\n&#8211; Aprofundir en el desplegament curricular i en el paper de les ci\u00e8ncies socials escolars.<br \/>\n&#8211; Reflexionar sobre models i enfocaments did\u00e0ctics amb base epistemol\u00f2gica i metodol\u00f2gica.<br \/>\n&#8211; Fonamentar la programaci\u00f3 docent des del pensament cr\u00edtic, la ci\u00e8ncia i la just\u00edcia global.<br \/>\n&#8211; Revisar i aplicar recursos i eines per programar competencialment i fomentar l\u2019apoderament<br \/>\ndocent.<\/p>\n<p>La formaci\u00f3 \u00e9s oberta a docents individuals, tot i que la participaci\u00f3 de diversos membres d\u2019un mateix departament pot potenciar-ne l\u2019impacte i la transfer\u00e8ncia al centre.<br \/>\nA m\u00e9s a m\u00e9s, us volem facilitar la seg\u00fcent guia: Programem amb sentit (cr\u00edtic) les ci\u00e8ncies socials, que ser\u00e0 un important document de refer\u00e8ncia d&#8217;aquest curs i que permet veure la l\u00ednia que se seguir\u00e0.<\/p>\n<p>CI\u00c8NCIES SOCIALS<\/p>\n<p>\ud83d\udc49 Aques \u00e9s <strong><a href=\"https:\/\/aplicacions.gestioeducativa.gencat.cat\/ords\/pls\/soloas\/pk_for_mod_ins.p_for_detall_activitat?p_codi=9005110532&amp;p_curs=2025-2026&amp;p_es_inscr=S\">l\u2019enlla\u00e7<\/a> <\/strong>per a la inscripci\u00f3, on hi trobareu tota la informaci\u00f3:<\/p>\n<table border=\"0\" width=\"575\" cellpadding=\"0\">\n<tbody>\n<tr>\n<td>\n<table border=\"0\" cellspacing=\"0\" cellpadding=\"0\">\n<tbody>\n<tr>\n<td valign=\"TOP\"><span style=\"font-family: arial, helvetica, geneva; font-size: small;\">9005110532\u00a0<\/span><\/td>\n<td><a href=\"https:\/\/aplicacions.gestioeducativa.gencat.cat\/ords\/pls\/soloas\/pk_for_mod_ins.p_for_detall_activitat?p_codi=9005110532&amp;p_curs=2025-2026&amp;p_es_inscr=S\"><span style=\"font-family: arial, helvetica, geneva; font-size: small;\"><b>Educaci\u00f3 cr\u00edtica des de les ci\u00e8ncies socials: reflexions, recursos i propostes.<\/b><\/span><\/a><\/td>\n<\/tr>\n<tr>\n<td valign=\"TOP\"><span style=\"font-family: arial, helvetica, geneva; font-size: small;\">2025-2026<\/span><\/td>\n<td><span style=\"font-family: arial, helvetica, geneva; font-size: small;\">Curs. Prim\u00e0ria-Secund\u00e0ria<\/span><\/td>\n<\/tr>\n<tr>\n<td><\/td>\n<td><\/td>\n<\/tr>\n<tr>\n<td><\/td>\n<td><span style=\"font-family: arial, helvetica, geneva; font-size: small;\">Del 23\/2\/2026 al 11\/5\/2026 (\u00a030 hores &#8211; 6 sessions\u00a0)\u00a0de 16:00h a 19:00h<\/span><\/td>\n<\/tr>\n<tr>\n<td><\/td>\n<td><span style=\"font-family: arial, helvetica, geneva; font-size: small;\">CRP de l&#8217;Alt Pened\u00e8s<\/span><\/td>\n<\/tr>\n<tr>\n<td><\/td>\n<td><span style=\"font-family: arial, helvetica, geneva; font-size: small;\">Europa, 28\u00a0(\u00a0Vilafranca del Pened\u00e8s\u00a0)<\/span><\/td>\n<\/tr>\n<tr>\n<td><img loading=\"lazy\" decoding=\"async\" src=\"https:\/\/aplicacions.gestioeducativa.gencat.cat\/est\/gafadm\/img\/blanc.gif\" width=\"1\" height=\"6\" border=\"0\" \/><\/td>\n<\/tr>\n<tr>\n<td><\/td>\n<td valign=\"BOTTOM\"><span style=\"font-family: arial, helvetica, geneva; font-size: small;\">Inscripci\u00f3: 01\/01\/2026 &#8211; 23\/02\/2026<\/span><\/td>\n<\/tr>\n<tr>\n<td><\/td>\n<td valign=\"BOTTOM\"><span style=\"font-family: arial, helvetica, geneva; font-size: small;\"><a href=\"https:\/\/aplicacions.gestioeducativa.gencat.cat\/ords\/pls\/soloas\/pk_for_mod_ins.p_for_exhaustiu_activitat?p_header=Detall%20d%27activitat^pk_for_mod_ins.p_for_detall_activitat?p_codi=9005110532%26p_curs=2025-2026%26p_es_inscr=S&amp;p_codi=9005110532&amp;p_curs=2025-2026&amp;p_es_inscr=S\">M\u00e9s informaci\u00f3<\/a><\/span><span style=\"font-family: arial, helvetica, geneva; font-size: x-large;\">\u00a0<\/span><\/td>\n<\/tr>\n<\/tbody>\n<\/table>\n<\/td>\n<\/tr>\n<\/tbody>\n<\/table>\n","protected":false},"excerpt":{"rendered":"<p>Formaci\u00f3 de 30 hores que s&#8217;ofereix des de Connexions ci\u00e8ncies socials del CESIRE. La formaci\u00f3 es far\u00e0 al Servei Educatiu de l&#8217;Alt Pened\u00e8s a Vilafranca del Pened\u00e8s en format presencial. Va adre\u00e7ada a docents de secund\u00e0ria i de prim\u00e0ria que vulguin repensar la seva pr\u00e0ctica des d\u2019una mirada cr\u00edtica i compromesa. En un context en [&hellip;]<\/p>\n","protected":false},"author":7,"featured_media":21954,"comment_status":"open","ping_status":"open","sticky":false,"template":"","format":"standard","meta":{"_bbp_topic_count":0,"_bbp_reply_count":0,"_bbp_total_topic_count":0,"_bbp_total_reply_count":0,"_bbp_voice_count":0,"_bbp_anonymous_reply_count":0,"_bbp_topic_count_hidden":0,"_bbp_reply_count_hidden":0,"_bbp_forum_subforum_count":0,"site-sidebar-layout":"default","site-content-layout":"","ast-site-content-layout":"default","site-content-style":"default","site-sidebar-style":"default","ast-global-header-display":"","ast-banner-title-visibility":"","ast-main-header-display":"","ast-hfb-above-header-display":"","ast-hfb-below-header-display":"","ast-hfb-mobile-header-display":"","site-post-title":"","ast-breadcrumbs-content":"","ast-featured-img":"","footer-sml-layout":"","theme-transparent-header-meta":"default","adv-header-id-meta":"","stick-header-meta":"","header-above-stick-meta":"","header-main-stick-meta":"","header-below-stick-meta":"","astra-migrate-meta-layouts":"set","ast-page-background-enabled":"default","ast-page-background-meta":{"desktop":{"background-color":"var(--ast-global-color-4)","background-image":"","background-repeat":"repeat","background-position":"center center","background-size":"auto","background-attachment":"scroll","background-type":"","background-media":"","overlay-type":"","overlay-color":"","overlay-opacity":"","overlay-gradient":""},"tablet":{"background-color":"","background-image":"","background-repeat":"repeat","background-position":"center center","background-size":"auto","background-attachment":"scroll","background-type":"","background-media":"","overlay-type":"","overlay-color":"","overlay-opacity":"","overlay-gradient":""},"mobile":{"background-color":"","background-image":"","background-repeat":"repeat","background-position":"center center","background-size":"auto","background-attachment":"scroll","background-type":"","background-media":"","overlay-type":"","overlay-color":"","overlay-opacity":"","overlay-gradient":""}},"ast-content-background-meta":{"desktop":{"background-color":"var(--ast-global-color-5)","background-image":"","background-repeat":"repeat","background-position":"center center","background-size":"auto","background-attachment":"scroll","background-type":"","background-media":"","overlay-type":"","overlay-color":"","overlay-opacity":"","overlay-gradient":""},"tablet":{"background-color":"var(--ast-global-color-5)","background-image":"","background-repeat":"repeat","background-position":"center center","background-size":"auto","background-attachment":"scroll","background-type":"","background-media":"","overlay-type":"","overlay-color":"","overlay-opacity":"","overlay-gradient":""},"mobile":{"background-color":"var(--ast-global-color-5)","background-image":"","background-repeat":"repeat","background-position":"center center","background-size":"auto","background-attachment":"scroll","background-type":"","background-media":"","overlay-type":"","overlay-color":"","overlay-opacity":"","overlay-gradient":""}},"footnotes":""},"categories":[522,376,29,529,370,422],"tags":[],"class_list":["post-21951","post","type-post","status-publish","format-standard","has-post-thumbnail","hentry","category-cesire","category-formacio","category-portada","category-primaria","category-recursos","category-secundaria"],"post_mailing_queue_ids":[],"_links":{"self":[{"href":"https:\/\/serveiseducatius.xtec.cat\/baixpenedes\/wp-json\/wp\/v2\/posts\/21951","targetHints":{"allow":["GET"]}}],"collection":[{"href":"https:\/\/serveiseducatius.xtec.cat\/baixpenedes\/wp-json\/wp\/v2\/posts"}],"about":[{"href":"https:\/\/serveiseducatius.xtec.cat\/baixpenedes\/wp-json\/wp\/v2\/types\/post"}],"author":[{"embeddable":true,"href":"https:\/\/serveiseducatius.xtec.cat\/baixpenedes\/wp-json\/wp\/v2\/users\/7"}],"replies":[{"embeddable":true,"href":"https:\/\/serveiseducatius.xtec.cat\/baixpenedes\/wp-json\/wp\/v2\/comments?post=21951"}],"version-history":[{"count":1,"href":"https:\/\/serveiseducatius.xtec.cat\/baixpenedes\/wp-json\/wp\/v2\/posts\/21951\/revisions"}],"predecessor-version":[{"id":21953,"href":"https:\/\/serveiseducatius.xtec.cat\/baixpenedes\/wp-json\/wp\/v2\/posts\/21951\/revisions\/21953"}],"wp:featuredmedia":[{"embeddable":true,"href":"https:\/\/serveiseducatius.xtec.cat\/baixpenedes\/wp-json\/wp\/v2\/media\/21954"}],"wp:attachment":[{"href":"https:\/\/serveiseducatius.xtec.cat\/baixpenedes\/wp-json\/wp\/v2\/media?parent=21951"}],"wp:term":[{"taxonomy":"category","embeddable":true,"href":"https:\/\/serveiseducatius.xtec.cat\/baixpenedes\/wp-json\/wp\/v2\/categories?post=21951"},{"taxonomy":"post_tag","embeddable":true,"href":"https:\/\/serveiseducatius.xtec.cat\/baixpenedes\/wp-json\/wp\/v2\/tags?post=21951"}],"curies":[{"name":"wp","href":"https:\/\/api.w.org\/{rel}","templated":true}]}}