{"id":21936,"date":"2026-02-04T09:55:25","date_gmt":"2026-02-04T08:55:25","guid":{"rendered":"https:\/\/serveiseducatius.xtec.cat\/baixpenedes\/?p=21936"},"modified":"2026-02-04T10:06:39","modified_gmt":"2026-02-04T09:06:39","slug":"activitats-de-divulgacio-de-la-urv-per-a-centres-escolars","status":"publish","type":"post","link":"https:\/\/serveiseducatius.xtec.cat\/baixpenedes\/xerrades\/portada\/activitats-de-divulgacio-de-la-urv-per-a-centres-escolars\/","title":{"rendered":"ACTIVITATS DE DIVULGACI\u00d3 DE LA URV PER A CENTRES ESCOLARS"},"content":{"rendered":"<p style=\"font-weight: 400;\"><strong>La URV disposa d&#8217;una oferta educativa d&#8217;Activitats molt variada amb inscripci\u00f3 oberta\u00a0<\/strong><\/p>\n<p>ANIMEU-VOS\u00a0 A PARTICIPAR! Podeu trobar activitats de tota mena de l&#8217;\u00e0mbit cient\u00edfic, human\u00edstic, ling\u00fc\u00edstic,art\u00edstic, fabricaci\u00f3, i per\u00a0 qualsevol nivell tan de prim\u00e0ria, per a FP, per a Batxillerat, per a ESO&#8230; Fins i tot trobareu <strong>Ajuts i beques<\/strong> per a projectes educatius (\u00a0<a class=\"document\" href=\"https:\/\/www.urv.cat\/media\/upload\/arxius\/consell-social\/Ajuts\/Ajut%20pont\/2026-CajutPont.pdf\" target=\"_blank\" rel=\"document noopener\">Convocat\u00f2ria 2026\u00a0<\/a><strong>TERMINI:\u00a0<\/strong>de l\u20191 al 30 d\u2019abril de 2026)!!<\/p>\n<p>Feu-hi una ullada a totes les propostes amb atenci\u00f3 als per\u00edodes d&#8217;inscripci\u00f3:<\/p>\n<p style=\"font-weight: 400;\"><strong>\u00a0<\/strong><\/p>\n<table style=\"font-weight: 400;\" width=\"1624\">\n<tbody>\n<tr>\n<td width=\"43\"><strong>N\u00fam.<\/strong><\/td>\n<td width=\"203\"><strong>Activitat<\/strong><\/td>\n<td width=\"128\"><strong>Nivells educatius<\/strong><strong>\u00a0<\/strong><strong>(infantil, prim\u00e0ria, ESO, BAT o FP)<\/strong><\/td>\n<td width=\"182\"><strong>\u00c0mbits de coneixement<\/strong><\/td>\n<td width=\"150\"><strong>Centres destinataris (territori)<\/strong><\/td>\n<td width=\"142\"><strong>Per\u00edode de realitzaci\u00f3<\/strong><\/td>\n<td width=\"218\"><strong>Informaci\u00f3 completa a<\/strong><\/td>\n<td width=\"218\"><strong>Sol\u00b7licituds d\u2019inscripci\u00f3 a<\/strong><\/td>\n<td width=\"138\"><strong>Termini d\u2019inscripci\u00f3<\/strong><\/td>\n<td width=\"103\"><strong>Gratu\u00efta?<\/strong><\/td>\n<td width=\"98\"><strong>A on es realitza?<\/strong><\/td>\n<\/tr>\n<tr>\n<td rowspan=\"2\" width=\"43\">9<\/td>\n<td rowspan=\"2\" width=\"203\"><strong>Cient\u00edfiques en acci\u00f3, experimenta! Inspirar vocacions amb referents real<\/strong><\/td>\n<td rowspan=\"2\" width=\"128\">Prim\u00e0ria i ESO<\/td>\n<td width=\"182\">Matem\u00e0tic\u00a0(prim\u00e0ria i ESO)<\/td>\n<td rowspan=\"2\" width=\"150\">Centres on la llengua vehicular sigui el catal\u00e0<\/td>\n<td rowspan=\"2\" width=\"142\">Llan\u00e7ament i accessible via web el 6\/02\/26<\/td>\n<td rowspan=\"2\" width=\"218\"><u><a href=\"https:\/\/repteexperimenta.cat\/etiqueta\/cientifiques-en-accio\/\" data-saferedirecturl=\"https:\/\/www.google.com\/url?hl=ca&amp;q=https:\/\/repteexperimenta.cat\/etiqueta\/cientifiques-en-accio\/&amp;source=gmail&amp;ust=1770279427895000&amp;usg=AOvVaw0-3OpuYnLQwbsZQ_V23ZFy\">cientifiques-en-accio<\/a><\/u><\/td>\n<td rowspan=\"2\" width=\"218\"><u><a href=\"https:\/\/repteexperimenta.cat\/etiqueta\/cientifiques-en-accio\/\" data-saferedirecturl=\"https:\/\/www.google.com\/url?hl=ca&amp;q=https:\/\/repteexperimenta.cat\/etiqueta\/cientifiques-en-accio\/&amp;source=gmail&amp;ust=1770279427895000&amp;usg=AOvVaw0-3OpuYnLQwbsZQ_V23ZFy\">cientifiques-en-accio<\/a><\/u><\/td>\n<td rowspan=\"2\" width=\"138\">A partir del 6\/02\/2026<\/td>\n<td rowspan=\"2\" width=\"103\">S\u00ed, cal descarregar material via formulari<\/td>\n<td rowspan=\"2\" width=\"98\">Centre educatiu<\/td>\n<\/tr>\n<tr>\n<td width=\"182\">Coneix. medi natural (prim\u00e0ria) \/\u00a0cientificotecnol\u00f2gic (ESO)<\/td>\n<\/tr>\n<tr>\n<td width=\"43\">16<\/td>\n<td width=\"203\"><strong>Ajuts Pont<\/strong><\/td>\n<td width=\"128\">Totes les etapes<\/td>\n<td width=\"182\">Tots (prim\u00e0ria, ESO, BAT, FP)<\/td>\n<td width=\"150\">Prov\u00edncia de Tarragona<\/td>\n<td width=\"142\">Setembre a juny<\/td>\n<td width=\"218\"><u><a href=\"https:\/\/www.urv.cat\/ca\/universitat\/estructura\/govern\/consell-social\/ajuts\/\" data-saferedirecturl=\"https:\/\/www.google.com\/url?hl=ca&amp;q=https:\/\/www.urv.cat\/ca\/universitat\/estructura\/govern\/consell-social\/ajuts\/&amp;source=gmail&amp;ust=1770279427895000&amp;usg=AOvVaw2K6JU3x5i4c57CSq0VFOCd\">Ajuts Pont &#8211; URV<\/a><\/u><\/td>\n<td width=\"218\"><u><a href=\"https:\/\/www.urv.cat\/ca\/universitat\/estructura\/govern\/consell-social\/ajuts\/\" data-saferedirecturl=\"https:\/\/www.google.com\/url?hl=ca&amp;q=https:\/\/www.urv.cat\/ca\/universitat\/estructura\/govern\/consell-social\/ajuts\/&amp;source=gmail&amp;ust=1770279427895000&amp;usg=AOvVaw2K6JU3x5i4c57CSq0VFOCd\">Ajuts Pont &#8211; URV<\/a><\/u><\/td>\n<td width=\"138\">Abril<\/td>\n<td width=\"103\">S\u00ed<\/td>\n<td width=\"98\">Mixte<\/td>\n<\/tr>\n<tr>\n<td width=\"43\">18<\/td>\n<td width=\"203\"><strong>Accions de la URV obertes al Dept. d&#8217;Educaci\u00f3 i FP<\/strong><\/td>\n<td width=\"128\">Totes les etapes<\/td>\n<td width=\"182\">Tots (prim\u00e0ria, ESO, BAT, FP)<\/td>\n<td width=\"150\">Prov\u00edncia de Tarragona i comarques lim\u00edtrofes<\/td>\n<td width=\"142\">Setembre 2025- Juliol 2026<\/td>\n<td width=\"218\"><u><a href=\"https:\/\/xtec.gencat.cat\/ca\/formacio\/info-general\/cercador-activitats\/\" data-saferedirecturl=\"https:\/\/www.google.com\/url?hl=ca&amp;q=https:\/\/xtec.gencat.cat\/ca\/formacio\/info-general\/cercador-activitats\/&amp;source=gmail&amp;ust=1770279427895000&amp;usg=AOvVaw2e5q8epS-9_7NE7czPF6Dy\">xtec.cercador Buscar per codi d&#8217;activitat<\/a><\/u><\/td>\n<td width=\"218\"><u><a href=\"https:\/\/xtec.gencat.cat\/ca\/formacio\/info-general\/cercador-activitats\/\" data-saferedirecturl=\"https:\/\/www.google.com\/url?hl=ca&amp;q=https:\/\/xtec.gencat.cat\/ca\/formacio\/info-general\/cercador-activitats\/&amp;source=gmail&amp;ust=1770279427895000&amp;usg=AOvVaw2e5q8epS-9_7NE7czPF6Dy\">xtec.cercador Buscar per codi d&#8217;activitat<\/a><\/u><\/td>\n<td width=\"138\">Cada activitat te el seu per\u00edode d&#8217;inscripci\u00f3<\/td>\n<td width=\"103\">Algunes activitats s\u00f3n gratu\u00eftes, d&#8217;altres no.<\/td>\n<td width=\"98\">Universitat<\/td>\n<\/tr>\n<tr>\n<td rowspan=\"6\" width=\"43\">29<\/td>\n<td rowspan=\"6\" width=\"203\"><strong>E-Talks: experi\u00e8ncies inspiradores per orientar el futur del teu alumnat<\/strong><\/td>\n<td rowspan=\"6\" width=\"128\">ESO (3r i 4t), BAT, FP<\/td>\n<td width=\"182\">Matem\u00e0tic\u00a0(ESO)<\/td>\n<td rowspan=\"6\" width=\"150\">Centres que tingui el catal\u00e0 com a llengua vehicular<\/td>\n<td rowspan=\"6\" width=\"142\">20\/3\/2026<\/td>\n<td rowspan=\"6\" width=\"218\"><u><a href=\"https:\/\/repteexperimenta.cat\/etiqueta\/etalks\/\" data-saferedirecturl=\"https:\/\/www.google.com\/url?hl=ca&amp;q=https:\/\/repteexperimenta.cat\/etiqueta\/etalks\/&amp;source=gmail&amp;ust=1770279427895000&amp;usg=AOvVaw0P90KNtFdVPkzpIofuVme1\">etalks<\/a><\/u><\/td>\n<td rowspan=\"6\" width=\"218\"><u><a href=\"https:\/\/repteexperimenta.cat\/etiqueta\/etalks\/\" data-saferedirecturl=\"https:\/\/www.google.com\/url?hl=ca&amp;q=https:\/\/repteexperimenta.cat\/etiqueta\/etalks\/&amp;source=gmail&amp;ust=1770279427896000&amp;usg=AOvVaw1AVVWqVWzA2Io2hNuWBZag\">etalks<\/a><\/u><\/td>\n<td rowspan=\"6\" width=\"138\">A partir del febrer<\/td>\n<td rowspan=\"6\" width=\"103\"><\/td>\n<td rowspan=\"6\" width=\"98\">En xarxa<\/td>\n<\/tr>\n<tr>\n<td width=\"182\">Cientificotecnol\u00f2gic (ESO)<\/td>\n<\/tr>\n<tr>\n<td width=\"182\">Ci\u00e8ncies i tecnologia (BAT)<\/td>\n<\/tr>\n<tr>\n<td width=\"182\">Humanitats i ci\u00e8ncies socials\u00a0 (BAT)<\/td>\n<\/tr>\n<tr>\n<td width=\"182\">Fabricaci\u00f3 mec\u00e0nica; Qu\u00edmica; Sanitat; Seguretat i medi amb. (FP)<\/td>\n<\/tr>\n<tr>\n<td width=\"182\">Humanitats i ci\u00e8ncies socials\u00a0 (BAT)<\/td>\n<\/tr>\n<tr>\n<td rowspan=\"3\" width=\"43\">34<\/td>\n<td rowspan=\"3\" width=\"203\"><strong>Premis URV-F\u00f2rum TRICS als millors treballs de recerca<\/strong><\/td>\n<td rowspan=\"3\" width=\"128\">BAT (2n) i FP CFGS<\/td>\n<td width=\"182\">Arts (BAT)<\/td>\n<td rowspan=\"3\" width=\"150\">Participants del F\u00f2rum TRICS<\/td>\n<td rowspan=\"3\" width=\"142\">Mar\u00e7<\/td>\n<td rowspan=\"3\" width=\"218\"><u>Properament a premis\/forum-trics<\/u><\/td>\n<td rowspan=\"3\" width=\"218\"><u>Properament a premis\/forum-trics<\/u><\/td>\n<td rowspan=\"3\" width=\"138\">Gener a finals de mar\u00e7<\/td>\n<td rowspan=\"3\" width=\"103\">S\u00ed<\/td>\n<td rowspan=\"3\" width=\"98\">Universitat<\/td>\n<\/tr>\n<tr>\n<td width=\"182\">Ci\u00e8ncies i tecnologia (BAT)<\/td>\n<\/tr>\n<tr>\n<td width=\"182\">Humanitats i ci\u00e8ncies socials\u00a0 (BAT)<\/td>\n<\/tr>\n<tr>\n<td rowspan=\"3\" width=\"43\">35<\/td>\n<td rowspan=\"3\" width=\"203\"><strong>Premis Consell Social de la URV a treballs de recerca de batxillerat<\/strong><\/td>\n<td rowspan=\"3\" width=\"128\">BAT (2n)<\/td>\n<td width=\"182\">Arts (BAT)<\/td>\n<td rowspan=\"3\" width=\"150\">Tot Catalunya<\/td>\n<td rowspan=\"3\" width=\"142\">Maig<\/td>\n<td rowspan=\"3\" width=\"218\"><u><a href=\"https:\/\/www.urv.cat\/ca\/universitat\/estructura\/govern\/consell-social\/premis\/\" data-saferedirecturl=\"https:\/\/www.google.com\/url?hl=ca&amp;q=https:\/\/www.urv.cat\/ca\/universitat\/estructura\/govern\/consell-social\/premis\/&amp;source=gmail&amp;ust=1770279427896000&amp;usg=AOvVaw1rK84eEZFz89xDGeEjSRYA\">consell-social\/premis<\/a><\/u><\/td>\n<td rowspan=\"3\" width=\"218\"><u><a href=\"https:\/\/www.urv.cat\/ca\/universitat\/estructura\/govern\/consell-social\/premis\/\" data-saferedirecturl=\"https:\/\/www.google.com\/url?hl=ca&amp;q=https:\/\/www.urv.cat\/ca\/universitat\/estructura\/govern\/consell-social\/premis\/&amp;source=gmail&amp;ust=1770279427896000&amp;usg=AOvVaw1rK84eEZFz89xDGeEjSRYA\">consell-social\/premis<\/a><\/u><\/td>\n<td rowspan=\"3\" width=\"138\">Primera quinzena de maig<\/td>\n<td rowspan=\"3\" width=\"103\">S\u00ed<\/td>\n<td rowspan=\"3\" width=\"98\">Universitat<\/td>\n<\/tr>\n<tr>\n<td width=\"182\">Ci\u00e8ncies i tecnologia (BAT)<\/td>\n<\/tr>\n<tr>\n<td width=\"182\">Humanitats i ci\u00e8ncies socials\u00a0 (BAT)<\/td>\n<\/tr>\n<tr>\n<td rowspan=\"3\" width=\"43\">36<\/td>\n<td rowspan=\"3\" width=\"203\"><strong>Premis Gerard Verg\u00e9s als treballs de recerca de batxillerat i treballs de s\u00edntesi de cicles formatius de grau superior<\/strong><\/td>\n<td rowspan=\"3\" width=\"128\">BAT (2n) i FP CFGS<\/td>\n<td width=\"182\">Ci\u00e8ncies i tecnologia (BAT)<\/td>\n<td rowspan=\"3\" width=\"150\">Terres de l&#8217;Ebre<\/td>\n<td rowspan=\"3\" width=\"142\">Mar\u00e7 a juny<\/td>\n<td rowspan=\"3\" width=\"218\"><u>Properament a campusebre.urv<\/u><\/td>\n<td rowspan=\"3\" width=\"218\"><u>Properament a campusebre.urv<\/u><\/td>\n<td rowspan=\"3\" width=\"138\">Mar\u00e7 a juny<\/td>\n<td rowspan=\"3\" width=\"103\">S\u00ed<\/td>\n<td rowspan=\"3\" width=\"98\">Universitat<\/td>\n<\/tr>\n<tr>\n<td width=\"182\">Humanitats i ci\u00e8ncies socials\u00a0 (BAT)<\/td>\n<\/tr>\n<tr>\n<td width=\"182\">Diverses (FP)<\/td>\n<\/tr>\n<tr>\n<td width=\"43\">41<\/td>\n<td width=\"203\"><strong>Fase Local de la XVII Olimp\u00edada d&#8217;Economia<\/strong><\/td>\n<td width=\"128\">BAT (2n)<\/td>\n<td width=\"182\">Humanitats i ci\u00e8ncies socials\u00a0 (BAT)<\/td>\n<td width=\"150\">Prov\u00edncia de Tarragona<\/td>\n<td width=\"142\">26 de mar\u00e7 de 2026<\/td>\n<td width=\"218\"><u><a href=\"https:\/\/www.fee.urv.cat\/ca\/informacio-per-a\/olimpiades-economia\/\" data-saferedirecturl=\"https:\/\/www.google.com\/url?hl=ca&amp;q=https:\/\/www.fee.urv.cat\/ca\/informacio-per-a\/olimpiades-economia\/&amp;source=gmail&amp;ust=1770279427896000&amp;usg=AOvVaw1udsGVWQ-k2U_Kp5-UIYOU\">Fase Local Olimp\u00edada d&#8217;Economia<\/a><\/u><\/td>\n<td width=\"218\"><u><a href=\"https:\/\/www.fee.urv.cat\/ca\/informacio-per-a\/olimpiades-economia\/fase-local\/#inscripcio\" data-saferedirecturl=\"https:\/\/www.google.com\/url?hl=ca&amp;q=https:\/\/www.fee.urv.cat\/ca\/informacio-per-a\/olimpiades-economia\/fase-local\/%23inscripcio&amp;source=gmail&amp;ust=1770279427896000&amp;usg=AOvVaw0Eg_SY8OW6coHv22VQLP2s\">A partir de febrer a Inscripci\u00f3 Fase Local Olimp\u00edada Economia<\/a><\/u><\/td>\n<td width=\"138\">Fins el 19 de mar\u00e7 de 2026<\/td>\n<td width=\"103\">S\u00ed<\/td>\n<td width=\"98\">Universitat<\/td>\n<\/tr>\n<tr>\n<td rowspan=\"2\" width=\"43\">47<\/td>\n<td rowspan=\"2\" width=\"203\"><strong>Concurs de mon\u00f2legs cient\u00edfics &#8220;Vols Saber Qu\u00e8 Investigo?&#8221;<\/strong><\/td>\n<td rowspan=\"2\" width=\"128\">BAT (1r)<\/td>\n<td width=\"182\">Ci\u00e8ncies i tecnologia (BAT)<\/td>\n<td rowspan=\"2\" width=\"150\">Tot Catalunya<\/td>\n<td rowspan=\"2\" width=\"142\">22 d&#8217;abril de 2026 &#8211; 11h<\/td>\n<td rowspan=\"2\" width=\"218\"><u><a href=\"https:\/\/www.comciencia.urv.cat\/ca\/vols-saber-que-investigo\/\" data-saferedirecturl=\"https:\/\/www.google.com\/url?hl=ca&amp;q=https:\/\/www.comciencia.urv.cat\/ca\/vols-saber-que-investigo\/&amp;source=gmail&amp;ust=1770279427896000&amp;usg=AOvVaw3yUxUtCEsiYV4G76bG4KzW\">vols-saber-que-investigo<\/a><\/u><\/td>\n<td rowspan=\"2\" width=\"218\"><u><a href=\"https:\/\/www.comciencia.urv.cat\/ca\/vols-saber-que-investigo\/formulari\/\" data-saferedirecturl=\"https:\/\/www.google.com\/url?hl=ca&amp;q=https:\/\/www.comciencia.urv.cat\/ca\/vols-saber-que-investigo\/formulari\/&amp;source=gmail&amp;ust=1770279427896000&amp;usg=AOvVaw2WIBG77kZMWdLAy9Z1WWDD\">vols-saber-que-investigo\/formulari<\/a><\/u><\/td>\n<td rowspan=\"2\" width=\"138\">Obert fins a completar aforament<\/td>\n<td rowspan=\"2\" width=\"103\">S\u00ed<\/td>\n<td rowspan=\"2\" width=\"98\">Centre educatiu<\/td>\n<\/tr>\n<tr>\n<td width=\"182\">Humanitats i ci\u00e8ncies socials\u00a0 (BAT)<\/td>\n<\/tr>\n<\/tbody>\n<\/table>\n<table width=\"1558\">\n<tbody>\n<tr>\n<td width=\"42\"><strong>N\u00fam.<\/strong><\/td>\n<td width=\"191\"><strong>Activitat<\/strong><\/td>\n<td width=\"114\"><strong>Nivells educatius\u00a0<\/strong><strong>(infantil, prim\u00e0ria, ESO, BAT o FP)<\/strong><\/td>\n<td width=\"221\"><strong>\u00c0mbits de coneixement<\/strong><\/td>\n<td width=\"188\"><strong>Centres destinataris (territori)<\/strong><\/td>\n<td width=\"83\"><strong>Per\u00edode de realitzaci\u00f3<\/strong><\/td>\n<td width=\"202\"><strong>Informaci\u00f3 completa a<\/strong><\/td>\n<td width=\"186\"><strong>Sol\u00b7licituds d\u2019inscripci\u00f3 a<\/strong><\/td>\n<td width=\"116\"><strong>Termini d\u2019inscripci\u00f3<\/strong><\/td>\n<td width=\"107\"><strong>Gratu\u00efta?<\/strong><\/td>\n<td width=\"107\"><strong>A on es realitza?<\/strong><\/td>\n<\/tr>\n<tr>\n<td width=\"42\"><strong>1<\/strong><\/td>\n<td width=\"191\"><strong>Taller &#8220;L&#8217;avellana a l&#8217;escola&#8221;<\/strong><\/td>\n<td width=\"114\">Prim\u00e0ria (5\u00e8 i 6\u00e8)<\/td>\n<td width=\"221\">Coneix. medi natural (prim\u00e0ria)<\/td>\n<td width=\"188\">Camp de Tarragona<\/td>\n<td width=\"83\">Setembre a desembre<\/td>\n<td width=\"202\"><\/td>\n<td width=\"186\">Correu a:\u00a0<a href=\"mailto:elisabet.llaurado@urv.cat\">elisabet.llaurado@urv.cat<\/a><\/td>\n<td width=\"116\">Fins 5 de setembre<\/td>\n<td width=\"107\">S\u00ed<\/td>\n<td width=\"107\">Centre educatiu<\/td>\n<\/tr>\n<tr>\n<td width=\"42\"><strong>2<\/strong><\/td>\n<td width=\"191\"><strong>Els insectes a l\u2019escola: una font de prote\u00efna m\u00e9s sostenible<\/strong><\/td>\n<td width=\"114\">Prim\u00e0ria<\/td>\n<td width=\"221\">Coneix. medi natural (prim\u00e0ria)<\/td>\n<td width=\"188\">Prov\u00edncia de Tarragona<\/td>\n<td width=\"83\">Octubre a maig<\/td>\n<td width=\"202\"><a href=\"https:\/\/revistes.uab.cat\/ciencies\/article\/view\/n48-descamps-segu-vilalta-etal\" data-saferedirecturl=\"https:\/\/www.google.com\/url?q=https:\/\/revistes.uab.cat\/ciencies\/article\/view\/n48-descamps-segu-vilalta-etal&amp;source=gmail&amp;ust=1770281893592000&amp;usg=AOvVaw04EVS6tgDfmdBwYLr69InG\">Info insectes<\/a><\/td>\n<td width=\"186\">Correu a:\u00a0<a href=\"mailto:esther.rodriguez@urv.cat\">esther.rodriguez@urv.cat<\/a><\/td>\n<td width=\"116\">Tot el curs acad\u00e8mic<\/td>\n<td width=\"107\">S\u00ed<\/td>\n<td width=\"107\">Centre educatiu<\/td>\n<\/tr>\n<tr>\n<td width=\"42\"><strong>3<\/strong><\/td>\n<td width=\"191\"><strong>Fira Experimenta: la gran festa de la ci\u00e8ncia feta per joves!<\/strong><\/td>\n<td width=\"114\">Prim\u00e0ria<\/td>\n<td width=\"221\">Coneix. medi natural (prim\u00e0ria)<\/td>\n<td width=\"188\">Camp de Tarragona i Terres de l&#8217;Ebre<\/td>\n<td width=\"83\">5\/6\/2026<\/td>\n<td width=\"202\"><a href=\"https:\/\/repteexperimenta.cat\/etiqueta\/fira-experimenta\/\" data-saferedirecturl=\"https:\/\/www.google.com\/url?q=https:\/\/repteexperimenta.cat\/etiqueta\/fira-experimenta\/&amp;source=gmail&amp;ust=1770281893592000&amp;usg=AOvVaw0s1gkzi1gfFvSlPfGGdt2m\">fira-experimenta<\/a><\/td>\n<td width=\"186\">Sense inscripci\u00f3 pr\u00e8via<\/td>\n<td width=\"116\">Sense inscripci\u00f3 pr\u00e8via<\/td>\n<td width=\"107\">S\u00ed<\/td>\n<td width=\"107\">Universitat<\/td>\n<\/tr>\n<tr>\n<td width=\"42\"><strong>4<\/strong><\/td>\n<td width=\"191\"><strong>Participaci\u00f3 en la Fira de ci\u00e8ncies FCEP<\/strong><\/td>\n<td width=\"114\">Prim\u00e0ria<\/td>\n<td width=\"221\">Coneix. medi natural (prim\u00e0ria)<\/td>\n<td width=\"188\">Prov\u00edncia de Tarragona<\/td>\n<td width=\"83\">26\/05\/2026<\/td>\n<td width=\"202\"><a href=\"https:\/\/www.urv.cat\/ca\/vida-campus\/serveis\/medi-ambient\/biodiversitat\/firadelaciencia\/\" data-saferedirecturl=\"https:\/\/www.google.com\/url?q=https:\/\/www.urv.cat\/ca\/vida-campus\/serveis\/medi-ambient\/biodiversitat\/firadelaciencia\/&amp;source=gmail&amp;ust=1770281893592000&amp;usg=AOvVaw09hfsIMSJZWfVMgXfN8cju\">firadelaciencia<\/a><\/td>\n<td width=\"186\">correu a\u00a0<a href=\"mailto:mteresa.novo@urv.cat\">mteresa.novo@urv.cat<\/a><\/td>\n<td width=\"116\">Fins completar la reserva de 6 grups\/classe.<\/td>\n<td width=\"107\">S\u00ed, l&#8217;escola ha de pagar-se el transport<\/td>\n<td width=\"107\">Universitat<\/td>\n<\/tr>\n<tr>\n<td width=\"42\"><strong>5<\/strong><\/td>\n<td width=\"191\"><strong>Jocs cient\u00edfics per a l\u2019aula: Splashcraft i Aquanet<\/strong><\/td>\n<td width=\"114\">Prim\u00e0ria (4t a 6\u00e8)<\/td>\n<td width=\"221\">Coneix. medi natural (prim\u00e0ria)<\/td>\n<td width=\"188\">Centres on la llengua vehicular sigui el catal\u00e0<\/td>\n<td width=\"83\">Tot el curs<\/td>\n<td width=\"202\"><\/td>\n<td width=\"186\">Correu a\u00a0<a href=\"mailto:barbara.vastenavond@urv.cat\">barbara.vastenavond@urv.cat<\/a><\/td>\n<td width=\"116\">Durant el curs pr\u00e8via sol\u00b7licitud per correu electr.<\/td>\n<td width=\"107\">S\u00ed, cal assumir el cost del transport del material<\/td>\n<td width=\"107\">Centre educatiu<\/td>\n<\/tr>\n<tr>\n<td width=\"42\"><strong>6<\/strong><\/td>\n<td width=\"191\"><strong>Programa InspiraSTEAM<\/strong><\/td>\n<td width=\"114\">Prim\u00e0ria (6\u00e8)<\/td>\n<td width=\"221\">Coneix. medi social (prim\u00e0ria)<\/p>\n<p>Coneix. medi natural (prim\u00e0ria)<\/p>\n<p>Educaci\u00f3 en valors (prim\u00e0ria)<\/td>\n<td width=\"188\">Prov\u00edncia de Tarragona<\/td>\n<td width=\"83\">Segon i tercer trimestre<\/td>\n<td width=\"202\"><a href=\"https:\/\/www.etseq.urv.cat\/ca\/informacio-per-a\/secundaria\/inspira-steam\/\" data-saferedirecturl=\"https:\/\/www.google.com\/url?q=https:\/\/www.etseq.urv.cat\/ca\/informacio-per-a\/secundaria\/inspira-steam\/&amp;source=gmail&amp;ust=1770281893593000&amp;usg=AOvVaw0djM4h1xk6rjktJSBj3_cA\">inspira-steam TGN<\/a>\u00a0\u00a0 i\u00a0<a href=\"https:\/\/inspirasteam.net\/\" data-saferedirecturl=\"https:\/\/www.google.com\/url?q=https:\/\/inspirasteam.net\/&amp;source=gmail&amp;ust=1770281893593000&amp;usg=AOvVaw2kf_mjRMLqN4eGvFzzQY8a\">inspirasteam Deusto<\/a><\/td>\n<td width=\"186\">Correu a\u00a0<a href=\"mailto:inspirasteam@urv.cat\">inspirasteam@urv.cat<\/a><\/td>\n<td width=\"116\">Tot el curs<\/td>\n<td width=\"107\">S\u00ed<\/td>\n<td width=\"107\">Centre educatiu<\/td>\n<\/tr>\n<tr>\n<td width=\"42\"><strong>7<\/strong><\/td>\n<td width=\"191\"><strong>Nit de la Recerca a Tortosa<\/strong><\/td>\n<td width=\"114\">Infantil, prim\u00e0ria i ESO (1r i 2n)<\/td>\n<td width=\"221\">Tots (prim\u00e0ria, ESO, BAT, FP)<\/td>\n<td width=\"188\">Tortosa i Roquetes<\/td>\n<td width=\"83\">3 d&#8217;octubre<\/td>\n<td width=\"202\">Properament a\u00a0<a href=\"https:\/\/www.campusebre.urv.cat\/ca\/\" data-saferedirecturl=\"https:\/\/www.google.com\/url?q=https:\/\/www.campusebre.urv.cat\/ca\/&amp;source=gmail&amp;ust=1770281893593000&amp;usg=AOvVaw3oinFIuZ49qamqfuCGOH3l\">Campus Terres Ebre<\/a><\/td>\n<td width=\"186\">Inscripci\u00f3 al lloc el mateix dia de l\u2019activitat<\/td>\n<td width=\"116\">Inscripci\u00f3 al lloc, el mateix dia de l\u2019activitat<\/td>\n<td width=\"107\">S\u00ed<\/td>\n<td width=\"107\">Carrer<\/td>\n<\/tr>\n<tr>\n<td width=\"42\"><strong>8<\/strong><\/td>\n<td width=\"191\"><strong>Nit de la Recerca a Tarragona<\/strong><\/td>\n<td width=\"114\">Infantil, prim\u00e0ria i ESO<\/td>\n<td width=\"221\">Tots (prim\u00e0ria, ESO, BAT, FP)<\/td>\n<td width=\"188\">Tot Catalunya<\/td>\n<td width=\"83\">26 i 27 de setembre<\/td>\n<td width=\"202\">Properament a\u00a0<a href=\"https:\/\/tarragona.nitdelarecerca.cat\/ca\/programacio\/\" data-saferedirecturl=\"https:\/\/www.google.com\/url?q=https:\/\/tarragona.nitdelarecerca.cat\/ca\/programacio\/&amp;source=gmail&amp;ust=1770281893593000&amp;usg=AOvVaw3H2dfeQ4R09_l31hq2zuKP\">Info nitdelarecerca.cat<\/a><\/td>\n<td width=\"186\">Inscripci\u00f3 al lloc el mateix dia de l\u2019activitat<\/td>\n<td width=\"116\">Inscripci\u00f3 al lloc, el mateix dia de l\u2019activitat<\/td>\n<td width=\"107\">S\u00ed<\/td>\n<td width=\"107\">Carrer<\/td>\n<\/tr>\n<tr>\n<td width=\"42\"><strong>9<\/strong><\/td>\n<td width=\"191\"><strong>Cient\u00edfiques en acci\u00f3, experimenta! Inspirar vocacions amb referents real<\/strong><\/td>\n<td width=\"114\">Prim\u00e0ria i ESO<\/td>\n<td width=\"221\">Matem\u00e0tic\u00a0(prim\u00e0ria i ESO)<\/p>\n<p>Coneix. medi natural (prim\u00e0ria) \/\u00a0 cientificotecnol\u00f2gic (ESO)<\/td>\n<td width=\"188\">Centres on la llengua vehicular sigui el catal\u00e0<\/td>\n<td width=\"83\">Llan\u00e7ament i accessible via web el 6\/02\/26<\/td>\n<td width=\"202\"><a href=\"https:\/\/repteexperimenta.cat\/etiqueta\/cientifiques-en-accio\/\" data-saferedirecturl=\"https:\/\/www.google.com\/url?q=https:\/\/repteexperimenta.cat\/etiqueta\/cientifiques-en-accio\/&amp;source=gmail&amp;ust=1770281893593000&amp;usg=AOvVaw1tcc8DiFZ4IABrjB9qg_Qb\">cientifiques-en-accio<\/a><\/td>\n<td width=\"186\"><a href=\"https:\/\/repteexperimenta.cat\/etiqueta\/cientifiques-en-accio\/\" data-saferedirecturl=\"https:\/\/www.google.com\/url?q=https:\/\/repteexperimenta.cat\/etiqueta\/cientifiques-en-accio\/&amp;source=gmail&amp;ust=1770281893593000&amp;usg=AOvVaw1tcc8DiFZ4IABrjB9qg_Qb\">cientifiques-en-accio<\/a><\/td>\n<td width=\"116\">A partir del 6\/02\/2026<\/td>\n<td width=\"107\">S\u00ed, cal descarregar material via formulari<\/td>\n<td width=\"107\">Centre educatiu<\/td>\n<\/tr>\n<tr>\n<td width=\"42\"><strong>10<\/strong><\/td>\n<td width=\"191\"><strong>Taller d\u2019activitats experimentals URV-AEQT a la \u201cSetmana de la Ci\u00e8ncia 2025\u201d<\/strong><\/td>\n<td width=\"114\">Prim\u00e0ria (5\u00e8 i 6\u00e8), ESO i BAT<\/td>\n<td width=\"221\">Coneix. medi natural (prim\u00e0ria) \/\u00a0cientificotecnol\u00f2gic (ESO)<\/p>\n<p>Ci\u00e8ncies i tecnologia (BAT)<\/p>\n<p>Art\u00edstic (prim\u00e0ria i ESO)<\/td>\n<td width=\"188\">Municipis de Tarragona, La Canonja, Vila-seca, Salou, Constant\u00ed, El Morell, La Pobla de Mafumet, Els Pallaresos i Reus<\/td>\n<td width=\"83\">3 al 14 de novembre<\/td>\n<td width=\"202\"><a href=\"https:\/\/urvdivulga.cat\/activitats-i-programes\/setmana_ciencia\/\" data-saferedirecturl=\"https:\/\/www.google.com\/url?q=https:\/\/urvdivulga.cat\/activitats-i-programes\/setmana_ciencia\/&amp;source=gmail&amp;ust=1770281893593000&amp;usg=AOvVaw1wtLFQk_smfSr5kQ1B-rQC\">Info tallers Setmana ci\u00e8ncia<\/a><\/td>\n<td width=\"186\"><a href=\"https:\/\/forms.office.com\/e\/zt0PY2WF67\" data-saferedirecturl=\"https:\/\/www.google.com\/url?q=https:\/\/forms.office.com\/e\/zt0PY2WF67&amp;source=gmail&amp;ust=1770281893593000&amp;usg=AOvVaw0-yhNldx1nuHGVueonjQOw\">Formulari tallers Setmana ci\u00e8ncia<\/a><\/td>\n<td width=\"116\">14 de setembre (primera inst\u00e0ncia)<\/td>\n<td width=\"107\">S\u00ed, l&#8217;escola ha de pagar-se el transport<\/td>\n<td width=\"107\">Universitat<\/td>\n<\/tr>\n<tr>\n<td width=\"42\"><strong>11<\/strong><\/td>\n<td width=\"191\"><strong>Tallers \u201cUn m\u00f3n de ci\u00e8ncia DOW-URV\u201d<\/strong><\/td>\n<td width=\"114\">Prim\u00e0ria (4t a 6\u00e8), ESO i BAT<\/td>\n<td width=\"221\">Coneix. medi natural (prim\u00e0ria) \/\u00a0cientificotecnol\u00f2gic (ESO)<\/p>\n<p>Ci\u00e8ncies i tecnologia (BAT)<\/td>\n<td width=\"188\">Municipis de La Pobla de Mafumet, El Morell, La Canonja, Perafort i barris de ponent de Tarragona<\/td>\n<td width=\"83\">Segon o tercer trimestre<\/td>\n<td width=\"202\"><a href=\"https:\/\/urvdivulga.cat\/activitats-i-programes\/programa-mon-de-ciencia\/\" data-saferedirecturl=\"https:\/\/www.google.com\/url?q=https:\/\/urvdivulga.cat\/activitats-i-programes\/programa-mon-de-ciencia\/&amp;source=gmail&amp;ust=1770281893593000&amp;usg=AOvVaw1n7zZ_18WfQb690DGNLqyA\">Info\u00a0 programa-mon-de-ciencia<\/a><\/p>\n<p><a href=\"https:\/\/rovira-my.sharepoint.com\/:b:\/g\/personal\/39679436-c_epp_urv_cat\/ERqS4GjwqbhLjJ1CNolxAhQB6HniJYtUV-p23MIMSJo7mg?e=Ufwekt\" data-saferedirecturl=\"https:\/\/www.google.com\/url?q=https:\/\/rovira-my.sharepoint.com\/:b:\/g\/personal\/39679436-c_epp_urv_cat\/ERqS4GjwqbhLjJ1CNolxAhQB6HniJYtUV-p23MIMSJo7mg?e%3DUfwekt&amp;source=gmail&amp;ust=1770281893593000&amp;usg=AOvVaw1y5jfju5qfxffkK-A4FnPX\">Info tallers disponibles<\/a><\/td>\n<td width=\"186\"><a href=\"https:\/\/forms.office.com\/e\/9vFNx40Rqe\" data-saferedirecturl=\"https:\/\/www.google.com\/url?q=https:\/\/forms.office.com\/e\/9vFNx40Rqe&amp;source=gmail&amp;ust=1770281893593000&amp;usg=AOvVaw1y7PR3sIO7U8hLRA6lJBHi\">Formulari M\u00f3n de Ci\u00e8ncia<\/a><\/td>\n<td width=\"116\">21 de setembre (primera inst\u00e0ncia)<\/td>\n<td width=\"107\">S\u00ed<\/td>\n<td width=\"107\">Centre educatiu<\/td>\n<\/tr>\n<tr>\n<td width=\"42\"><strong>12<\/strong><\/td>\n<td width=\"191\"><strong>Tallers\u00a0\u201cUn m\u00f3n de Ci\u00e8ncia\u201d i\u00a0visita\u00a0&#8220;Programa de Visites Educatives&#8221; URV-Alt Camp<\/strong><\/td>\n<td width=\"114\">Prim\u00e0ria (4t a 6\u00e8), ESO i BAT<\/td>\n<td width=\"221\">Coneix. medi natural (prim\u00e0ria) \/\u00a0cientificotecnol\u00f2gic (ESO)<\/p>\n<p>Ci\u00e8ncies i tecnologia (BAT)<\/td>\n<td width=\"188\">Comarca de l\u2019Alt Camp<\/td>\n<td width=\"83\">Segon o tercer trimestre<\/td>\n<td width=\"202\"><a href=\"http:\/\/programa-mon-de-ciencia\/\" data-saferedirecturl=\"https:\/\/www.google.com\/url?q=http:\/\/programa-mon-de-ciencia&amp;source=gmail&amp;ust=1770281893593000&amp;usg=AOvVaw0oxgyDsMFZUdZ9NkJqE6MZ\">programa-mon-de-ciencia<\/a><\/p>\n<p><a href=\"http:\/\/visites_educatives\/\" data-saferedirecturl=\"https:\/\/www.google.com\/url?q=http:\/\/visites_educatives&amp;source=gmail&amp;ust=1770281893593000&amp;usg=AOvVaw3gKbidG5S9ekVosougy_u8\">visites_educatives<\/a>\u00a0\u00a0<a href=\"https:\/\/rovira-my.sharepoint.com\/:f:\/g\/personal\/39679436-c_epp_urv_cat\/Ep5ht2BgyyFEp4dh1H1bSloBp8K4Aa3CnGk0XKO6Ru-PvA?e=wVJMgz\" data-saferedirecturl=\"https:\/\/www.google.com\/url?q=https:\/\/rovira-my.sharepoint.com\/:f:\/g\/personal\/39679436-c_epp_urv_cat\/Ep5ht2BgyyFEp4dh1H1bSloBp8K4Aa3CnGk0XKO6Ru-PvA?e%3DwVJMgz&amp;source=gmail&amp;ust=1770281893593000&amp;usg=AOvVaw0f30QtQQJkygisp8UDXOlD\">documents addicionals<\/a><\/td>\n<td width=\"186\">M\u00f3n de ci\u00e8ncia\u00a0<a href=\"https:\/\/forms.office.com\/e\/aAtZaSRsVD\" data-saferedirecturl=\"https:\/\/www.google.com\/url?q=https:\/\/forms.office.com\/e\/aAtZaSRsVD&amp;source=gmail&amp;ust=1770281893593000&amp;usg=AOvVaw2X22Sz024EMcBlxrGF6Rjj\">Formulari Tallers\u00a0<\/a>\u00a0PVE\u00a0<a href=\"https:\/\/forms.office.com\/e\/QR7bddrKCz\" data-saferedirecturl=\"https:\/\/www.google.com\/url?q=https:\/\/forms.office.com\/e\/QR7bddrKCz&amp;source=gmail&amp;ust=1770281893593000&amp;usg=AOvVaw1bH-opc8NgOwyfYu02GoPU\">Formulari visites<\/a><\/td>\n<td width=\"116\">1 d\u2019octubre (primera inst\u00e0ncia)<\/td>\n<td width=\"107\">S\u00ed<\/td>\n<td width=\"107\">Centre educatiu<\/p>\n<p>Seu empresa<\/td>\n<\/tr>\n<tr>\n<td width=\"42\"><strong>13<\/strong><\/td>\n<td width=\"191\"><strong>Experimenta en xarxa: de la teoria a l\u2019experimentaci\u00f3<\/strong><\/td>\n<td width=\"114\">Prim\u00e0ria (4t a 6\u00e8), ESO,\u00a0 BAT, FP<\/td>\n<td width=\"221\">Coneix. medi natural (prim\u00e0ria)<br \/>\n\/ cientificotecnol\u00f2gic (ESO)Ci\u00e8ncies i tecnologia (BAT)<\/td>\n<td width=\"188\">Centres on la llengua vehicular sigui el catal\u00e0<\/td>\n<td width=\"83\">26\/6\/2026<\/td>\n<td width=\"202\"><a href=\"https:\/\/hubexperimenta.eu\/tag\/experimenta-en-xarxa\/\" data-saferedirecturl=\"https:\/\/www.google.com\/url?q=https:\/\/hubexperimenta.eu\/tag\/experimenta-en-xarxa\/&amp;source=gmail&amp;ust=1770281893593000&amp;usg=AOvVaw0usaghb0SwUxZnkJHEYM5a\">experimenta-en-xarxa<\/a><\/td>\n<td width=\"186\"><a href=\"https:\/\/hubexperimenta.eu\/tag\/experimenta-en-xarxa\/\" data-saferedirecturl=\"https:\/\/www.google.com\/url?q=https:\/\/hubexperimenta.eu\/tag\/experimenta-en-xarxa\/&amp;source=gmail&amp;ust=1770281893593000&amp;usg=AOvVaw0usaghb0SwUxZnkJHEYM5a\">experimenta-en-xarxa<\/a><\/td>\n<td width=\"116\">26\/6\/2026<\/td>\n<td width=\"107\">S\u00ed<\/td>\n<td width=\"107\">En xarxa<\/td>\n<\/tr>\n<tr>\n<td width=\"42\"><strong>14<\/strong><\/td>\n<td width=\"191\"><strong>Materials del Programa Escolar del Projecte APQUA de la URV<\/strong><\/td>\n<td width=\"114\">ESO, BAT i FP<\/td>\n<td width=\"221\">Matem\u00e0tic\u00a0(prim\u00e0ria i ESO)<\/p>\n<p>Coneix. medi natural (prim\u00e0ria) \/\u00a0cientificotecnol\u00f2gic (ESO)<\/p>\n<p>Ci\u00e8ncies i tecnologia (BAT)<\/td>\n<td width=\"188\">Tot Catalunya<\/td>\n<td width=\"83\">Tot el curs<\/td>\n<td width=\"202\"><a href=\"http:\/\/apqua\/programa-escolar\" data-saferedirecturl=\"https:\/\/www.google.com\/url?q=http:\/\/apqua\/programa-escolar&amp;source=gmail&amp;ust=1770281893593000&amp;usg=AOvVaw0Y_uyCl5YuHFjpL0lhYpvd\">apqua\/programa-escolar<\/a><\/td>\n<td width=\"186\">Correu a\u00a0<a href=\"mailto:apqua@urv.cat\">apqua@urv.cat<\/a><\/td>\n<td width=\"116\">Tot el curs<\/td>\n<td width=\"107\">No<\/td>\n<td width=\"107\">Centre educatiu<\/td>\n<\/tr>\n<tr>\n<td width=\"42\"><strong>15<\/strong><\/td>\n<td width=\"191\"><strong>Jornada d&#8217;Innovaci\u00f3 Docent<\/strong><\/td>\n<td width=\"114\">Totes les etapes<\/td>\n<td width=\"221\">Tots (prim\u00e0ria, ESO, BAT, FP)<\/td>\n<td width=\"188\">Prov\u00edncia de Tarragona<\/td>\n<td width=\"83\">juliol<\/td>\n<td width=\"202\">Properament a\u00a0<a href=\"https:\/\/www.ice.urv.cat\/ca\/innovacio\/\" data-saferedirecturl=\"https:\/\/www.google.com\/url?q=https:\/\/www.ice.urv.cat\/ca\/innovacio\/&amp;source=gmail&amp;ust=1770281893593000&amp;usg=AOvVaw2sVwnF5Pzzl1EnA9hbQE7t\">ice.innovacio<\/a><\/td>\n<td width=\"186\">Properament a\u00a0<a href=\"https:\/\/www.ice.urv.cat\/ca\/innovacio\/\" data-saferedirecturl=\"https:\/\/www.google.com\/url?q=https:\/\/www.ice.urv.cat\/ca\/innovacio\/&amp;source=gmail&amp;ust=1770281893593000&amp;usg=AOvVaw2sVwnF5Pzzl1EnA9hbQE7t\">ice.innovacio<\/a><\/td>\n<td width=\"116\">juliol<\/td>\n<td width=\"107\">S\u00ed<\/td>\n<td width=\"107\">Universitat<\/td>\n<\/tr>\n<tr>\n<td width=\"42\"><strong>16<\/strong><\/td>\n<td width=\"191\"><strong>Ajuts Pont<\/strong><\/td>\n<td width=\"114\">Totes les etapes<\/td>\n<td width=\"221\">Tots (prim\u00e0ria, ESO, BAT, FP)<\/td>\n<td width=\"188\">Prov\u00edncia de Tarragona<\/td>\n<td width=\"83\">Setembre a juny<\/td>\n<td width=\"202\"><a href=\"https:\/\/www.urv.cat\/ca\/universitat\/estructura\/govern\/consell-social\/ajuts\/\" data-saferedirecturl=\"https:\/\/www.google.com\/url?q=https:\/\/www.urv.cat\/ca\/universitat\/estructura\/govern\/consell-social\/ajuts\/&amp;source=gmail&amp;ust=1770281893593000&amp;usg=AOvVaw2oyFRe7Kiba5wvkmPpbyM7\">Ajuts Pont &#8211; URV<\/a><\/td>\n<td width=\"186\"><a href=\"https:\/\/www.urv.cat\/ca\/universitat\/estructura\/govern\/consell-social\/ajuts\/\" data-saferedirecturl=\"https:\/\/www.google.com\/url?q=https:\/\/www.urv.cat\/ca\/universitat\/estructura\/govern\/consell-social\/ajuts\/&amp;source=gmail&amp;ust=1770281893593000&amp;usg=AOvVaw2oyFRe7Kiba5wvkmPpbyM7\">Ajuts Pont &#8211; URV<\/a><\/td>\n<td width=\"116\">Abril<\/td>\n<td width=\"107\">S\u00ed<\/td>\n<td width=\"107\">Mixte<\/td>\n<\/tr>\n<tr>\n<td width=\"42\"><strong>17<\/strong><\/td>\n<td width=\"191\"><strong>Premi Federico Mayor Zaragoza<\/strong><\/td>\n<td width=\"114\">Totes les etapes<\/td>\n<td width=\"221\">Tots (prim\u00e0ria, ESO, BAT, FP)<\/td>\n<td width=\"188\">Prov\u00edncia de Tarragona<\/td>\n<td width=\"83\">Sol\u00b7licituds entre gener i mar\u00e7<\/td>\n<td width=\"202\"><a href=\"https:\/\/www.campusebre.urv.cat\/ca\/\" data-saferedirecturl=\"https:\/\/www.google.com\/url?q=https:\/\/www.campusebre.urv.cat\/ca\/&amp;source=gmail&amp;ust=1770281893593000&amp;usg=AOvVaw3oinFIuZ49qamqfuCGOH3l\">Campus Ebre<\/a>\u00a0 i\u00a0<a href=\"http:\/\/www.unescotortosa.cat\/\" data-saferedirecturl=\"https:\/\/www.google.com\/url?q=http:\/\/www.unescotortosa.cat\/&amp;source=gmail&amp;ust=1770281893593000&amp;usg=AOvVaw2SNJaSxeO7LrK5QCAdV1UT\">unescotortosa.cat<\/a><\/td>\n<td width=\"186\"><a href=\"http:\/\/www.unescotortosa.cat\/\" data-saferedirecturl=\"https:\/\/www.google.com\/url?q=http:\/\/www.unescotortosa.cat\/&amp;source=gmail&amp;ust=1770281893593000&amp;usg=AOvVaw2SNJaSxeO7LrK5QCAdV1UT\">unescotortosa.cat<\/a><\/td>\n<td width=\"116\">Gener a mar\u00e7<\/td>\n<td width=\"107\">S\u00ed<\/td>\n<td width=\"107\">Universitat<\/td>\n<\/tr>\n<tr>\n<td width=\"42\"><strong>18<\/strong><\/td>\n<td width=\"191\"><strong>Accions de la URV obertes al Dept. d&#8217;Educaci\u00f3 i FP<\/strong><\/td>\n<td width=\"114\">Totes les etapes<\/td>\n<td width=\"221\">Tots (prim\u00e0ria, ESO, BAT, FP)<\/td>\n<td width=\"188\">Prov\u00edncia de Tarragona i comarques lim\u00edtrofes<\/td>\n<td width=\"83\">Setembre 2025- Juliol 2026<\/td>\n<td width=\"202\"><a href=\"https:\/\/xtec.gencat.cat\/ca\/formacio\/info-general\/cercador-activitats\/\" data-saferedirecturl=\"https:\/\/www.google.com\/url?q=https:\/\/xtec.gencat.cat\/ca\/formacio\/info-general\/cercador-activitats\/&amp;source=gmail&amp;ust=1770281893593000&amp;usg=AOvVaw2-FflLKSXrxMcjgKoW-_5l\">xtec.cercador<\/a>\u00a0Buscar per codi d&#8217;activitat<\/td>\n<td width=\"186\"><a href=\"https:\/\/xtec.gencat.cat\/ca\/formacio\/info-general\/cercador-activitats\/\" data-saferedirecturl=\"https:\/\/www.google.com\/url?q=https:\/\/xtec.gencat.cat\/ca\/formacio\/info-general\/cercador-activitats\/&amp;source=gmail&amp;ust=1770281893593000&amp;usg=AOvVaw2-FflLKSXrxMcjgKoW-_5l\">xtec.cercador<\/a>\u00a0Buscar per codi d&#8217;activitat<\/td>\n<td width=\"116\">Cada activitat te el seu per\u00edode d&#8217;inscripci\u00f3<\/td>\n<td width=\"107\">Algunes activitats s\u00f3n gratu\u00eftes, d&#8217;altres no.<\/td>\n<td width=\"107\">Universitat<\/td>\n<\/tr>\n<tr>\n<td width=\"42\"><strong>19<\/strong><\/td>\n<td width=\"191\"><strong>Convocat\u00f2ria adhesi\u00f3 al programa Repte Experimenta a l&#8217;aula (curs 26-27)<\/strong><\/td>\n<td width=\"114\">ESO<\/td>\n<td width=\"221\">Matem\u00e0tic\u00a0(ESO)<\/p>\n<p>Cientificotecnol\u00f2gic (ESO)<\/td>\n<td width=\"188\">Camp de Tarragona, Terres de l\u2019Ebre, el Barcelon\u00e8s o el Vall\u00e9s Occidental<\/td>\n<td width=\"83\">Curs 26-27<\/td>\n<td width=\"202\"><a href=\"https:\/\/repteexperimenta.cat\/categoria\/experimenta-aula\/convocatoria-centres\/\" data-saferedirecturl=\"https:\/\/www.google.com\/url?q=https:\/\/repteexperimenta.cat\/categoria\/experimenta-aula\/convocatoria-centres\/&amp;source=gmail&amp;ust=1770281893594000&amp;usg=AOvVaw2g-Zo3gaUvmdGlGMbW4Z9L\">repteexperimenta.convocatoria-centres<\/a><\/td>\n<td width=\"186\"><a href=\"https:\/\/repteexperimenta.cat\/categoria\/experimenta-aula\/convocatoria-centres\/\" data-saferedirecturl=\"https:\/\/www.google.com\/url?q=https:\/\/repteexperimenta.cat\/categoria\/experimenta-aula\/convocatoria-centres\/&amp;source=gmail&amp;ust=1770281893594000&amp;usg=AOvVaw2g-Zo3gaUvmdGlGMbW4Z9L\">repteexperimenta.convocatoria-centres<\/a><\/td>\n<td width=\"116\">12\/12\/25 a\u00a0 31\/01\/26<\/td>\n<td width=\"107\">S\u00ed<\/td>\n<td width=\"107\">Centre educatiu<\/td>\n<\/tr>\n<tr>\n<td width=\"42\"><strong>20<\/strong><\/td>\n<td width=\"191\"><strong>Convocat\u00f2ria llic\u00e8ncies beca-alumne Campus Experimenta:\u00a0<\/strong><strong>ci\u00e8ncia gamificada per repensar l\u2019aula<\/strong><\/td>\n<td width=\"114\">ESO<\/td>\n<td width=\"221\">Matem\u00e0tic\u00a0(ESO)<\/p>\n<p>Cientificotecnol\u00f2gic (ESO)<\/td>\n<td width=\"188\">Centres que tingui el catal\u00e0 com a llengua vehicular<\/td>\n<td width=\"83\">26\/09\/25 al 31\/10\/25<\/td>\n<td width=\"202\"><a href=\"https:\/\/campusexperimenta.eu\/\" data-saferedirecturl=\"https:\/\/www.google.com\/url?q=https:\/\/campusexperimenta.eu\/&amp;source=gmail&amp;ust=1770281893594000&amp;usg=AOvVaw3sOUzfcEhn-x7aEiCUaind\">campusexperimenta<\/a><\/td>\n<td width=\"186\"><a href=\"https:\/\/repteexperimenta.cat\/categoria\/convocatoria-llicencies\/\" data-saferedirecturl=\"https:\/\/www.google.com\/url?q=https:\/\/repteexperimenta.cat\/categoria\/convocatoria-llicencies\/&amp;source=gmail&amp;ust=1770281893594000&amp;usg=AOvVaw1bq8J1GxaiVKs4ENfKZuv3\">convocatoria-llicencies<\/a><\/td>\n<td width=\"116\">26\/9\/25 al 31\/10\/25<\/td>\n<td width=\"107\">S\u00ed<\/td>\n<td width=\"107\">En xarxa<\/td>\n<\/tr>\n<tr>\n<td width=\"42\"><strong>21<\/strong><\/td>\n<td width=\"191\"><strong>Crim Experimenta: resol un cas polic\u00edac experimentant<\/strong><\/td>\n<td width=\"114\">ESO<\/td>\n<td width=\"221\">Cientificotecnol\u00f2gic (ESO)<\/p>\n<p>Matem\u00e0tic\u00a0(ESO)<\/td>\n<td width=\"188\">Centres que tingui el catal\u00e0 com a llengua vehicular<\/td>\n<td width=\"83\">8\/11\/25 a 9\/12\/25<\/td>\n<td width=\"202\"><a href=\"https:\/\/repteexperimenta.cat\/etiqueta\/crim-experimenta\/\" data-saferedirecturl=\"https:\/\/www.google.com\/url?q=https:\/\/repteexperimenta.cat\/etiqueta\/crim-experimenta\/&amp;source=gmail&amp;ust=1770281893594000&amp;usg=AOvVaw0WUEzjstVwzCHr2BxZEBsg\">crim-experimenta<\/a><\/td>\n<td width=\"186\"><a href=\"https:\/\/repteexperimenta.cat\/etiqueta\/crim-experimenta\/\" data-saferedirecturl=\"https:\/\/www.google.com\/url?q=https:\/\/repteexperimenta.cat\/etiqueta\/crim-experimenta\/&amp;source=gmail&amp;ust=1770281893594000&amp;usg=AOvVaw0WUEzjstVwzCHr2BxZEBsg\">crim-experimenta<\/a><\/td>\n<td width=\"116\">Novembre<\/td>\n<td width=\"107\">S\u00ed<\/td>\n<td width=\"107\">Centre educatiu<\/td>\n<\/tr>\n<tr>\n<td width=\"42\"><strong>22<\/strong><\/td>\n<td width=\"191\"><strong>Copa Cangur<\/strong><\/td>\n<td width=\"114\">ESO<\/td>\n<td width=\"221\">Matem\u00e0tic\u00a0(prim\u00e0ria i ESO)<\/td>\n<td width=\"188\">Terres de l\u2019Ebre<\/td>\n<td width=\"83\">Gener<\/td>\n<td width=\"202\">Properament a\u00a0<a href=\"https:\/\/www.campusebre.urv.cat\/ca\/\" data-saferedirecturl=\"https:\/\/www.google.com\/url?q=https:\/\/www.campusebre.urv.cat\/ca\/&amp;source=gmail&amp;ust=1770281893594000&amp;usg=AOvVaw035btd0PxXU8rxLPE5jsWX\">campusebre.urv<\/a><\/td>\n<td width=\"186\">Properament a\u00a0<a href=\"https:\/\/scm.iec.cat\/concurs-presencial\/copa-cangur\/\" data-saferedirecturl=\"https:\/\/www.google.com\/url?q=https:\/\/scm.iec.cat\/concurs-presencial\/copa-cangur\/&amp;source=gmail&amp;ust=1770281893594000&amp;usg=AOvVaw2kt7i8tG8D6BxspissG9Wc\">copa-cangur<\/a><\/td>\n<td width=\"116\">Octubre- novembre<\/td>\n<td width=\"107\">No<\/td>\n<td width=\"107\">Universitat<\/td>\n<\/tr>\n<tr>\n<td width=\"42\"><strong>23<\/strong><\/td>\n<td width=\"191\"><strong>Nit Europea de la Recerca: Xerrades i tallers cient\u00edfics per a instituts<\/strong><\/td>\n<td width=\"114\">ESO i BAT<\/td>\n<td width=\"221\">Ci\u00e8ncies i tecnologia (BAT)<\/p>\n<p>Humanitats i ci\u00e8ncies socials (BAT)<\/p>\n<p>Arts (BAT)<\/td>\n<td width=\"188\">Camp de Tarragona i Terres de l&#8217;Ebre<\/td>\n<td width=\"83\">22 al 30 de setembre<\/td>\n<td width=\"202\"><a href=\"https:\/\/tarragona.nitdelarecerca.cat\/ca\/programacio\/secundaria\/\" data-saferedirecturl=\"https:\/\/www.google.com\/url?q=https:\/\/tarragona.nitdelarecerca.cat\/ca\/programacio\/secundaria\/&amp;source=gmail&amp;ust=1770281893594000&amp;usg=AOvVaw0SxLd9XN0CDOkVf0D_mw8t\">Info xerrades i tallers instituts<\/a><\/td>\n<td width=\"186\">Correu a:\u00a0<a href=\"mailto:comciencia@urv.cat\">comciencia@urv.cat<\/a><\/td>\n<td width=\"116\">Fina al 20 de setembre<\/td>\n<td width=\"107\">S\u00ed<\/td>\n<td width=\"107\">Centre educatiu<\/td>\n<\/tr>\n<tr>\n<td width=\"42\"><strong>24<\/strong><\/td>\n<td width=\"191\"><strong>Ruta teatralitzada sobre Antoni de Mart\u00ed i Franqu\u00e8s<\/strong><\/td>\n<td width=\"114\">ESO i BAT<\/td>\n<td width=\"221\">Tots (ESO)<\/p>\n<p>Tots (BAT)<\/td>\n<td width=\"188\">Camp de Tarragona i Terres de l&#8217;Ebre<\/td>\n<td width=\"83\">Del 4 al 14 de novembre<\/td>\n<td width=\"202\"><a href=\"https:\/\/www.comciencia.urv.cat\/ca\/ruta-marti-franques\/\" data-saferedirecturl=\"https:\/\/www.google.com\/url?q=https:\/\/www.comciencia.urv.cat\/ca\/ruta-marti-franques\/&amp;source=gmail&amp;ust=1770281893594000&amp;usg=AOvVaw2J2c2eiUgsvQp-c4Al0hpy\">ruta-marti-franques<\/a><\/td>\n<td width=\"186\">A la web de l\u2019activitat, a partir de mitjans d\u2019octubre<\/td>\n<td width=\"116\">A partir de mitjans d\u2019octubre<\/td>\n<td width=\"107\">S\u00ed<\/td>\n<td width=\"107\">Carrer<\/td>\n<\/tr>\n<tr>\n<td width=\"42\"><strong>25<\/strong><\/td>\n<td width=\"191\"><strong>EstiURV<\/strong><\/td>\n<td width=\"114\">ESO (4t) i BAT<\/td>\n<td width=\"221\">Cientificotecnol\u00f2gic (ESO)<\/p>\n<p>Ci\u00e8ncies i tecnologia (BAT)<\/td>\n<td width=\"188\">Prov\u00edncia de Tarragona<\/td>\n<td width=\"83\">Finals juny a mitjans juliol<\/td>\n<td width=\"202\"><a href=\"https:\/\/www.urv.cat\/ca\/recerca\/divulgacio\/escoles\/estiurv\/\" data-saferedirecturl=\"https:\/\/www.google.com\/url?q=https:\/\/www.urv.cat\/ca\/recerca\/divulgacio\/escoles\/estiurv\/&amp;source=gmail&amp;ust=1770281893594000&amp;usg=AOvVaw1BwMUGo4n3lAnC-w0hVrRE\">estiurv<\/a><\/td>\n<td width=\"186\"><a href=\"https:\/\/www.urv.cat\/ca\/recerca\/divulgacio\/escoles\/estiurv\/\" data-saferedirecturl=\"https:\/\/www.google.com\/url?q=https:\/\/www.urv.cat\/ca\/recerca\/divulgacio\/escoles\/estiurv\/&amp;source=gmail&amp;ust=1770281893594000&amp;usg=AOvVaw1BwMUGo4n3lAnC-w0hVrRE\">estiurv<\/a><\/td>\n<td width=\"116\">Fins al 13 de juny<\/td>\n<td width=\"107\">25\u20ac<\/td>\n<td width=\"107\">Universitat<\/td>\n<\/tr>\n<tr>\n<td width=\"42\"><strong>26<\/strong><\/td>\n<td width=\"191\"><strong>ToURV<\/strong><\/td>\n<td width=\"114\">ESO (4t) i BAT<\/td>\n<td width=\"221\">Ci\u00e8ncies i tecnologia (BAT)<\/p>\n<p>Humanitats i ci\u00e8ncies socials (BAT)<\/td>\n<td width=\"188\">Prov\u00edncia de Tarragona<\/td>\n<td width=\"83\">Tot el curs acad\u00e8mic<\/td>\n<td width=\"202\"><a href=\"https:\/\/www.urv.cat\/ca\/recerca\/divulgacio\/escoles\/tourv\/\" data-saferedirecturl=\"https:\/\/www.google.com\/url?q=https:\/\/www.urv.cat\/ca\/recerca\/divulgacio\/escoles\/tourv\/&amp;source=gmail&amp;ust=1770281893594000&amp;usg=AOvVaw2YTzEIC5fVXLMKV_SXDjch\">Info ToURV<\/a><\/td>\n<td width=\"186\"><a href=\"https:\/\/www.urv.cat\/media\/upload\/arxius\/orientacio\/ToURV\/FormulariToURV.pdf\" data-saferedirecturl=\"https:\/\/www.google.com\/url?q=https:\/\/www.urv.cat\/media\/upload\/arxius\/orientacio\/ToURV\/FormulariToURV.pdf&amp;source=gmail&amp;ust=1770281893594000&amp;usg=AOvVaw21sBU3RhdhIO-sKVBh8lsc\">\u00a0Formulari ToURV<\/a><\/td>\n<td width=\"116\">Tot el curs acad\u00e8mic<\/td>\n<td width=\"107\">S\u00ed<\/td>\n<td width=\"107\">Universitat<\/td>\n<\/tr>\n<tr>\n<td width=\"42\"><strong>27<\/strong><\/td>\n<td width=\"191\"><strong>Guia did\u00e0ctica del fet casteller<\/strong><\/td>\n<td width=\"114\">ESO i FP<\/td>\n<td width=\"221\">Tots (ESO)<\/p>\n<p>Activitats f\u00edsiques i esportives; Seguretat i medi ambient; Serveis socioculturals i a la comunitat (FP)<\/td>\n<td width=\"188\">Tot Catalunya<\/td>\n<td width=\"83\">Lliure<\/td>\n<td width=\"202\"><a href=\"https:\/\/www.urv.cat\/media\/upload\/arxius\/1369%20-%20C%C3%A0tedra%20URV%20per%20a%20l'Estudi%20del%20Fet%20Casteller\/GUIA%20DID%C3%80CTICAEls%20or%C3%ADgens%20del%20fet%20casteller.pdf\" data-saferedirecturl=\"https:\/\/www.google.com\/url?q=https:\/\/www.urv.cat\/media\/upload\/arxius\/1369%2520-%2520C%25C3%25A0tedra%2520URV%2520per%2520a%2520l'Estudi%2520del%2520Fet%2520Casteller\/GUIA%2520DID%25C3%2580CTICAEls%2520or%25C3%25ADgens%2520del%2520fet%2520casteller.pdf&amp;source=gmail&amp;ust=1770281893594000&amp;usg=AOvVaw0UGe4-RkarRcJ7vDq19XQ_\">guia did\u00e0ctica Fet casteller<\/a><\/td>\n<td width=\"186\">No hi ha<\/td>\n<td width=\"116\">Tot el curs acad\u00e8mic<\/td>\n<td width=\"107\">S\u00ed<\/td>\n<td width=\"107\">Centre educatiu<\/td>\n<\/tr>\n<tr>\n<td width=\"42\"><strong>28<\/strong><\/td>\n<td width=\"191\"><strong>Xerrada &#8220;La ci\u00e8ncia dels castells&#8221;<\/strong><\/td>\n<td width=\"114\">ESO, FP i BAT<\/td>\n<td width=\"221\">Tot (ESO i BAT<\/p>\n<p>Diverses (FP)<\/td>\n<td width=\"188\">Prov\u00edncia de Tarragona i comarques lim\u00edtrofes<\/td>\n<td width=\"83\">Tot el curs<\/td>\n<td width=\"202\"><a href=\"https:\/\/apps.urv.cat\/gconferencies\/FitxaConferencia?pid=26547&amp;cUrv=Facultat%20de%20Qu%EDmica\" data-saferedirecturl=\"https:\/\/www.google.com\/url?q=https:\/\/apps.urv.cat\/gconferencies\/FitxaConferencia?pid%3D26547%26cUrv%3DFacultat%2520de%2520Qu%25EDmica&amp;source=gmail&amp;ust=1770281893594000&amp;usg=AOvVaw3vTueX3I4cxxhxMfLzPv8b\">Xerrada Ciencia castells<\/a><\/td>\n<td width=\"186\"><a href=\"https:\/\/apps.urv.cat\/gconferencies\/FitxaConferencia?pid=26547&amp;cUrv=Facultat%20de%20Qu%EDmica\" data-saferedirecturl=\"https:\/\/www.google.com\/url?q=https:\/\/apps.urv.cat\/gconferencies\/FitxaConferencia?pid%3D26547%26cUrv%3DFacultat%2520de%2520Qu%25EDmica&amp;source=gmail&amp;ust=1770281893594000&amp;usg=AOvVaw3vTueX3I4cxxhxMfLzPv8b\">Xerrada Ciencia castells<\/a><\/td>\n<td width=\"116\">Tot el curs acad\u00e8mic<\/td>\n<td width=\"107\">S\u00ed<\/td>\n<td width=\"107\">Centre educatiu<\/td>\n<\/tr>\n<tr>\n<td width=\"42\"><strong>29<\/strong><\/td>\n<td width=\"191\"><strong>E-Talks: experi\u00e8ncies inspiradores per orientar el futur del teu alumnat<\/strong><\/td>\n<td width=\"114\">ESO (3r i 4t), BAT, FP<\/td>\n<td width=\"221\">Matem\u00e0tic\u00a0(ESO)<\/p>\n<p>Cientificotecnol\u00f2gic (ESO)<\/p>\n<p>Ci\u00e8ncies i tecnologia (BAT)<\/p>\n<p>Humanitats i ci\u00e8ncies socials\u00a0 (BAT)<\/p>\n<p>Fabricaci\u00f3 mec\u00e0nica; Qu\u00edmica; Sanitat; Seguretat i medi amb. (FP)<\/td>\n<td width=\"188\">Centres que tingui el catal\u00e0 com a llengua vehicular<\/td>\n<td width=\"83\">20\/03\/26<\/td>\n<td width=\"202\"><a href=\"https:\/\/repteexperimenta.cat\/etiqueta\/etalks\/\" data-saferedirecturl=\"https:\/\/www.google.com\/url?q=https:\/\/repteexperimenta.cat\/etiqueta\/etalks\/&amp;source=gmail&amp;ust=1770281893594000&amp;usg=AOvVaw24m9LHSpyEgDcO1MxVoAk5\">etalks<\/a><\/td>\n<td width=\"186\"><a href=\"https:\/\/repteexperimenta.cat\/etiqueta\/etalks\/\" data-saferedirecturl=\"https:\/\/www.google.com\/url?q=https:\/\/repteexperimenta.cat\/etiqueta\/etalks\/&amp;source=gmail&amp;ust=1770281893594000&amp;usg=AOvVaw24m9LHSpyEgDcO1MxVoAk5\">etalks<\/a><\/td>\n<td width=\"116\">A partir del febrer<\/td>\n<td width=\"107\"><\/td>\n<td width=\"107\">En xarxa<\/td>\n<\/tr>\n<tr>\n<td width=\"42\"><strong>30<\/strong><\/td>\n<td width=\"191\"><strong>Lliga de Debat de Secund\u00e0ria i Batxillerat<\/strong><\/td>\n<td width=\"114\">ESO (4t), BAT i FP<\/td>\n<td width=\"221\">Social (ESO)<\/p>\n<p>Art\u00edstic (ESO)<\/p>\n<p>Cientificotecnol\u00f2gic (ESO)<\/p>\n<p>Arts (BAT)<\/p>\n<p>Ci\u00e8ncies i tecnologia (BAT)<\/p>\n<p>Humanitats i ci\u00e8ncies socials\u00a0 (BAT)<\/td>\n<td width=\"188\">Prov\u00edncia de Tarragona<\/td>\n<td width=\"83\">Febrer<\/td>\n<td width=\"202\"><a href=\"https:\/\/www.vives.org\/programes\/estudiants\/lliga-debat-secundaria-batxillerat\/#1718952936682-39e737da-9c75\" data-saferedirecturl=\"https:\/\/www.google.com\/url?q=https:\/\/www.vives.org\/programes\/estudiants\/lliga-debat-secundaria-batxillerat\/%231718952936682-39e737da-9c75&amp;source=gmail&amp;ust=1770281893594000&amp;usg=AOvVaw1GgzhjxALpWYJs-kgpvPgp\">debat-lliga<\/a><\/td>\n<td width=\"186\"><a href=\"https:\/\/www.vives.org\/programes\/estudiants\/lliga-debat-secundaria-batxillerat\/#1718952936682-39e737da-9c75\" data-saferedirecturl=\"https:\/\/www.google.com\/url?q=https:\/\/www.vives.org\/programes\/estudiants\/lliga-debat-secundaria-batxillerat\/%231718952936682-39e737da-9c75&amp;source=gmail&amp;ust=1770281893594000&amp;usg=AOvVaw1GgzhjxALpWYJs-kgpvPgp\">debat-lliga<\/a><\/td>\n<td width=\"116\">Mitjans de setembre a mitjans d&#8217;octubre<\/td>\n<td width=\"107\">45\u20ac per equip, excepte centres guanyadors de fases locals de l&#8217;any anterior<\/td>\n<td width=\"107\">Universitat<\/td>\n<\/tr>\n<tr>\n<td width=\"42\"><strong>31<\/strong><\/td>\n<td width=\"191\"><strong>Tallers Fem Recerca!<\/strong><\/td>\n<td width=\"114\">ESO (4t), BAT i FP<\/td>\n<td width=\"221\">Social (ESO)<\/p>\n<p>Cientificotecnol\u00f2gic (ESO)<\/p>\n<p>Ci\u00e8ncies i tecnologia (BAT)<\/p>\n<p>Humanitats i ci\u00e8ncies socials\u00a0 (BAT)<\/td>\n<td width=\"188\">Prov\u00edncia de Tarragona<\/td>\n<td width=\"83\">Octubre a febrer<\/td>\n<td width=\"202\"><a href=\"https:\/\/www.urv.cat\/ca\/recerca\/divulgacio\/escoles\/fem-recerca\/\" data-saferedirecturl=\"https:\/\/www.google.com\/url?q=https:\/\/www.urv.cat\/ca\/recerca\/divulgacio\/escoles\/fem-recerca\/&amp;source=gmail&amp;ust=1770281893595000&amp;usg=AOvVaw2MZo-c_YfJn1DaacaK6k_d\">fem-recerca<\/a><\/td>\n<td width=\"186\"><a href=\"https:\/\/www.urv.cat\/ca\/recerca\/divulgacio\/escoles\/fem-recerca\/\" data-saferedirecturl=\"https:\/\/www.google.com\/url?q=https:\/\/www.urv.cat\/ca\/recerca\/divulgacio\/escoles\/fem-recerca\/&amp;source=gmail&amp;ust=1770281893595000&amp;usg=AOvVaw2MZo-c_YfJn1DaacaK6k_d\">fem-recerca<\/a><\/td>\n<td width=\"116\">Tot el curs<\/td>\n<td width=\"107\">S\u00ed, el centre ha de pagar-se el transport<\/td>\n<td width=\"107\">Universitat<\/td>\n<\/tr>\n<tr>\n<td width=\"42\"><strong>32<\/strong><\/td>\n<td width=\"191\"><strong>Talent Jove<\/strong><\/td>\n<td width=\"114\">BAT<\/td>\n<td width=\"221\">Ci\u00e8ncies i tecnologia (BAT)<\/td>\n<td width=\"188\">Tot Catalunya<\/td>\n<td width=\"83\">Octubre a juny<\/td>\n<td width=\"202\"><a href=\"https:\/\/www.urv.cat\/ca\/recerca\/divulgacio\/escoles\/talent-jove\/\" data-saferedirecturl=\"https:\/\/www.google.com\/url?q=https:\/\/www.urv.cat\/ca\/recerca\/divulgacio\/escoles\/talent-jove\/&amp;source=gmail&amp;ust=1770281893595000&amp;usg=AOvVaw1W5C_fBUXLlmgw83pfh90K\">Info talent-jove<\/a><\/td>\n<td width=\"186\">Properament a\u00a0<a href=\"https:\/\/www.urv.cat\/ca\/recerca\/divulgacio\/escoles\/talent-jove\/\" data-saferedirecturl=\"https:\/\/www.google.com\/url?q=https:\/\/www.urv.cat\/ca\/recerca\/divulgacio\/escoles\/talent-jove\/&amp;source=gmail&amp;ust=1770281893595000&amp;usg=AOvVaw1W5C_fBUXLlmgw83pfh90K\">Info talent-jove<\/a><\/td>\n<td width=\"116\">30 de setembre<\/td>\n<td width=\"107\">1r de BAT 99\u20ac (per dos cursos) o 2n de BAT de nou ingr\u00e9s 50\u20ac<\/td>\n<td width=\"107\">Universitat<\/td>\n<\/tr>\n<tr>\n<td width=\"42\"><strong>33<\/strong><\/td>\n<td width=\"191\"><strong>Dia de la Ci\u00e8ncia al campus Terres de l&#8217;Ebre<\/strong><\/td>\n<td width=\"114\">BAT (1r)<\/td>\n<td width=\"221\">Ci\u00e8ncies i tecnologia (BAT)<\/p>\n<p>Humanitats i ci\u00e8ncies socials\u00a0 (BAT)<\/td>\n<td width=\"188\">Terres de l&#8217;Ebre<\/td>\n<td width=\"83\">Febrer a abril<\/td>\n<td width=\"202\">Properament a\u00a0<a href=\"http:\/\/campusebre.urv\/\" data-saferedirecturl=\"https:\/\/www.google.com\/url?q=http:\/\/campusebre.urv&amp;source=gmail&amp;ust=1770281893595000&amp;usg=AOvVaw0kV3X9007T3UeKgghVYPLQ\">campusebre.urv<\/a><\/td>\n<td width=\"186\">Properament a\u00a0<a href=\"http:\/\/campusebre.urv\/\" data-saferedirecturl=\"https:\/\/www.google.com\/url?q=http:\/\/campusebre.urv&amp;source=gmail&amp;ust=1770281893595000&amp;usg=AOvVaw0kV3X9007T3UeKgghVYPLQ\">campusebre.urv<\/a><\/td>\n<td width=\"116\">Un mes abans de la data de l&#8217;activitat<\/td>\n<td width=\"107\">S\u00ed<\/td>\n<td width=\"107\">Universitat<\/td>\n<\/tr>\n<tr>\n<td width=\"42\"><strong>34<\/strong><\/td>\n<td width=\"191\"><strong>Premis URV-F\u00f2rum TRICS als millors treballs de recerca<\/strong><\/td>\n<td width=\"114\">BAT (2n) i FP CFGS<\/td>\n<td width=\"221\">Arts (BAT)<\/p>\n<p>Ci\u00e8ncies i tecnologia (BAT)<\/p>\n<p>Humanitats i ci\u00e8ncies socials\u00a0 (BAT)<\/td>\n<td width=\"188\">Participants del F\u00f2rum TRICS<\/td>\n<td width=\"83\">Mar\u00e7<\/td>\n<td width=\"202\">Properament a\u00a0<a href=\"https:\/\/www.urv.cat\/ca\/recerca\/divulgacio\/escoles\/premis-forum-trics\/\" data-saferedirecturl=\"https:\/\/www.google.com\/url?q=https:\/\/www.urv.cat\/ca\/recerca\/divulgacio\/escoles\/premis-forum-trics\/&amp;source=gmail&amp;ust=1770281893595000&amp;usg=AOvVaw2HS04PvWd4KL2jdk9wyL0N\">premis-forum-trics<\/a><\/td>\n<td width=\"186\">Properament a\u00a0<a href=\"https:\/\/www.urv.cat\/ca\/recerca\/divulgacio\/escoles\/premis-forum-trics\/\" data-saferedirecturl=\"https:\/\/www.google.com\/url?q=https:\/\/www.urv.cat\/ca\/recerca\/divulgacio\/escoles\/premis-forum-trics\/&amp;source=gmail&amp;ust=1770281893595000&amp;usg=AOvVaw2HS04PvWd4KL2jdk9wyL0N\">premis-forum-trics<\/a><\/td>\n<td width=\"116\">Gener a finals de mar\u00e7<\/td>\n<td width=\"107\">S\u00ed<\/td>\n<td width=\"107\">Universitat<\/td>\n<\/tr>\n<tr>\n<td width=\"42\"><strong>35<\/strong><\/td>\n<td width=\"191\"><strong>Premis Consell Social de la URV a treballs de recerca de batxillerat<\/strong><\/td>\n<td width=\"114\">BAT (2n)<\/td>\n<td width=\"221\">Arts (BAT)<\/p>\n<p>Ci\u00e8ncies i tecnologia (BAT)<\/p>\n<p>Humanitats i ci\u00e8ncies socials\u00a0 (BAT)<\/td>\n<td width=\"188\">Tot Catalunya<\/td>\n<td width=\"83\">Maig<\/td>\n<td width=\"202\"><a href=\"https:\/\/www.urv.cat\/ca\/universitat\/estructura\/govern\/consell-social\/premis\/\" data-saferedirecturl=\"https:\/\/www.google.com\/url?q=https:\/\/www.urv.cat\/ca\/universitat\/estructura\/govern\/consell-social\/premis\/&amp;source=gmail&amp;ust=1770281893595000&amp;usg=AOvVaw0XPo2qbMwQuPBbhqw-KCvm\">consell-social\/premis<\/a><\/td>\n<td width=\"186\"><a href=\"https:\/\/www.urv.cat\/ca\/universitat\/estructura\/govern\/consell-social\/premis\/\" data-saferedirecturl=\"https:\/\/www.google.com\/url?q=https:\/\/www.urv.cat\/ca\/universitat\/estructura\/govern\/consell-social\/premis\/&amp;source=gmail&amp;ust=1770281893595000&amp;usg=AOvVaw0XPo2qbMwQuPBbhqw-KCvm\">consell-social\/premis<\/a><\/td>\n<td width=\"116\">Primera quinzena de maig<\/td>\n<td width=\"107\">S\u00ed<\/td>\n<td width=\"107\">Universitat<\/td>\n<\/tr>\n<tr>\n<td width=\"42\"><strong>36<\/strong><\/td>\n<td width=\"191\"><strong>Premis Gerard Verg\u00e9s als treballs de recerca de batxillerat i treballs de s\u00edntesi de cicles formatius de grau superior<\/strong><\/td>\n<td width=\"114\">BAT (2n) i FP CFGS<\/td>\n<td width=\"221\">Ci\u00e8ncies i tecnologia (BAT)<\/p>\n<p>Humanitats i ci\u00e8ncies socials\u00a0 (BAT)<\/p>\n<p>Diverses (FP)<\/td>\n<td width=\"188\">Terres de l&#8217;Ebre<\/td>\n<td width=\"83\">Mar\u00e7 a juny<\/td>\n<td width=\"202\">Properament a\u00a0<a href=\"http:\/\/campusebre.urv\/\" data-saferedirecturl=\"https:\/\/www.google.com\/url?q=http:\/\/campusebre.urv&amp;source=gmail&amp;ust=1770281893595000&amp;usg=AOvVaw0kV3X9007T3UeKgghVYPLQ\">campusebre.urv<\/a><\/td>\n<td width=\"186\">Properament a\u00a0<a href=\"http:\/\/campusebre.urv\/\" data-saferedirecturl=\"https:\/\/www.google.com\/url?q=http:\/\/campusebre.urv&amp;source=gmail&amp;ust=1770281893595000&amp;usg=AOvVaw0kV3X9007T3UeKgghVYPLQ\">campusebre.urv<\/a><\/td>\n<td width=\"116\">Mar\u00e7 a juny<\/td>\n<td width=\"107\">S\u00ed<\/td>\n<td width=\"107\">Universitat<\/td>\n<\/tr>\n<tr>\n<td width=\"42\"><strong>37<\/strong><\/td>\n<td width=\"191\"><strong>Premis de la Facultat de Ci\u00e8ncies Jur\u00eddiques als treballs de recerca de batxillerat i treballs de s\u00edntesi de CFGS<\/strong><\/td>\n<td width=\"114\">BAT (2n) i FP CFGS<\/td>\n<td width=\"221\">Humanitats i ci\u00e8ncies socials\u00a0 (BAT)<\/p>\n<p>Serveis socioculturals i a la comunitat; Administraci\u00f3 i gesti\u00f3 \u00a0(FP)<\/td>\n<td width=\"188\">Estat espanyol<\/td>\n<td width=\"83\">Resoluci\u00f3 a finals juny<\/td>\n<td width=\"202\"><a href=\"https:\/\/www.fcj.urv.cat\/ca\/tauler-anuncis\/75\/nova-convocatoria-de-premis-als-treballs-de-recerca-de-batxillerat-i-treballs-de-credits-de-sintesi-de-cicles-formatius-de-grau-superior\" data-saferedirecturl=\"https:\/\/www.google.com\/url?q=https:\/\/www.fcj.urv.cat\/ca\/tauler-anuncis\/75\/nova-convocatoria-de-premis-als-treballs-de-recerca-de-batxillerat-i-treballs-de-credits-de-sintesi-de-cicles-formatius-de-grau-superior&amp;source=gmail&amp;ust=1770281893595000&amp;usg=AOvVaw15hIroh8dcdoiHpq_yfH-A\">premis-FCJ<\/a><\/td>\n<td width=\"186\"><a href=\"https:\/\/www.fcj.urv.cat\/ca\/tauler-anuncis\/75\/nova-convocatoria-de-premis-als-treballs-de-recerca-de-batxillerat-i-treballs-de-credits-de-sintesi-de-cicles-formatius-de-grau-superior\" data-saferedirecturl=\"https:\/\/www.google.com\/url?q=https:\/\/www.fcj.urv.cat\/ca\/tauler-anuncis\/75\/nova-convocatoria-de-premis-als-treballs-de-recerca-de-batxillerat-i-treballs-de-credits-de-sintesi-de-cicles-formatius-de-grau-superior&amp;source=gmail&amp;ust=1770281893595000&amp;usg=AOvVaw15hIroh8dcdoiHpq_yfH-A\">premis-FCJ<\/a><\/td>\n<td width=\"116\">Mitjans de juny<\/td>\n<td width=\"107\">S\u00ed<\/td>\n<td width=\"107\">Universitat<\/td>\n<\/tr>\n<tr>\n<td width=\"42\"><strong>38<\/strong><\/td>\n<td width=\"191\"><strong>Premi CEPAC-C\u00e0tedra URV per a l&#8217;estudi del fet casteller per a treballs de recerca de tem\u00e0tica castellera a secund\u00e0ria<\/strong><\/td>\n<td width=\"114\">BAT i FP<\/td>\n<td width=\"221\">Arts (BAT)<\/p>\n<p>Ci\u00e8ncies i tecnologia (BAT)<\/p>\n<p>Humanitats i ci\u00e8ncies socials\u00a0 (BAT)<\/p>\n<p>Diverses (FP)<\/td>\n<td width=\"188\">Tot Catalunya<\/td>\n<td width=\"83\">Veure bases<\/td>\n<td width=\"202\"><a href=\"https:\/\/www.urv.cat\/ca\/societat-empresa\/catedres\/catedra-urv-per-a-l-estudi-del-fet-casteller\/suport-a-la-recerca\/\" data-saferedirecturl=\"https:\/\/www.google.com\/url?q=https:\/\/www.urv.cat\/ca\/societat-empresa\/catedres\/catedra-urv-per-a-l-estudi-del-fet-casteller\/suport-a-la-recerca\/&amp;source=gmail&amp;ust=1770281893595000&amp;usg=AOvVaw1IA4DGYC1UuO7G7HPhEqu_\">Premis TDR Fet Casteller<\/a><\/td>\n<td width=\"186\"><a href=\"https:\/\/www.urv.cat\/ca\/societat-empresa\/catedres\/catedra-urv-per-a-l-estudi-del-fet-casteller\/suport-a-la-recerca\/\" data-saferedirecturl=\"https:\/\/www.google.com\/url?q=https:\/\/www.urv.cat\/ca\/societat-empresa\/catedres\/catedra-urv-per-a-l-estudi-del-fet-casteller\/suport-a-la-recerca\/&amp;source=gmail&amp;ust=1770281893595000&amp;usg=AOvVaw1IA4DGYC1UuO7G7HPhEqu_\">Premis TDR Fet Casteller<\/a><\/td>\n<td width=\"116\">Veure bases<\/td>\n<td width=\"107\">S\u00ed<\/td>\n<td width=\"107\">Universitat<\/td>\n<\/tr>\n<tr>\n<td width=\"42\"><strong>39<\/strong><\/td>\n<td width=\"191\"><strong>Co-tutoritzaci\u00f3 de treballs de recerca de secund\u00e0ria relacionats amb el fet casteller<\/strong><\/td>\n<td width=\"114\">BAT i FP<\/td>\n<td width=\"221\">Arts (BAT)<\/p>\n<p>Ci\u00e8ncies i tecnologia (BAT)<\/p>\n<p>Humanitats i ci\u00e8ncies socials\u00a0 (BAT)<\/p>\n<p>Diverses (FP)<\/td>\n<td width=\"188\">Tot Catalunya<\/td>\n<td width=\"83\">Tot el curs acad\u00e8mic<\/td>\n<td width=\"202\"><a href=\"https:\/\/www.urv.cat\/ca\/societat-empresa\/catedres\/catedra-urv-per-a-l-estudi-del-fet-casteller\/suport-a-la-recerca\/\" data-saferedirecturl=\"https:\/\/www.google.com\/url?q=https:\/\/www.urv.cat\/ca\/societat-empresa\/catedres\/catedra-urv-per-a-l-estudi-del-fet-casteller\/suport-a-la-recerca\/&amp;source=gmail&amp;ust=1770281893595000&amp;usg=AOvVaw1IA4DGYC1UuO7G7HPhEqu_\">Co-tutoritzaci\u00f3 TDR Fet casteller<\/a><\/td>\n<td width=\"186\"><a href=\"https:\/\/www.urv.cat\/ca\/societat-empresa\/catedres\/catedra-urv-per-a-l-estudi-del-fet-casteller\/suport-a-la-recerca\/\" data-saferedirecturl=\"https:\/\/www.google.com\/url?q=https:\/\/www.urv.cat\/ca\/societat-empresa\/catedres\/catedra-urv-per-a-l-estudi-del-fet-casteller\/suport-a-la-recerca\/&amp;source=gmail&amp;ust=1770281893595000&amp;usg=AOvVaw1IA4DGYC1UuO7G7HPhEqu_\">Co-tutoritzaci\u00f3 TDR Fet casteller<\/a><\/td>\n<td width=\"116\">Tot el curs<\/td>\n<td width=\"107\">S\u00ed<\/td>\n<td width=\"107\">Universitat \/ En xarxa<\/td>\n<\/tr>\n<tr>\n<td width=\"42\"><strong>40<\/strong><\/td>\n<td width=\"191\"><strong>Fase Local de Olimp\u00edada de Biologia de Catalunya<\/strong><\/td>\n<td width=\"114\">BAT (2n)<\/td>\n<td width=\"221\">Ci\u00e8ncies i tecnologia (BAT)<\/td>\n<td width=\"188\">Prov\u00edncia de Tarragona<\/td>\n<td width=\"83\">Febrer<\/td>\n<td width=\"202\"><a href=\"http:\/\/olimpiadadebiologia.cat\/\" data-saferedirecturl=\"https:\/\/www.google.com\/url?q=http:\/\/olimpiadadebiologia.cat\/&amp;source=gmail&amp;ust=1770281893595000&amp;usg=AOvVaw3Shh-lP9H_6pPu0ZqSmoCp\">olimpiadadebiologia.cat<\/a><\/td>\n<td width=\"186\"><a href=\"http:\/\/olimpiadadebiologia.cat\/\" data-saferedirecturl=\"https:\/\/www.google.com\/url?q=http:\/\/olimpiadadebiologia.cat\/&amp;source=gmail&amp;ust=1770281893595000&amp;usg=AOvVaw3Shh-lP9H_6pPu0ZqSmoCp\">olimpiadadebiologia.cat<\/a><\/td>\n<td width=\"116\">Properament<\/td>\n<td width=\"107\">S\u00ed<\/td>\n<td width=\"107\">Universitat<\/td>\n<\/tr>\n<tr>\n<td width=\"42\"><strong>41<\/strong><\/td>\n<td width=\"191\"><strong>Fase Local de la XVII Olimp\u00edada d&#8217;Economia<\/strong><\/td>\n<td width=\"114\">BAT (2n)<\/td>\n<td width=\"221\">Humanitats i ci\u00e8ncies socials\u00a0 (BAT)<\/td>\n<td width=\"188\">Prov\u00edncia de Tarragona<\/td>\n<td width=\"83\">Mar\u00e7<\/td>\n<td width=\"202\"><a href=\"https:\/\/www.fee.urv.cat\/ca\/informacio-per-a\/olimpiades-economia\/\" data-saferedirecturl=\"https:\/\/www.google.com\/url?q=https:\/\/www.fee.urv.cat\/ca\/informacio-per-a\/olimpiades-economia\/&amp;source=gmail&amp;ust=1770281893595000&amp;usg=AOvVaw3fMatUskhPT_-xgzkZq-ux\">Fase Local Olimp\u00edada d&#8217;Economia<\/a><\/td>\n<td width=\"186\">A partir de febrer a\u00a0<a href=\"https:\/\/www.fee.urv.cat\/ca\/informacio-per-a\/olimpiades-economia\/fase-local\/#inscripcio\" data-saferedirecturl=\"https:\/\/www.google.com\/url?q=https:\/\/www.fee.urv.cat\/ca\/informacio-per-a\/olimpiades-economia\/fase-local\/%23inscripcio&amp;source=gmail&amp;ust=1770281893595000&amp;usg=AOvVaw2e45wXeDCJkqqniuluVocs\">Inscripci\u00f3 Fase Local Olimp\u00edada Economia<\/a>\u00a0o enviant correu a\u00a0<a href=\"mailto:secundariaifee@urv.cat\">secundariaifee@urv.cat<\/a><\/td>\n<td width=\"116\">Febrer i Mar\u00e7<\/td>\n<td width=\"107\">S\u00ed<\/td>\n<td width=\"107\">Universitat<\/td>\n<\/tr>\n<tr>\n<td width=\"42\"><strong>42<\/strong><\/td>\n<td width=\"191\"><strong>Confer\u00e8ncies cient\u00edfiques<\/strong><\/td>\n<td width=\"114\">BAT i FP<\/td>\n<td width=\"221\">Ci\u00e8ncies i tecnologia (BAT)<\/p>\n<p>Humanitats i ci\u00e8ncies socials (BAT)<\/p>\n<p>Arts (BAT)<\/td>\n<td width=\"188\">Prov\u00edncia de Tarragona i comarques lim\u00edtrofes<\/td>\n<td width=\"83\">Tot el curs acad\u00e8mic<\/td>\n<td width=\"202\"><a href=\"https:\/\/www.urv.cat\/ca\/recerca\/divulgacio\/escoles\/conferencies-cientifiques\/\" data-saferedirecturl=\"https:\/\/www.google.com\/url?q=https:\/\/www.urv.cat\/ca\/recerca\/divulgacio\/escoles\/conferencies-cientifiques\/&amp;source=gmail&amp;ust=1770281893595000&amp;usg=AOvVaw1HHzarYC-x56OvfREoNN3T\">Info conferencies-cientifiques<\/a><\/td>\n<td width=\"186\">Properament a\u00a0<a href=\"https:\/\/www.urv.cat\/ca\/recerca\/divulgacio\/escoles\/conferencies-cientifiques\/\" data-saferedirecturl=\"https:\/\/www.google.com\/url?q=https:\/\/www.urv.cat\/ca\/recerca\/divulgacio\/escoles\/conferencies-cientifiques\/&amp;source=gmail&amp;ust=1770281893596000&amp;usg=AOvVaw2eKYnKY0susutjOrbkdFY_\">Info conferencies-cientifiques<\/a><\/td>\n<td width=\"116\">Tot el curs acad\u00e8mic<\/td>\n<td width=\"107\">S\u00ed<\/td>\n<td width=\"107\">Centre educatiu<\/td>\n<\/tr>\n<tr>\n<td width=\"42\"><strong>43<\/strong><\/td>\n<td width=\"191\"><strong>URVocaci\u00f3 &#8211; Recerca a secund\u00e0ria<\/strong><\/td>\n<td width=\"114\">BAT i FP CFGS<\/td>\n<td width=\"221\">Humanitats i ci\u00e8ncies socials (BAT)<\/p>\n<p>Ci\u00e8ncies i tecnologia (BAT)<\/p>\n<p>Arts (BAT)<\/td>\n<td width=\"188\">Prov\u00edncia de Tarragona<\/td>\n<td width=\"83\">Tot el curs acad\u00e8mic<\/td>\n<td width=\"202\"><a href=\"https:\/\/www.urv.cat\/ca\/estudis\/graus\/admissio\/orientacio\/urvocacio\/\" data-saferedirecturl=\"https:\/\/www.google.com\/url?q=https:\/\/www.urv.cat\/ca\/estudis\/graus\/admissio\/orientacio\/urvocacio\/&amp;source=gmail&amp;ust=1770281893596000&amp;usg=AOvVaw12AqDf4qNDiDldqVjg8gy3\">Info urvocacio<\/a><\/td>\n<td width=\"186\"><a href=\"https:\/\/www.urv.cat\/ca\/estudis\/graus\/admissio\/orientacio\/urvocacio\/\" data-saferedirecturl=\"https:\/\/www.google.com\/url?q=https:\/\/www.urv.cat\/ca\/estudis\/graus\/admissio\/orientacio\/urvocacio\/&amp;source=gmail&amp;ust=1770281893596000&amp;usg=AOvVaw12AqDf4qNDiDldqVjg8gy3\">Info urvocacio<\/a><\/td>\n<td width=\"116\">Tot el curs acad\u00e8mic<\/td>\n<td width=\"107\">S\u00ed<\/td>\n<td width=\"107\">Universitat \/ En xarxa<\/td>\n<\/tr>\n<tr>\n<td width=\"42\"><strong>44<\/strong><\/td>\n<td width=\"191\"><strong>Jornades de Portes Obertes URV<\/strong><\/td>\n<td width=\"114\">BAT i FP CFGS<\/td>\n<td width=\"221\">Arts (BAT)<\/p>\n<p>Ci\u00e8ncies i tecnologia (BAT)<\/p>\n<p>Humanitats i ci\u00e8ncies socials\u00a0 (BAT)<\/p>\n<p>Diverses (FP)<\/td>\n<td width=\"188\">Prov\u00edncia de Tarragona i comarques lim\u00edtrofes<\/td>\n<td width=\"83\">Febrer i maig<\/td>\n<td width=\"202\"><a href=\"https:\/\/www.urv.cat\/ca\/estudis\/graus\/admissio\/orientacio\/portes-obertes\/\" data-saferedirecturl=\"https:\/\/www.google.com\/url?q=https:\/\/www.urv.cat\/ca\/estudis\/graus\/admissio\/orientacio\/portes-obertes\/&amp;source=gmail&amp;ust=1770281893596000&amp;usg=AOvVaw0FpcQB4h6Z83TJeoAOfvTn\">portes-obertes<\/a><\/td>\n<td width=\"186\"><a href=\"https:\/\/www.urv.cat\/ca\/estudis\/graus\/admissio\/orientacio\/portes-obertes\/\" data-saferedirecturl=\"https:\/\/www.google.com\/url?q=https:\/\/www.urv.cat\/ca\/estudis\/graus\/admissio\/orientacio\/portes-obertes\/&amp;source=gmail&amp;ust=1770281893596000&amp;usg=AOvVaw0FpcQB4h6Z83TJeoAOfvTn\">portes-obertes<\/a><\/td>\n<td width=\"116\">Durant el curs acad\u00e8mic<\/td>\n<td width=\"107\">S\u00ed<\/td>\n<td width=\"107\">Universitat<\/td>\n<\/tr>\n<tr>\n<td width=\"42\"><strong>45<\/strong><\/td>\n<td width=\"191\"><strong>Orientaci\u00f3 als centres de secund\u00e0ria<\/strong><\/td>\n<td width=\"114\">BAT i FP CFGS<\/td>\n<td width=\"221\">Ci\u00e8ncies i tecnologia (BAT)<\/p>\n<p>Humanitats i ci\u00e8ncies socials\u00a0 (BAT)<\/p>\n<p>Diverses (FP)<\/td>\n<td width=\"188\">Provincia de Tarragona, Lleida, Barcelona, Castell\u00f3 i Illes Balears<\/td>\n<td width=\"83\">Novembre a abril<\/td>\n<td width=\"202\"><a href=\"https:\/\/www.urv.cat\/ca\/estudis\/graus\/admissio\/orientacio\/presentacio-centres\/\" data-saferedirecturl=\"https:\/\/www.google.com\/url?q=https:\/\/www.urv.cat\/ca\/estudis\/graus\/admissio\/orientacio\/presentacio-centres\/&amp;source=gmail&amp;ust=1770281893596000&amp;usg=AOvVaw3jFe399cg9OpAm8hH2iK3k\">presentacio-centres<\/a><\/td>\n<td width=\"186\"><a href=\"https:\/\/www.urv.cat\/ca\/estudis\/graus\/admissio\/orientacio\/presentacio-centres\/\" data-saferedirecturl=\"https:\/\/www.google.com\/url?q=https:\/\/www.urv.cat\/ca\/estudis\/graus\/admissio\/orientacio\/presentacio-centres\/&amp;source=gmail&amp;ust=1770281893596000&amp;usg=AOvVaw3jFe399cg9OpAm8hH2iK3k\">presentacio-centres<\/a><\/td>\n<td width=\"116\">Durant el curs acad\u00e8mic<\/td>\n<td width=\"107\">S\u00ed<\/td>\n<td width=\"107\">Centre educatiu<\/td>\n<\/tr>\n<tr>\n<td width=\"42\"><strong>46<\/strong><\/td>\n<td width=\"191\"><strong>Tallers \u201cTransici\u00f3 energ\u00e8tica i hidrogen verd\u201d\u00a0\u00a0\u00a0\u00a0\u00a0\u00a0<\/strong><\/td>\n<td width=\"114\">ESO i BAT<\/td>\n<td width=\"221\">Cientificotecnol\u00f2gic\u00a0(ESO)<\/td>\n<td width=\"188\">Prov\u00edncia de Tarragona<\/td>\n<td width=\"83\">Mar\u00e7 a desembre 2026<\/td>\n<td width=\"202\">\u00a0<a href=\"https:\/\/urvdivulga.cat\/activitats-i-programes\/programa-mon-de-ciencia\/\" data-saferedirecturl=\"https:\/\/www.google.com\/url?q=https:\/\/urvdivulga.cat\/activitats-i-programes\/programa-mon-de-ciencia\/&amp;source=gmail&amp;ust=1770281893596000&amp;usg=AOvVaw1E0Rvz3FDQ9lnOIFGD4KXL\">https:\/\/urvdivulga.cat\/activitats-i-programes\/programa-mon-de-ciencia\/<\/a><\/td>\n<td width=\"186\"><a href=\"https:\/\/forms.office.com\/e\/u2UwguiSJA\" data-saferedirecturl=\"https:\/\/www.google.com\/url?q=https:\/\/forms.office.com\/e\/u2UwguiSJA&amp;source=gmail&amp;ust=1770281893596000&amp;usg=AOvVaw2sfK_RjeMfXZZ54yRz__R8\">Tallers &#8220;Transici\u00f3 energ\u00e8tica i hidrogen verd&#8221; formulari<\/a><\/td>\n<td width=\"116\">Fins 22 de gener<\/td>\n<td width=\"107\">S\u00ed<\/td>\n<td width=\"107\">Centre educatiu<\/td>\n<\/tr>\n<\/tbody>\n<\/table>\n<p style=\"font-weight: 400;\"><strong>Descripci\u00f3 de les activitats<\/strong><\/p>\n<p style=\"font-weight: 400;\"><strong>\u00a0<\/strong><\/p>\n<ol style=\"font-weight: 400;\">\n<li><strong>Taller &#8220;L&#8217;avellana a l&#8217;escola&#8221;<\/strong><\/li>\n<\/ol>\n<p style=\"font-weight: 400;\">Activitat did\u00e0ctica i concurs \u201cReceptes d\u2019avellanes \u201dFormaci\u00f3 a les escoles sobre les avellanes, els beneficis del seu consum i l\u2019elaboraci\u00f3 de receptes. Concurs entre les escoles participants: \u201cRecepta saludable elaborada amb avellanes\u201d.<\/p>\n<p style=\"font-weight: 400;\">L\u2019activitat est\u00e0 dirigida pel grup NFOC-Salut de la Facultat de Medicina i Ci\u00e8ncies de la Salut de la Universitat Rovira i Virgili, expert en foment dels h\u00e0bits i estils de vida saludables entre els infants i adolescents. El premi \u00e9s patrocinat per la DOP Avellana de Reus.<\/p>\n<p style=\"font-weight: 400;\">Tamb\u00e9 es far\u00e0 una avaluaci\u00f3 de l\u2019evoluci\u00f3 del consum d\u2019avellanes i fruita seca dels escolars.<\/p>\n<p style=\"font-weight: 400;\">La promoci\u00f3 de l\u2019avellana a les escoles forma part de les accions del Pla estrat\u00e8gic per a la valoritzaci\u00f3 de l\u2019Avellana impulsat pel Departament d\u2019Acci\u00f3 Clim\u00e0tica, Alimentaci\u00f3 i Agenda Rural de la Generalitat de Catalunya (DACC) implementat per l\u2019Oficina T\u00e8cnica de l\u2019Avellana gestionada pel Departament de Consultoria Tecnol\u00f2gica i la Unitat Tecnol\u00f2gica de Nutrici\u00f3 i Salut del centre tecnol\u00f2gic Eurecat.<\/p>\n<p style=\"font-weight: 400;\"><strong>\u00a0<\/strong><\/p>\n<ol style=\"font-weight: 400;\">\n<li><strong>Els insectes a l\u2019escola: una font de prote\u00efna m\u00e9s sostenible<\/strong><\/li>\n<\/ol>\n<p style=\"font-weight: 400;\">L\u2019increment de la poblaci\u00f3 mundial i els efectes del canvi clim\u00e0tic plantegen reptes importants en el model actual de producci\u00f3 aliment\u00e0ria, especialment pel que fa a les fonts de prote\u00efna. Aquesta activitat did\u00e0ctica convida els infants a reflexionar sobre el futur de l\u2019alimentaci\u00f3 i a descobrir alternatives m\u00e9s sostenibles. Aix\u00ed doncs, mitjan\u00e7ant un conjunt d\u2019activitats l\u00fadiques i manipulatives, adaptades a cada etapa educativa, l\u2019alumnat pren consci\u00e8ncia de l\u2019impacte ambiental de la producci\u00f3 de diferents fonts proteiques i descobreixen els insectes com una alternativa sostenible i nutricionalment equivalent.<\/p>\n<p style=\"font-weight: 400;\">Durant l\u2019activitat, l\u2019alumnat participa en:<\/p>\n<ul style=\"font-weight: 400;\">\n<li>Un experiment senzill amb vinagre, bicarbonat i globus per simular les emissions de gasos d\u2019efecte hivernacle associades a les diferents fonts de prote\u00efna (animal, vegetal i derivada d\u2019insecte).<\/li>\n<li>Un taller sobre qualitat proteica, on l\u2019alumnat crea bra\u00e7alets que representen cadenes d\u2019amino\u00e0cids per comparar la composici\u00f3 i el valor nutricional de la prote\u00efna animal, vegetal i d\u2019insectes.<\/li>\n<li>Un joc educatiu (trencaclosques o cartes, segons l\u2019edat) per treballar la composici\u00f3 d\u2019un plat equilibrat, destacant la import\u00e0ncia d\u2019una alimentaci\u00f3 saludable i sostenible.<\/li>\n<li>Una activitat de reflexi\u00f3 sobre el consum d\u2019insectes, on es mostren tant insectes sencers aptes per al consum hum\u00e0 com aliments elaborats amb farina d\u2019insecte (galetes, pasta, cereals\u2026), amb l\u2019objectiu de desestigmatitzar-ne el consum i fomentar una actitud oberta i cr\u00edtica.<\/li>\n<\/ul>\n<p style=\"font-weight: 400;\">Aix\u00ed doncs, els conceptes clau treballats s\u00f3n: l\u2019impacte mediambiental de la producci\u00f3 aliment\u00e0ria, la qualitat nutricional de les prote\u00efnes, i els Objectius de Desenvolupament Sostenible (ODS 11, 12 i 13).<\/p>\n<p style=\"font-weight: 400;\">L\u2019activitat ja ha estat implementada amb \u00e8xit en diverses escoles de la demarcaci\u00f3 de Tarragona, amb la participaci\u00f3 de m\u00e9s de 900 infants, que l\u2019han valorat molt positivament.<\/p>\n<ol style=\"font-weight: 400;\">\n<li><strong>Fira Experimenta: la gran festa de la ci\u00e8ncia feta per joves!<\/strong><\/li>\n<\/ol>\n<p style=\"font-weight: 400;\">La Fira Experimenta \u00e9s l\u2019esdeveniment clau del programa Repte Experimenta, una cita oberta a tota la ciutadania on l\u2019alumnat d\u2019ESO dels centres participants es converteix en protagonista i divulgador cient\u00edfic. Una experi\u00e8ncia transformadora que acosta la ci\u00e8ncia al gran p\u00fablic de manera l\u00fadica, creativa i significativa.<\/p>\n<p style=\"font-weight: 400;\">Qu\u00e8 hi trobaran els visitants? Una trentena d\u2019estands amb experiments dissenyats i dinamitzats pels mateixos alumnes, que han seguit el m\u00e8tode cient\u00edfic per respondre preguntes quotidianes a trav\u00e9s de l\u2019experimentaci\u00f3. Guiats pels seus padrins cient\u00edfics (referents del m\u00f3n universitari i professional), els equips han desenvolupat propostes rigoroses, per\u00f2 alhora accessibles i espectaculars.<\/p>\n<p style=\"font-weight: 400;\">L\u2019activitat ofereix al professorat una oportunitat \u00fanica per observar com l\u2019aprenentatge basat en projectes i el treball cooperatiu donen fruits visibles en la motivaci\u00f3, l\u2019autonomia i la capacitat comunicativa dels alumnes. A m\u00e9s, fomenta les vocacions cient\u00edfiques i tecnol\u00f2giques, visibilitza el talent jove i connecta l\u2019escola amb l\u2019entorn social i familiar.<\/p>\n<ol style=\"font-weight: 400;\">\n<li><strong>Participaci\u00f3 en la Fira de ci\u00e8ncies FCEP<\/strong><\/li>\n<\/ol>\n<p style=\"font-weight: 400;\">La Fira de Ci\u00e8ncies FCEP \u00e9s una activitat docent programada des de l\u2019assignatura de Did\u00e0ctica de les Ci\u00e8ncies en el grau d\u2019Educaci\u00f3 Prim\u00e0ria i en el doble grau d\u2019Educaci\u00f3 Infantil i Prim\u00e0ria (<a href=\"https:\/\/www.urv.cat\/ca\/vida-campus\/serveis\/medi-ambient\/biodiversitat\/firadelaciencia\/\" data-saferedirecturl=\"https:\/\/www.google.com\/url?q=https:\/\/www.urv.cat\/ca\/vida-campus\/serveis\/medi-ambient\/biodiversitat\/firadelaciencia\/&amp;source=gmail&amp;ust=1770281893596000&amp;usg=AOvVaw0Lg5I2qySVDN0roGUA3PTs\">https:\/\/www.urv.cat\/ca\/vida-campus\/serveis\/medi-ambient\/biodiversitat\/firadelaciencia\/<\/a>). Cada any, dins de la formaci\u00f3 inicial de mestres en did\u00e0ctica de les ci\u00e8ncies experimentals, els alumnes de magisteri organitzen la Fira de ci\u00e8ncies FCEP, on es dona resposta a les preguntes i interessos d&#8217;alumnes d&#8217;educaci\u00f3 prim\u00e0ria al voltant de tem\u00e0tiques d&#8217;educaci\u00f3 ambiental. Per aquesta activitat, podem acollir un total de 6 grup\/classe d&#8217;alumnes d&#8217;educaci\u00f3 prim\u00e0ria de les escoles interessades, de qualsevol nivell educatiu. Treballarem durant 5 setmanes del mes de maig amb les escoles per tal de perfilar les tem\u00e0tiques i les necessitats d&#8217;aprenentatge en educaci\u00f3 ambiental de les classes que hi participen, fent servint el Jard\u00ed de les Papallones del campus Sescelades com a centre d&#8217;inter\u00e8s. La Fira es fa anualment al campus Sescelades el darrer divendres del mes de maig amb la participaci\u00f3 presencial d\u2019infants de prim\u00e0ria de les escoles interessades.<\/p>\n<ol style=\"font-weight: 400;\">\n<li><strong>Jocs cient\u00edfics per a l\u2019aula: Splashcraft i Aquanet<\/strong><\/li>\n<\/ol>\n<p style=\"font-weight: 400;\">Splashcraft i Aquanet s\u00f3n dues propostes l\u00fadiques i educatives creades per apropar la ci\u00e8ncia a l\u2019alumnat de prim\u00e0ria a trav\u00e9s del joc, l\u2019experimentaci\u00f3 i la cooperaci\u00f3. Ambdues activitats es poden cedir a escoles com a recurs per treballar les ci\u00e8ncies d\u2019una manera innovadora, vivencial i significativa.<\/p>\n<p style=\"font-weight: 400;\">Splashcraft \u00e9s un escape room cient\u00edfic adre\u00e7at a alumnes de 5\u00e8 i 6\u00e8 de prim\u00e0ria, on els equips es converteixen en operadors d\u2019una planta potabilitzadora i han de superar quatre proves per aconseguir un codi final. Basat en el learn by doing, combina v\u00eddeos explicatius, reptes cognitius i experiments pr\u00e0ctics en quatre etapes: energ\u00e8tica, qu\u00edmica, f\u00edsica i biol\u00f2gica. El joc introdueix conceptes com el pH, l\u2019\u00fas de filtres, la separaci\u00f3 de subst\u00e0ncies o l\u2019eliminaci\u00f3 de microorganismes. Amb materials senzills com vinagre, sorra o l\u00e0mpades UV, Splashcraft fomenta compet\u00e8ncies cient\u00edfiques i matem\u00e0tiques, el treball en equip i la consci\u00e8ncia sobre l\u2019\u00fas responsable de l\u2019aigua. A m\u00e9s, es basa en la planta real del Consorci d\u2019Aig\u00fces de Tarragona, refor\u00e7ant la connexi\u00f3 amb l\u2019entorn.<\/p>\n<p style=\"font-weight: 400;\">Aquanet \u00e9s un joc de taula cooperatiu adre\u00e7at a infants a partir de 10 anys, on quatre jugadors assumeixen rols cient\u00edfics (hidr\u00f2leg, t\u00e8cnic\/a de qualitat, operador\/a de planta i enginyer\/a ambiental) per resoldre crisis de l\u2019aigua en diferents ecosistemes (ciutat, platja, muntanya i bosc). En 45 minuts han de col\u00b7laborar, respondre preguntes cient\u00edfiques i reunir les eines necess\u00e0ries per fer experiments relacionats amb la contaminaci\u00f3 i el tractament de l\u2019aigua, amb materials com te, imants o bicarbonat. El joc promou el pensament cr\u00edtic, la sostenibilitat i la col\u00b7laboraci\u00f3 activa entre iguals.<\/p>\n<p style=\"font-weight: 400;\">Ambd\u00f3s jocs s\u00f3n recursos idonis per a l\u2019aula: fomenten l\u2019alfabetitzaci\u00f3 cient\u00edfica, treballen valors ambientals i transformen el joc en una eina poderosa d\u2019aprenentatge transversal i competencial.<\/p>\n<p style=\"font-weight: 400;\">L\u2019objectiu \u00e9s resoldre les crisis de l\u2019aigua a quatre regions (platja, muntanya, bosc i ciutat) en menys de 45 minuts. Per superar cada repte, cal respondre preguntes cient\u00edfiques, aconseguir eines i dur a terme experiments pr\u00e0ctics amb materials senzills com vinagre, te, detergents o imants. Cada jugador ha de col\u00b7laborar amb la resta per intercanviar recursos, ajudar en situacions complicades i gestionar b\u00e9 el temps. El joc fomenta el treball en equip, el pensament cr\u00edtic i el coneixement cient\u00edfic relacionat amb el cicle de l\u2019aigua, la contaminaci\u00f3 i les estrat\u00e8gies de filtraci\u00f3 i depuraci\u00f3. A m\u00e9s, integra l\u2019experimentaci\u00f3 com a part activa del joc, fent que l\u2019aprenentatge sigui vivencial i significatiu. Aquanet \u00e9s una eina educativa ideal per introduir la ci\u00e8ncia de forma l\u00fadica, sostenible i col\u00b7laborativa.<\/p>\n<ol style=\"font-weight: 400;\">\n<li><strong>Programa InspiraSTEAM<\/strong><\/li>\n<\/ol>\n<p style=\"font-weight: 400;\">Inspira STEAM \u00e9s un projecte pioner de la Universitat de Deusto pel foment de la vocaci\u00f3 cientificotecnol\u00f2gica entre les nenes i els nens, basat en accions de sensibilitzaci\u00f3 que imparteixen dones i homes professionals del m\u00f3n de la investigaci\u00f3, la ci\u00e8ncia i la tecnologia. S\u2019utilitza la t\u00e8cnica del mentoring grupal entre estudiants de sis\u00e8 de prim\u00e0ria. A Tarragona l&#8217;organitza i impulsa la URV des de 2020.<\/p>\n<p style=\"font-weight: 400;\">El cor del nostre projecte s\u00f3n les mentores i els mentors, que de manera volunt\u00e0ria, apropen el seu dia a dia a nenes i nens a trav\u00e9s de 6 sessions de treball en horari lectiu. Totes elles s\u00f3n cient\u00edfiques i tecn\u00f2logues que desenvolupen la seva activitat professional en diferents \u00e0mbits: acad\u00e8mic, empresarial, investigaci\u00f3, gesti\u00f3, etc. El projecte necessita de la incorporaci\u00f3 de noves mentores per donar resposta a la demanda dels centres interessats. Si teniu inter\u00e8s en desenvolupar el projecte al vostre centre escolar\u00a0 i coneixeu alguna persona potencialment interessada en fer-hi de mentora, per favor informeu-nos.<\/p>\n<ol style=\"font-weight: 400;\">\n<li><strong>i 8. Nit de la Recerca a Tortosa i Tarragona<\/strong><\/li>\n<\/ol>\n<p style=\"font-weight: 400;\">Aquesta activitat \u00e9s un esdeveniment p\u00fablic i gratu\u00eft dedicat a la divulgaci\u00f3 de la ci\u00e8ncia que t\u00e9 lloc cada any a 300 ciutats de 30 pa\u00efsos d\u2019arreu d\u2019Europa. El seu objectiu \u00e9s acostar els investigadors i investigadores al p\u00fablic de totes les edats i les fam\u00edlies i donar a con\u00e8ixer la recerca i la innovaci\u00f3 que fan de manera amena i participativa mitjan\u00e7ant diferents tallers.<\/p>\n<p style=\"font-weight: 400;\"><strong>\u00a0<\/strong><\/p>\n<ol style=\"font-weight: 400;\">\n<li><strong>Cient\u00edfiques en acci\u00f3, experimenta! Inspirar vocacions amb referents real<\/strong><\/li>\n<\/ol>\n<p style=\"font-weight: 400;\">Sis investigadores. Sis reptes cient\u00edfics. Una experi\u00e8ncia d\u2019aula transformadora. La proposta Cient\u00edfiques en acci\u00f3, experimenta! \u00e9s una activitat educativa gamificada que convida l\u2019alumnat a descobrir el m\u00f3n de la recerca cient\u00edfica a trav\u00e9s de la mirada i el treball de sis investigadores en actiu. Dissenyada per commemorar el Dia Internacional de les Dones i les Nenes en la Ci\u00e8ncia (11F), aquesta iniciativa vol incrementar els referents femenins en l\u2019\u00e0mbit STEM i fer visibles les aportacions de les dones a la ci\u00e8ncia actual.<\/p>\n<p style=\"font-weight: 400;\">L\u2019activitat parteix d\u2019una c\u00e0psula audiovisual protagonitzada per cadascuna de les cient\u00edfiques, en qu\u00e8, a partir d\u2019una paraula clau que defineix la seva recerca, expliquen de manera propera i motivadora en qu\u00e8 consisteix el seu treball. A partir d\u2019aqu\u00ed, es proposa un repte cient\u00edfic vinculat al seu camp d\u2019especialitzaci\u00f3.<\/p>\n<p style=\"font-weight: 400;\">Els i les alumnes, organitzats en equips, hauran de resoldre el repte cient\u00edfic experimentant a l\u2019aula amb materials senzills i quotidians que poden trobar f\u00e0cilment al supermercat o a la farmaciola. Cada repte inclou una fitxa did\u00e0ctica amb la proposta d\u2019experimentaci\u00f3 i la guia necess\u00e0ria per dur-la a terme de manera aut\u00f2noma i segura, fomentant l\u2019aprenentatge actiu i la indagaci\u00f3.<\/p>\n<p style=\"font-weight: 400;\">Aquesta activitat es pot implementar amb facilitat a qualsevol aula de secund\u00e0ria i s\u2019adapta a diferents ritmes i nivells d\u2019aprofundiment. Permet treballar continguts de ci\u00e8ncies naturals, qu\u00edmica, f\u00edsica i tecnologia de manera transversal, alhora que fomenta compet\u00e8ncies com el treball cooperatiu, la resoluci\u00f3 de problemes i la comunicaci\u00f3 cient\u00edfica. Per als docents, Cient\u00edfiques en acci\u00f3 \u00e9s una oportunitat per integrar la perspectiva de g\u00e8nere en les STEM d\u2019una manera significativa i atractiva, mostrant al jovent que la ci\u00e8ncia tamb\u00e9 t\u00e9 rostre de dona.<\/p>\n<p style=\"font-weight: 400;\">El material \u00e9s totalment gratu\u00eft i descarregable des del web del Campus Experimenta. Inclou v\u00eddeos, fitxes i orientacions per a la dinamitzaci\u00f3 a l\u2019aula.<\/p>\n<p style=\"font-weight: 400;\"><strong>\u00a0<\/strong><\/p>\n<ol style=\"font-weight: 400;\">\n<li><strong>Taller d\u2019activitats experimentals URV-AEQT a la \u201cSetmana de la Ci\u00e8ncia 2025\u201d<\/strong><\/li>\n<\/ol>\n<p style=\"font-weight: 400;\">Del 3 al 14 de novembre es realitzar\u00e0 al\u00a0<u>CRAI del Campus Sescelades URV<\/u>\u00a0un taller d\u2019activitats experimentals destinat a grups escolars de 10 a 18 anys, en el marc de la Setmana de la Ci\u00e8ncia. Per enguany es proposa el taller &#8220;<strong>La meva f\u00e0brica d&#8217;aquarel\u00b7les<\/strong>&#8221; relacionat gen\u00e8ricament amb l\u2019operaci\u00f3 de plantes de producci\u00f3 qu\u00edmica, i que es concreta en forma d\u2019una planta pilot de producci\u00f3 de pintures.<\/p>\n<p style=\"font-weight: 400;\">L\u2019objectiu \u00e9s doble, per una banda introduir coneixements b\u00e0sics de programaci\u00f3 i rob\u00f2tica relacionats amb el funcionament d\u2019elements una planta de producci\u00f3, assajar la tasca d\u2019operador\/a de planta qu\u00edmica, introduir les aportacions de la qu\u00edmica i de les enginyeries qu\u00edmica, electr\u00f2nica i inform\u00e0tica en el funcionament d\u2019una plata de producci\u00f3 industrial; i per l\u2019altra banda fomentar vocacions i contribuir a atraure l\u2019alumnat femen\u00ed a les disciplines cient\u00edfiques i tecnol\u00f2giques.\u00a0Les sessions del taller tindran una durada total d\u2019una hora i mitja. Es faran 4 sessions per dia, entre les 9:30 a 13:15 h. En casa sessi\u00f3 participar\u00e0 un grup escolar de fins a 32 alumnes. Sessions encavalcades en 2 espais del CRAI. Les sessions s\u00f3n gratu\u00eftes, el transport no est\u00e0 incl\u00f2s.<\/p>\n<p style=\"font-weight: 400;\"><strong>Resum del taller \u201cLa meva f\u00e0brica d&#8217;aquarel\u00b7les\u201d<\/strong><\/p>\n<p style=\"font-weight: 400;\">En aquest taller els i les assistents assumeixen el paper de treballadors\/es d\u2019una f\u00e0brica de pintures. A la primera part treballen en la programaci\u00f3 inform\u00e0tica d\u2019algunes operacions b\u00e0siques de la planta de producci\u00f3, com activar un motor o una bomba, o omplir un dip\u00f2sit amb un sensor de nivell, de forma adaptada als coneixements previs de programaci\u00f3 (amb MBlock o amb S4a). Organitzats en equips, utilitzen un ordinador port\u00e0til connectat a una placa Arduino i diversos complements i sensors per fer les activitats.<\/p>\n<p style=\"font-weight: 400;\">A la segona part s\u2019introdueixen nocions de teoria i classificaci\u00f3 dels colors i les parts de la planta pilot automatitzada de producci\u00f3 d&#8217;aquarel\u00b7les a escala. Cada equip munta la seva planta pilot i controlant-la des d\u2019una tableta i amb una placa Arduino preparen mostres d\u2019aquarel\u00b7la de colors a escollir, que en acabar prendran a casa. Despr\u00e9s netegen l\u2019aparell agitador de la planta i fan un proc\u00e9s de depuraci\u00f3 fisico-qu\u00edmic de l\u2019aigua residual resultant. S\u2019introdueixen tamb\u00e9 les implicacions del canvi d&#8217;escala industrial i les tasques de l\u2019operaci\u00f3 de planta qu\u00edmica.<\/p>\n<p style=\"font-weight: 400;\">Activitat realitzada amb el suport de l\u2019Associaci\u00f3 Empresarial Qu\u00edmica de Tarragona (AEQT).<\/p>\n<ol style=\"font-weight: 400;\">\n<li><strong>Tallers \u201cUn m\u00f3n de ci\u00e8ncia DOW-URV\u201d<\/strong><\/li>\n<\/ol>\n<p style=\"font-weight: 400;\">El programa planteja l\u2019aprenentatge de continguts cient\u00edfics en el marc d\u2019una activitat a l\u2019aula. T\u00e9 per objectius espec\u00edfics facilitar la realitzaci\u00f3 d\u2019una activitat experimental atractiva, participativa i socialment rellevant, que il\u00b7lustri que la ci\u00e8ncia \u00e9s un m\u00e8tode que permet donar resposta als interrogants i necessitats de les persones, estimular l\u2019inter\u00e8s per les ci\u00e8ncies, promoure la utilitzaci\u00f3 de l\u2019evid\u00e8ncia cient\u00edfica com a base per a la presa de decisions. Pel present curs escolar es contempla la impartici\u00f3 d\u2019activitats (1 hora) de forma presencial en els centres educatius.<\/p>\n<p style=\"font-weight: 400;\">Activitat realitzada amb el suport de Dow Chemical Ib\u00e9rica.<\/p>\n<ol style=\"font-weight: 400;\">\n<li><strong>Tallers \u201cUn m\u00f3n de Ci\u00e8ncia\u201d i visita &#8220;Programa de Visites Educatives (PVE)&#8221; URV-Alt Camp<\/strong><\/li>\n<\/ol>\n<p style=\"font-weight: 400;\">Programa \u201cUn m\u00f3n de Ci\u00e8ncia\u201d URV-Alt Camp.\u00a0 Aquest consisteix en la realitzaci\u00f3 per part de personal d&#8217;URV Divulga d\u2019una activitat experimental sobre \u201cLa lluita contra el canvi clim\u00e0tic\u201d a l\u2019aula amb alumnat, de forma totalment gratu\u00efta. Podeu veure el detall de les activitats en el document adjunt a la taula.\u00a0 El termini de recepci\u00f3 de sol\u00b7licituds \u00e9s fins l&#8217;1 d&#8217;octubre. Un cop tancat el termini de recepci\u00f3 de sol\u00b7licituds, es procedir\u00e0 a l\u2019encaix de les peticions amb el nombre d\u2019activitats disponibles.<\/p>\n<p style=\"font-weight: 400;\">Programa de Visites Educatives (PVE).\u00a0 Aquest consisteix en la realitzaci\u00f3 de visites guiades amb grups escolars, de forma totalment gratu\u00efta i amb transport incl\u00f2s, a empreses de l\u2019Alt Camp.\u00a0\u00a0 Per al present curs l\u2019empresa que pot realitzar una visita \u00e9s Essity Spain S.L. de Puigpelat. Les tem\u00e0tiques de les visites disponibles s\u00f3n \u201cBona fins a l\u2019ultima gota!\u201d i &#8220;Els suoperabsorbents&#8221; (prim\u00e0ria i secund\u00e0ria). Adjuntem el dossier com a refer\u00e8ncia a la taula. El nombre m\u00e0xim d\u2019alumnes \u00e9s de 20.<\/p>\n<p style=\"font-weight: 400;\">El termini de recepci\u00f3 de sol\u00b7licituds \u00e9s fins l&#8217;1 d&#8217;octubre. Posteriorment es procedir\u00e0 a l\u2019encaix de les peticions amb la visita disponible.<\/p>\n<p style=\"font-weight: 400;\">Activitats realitzades amb el suport del Consell Comarcal de l&#8217;Alt Camp, Essity, Kellanova, URSSA i Valls Qu\u00edmica.<\/p>\n<ol style=\"font-weight: 400;\">\n<li><strong>Experimenta en xarxa: de la teoria a l&#8217;experimentaci\u00f3<\/strong><\/li>\n<\/ol>\n<p style=\"font-weight: 400;\">Introduir l\u2019experimentaci\u00f3 a les classes de ci\u00e8ncies pot ser un aut\u00e8ntic repte per al professorat de secund\u00e0ria, batxillerat i cicle superior de prim\u00e0ria. Sovint, la falta de recursos espec\u00edfics, la gesti\u00f3 de grups nombrosos o les limitacions d\u2019espai i temps fan que portar el laboratori a l\u2019aula sembli una missi\u00f3 gaireb\u00e9 impossible.<\/p>\n<p style=\"font-weight: 400;\">Amb la voluntat de trencar aquesta barrera, el curs \u201cExperimenta en xarxa: de la teoria a l\u2019experimentaci\u00f3\u201d ofereix una sessi\u00f3 formativa pr\u00e0ctica i inspiradora per a docents que volen innovar i fomentar l\u2019aprenentatge actiu a l\u2019aula. Acessible de forma presencial i en streaming. La proposta gira entorn del learning by doing i presenta un conjunt d\u2019activitats experimentals concretes, f\u00e0cilment adaptables al context escolar i basades en materials casolans o de baix cost.<\/p>\n<p style=\"font-weight: 400;\">La sessi\u00f3 se centra en l\u2019enfocament competencial de les ci\u00e8ncies i mostra com, a trav\u00e9s de la resoluci\u00f3 de reptes i la manipulaci\u00f3 directa, \u00e9s possible fomentar el pensament cr\u00edtic, la curiositat cient\u00edfica i la creativitat entre l\u2019alumnat.<\/p>\n<p style=\"font-weight: 400;\">Cada edici\u00f3 del curs presenta entre 4 i 5 pr\u00e0ctiques d\u2019aula reals, implementades amb \u00e8xit en diversos centres educatius del territori. Aquestes activitats han estat seleccionades per la seva efic\u00e0cia, adaptabilitat i capacitat de motivar els alumnes. A m\u00e9s, es mostren amb una mirada pr\u00e0ctica que inclou tant les instruccions com l\u2019enfocament pedag\u00f2gic i els resultats assolits. Experimenta en xarxa\u201d \u00e9s tamb\u00e9 una oportunitat per compartir inquietuds, fer xarxa entre professionals i endur-se a casa recursos \u00fatils per dinamitzar les ci\u00e8ncies a l\u2019aula sense grans infraestructures. L\u2019objectiu \u00e9s demostrar que fer ci\u00e8ncia a l\u2019escola \u00e9s possible, accessible i, sobretot, apassionant.<\/p>\n<ol style=\"font-weight: 400;\">\n<li><strong>Materials del Programa Escolar del Projecte APQUA de la URV<\/strong><\/li>\n<\/ol>\n<p style=\"font-weight: 400;\">APQUA \u00e9s un projecte educatiu de ci\u00e8ncies dirigit a tota la poblaci\u00f3, desenvolupat pel Departament d\u2019Enginyeria Qu\u00edmicade la Universitat Rovira i Virgili de Tarragona. El Programa escolar planteja l&#8217;aprenentatge de les ci\u00e8ncies a partir de l&#8217;estudi i la discussi\u00f3 de temes d&#8217;actualitat relacionats amb els productes qu\u00edmics. Els materials d\u2019APQUA s\u2019organitzen en m\u00f2duls, els quals estan formats per diverses activitats de treball, en les que es plantegen preguntes obertes i situacions simulades i proporcionen experiments. Amb aquestes eines es treballen les compet\u00e8ncies i els continguts cient\u00edfics i les habilitats de resoluci\u00f3 de problemes perqu\u00e8 els alumnes puguin prendre decisions personals sobre temes cientificotecnol\u00f2gics i ambientals.<\/p>\n<p style=\"font-weight: 400;\">Els materials d&#8217;APQUA s&#8217;ajusten a les compet\u00e8ncies, els objectius i continguts que estableix la legislaci\u00f3 educativa. La seva estructura modular permet la seva integraci\u00f3 en les programacions de les mat\u00e8ries cientificotecnol\u00f2giques, treballs de s\u00edntesi, ci\u00e8ncies per al m\u00f3n contemporani i educaci\u00f3 ambiental de l\u2019ESO i\/o del batxillerat. Tamb\u00e9 permet preparar unitats de programaci\u00f3 de l\u2019\u00e0rea de coneixement del medi en el cicle superior d&#8217;educaci\u00f3 prim\u00e0ria. APQUA disposa a m\u00e9s a m\u00e9s d\u2019un conjunt de minim\u00f2duls (equips d\u2019enriquiment curricular de curta durada).<\/p>\n<p style=\"font-weight: 400;\">Els m\u00f2duls i equips d\u2019enriquiment curricular estan constitu\u00efts per una guia del professor, per una guia de l&#8217;alumne i en la majoria dels casos per un material espec\u00edfic. Aquest material inclou safates, ampolles gotejadores, comptagotes, agitadors, embuts de pl\u00e0stic, etc. i est\u00e0 dissenyat per ser utilitzat a l&#8217;aula, amb la m\u00e0xima seguretat, i poder experimentar les t\u00e8cniques b\u00e0siques de laboratori. La seva comoditat i facilitat d&#8217;\u00fas faciliten l&#8217;experimentaci\u00f3, de manera que en poc temps es poden dur a terme m\u00e9s experi\u00e8ncies que amb el cl\u00e0ssic material de vidre del laboratori tradicional. La minimitzaci\u00f3 de les quantitats de reactiu necess\u00e0ries i de residus que es generen, i el seu baix cost, s\u00f3n altres factors d&#8217;import\u00e0ncia a l&#8217;hora de dissenyar les activitats.<\/p>\n<ol style=\"font-weight: 400;\">\n<li><strong>Jornada d&#8217;Innovaci\u00f3 Docent<\/strong><\/li>\n<\/ol>\n<p style=\"font-weight: 400;\">En aquesta jornada hi haur\u00e0 un nombre important d\u2019equips que\u00a0 exposaran els seus projectes i els primers resultats obtinguts. A m\u00e9s, es presentaran els aven\u00e7os de les dues Xarxes d&#8217;Innovaci\u00f3 Estrat\u00e8giques de la URV que ha comptat amb docents de tots els \u00e0mbits i del PTGAS: la Xarxa d&#8217;Interdisciplinarietat en l&#8217;\u00e0mbit de la doc\u00e8ncia i la Xarxa d&#8217;Innovacions Metodol\u00f2giques amb aplicaci\u00f3 de la intel\u00b7lig\u00e8ncia artificial.<\/p>\n<ol style=\"font-weight: 400;\">\n<li><strong>Ajuts Pont<\/strong><\/li>\n<\/ol>\n<p style=\"font-weight: 400;\">Els Ajuts Pont per a projectes educatius promouen la col\u00b7laboraci\u00f3 entre la comunitat universit\u00e0ria (docents de la URV) i els docents no universitaris dels centres educatius de Catalunya, per fomentar la transfer\u00e8ncia de coneixement i millorar els m\u00e8todes docents. Els projectes seleccionats poden rebre un ajut m\u00e0xim de 2.000 euros cadascun. Nombre d\u2019edicions fetes: 12a edici\u00f3 (any 2025). Objectius:<\/p>\n<ul style=\"font-weight: 400;\">\n<li>Promoure la col\u00b7laboraci\u00f3 entre els docents de la URV i els docents de l\u2019ensenyament infantil, primari i secundari.<\/li>\n<li>Impulsar projectes educatius que contribueixen a la millora de l\u2019ensenyament.<\/li>\n<li>Difondre els projectes i les bones pr\u00e0ctiques entre la comunitat educativa<\/li>\n<\/ul>\n<p style=\"font-weight: 400;\">Dirigit a docents d\u2019educaci\u00f3 infantil, prim\u00e0ria i secund\u00e0ria, aix\u00ed com a docents de la URV. Tamb\u00e9 poden participar altres entitats de l\u2019entorn. Cada Ajut Pont te associat la creaci\u00f3 d&#8217;una activitat formativa com a Grup de Treball de 60h.<\/p>\n<p style=\"font-weight: 400;\">Grups de treball creats:<\/p>\n<ul style=\"font-weight: 400;\">\n<li>Caminem cap a una societat m\u00e9s inclusiva: Generaci\u00f3 de materials pedag\u00f2gics. Projecte CASOIN<\/li>\n<li>Cultivant la cultura de pau a la comunitat educativa<\/li>\n<li>La intel\u00b7lig\u00e8ncia artificial com a eina d&#8217;inclusi\u00f3 digital per l&#8217;alumnat amb autisme i TDAH<\/li>\n<li>Ocean Detectives: teixim una hist\u00f2ria de mars nets<\/li>\n<li>Per a tothom: Tecnologies digitals per fomentar la inclusi\u00f3<\/li>\n<li>La simulaci\u00f3 com a estrat\u00e8gia did\u00e0ctica disruptiva i immersiva<\/li>\n<li>Veus de dona a Tarragona: ruta liter\u00e0ria a l&#8217;app RuTIC<\/li>\n<li>Xarxa de p\u00f2dcasts educatius a Tarragona: la petita revoluci\u00f3 sonora a l&#8217;escola i a l&#8217;institut<\/li>\n<\/ul>\n<ol style=\"font-weight: 400;\">\n<li><strong>Premi Federico Mayor Zaragoza<\/strong><\/li>\n<\/ol>\n<p style=\"font-weight: 400;\">Concurs de creaci\u00f3 de v\u00eddeos. Premi organitzat conjuntament entre l\u2019Associaci\u00f3 Amigues i Amics de Tortosa per a la Unesco i la URV que ja porta 17 edicions. Cada edici\u00f3 es dedica a una tem\u00e0tica concreta relacionada amb al cultura de la pau, on els estudiants ha de presentar un v\u00eddeo de dos minuts de durada que posi de manifest la tem\u00e0tica del premi.<\/p>\n<ol style=\"font-weight: 400;\">\n<li><strong>Accions de la URV obertes al Dept. d&#8217;Educaci\u00f3 i FP<\/strong><\/li>\n<\/ol>\n<ul style=\"font-weight: 400;\">\n<li>Escritoras en la universidad 2024. &#8220;Escritoras en la Universidad 2024&#8221; s\u00f3n unes jornades -organitzades pel Departament de Filologies Rom\u00e0niques de la Universitat Rovira i Virgili- que pretenen reunir en un mateix esdeveniment a una selecci\u00f3 d&#8217;escriptores espanyoles d&#8217;actualitat i a un conjunt d&#8217;investigadores de reconegut prestigi en l&#8217;\u00e0mbit dels estudis literaris. La idea \u00e9s conjugar la creaci\u00f3 liter\u00e0ria amb l&#8217;an\u00e0lisi cient\u00edfic i rigor\u00f3s de la literatura.<\/li>\n<li>III Congreso Internacional Carlos Barral y Mario Vargas Llosa. III Congreso Internacional Carlos Barral y Mario Vargas Llosa&#8221; \u00e9s un congr\u00e9s, organitzat pel Departament de Filologies Rom\u00e0niques de la Universitat Rovira i Virgili i l&#8217;Ajuntament de Calafell, per commemorar els 50 anys de la pres\u00e8ncia dels escriptors pertanyents al boom literari hispanoameric\u00e0 a la prov\u00edncia de Tarragona, en concret a Calafell, acollits per l&#8217;editor i poeta Carlos Barral.<\/li>\n<li>Cicle de confer\u00e8ncies: Espanyol com a llengua estrangera. Classes obertes dins del M\u00e0ster en Ensenyament de Lleng\u00fces: Espanyol com a Llengua Estrangera<\/li>\n<li>XVII Jornada d&#8217;Educaci\u00f3 Infantil Terres de l&#8217;Ebre. La ci\u00e8ncia des d&#8217;una mirada cr\u00edtica i indagadora. Aquesta jornada \u00e9s dirigida a professionals de l&#8217;educaci\u00f3 infantil interessats a explorar noves maneres d&#8217;introduir la ci\u00e8ncia als m\u00e9s petits. Durant l&#8217;esdeveniment, es reflexionar\u00e0 sobre com fomentar una mirada cr\u00edtica i indagadora en l&#8217;alumnat, a trav\u00e9s d&#8217;activitats pr\u00e0ctiques que promoguin l&#8217;experimentaci\u00f3, l&#8217;observaci\u00f3 i la resoluci\u00f3 de problemes. S&#8217;abordaran metodologies actives que parteixen de les preguntes dels infants i de l&#8217;exploraci\u00f3 del seu entorn quotidi\u00e0, potenciant la seva curiositat natural i la seva capacitat per reflexionar sobre el m\u00f3n que els envolta.<\/li>\n<li>XV Jornada d&#8217;Educaci\u00f3 Prim\u00e0ria Terres de l&#8217;Ebre. La ci\u00e8ncia des d&#8217;una mirada cr\u00edtica i indagadora a l&#8217;EP i Secund\u00e0ria. Aquesta jornada \u00e9s dirigida a professionals de l&#8217;educaci\u00f3 prim\u00e0ria i primer cicle d&#8217;ESO interessats a explorar noves maneres d&#8217;introduir la ci\u00e8ncia a l&#8217;alumnat d&#8217;aquestes etapes educatives. Durant la jornada, es reflexionar\u00e0 sobre com fomentar una mirada cr\u00edtica i indagadora en l&#8217;alumnat, a trav\u00e9s d&#8217;activitats pr\u00e0ctiques que promoguin l&#8217;experimentaci\u00f3, l&#8217;observaci\u00f3 i la resoluci\u00f3 de problemes. S&#8217;abordaran metodologies actives que parteixen de les preguntes de l&#8217;alumnat i de l&#8217;exploraci\u00f3 del seu entorn quotidi\u00e0, potenciant la seva curiositat natural i la seva capacitat per reflexionar sobre el m\u00f3n que els envolta.<\/li>\n<\/ul>\n<ol style=\"font-weight: 400;\">\n<li><strong>Convocat\u00f2ria adhesi\u00f3 al programa Repte Experimenta a l&#8217;aula (curs 26-27)<\/strong><\/li>\n<\/ol>\n<p style=\"font-weight: 400;\">Repte Experimenta a l\u2019aula \u00e9s el cor d\u2019un programa transformador d\u2019educaci\u00f3 cient\u00edfica que impulsa l\u2019experimentaci\u00f3, la creativitat i el pensament cr\u00edtic a les aules d\u2019ESO. Si sou un centre educatiu del Camp de Tarragona, les Terres de l\u2019Ebre, el Barcelon\u00e8s o el Vall\u00e8s Oriental i voleu incorporar metodologies actives i fomentar les vocacions cient\u00edfiques del vostre alumnat, aquesta \u00e9s la vostra oportunitat!<\/p>\n<p style=\"font-weight: 400;\">El programa es basa en una metodologia learn by doing i s\u2019articula al voltant del m\u00e8tode cient\u00edfic, posant l\u2019experimentaci\u00f3 com a eix central. Dissenyat en format concurs, desafia els grups classe a investigar una pregunta quotidiana tot ideant i duent a terme un experiment amb materials casolans. El proc\u00e9s es desenvolupa en quatre sessions de dues hores, amb treball cooperatiu en grups de quatre alumnes, afavorint l\u2019atenci\u00f3 a la diversitat i el protagonisme actiu de tot l\u2019alumnat.<\/p>\n<p style=\"font-weight: 400;\">Un dels grans valors did\u00e0ctics del projecte \u00e9s la figura del padr\u00ed cient\u00edfic \u2013persones del m\u00f3n acad\u00e8mic o empresarial que acompanyen els equips en el proc\u00e9s d\u2019investigaci\u00f3, donant suport conceptual i apropant el coneixement cient\u00edfic a l\u2019aula d\u2019una forma real i motivadora.<\/p>\n<p style=\"font-weight: 400;\">Els resultats del projecte (un v\u00eddeo i una mem\u00f2ria cient\u00edfica) entren en concurs dins el marc del Repte Experimenta. A m\u00e9s, els grups seleccionats de cada centre participen a l\u2019Street Lab, on exposen el seu experiment a la ciutadania del seu entorn proper, esdevenint joves divulgadors i contribuint a apropar les STEM a la comunitat.<\/p>\n<p style=\"font-weight: 400;\">El tancament del programa \u00e9s la Fira Experimenta, una jornada festiva i oberta a fam\u00edlies on s\u2019exposen una trentena d&#8217;experiments finalistes i es lliuren els Premis Experimenta als millors equips de Joves divulgadors cient\u00edfics. Tot plegat crea una experi\u00e8ncia educativa completa i engrescadora, amb impacte tant dins com fora de l\u2019aula.<\/p>\n<p style=\"font-weight: 400;\">Paral\u00b7lelament, el programa ofereix formaci\u00f3 i recursos al professorat a trav\u00e9s d\u2019Experimenta en Xarxa, una jornada de networking on es comparteixen bones pr\u00e0ctiques, recursos i estrat\u00e8gies per a la innovaci\u00f3 docent en STEM.<\/p>\n<ol style=\"font-weight: 400;\">\n<li><strong>Convocat\u00f2ria llic\u00e8ncies beca-alumne Campus Experimenta: ci\u00e8ncia gamificada per repensar l\u2019aula<\/strong><\/li>\n<\/ol>\n<p style=\"font-weight: 400;\">Campus Experimenta \u00e9s una plataforma virtual de recursos did\u00e0ctics STEM adre\u00e7ada a l\u2019alumnat de l\u2019ESO, que forma part del programa Repte Experimenta de la URV. Pensada per impulsar l\u2019experimentaci\u00f3 a l\u2019aula, ofereix una proposta innovadora i motivadora basada en l\u2019aprenentatge actiu, el m\u00e8tode cient\u00edfic i la gamificaci\u00f3.<\/p>\n<p style=\"font-weight: 400;\">A trav\u00e9s de situacions d\u2019aprenentatge amb fil conductor, l\u2019alumnat es converteix en protagonista d\u2019un repte cient\u00edfic que ha de resoldre combinant coneixement, experimentaci\u00f3 i pensament cr\u00edtic. El material proposa un recorregut estructurat en \u201cnivells\u201d al m\u00e9s pur estil videojoc, que es van superant mitjan\u00e7ant l\u2019observaci\u00f3, la formulaci\u00f3 d\u2019hip\u00f2tesis, l\u2019experimentaci\u00f3 i l\u2019an\u00e0lisi de resultats.<\/p>\n<p style=\"font-weight: 400;\">Les activitats es basen en c\u00e0psules audiovisuals creades per experts de la URV, ICIQ i UAB, que expliquen conceptes cient\u00edfics de manera demostrativa i accessible. Aquestes c\u00e0psules donen pas a reptes pr\u00e0ctics guiats per fitxes i instruccions clares, que es poden dur a terme amb materials casolans, fent que l\u2019experimentaci\u00f3 sigui assequible i f\u00e0cilment adaptable a diferents contextos educatius.<\/p>\n<p style=\"font-weight: 400;\">Campus Experimenta destaca per ser una eina flexible i transversal, dissenyada per integrar-se a l\u2019aula com a recurs d\u2019enriquiment i aprofundiment. Estimula l\u2019aprenentatge interdisciplinari i treballa compet\u00e8ncies com la resoluci\u00f3 de problemes, el treball cooperatiu, la comunicaci\u00f3 i el pensament cient\u00edfic. A m\u00e9s, permet que l\u2019alumnat avanci al seu ritme, respectant la diversitat de ritmes i estils d\u2019aprenentatge.<\/p>\n<p style=\"font-weight: 400;\">La plataforma digital \u00e9s el suport, per\u00f2 no el centre de l\u2019activitat: el focus est\u00e0 posat en l\u2019aprenentatge significatiu i en la pr\u00e0ctica experimental. L\u2019objectiu \u00e9s oferir al jovent estrat\u00e8gies per comprendre el m\u00f3n de manera cr\u00edtica i innovadora.<\/p>\n<p style=\"font-weight: 400;\">Si sou un centre educatiu amb ganes de potenciar l\u2019experimentaci\u00f3 a l\u2019aula, us animem a consultar les bases de la convocat\u00f2ria per accedir a les llic\u00e8ncies tipus beca-alumne per al curs 2025-2026.<\/p>\n<ol style=\"font-weight: 400;\">\n<li><strong>Crim Experimenta: resol un cas polic\u00edac experimentant<\/strong><\/li>\n<\/ol>\n<p style=\"font-weight: 400;\">T\u2019atreveixes a convertir l\u2019aula en un laboratori criminal\u00edstic? Amb Crim Experimenta, l&#8217;alumnat es posa a la pell d\u2019un equip investigador per resoldre un cas policiac tot aplicant el m\u00e8tode cient\u00edfic. Aquesta activitat gamificada combina narrativa, audiovisuals i pr\u00e0ctica experimental per fomentar l\u2019alfabetitzaci\u00f3 cient\u00edfica d\u2019una manera atractiva i significativa.<\/p>\n<p style=\"font-weight: 400;\">La proposta segueix un format proper als videojocs, on cada \u201cnivell\u201d \u00e9s una prova que cal superar per avan\u00e7ar en la recerca del culpable. A trav\u00e9s de c\u00e0psules breus i din\u00e0miques, s\u2019introdueixen conceptes cient\u00edfics clau que els alumnes posen en pr\u00e0ctica mitjan\u00e7ant experiments senzills amb materials casolans. Aquest enfocament facilita l\u2019aprenentatge significatiu, ja que teoria i pr\u00e0ctica es connecten constantment.<\/p>\n<p style=\"font-weight: 400;\">Des del punt de vista did\u00e0ctic, l\u2019activitat \u00e9s altament competencial i interdisciplin\u00e0ria, treballant \u00e0rees com les ci\u00e8ncies naturals, la f\u00edsica, la qu\u00edmica i tamb\u00e9 habilitats com el pensament cr\u00edtic, la capacitat d\u2019observaci\u00f3 i el treball cooperatiu. A m\u00e9s, posa l\u2019\u00e8mfasi en la formulaci\u00f3 d\u2019hip\u00f2tesis i l\u2019obtenci\u00f3 de conclusions a partir de proves, seguint un proc\u00e9s cient\u00edfic real.<\/p>\n<p style=\"font-weight: 400;\">Crim Experimenta \u00e9s especialment \u00fatil per a docents que vulguin introduir les STEAM d\u2019una manera motivadora i vivencial, ja que connecta amb els interessos de l\u2019alumnat, afavoreix la curiositat i fomenta el raonament aut\u00f2nom. El format flexible permet adaptar-la f\u00e0cilment a diferents ritmes i realitats d\u2019aula. Una activitat ideal per transformar la ci\u00e8ncia en una aventura i convertir els alumnes en protagonistes actius del seu aprenentatge!<\/p>\n<ol style=\"font-weight: 400;\">\n<li><strong>Copa Cangur<\/strong><\/li>\n<\/ol>\n<p style=\"font-weight: 400;\">La Copa Cangur \u00e9s un concurs presencial de resoluci\u00f3 de problemes de matem\u00e0tiques per a equips de centre, organitzat per la Societat Catalana de Matem\u00e0tiques i que rep el suport log\u00edstic d\u2019 Isotropic. Els equips estan formats per 7 alumnes de 1r i 2n d\u2019ESO (categoria Cadet) o b\u00e9 7 alumnes de 3r i 4t d\u2019ESO (categoria Junior) amb la condici\u00f3 que com a m\u00e0xim hi pot haver 4 alumnes de 2n o 4t respectivament en cada equip.<\/p>\n<p style=\"font-weight: 400;\">En el concurs es presenten 12 problemes i 60 minuts de temps per fer-ne els m\u00e0xims possibles (primera fase). \u00c9s una cursa contra rellotge on la puntuaci\u00f3 obtinguda per cada problema va variant durant el concurs, i per tant la estrat\u00e8gia d\u2019equip \u00e9s molt important! A m\u00e9s, durant el desenvolupament de la prova els equips poden seguir en directe l\u2019estat del concurs, tant la puntuaci\u00f3 i la classificaci\u00f3 com els encerts i errors que porten acumulats cadascun dels participants. Aix\u00f2 el fa un joc emocionant i divertit, amb les matem\u00e0tiques com a protagonistes.<\/p>\n<ol style=\"font-weight: 400;\">\n<li><strong>Nit Europea de la Recerca: Xerrades i tallers cient\u00edfics per a instituts<\/strong><\/li>\n<\/ol>\n<p style=\"font-weight: 400;\">Xerrades i tallers cient\u00edfics que investigadores i investigadors de la URV i dels quatre instituts de recerca del territori organitzen en el marc de la Nit Europea de la Recerca. Les confer\u00e8ncies seran presencials als centres i s&#8217;han de reservar pr\u00e8viament. S&#8217;acceptaran per ordre d&#8217;inscripci\u00f3 i amb un m\u00e0xim de dues xerrades o tallers per centre educatiu.<\/p>\n<ol style=\"font-weight: 400;\">\n<li><strong>Ruta teatralitzada sobre Antoni de Mart\u00ed i Franqu\u00e8s<\/strong><\/li>\n<\/ol>\n<p style=\"font-weight: 400;\">Saps qui va ser Antoni de Mart\u00ed i Franqu\u00e8s? Aquest qu\u00edmic catal\u00e0 va n\u00e9ixer a Altafulla el 1750 i va passar bona part de la seva vida a Tarragona, on hi tenia la casa, el laboratori i la biblioteca. Va destacar com un gran cient\u00edfic en les especialitats de la qu\u00edmica, la f\u00edsica, la meteorologia i la bot\u00e0nica. La seva contribuci\u00f3 al coneixement m\u00e9s destacada va ser el 1790, quan Mart\u00ed i Franqu\u00e8s va donar uns resultats precisos sobre la composici\u00f3 de l&#8217;aire, en una mem\u00f2ria que va llegir a l&#8217;Acad\u00e8mia de Ci\u00e8ncies i Arts de Barcelona. Avui, m\u00e9s de 200 anys despr\u00e9s, encara es respecten els seus valors, millorats per la major precisi\u00f3 dels m\u00e8todes anal\u00edtics moderns.<\/p>\n<p style=\"font-weight: 400;\">La ruta cient\u00edfica\u00a0<em>Antoni de Mart\u00ed i Franqu\u00e8s. Un cient\u00edfic universal<\/em>\u00a0\u00e9s una recreaci\u00f3 teatralitzada did\u00e0ctica de la vida d&#8217;aquest cient\u00edfic catal\u00e0 i els seus descobriments. Els participants visitaran els carrers i palaus del centre hist\u00f2ric de Tarragona que tenen relaci\u00f3 amb la vida i la recerca de Mart\u00ed i Franqu\u00e8s, des del Camp de Mart fins al Pla de la Seu, passant per l&#8217;indret on tenia el laboratori al carrer Santa Anna.<\/p>\n<ol style=\"font-weight: 400;\">\n<li><strong>EstiURV<\/strong><\/li>\n<\/ol>\n<p style=\"font-weight: 400;\">Amb EstiURV la Universitat vol oferir, mitjan\u00e7ant una oferta de cursos presencials, als estudiants de secund\u00e0ria amb formaci\u00f3 cient\u00edfica sobre les diferents disciplines que s&#8217;hi imparteixen, a fi que ampli\u00efn els coneixements i es despertin vocacions cient\u00edfiques i professionals.<\/p>\n<ol style=\"font-weight: 400;\">\n<li><strong>ToURV<\/strong><\/li>\n<\/ol>\n<p style=\"font-weight: 400;\">Durant tot el curs acad\u00e8mic, i segons la disponibilitat dels centres, la URV ofereix una jornada de ci\u00e8ncia i coneixement que s&#8217;ajusti a les propostes dels centres de secund\u00e0ria. Oferim un cat\u00e0leg de centres i activitats (tallers, jocs, confer\u00e8ncies, visites guiades, etc.) i els centres de secund\u00e0ria han d&#8217;escollir aquells centres que vulguin visitar i, si \u00e9s el cas, l\u2019activitat on prefereixen participar.<\/p>\n<ol style=\"font-weight: 400;\">\n<li><strong>Guia did\u00e0ctica del fet casteller<\/strong><\/li>\n<\/ol>\n<p style=\"font-weight: 400;\">Guia did\u00e0ctica del fet casteller: Del Ball de Valencians als Xiquets de Valls. Guia did\u00e0ctica que t\u00e9 per objectiu oferir als centres de secund\u00e0ria una proposta de treball interdisciplinari a l&#8217;entorn del naixement dels castells humans, mitjan\u00e7ant l&#8217;apropament i la descoberta dels or\u00edgens dels Xiquets de Valls. El contingut sorgeix de la investigaci\u00f3 duta a terme per l&#8217;historiador Alexandre Cervell\u00f3 Salvad\u00f3. El llibre original i la seva adaptaci\u00f3 a guia did\u00e0ctica permeten intuir com i quan van apar\u00e8ixer els primers castellers. Amb l&#8217;ajut d&#8217;aquest material, i mitjan\u00e7ant una s\u00e8rie d&#8217;activitats multidisciplinars que versen sobre els castells des de diversos punts de vista, xiquets i xiquetes dels instituts coneixeran detalls dels inicis d&#8217;una tradici\u00f3 que ha perdurat fins als nostres dies.<\/p>\n<ol style=\"font-weight: 400;\">\n<li><strong>Xerrada &#8220;La ci\u00e8ncia dels castells&#8221;<\/strong><\/li>\n<\/ol>\n<p style=\"font-weight: 400;\">En aquesta xerrada es mostren diferents aspectes de la ci\u00e8ncia que es poden trobar en els castells, com la f\u00edsica, la qu\u00edmica, les matem\u00e0tiques, l\u2019arquitectura, l\u2019antropologia, entre d\u2019altres.<\/p>\n<p style=\"font-weight: 400;\">Els castells s\u2019entenen com una manifestaci\u00f3 popular de tipus cultural en qu\u00e8 la ci\u00e8ncia i la t\u00e8cnica han ajudat al seu desenvolupament. Les aportacions que la ci\u00e8ncia ha fet al fet casteller ha estat cabdal i es remunta ja als anys noranta del segle passat.<\/p>\n<p style=\"font-weight: 400;\">Ens podem fer moltes preguntes al voltant dels castells: en qu\u00e8 s\u2019assemblen els castells i les catedrals g\u00f2tiques?; la qu\u00edmica pot ajudar a fer els castells m\u00e9s segurs?; \u00e9s viable un castell d\u201911?; quin efecte tenen els centenars de quilos\u00a0 que carrega un casteller a nivell de la seva columna?; ens poden ajudar les matem\u00e0tiques a establir quin castell \u00e9s m\u00e9s dif\u00edcil?; el m\u00f3n casteller \u00e9s un espai de cohesi\u00f3 social?,&#8230; Intentem donar-hi resposta!<\/p>\n<ol style=\"font-weight: 400;\">\n<li><strong>E-Talks: experi\u00e8ncies inspiradores per orientar el futur del teu alumnat<\/strong><\/li>\n<\/ol>\n<p style=\"font-weight: 400;\">Decidir el futur no \u00e9s f\u00e0cil\u2026 per\u00f2 con\u00e8ixer hist\u00f2ries reals pot marcar la difer\u00e8ncia. E-Talks \u00e9s una proposta din\u00e0mica i motivadora pensada per apropar l\u2019alumnat a experi\u00e8ncies vitals i professionals aut\u00e8ntiques dins dels \u00e0mbits cient\u00edficotecnol\u00f2gics. Amb un format atractiu i interactiu, vol donar resposta a una de les inquietuds m\u00e9s comunes entre els joves: qu\u00e8 fer quan acabi l\u2019ESO, el batxillerat o un cicle formatiu? I un cop a la universitat, quin cam\u00ed professional em conv\u00e9 m\u00e9s?<\/p>\n<p style=\"font-weight: 400;\">A trav\u00e9s de xerrades breus de 10 minuts, impartides per professionals de perfils STEM molt diversos, l\u2019alumnat podr\u00e0 con\u00e8ixer testimonis reals, plens de dubtes, reptes, encerts i canvis de rumb. Aquestes hist\u00f2ries humanes i properes ajuden a trencar t\u00f2pics, ampliar horitzons i oferir nous referents amb els quals el jovent pot connectar i identificar-se. El format combina intervencions \u00e0gils amb interacci\u00f3 en directe, on l\u2019alumnat pot fer preguntes i participar en un e-Quizz l\u00fadic que afavoreix la reflexi\u00f3 i la implicaci\u00f3 activa.<\/p>\n<p style=\"font-weight: 400;\">Les E-Talks es realitzen en format h\u00edbrid, fet que facilita la participaci\u00f3 dels centres educatius de tot el territori:<\/p>\n<ul style=\"font-weight: 400;\">\n<li>Presencialment, a la seu de la URV per a grups seleccionats.<\/li>\n<li>En streaming via YouTube, per seguir l\u2019activitat en directe des de l\u2019aula o a casa amb total flexibilitat.<\/li>\n<\/ul>\n<p style=\"font-weight: 400;\">Per als equips docents, les E-Talks s\u00f3n una eina d\u2019orientaci\u00f3 \u00fatil i inspiradora, ja que proporcionen contextos reals i actuals sobre les professions emergents, els itineraris STEM i els camins professionals menys coneguts per\u00f2 plens d\u2019oportunitats. Una oportunitat per promoure l&#8217;autoconeixement, l&#8217;esperit cr\u00edtic i el desenvolupament vocacional des d\u2019una mirada emp\u00e0tica i realista.<\/p>\n<ol style=\"font-weight: 400;\">\n<li><strong>Lliga de Debat de Secund\u00e0ria i Batxillerat<\/strong><\/li>\n<\/ol>\n<p style=\"font-weight: 400;\">La Lliga de Debat de Secund\u00e0ria i Batxillerat de la URV \u00e9s una competici\u00f3 d\u2019orat\u00f2ria entre diversos equips d\u2019estudiants de 4t d\u2019ESO, batxillerat i cicles formatius que t\u00e9 com a objectiu fomentar el debat i l&#8217;intercanvi d&#8217;idees al voltant d\u2019un tema pol\u00e8mic i d\u2019actualitat. L&#8217;equip guanyador participa en representaci\u00f3 de la URV a la Lliga de Secund\u00e0ria i Batxillerat de la Xarxa Vives, que agrupa les universitats del territori de parla catalana.<\/p>\n<p style=\"font-weight: 400;\"><strong>\u00a0<\/strong><\/p>\n<ol style=\"font-weight: 400;\">\n<li><strong>Tallers Fem Recerca!<\/strong><\/li>\n<\/ol>\n<p style=\"font-weight: 400;\">Fem Recerca ofereix un conjunt de tallers realitzats en espais de la URV, impartits per personal de la universitat. Est\u00e0 adre\u00e7ada a despertar vocacions, a incentivar el inter\u00e8s per la recerca i la seva aplicaci\u00f3, pels estudis universitaris, aix\u00ed com exemplificar la seva viabilitat i import\u00e0ncia, i les m\u00faltiples aplicacions que el coneixement ofert per un t\u00edtol genera en l\u2019\u00e0mbit de la recerca. Es tracta de descobrir a l\u2019estudiant un m\u00f3n desconegut per\u00f2 que pot resultar-li proper en els resultats, fascinant pels temes que toca, abastable per l\u2019estudi que li ofereix la URV, i per l\u2019esfor\u00e7 que ell ha de realitzar.<\/p>\n<p style=\"font-weight: 400;\">Els tallers\/combinats estan adre\u00e7ats a un p\u00fablic espec\u00edfic de secund\u00e0ria i un aforament determinat, mireu per a cadasc\u00fa quines s\u00f3n les seves especificitats. Teniu dues possibilitats a l&#8217;hora de reservar activitats:<\/p>\n<ul style=\"font-weight: 400;\">\n<li>Tallers: escollir el taller o tallers que m\u00e9s us convingui de manera singularitzada.<\/li>\n<li>Combinats: escollir una combinaci\u00f3 de tallers per a passar un mat\u00ed de ci\u00e8ncia engrescadora.<\/li>\n<\/ul>\n<ol style=\"font-weight: 400;\">\n<li><strong>Talent Jove<\/strong><\/li>\n<\/ol>\n<p style=\"font-weight: 400;\">Talent Jove t\u00e9 per objectiu oferir coneixements avan\u00e7ats sobre f\u00edsica i matem\u00e0tiques a joves de 1r i 2n de batxillerat amb bones capacitats acad\u00e8miques i especialment motivats, mitjan\u00e7ant la realitzaci\u00f3 d\u2019un conjunt de tallers. Presenta un programa de treball que es desenvolupa al llarg dels dos cursos del batxillerat. \u00c9s un programa d&#8217;alta exig\u00e8ncia formativa i cient\u00edfica que aporta una formaci\u00f3 complement\u00e0ria i avan\u00e7ada per cultivar i potenciar el talent cient\u00edfic dels alumnes.<\/p>\n<ol style=\"font-weight: 400;\">\n<li><strong>Dia de la Ci\u00e8ncia al campus Terres de l&#8217;Ebre<\/strong><\/li>\n<\/ol>\n<p style=\"font-weight: 400;\">L\u2019objectiu de l\u2019activitat \u00e9s divulgar i acostar la recerca que es realitza a la URV als estudiants de 1r de batxillerat de les Terres de l\u2019Ebre de manera l\u00fadica i entenedora, i contribuir a fomentar les vocacions cient\u00edfiques entre el jovent que en un futur molt proper passar\u00e0 a formar part del sistema educatiu superior.<\/p>\n<p style=\"font-weight: 400;\">Es tracta, en definitiva, d&#8217;obrir les portes de la universitat als estudiants de 1r de batxillerat i de motivar\u2010los a participar directament en els reptes cient\u00edfics, mitjan\u00e7ant el pas dels estudiants per diferents tallers de l&#8217;\u00e0mbit de les humanitats i ci\u00e8ncies social o cient\u00edfic i tecnol\u00f2gic. Aix\u00ed, poden comen\u00e7ar a perfilar la seva carrera professional i tenir un primer acostament als coneixements que es poden adquirir als ensenyaments de grau que ofereix la URV.<\/p>\n<ol style=\"font-weight: 400;\">\n<li><strong>Premis URV-F\u00f2rum Trics als millors treballs de recerca<\/strong><\/li>\n<\/ol>\n<p style=\"font-weight: 400;\">El F\u00f2rum Trics \u00e9s una activitat d&#8217;est\u00edmul de la creativitat cient\u00edfica dels estudiants de Batxillerat que t\u00e9 una llarga i exitosa traject\u00f2ria. La Universitat Rovira i Virgili (URV) hi participa oferint tallers que ajudin a promoure l&#8217;esperit cient\u00edfic entre el jovent, i reconeixent els millors treballs de recerca presentats. Per aquest motiu, convoca el premis URV-F\u00f2rum Trics que, per una banda, testimoni\u00efn l&#8217;excel\u00b7l\u00e8ncia del projecte presentat, i, per l&#8217;altra, facilitin als estudiants l&#8217;inici dels seus estudis a la Universitat Rovira i Virgili.<\/p>\n<ol style=\"font-weight: 400;\">\n<li><strong>Premis Consell Social de la URV a treballs de recerca de batxillerat<\/strong><\/li>\n<\/ol>\n<p style=\"font-weight: 400;\">El Consell Social de la URV convoca anualment els Premis Consell Social URV a treballs de recerca de batxillerat elaborats per alumnes de centres de secund\u00e0ria durant el curs acad\u00e8mic.<\/p>\n<ol style=\"font-weight: 400;\">\n<li><strong>Premis Gerard Verg\u00e9s als treballs de recerca de batxillerat i treballs de s\u00edntesi de cicles formatius de grau superior<\/strong><\/li>\n<\/ol>\n<p style=\"font-weight: 400;\">Aquests premis tenen com a objectiu el foment de la recerca en totes les \u00e0rees de coneixement de batxillerat i cicles formatius, sent condici\u00f3 indispensable per optar i obtenir el premi, que l\u2019estudiant tingui la intenci\u00f3 de matricular-se en algun dels ensenyaments oferts al Campus Terres de l\u2019Ebre i s\u2019hi matriculi.<\/p>\n<ol style=\"font-weight: 400;\">\n<li><strong>Premis de la Facultat de Ci\u00e8ncies Jur\u00eddiques als treballs de recerca de batxillerat i treballs de s\u00edntesi de CFGS<\/strong><\/li>\n<\/ol>\n<p style=\"font-weight: 400;\">La Facultat de Ci\u00e8ncies Jur\u00eddiques convoca els Premis a treballs de recerca de batxillerat i treballs de cr\u00e8dit de s\u00edntesi de cicles formatius de grau superior amb el doble objectiu de testimoniar l\u2019excel\u00b7l\u00e8ncia dels treballs presentats i de facilitar als i les estudiants l\u2019acc\u00e9s als estudis universitaris.<\/p>\n<p style=\"font-weight: 400;\">Els treballs de recerca que es presentin han de tractar q\u00fcestions relacionades amb les titulacions que ofereix la Facultat: Dret, Relacions Laborals i Recursos Humans, i Treball Social.<\/p>\n<ol style=\"font-weight: 400;\">\n<li><strong>Premi CEPAC-C\u00e0tedra URV per a l&#8217;estudi del fet casteller per a treballs de recerca de tem\u00e0tica castellera a secund\u00e0ria<\/strong><\/li>\n<\/ol>\n<p style=\"font-weight: 400;\">La C\u00e0tedra i el Centre de Prospectiva i An\u00e0lisi dels Castells convoquen conjuntament el Premi de Recerca de tem\u00e0tica castellera dirigit a treballs de recerca de secund\u00e0ria.<\/p>\n<ol style=\"font-weight: 400;\">\n<li><strong>Co-tutoritzaci\u00f3 de treballs de recerca de secund\u00e0ria relacionats amb el fet casteller<\/strong><\/li>\n<\/ol>\n<p style=\"font-weight: 400;\">La C\u00e0tedra URV per a l&#8217;estudi del fet casteller proposa col\u00b7laborar en la co-tutoritzaci\u00f3 de treballs de recerca d&#8217;estudiants de 2n de Batxillerat o de s\u00edntesis pels de CFGS, relacionats amb qualsevol tem\u00e0tica que tingui a veure amb els castells, sigui des de la vessant social, cient\u00edfica, tecnol\u00f2gica o sanit\u00e0ria, a trav\u00e9s de:<\/p>\n<ul style=\"font-weight: 400;\">\n<li>La determinaci\u00f3 de temes pel TDR<\/li>\n<li>L&#8217;assessorament sobre com plantejar un TDR escollit per l&#8217;alumne<\/li>\n<li>La cessi\u00f3 d&#8217;espais, materials, etc.<\/li>\n<li>La cotutoritzaci\u00f3 durant el desenvolupament del TDR.<\/li>\n<\/ul>\n<ol style=\"font-weight: 400;\">\n<li><strong>Fase Local de Olimp\u00edada de Biologia de Catalunya<\/strong><\/li>\n<\/ol>\n<p style=\"font-weight: 400;\">Seu Tarragona, Facultat d\u2019Enologia. Durant 3 dissabtes del mes de febrer.<\/p>\n<p style=\"font-weight: 400;\">DIA 1: Realitzaci\u00f3 de la prova te\u00f2rica i selecci\u00f3 dels 20 millors qualificats de tota Catalunya. A Tarragona, Facultats de Qu\u00edmica i Enologia. Universitat Rovira i Virgili. Campus Sescelades. C\/ Marcel\u00b7l\u00ed Domingo 1, 43007 Tarragona.<\/p>\n<p style=\"font-weight: 400;\">DIA 2: Realitzaci\u00f3 de les proves pr\u00e0ctiques a la a Facultat de Biologia de la Universitat de Barcelona (nom\u00e9s els 20 alumnes classificats).<\/p>\n<p style=\"font-weight: 400;\">DIA 3: Acte de CLOENDA\/LLIURAMENT DE PREMIS als\/les guanyadors\/es de l\u2019Olimp\u00edada de Biologia de Catalunya 2025 a l\u2019Institut d\u2019Estudis Catalans. C\/Carme, 47 de Barcelona. Pot ser en divendres\/dissabte.<\/p>\n<ol style=\"font-weight: 400;\">\n<li><strong>Fase Local de la XVII Olimp\u00edada d&#8217;Economia<\/strong><\/li>\n<\/ol>\n<p style=\"font-weight: 400;\">L\u2019Olimp\u00edada d\u2019Economia \u00e9s un concurs de car\u00e0cter acad\u00e8mic que t\u00e9 dos objectius principals: fomentar l\u2019estudi de l\u2019economia i de l\u2019empresa entre els joves, i afavorir i estr\u00e8nyer les relacions entre Secund\u00e0ria i la Universitat. \u00c9s una olimp\u00edada que consta de tres fases: la Fase Local, la Fase Nacional i la Fase Internacional.<\/p>\n<p style=\"font-weight: 400;\">La Facultat d\u2019Economia i Empresa de la Universitat Rovira i Virgili organitza la Fase Local en la qual participen estudiants de 2n de Batxillerat de centres de Secund\u00e0ria de la prov\u00edncia de Tarragona que estiguin matriculats\/des a l\u2019assignatura de Funcionament de l\u2019Empresa i Disseny de Models de Negoci. La participaci\u00f3 a la prova \u00e9s individual. En aquesta fase se seleccionen els tres estudiants millor classificats\/des, que representaran la Facultat en la Fase Nacional.<\/p>\n<p style=\"font-weight: 400;\">En la Fase Nacional hi competeixen tots els estudiants seleccionats per cada universitat (actualment ja hi participen totes les universitats p\u00fabliques espanyoles) i en la Fase Internacional, hi participen els cinc primers classificats a les fases Nacionals dels pa\u00efsos que integren aquesta fase.<\/p>\n<p style=\"font-weight: 400;\">Activitat realitzada amb el suport de la Fundaci\u00f3 Privada M\u00fatua Catalana.<\/p>\n<ol style=\"font-weight: 400;\">\n<li><strong>Confer\u00e8ncies cient\u00edfiques<\/strong><\/li>\n<\/ol>\n<p style=\"font-weight: 400;\">Les confer\u00e8ncies cient\u00edfiques que ofereix la URV s\u00f3n una oportunitat perqu\u00e8 els estudiants de secund\u00e0ria coneguin \u00e0mbits cient\u00edfics del coneixement universitari, aix\u00ed com aspectes candents de l&#8217;actualitat tractats des de la ci\u00e8ncia i la investigaci\u00f3.<\/p>\n<p style=\"font-weight: 400;\">Els centres de secund\u00e0ria poden reservar gratu\u00eftament fins a 10 confer\u00e8ncies, i els ponents les impartiran en el dia acordat.<\/p>\n<ol style=\"font-weight: 400;\">\n<li><strong>URVocaci\u00f3 &#8211; Recerca a secund\u00e0ria<\/strong><\/li>\n<\/ol>\n<p style=\"font-weight: 400;\">URVocaci\u00f3\u00a0 pret\u00e9n donar resposta a les peticions que els centres de secund\u00e0ria adrecen a la URV per col\u00b7laborar en la tutoritzaci\u00f3 de treballs de recerca o de s\u00edntesi dels estudiants de Batxillerat o CFGS. URVocaci\u00f3 ofereix dues l\u00ednies de col\u00b7laboraci\u00f3 complement\u00e0ries que posem a la disposici\u00f3 dels centres de secund\u00e0ria: consulta del fons bibliogr\u00e0fic del CRAi i\/o co-tutoritzaci\u00f3 dels treballs de recerca\/s\u00edntesi.<\/p>\n<p style=\"font-weight: 400;\"><strong>\u00a0<\/strong><\/p>\n<ol style=\"font-weight: 400;\">\n<li><strong>Jornades de Portes Obertes URV<\/strong><\/li>\n<\/ol>\n<p style=\"font-weight: 400;\">Les Jornades de Portes Obertes s\u00f3n activitats d&#8217;orientaci\u00f3 universit\u00e0ria que serveixen per con\u00e8ixer millor els graus que pots estudiar a la URV i com \u00e9s la universitat. El professorat detalla, per exemple, com \u00e9s l&#8217;estructura del pla d&#8217;estudis, les sortides professionals i el tipus de pr\u00e0ctiques i mobilitats dels graus. Alumnes o exalumnes expliquen com \u00e9s l&#8217;experi\u00e8ncia d&#8217;estudiar a la URV.<\/p>\n<p style=\"font-weight: 400;\"><strong>\u00a0<\/strong><\/p>\n<ol style=\"font-weight: 400;\">\n<li><strong>Orientaci\u00f3 als centres de secund\u00e0ria<\/strong><\/li>\n<\/ol>\n<p style=\"font-weight: 400;\">La URV, per tal d&#8217;orientar, informar i promocionar el fet universitari, concerta visites amb els centres de secund\u00e0ria per presentar la universitat, els graus que imparteix, aix\u00ed com els serveis i altres elements que fan de la URV una instituci\u00f3 docent i investigadora de qualitat. Tamb\u00e9 atenem totes aquelles q\u00fcestions que els alumnes plantegen en relaci\u00f3 amb els estudis universitaris.<\/p>\n<p style=\"font-weight: 400;\"><strong>\u00a0<\/strong><\/p>\n<ol style=\"font-weight: 400;\">\n<li><strong>Tallers \u201cTransici\u00f3 energ\u00e8tica i hidrogen verd\u201d<\/strong><\/li>\n<\/ol>\n<p style=\"font-weight: 400;\">L\u2019activitat consisteix en un taller monogr\u00e0fic sobre l\u2019hidrogen renovable (1 hora), amb l\u2019objectiu de desenvolupar consci\u00e8ncia, coneixement i comprensi\u00f3 p\u00fablica, contrarestar prejudicis, desinformacions i disminuir barreres socials per la transici\u00f3 a l\u2019era de l\u2019hidrogen. Es contempla la impartici\u00f3 de les activitats de forma presencial en els centres educatius.<\/p>\n<p style=\"font-weight: 400;\">Es tracta l\u2019evoluci\u00f3 dels models energ\u00e8tics basats en els combustibles f\u00f2ssils cap als models basats en fonts renovables. Es demostra la producci\u00f3 energia el\u00e8ctrica de fonts renovables amb un aerogenerador a escala i amb una cel\u00b7la de combustible d\u2019hidrogen. Els assistents fan una activitat amb un cotxe amb\u00a0<a href=\"http:\/\/cel.la\/\" data-saferedirecturl=\"https:\/\/www.google.com\/url?q=http:\/\/cel.la&amp;source=gmail&amp;ust=1770281893597000&amp;usg=AOvVaw3TodV5m3cbdHPt1RsnYxkj\">cel.la<\/a>\u00a0de combustible en qu\u00e8 obtenen hidrogen i l\u2019utilitzen per fer moure el cotxe. S\u2019introdueix el proc\u00e9s d\u2019electr\u00f2lisi i l\u2019hidrogen com a vector energ\u00e8tic per acumular i transferir l\u2019energia el\u00e8ctrica produ\u00efda amb fonts renovables. Experimenten tamb\u00e9 amb una placa solar, una dinamo, i un acumulador el\u00e8ctric.<\/p>\n","protected":false},"excerpt":{"rendered":"<p>La URV disposa d&#8217;una oferta educativa d&#8217;Activitats molt variada amb inscripci\u00f3 oberta\u00a0 ANIMEU-VOS\u00a0 A PARTICIPAR! Podeu trobar activitats de tota mena de l&#8217;\u00e0mbit cient\u00edfic, human\u00edstic, ling\u00fc\u00edstic,art\u00edstic, fabricaci\u00f3, i per\u00a0 qualsevol nivell tan de prim\u00e0ria, per a FP, per a Batxillerat, per a ESO&#8230; Fins i tot trobareu Ajuts i beques per a projectes educatius (\u00a0Convocat\u00f2ria [&hellip;]<\/p>\n","protected":false},"author":7,"featured_media":7256,"comment_status":"open","ping_status":"open","sticky":false,"template":"","format":"standard","meta":{"_bbp_topic_count":0,"_bbp_reply_count":0,"_bbp_total_topic_count":0,"_bbp_total_reply_count":0,"_bbp_voice_count":0,"_bbp_anonymous_reply_count":0,"_bbp_topic_count_hidden":0,"_bbp_reply_count_hidden":0,"_bbp_forum_subforum_count":0,"site-sidebar-layout":"default","site-content-layout":"","ast-site-content-layout":"default","site-content-style":"default","site-sidebar-style":"default","ast-global-header-display":"","ast-banner-title-visibility":"","ast-main-header-display":"","ast-hfb-above-header-display":"","ast-hfb-below-header-display":"","ast-hfb-mobile-header-display":"","site-post-title":"","ast-breadcrumbs-content":"","ast-featured-img":"","footer-sml-layout":"","theme-transparent-header-meta":"default","adv-header-id-meta":"","stick-header-meta":"","header-above-stick-meta":"","header-main-stick-meta":"","header-below-stick-meta":"","astra-migrate-meta-layouts":"set","ast-page-background-enabled":"default","ast-page-background-meta":{"desktop":{"background-color":"var(--ast-global-color-4)","background-image":"","background-repeat":"repeat","background-position":"center center","background-size":"auto","background-attachment":"scroll","background-type":"","background-media":"","overlay-type":"","overlay-color":"","overlay-opacity":"","overlay-gradient":""},"tablet":{"background-color":"","background-image":"","background-repeat":"repeat","background-position":"center center","background-size":"auto","background-attachment":"scroll","background-type":"","background-media":"","overlay-type":"","overlay-color":"","overlay-opacity":"","overlay-gradient":""},"mobile":{"background-color":"","background-image":"","background-repeat":"repeat","background-position":"center center","background-size":"auto","background-attachment":"scroll","background-type":"","background-media":"","overlay-type":"","overlay-color":"","overlay-opacity":"","overlay-gradient":""}},"ast-content-background-meta":{"desktop":{"background-color":"var(--ast-global-color-5)","background-image":"","background-repeat":"repeat","background-position":"center center","background-size":"auto","background-attachment":"scroll","background-type":"","background-media":"","overlay-type":"","overlay-color":"","overlay-opacity":"","overlay-gradient":""},"tablet":{"background-color":"var(--ast-global-color-5)","background-image":"","background-repeat":"repeat","background-position":"center center","background-size":"auto","background-attachment":"scroll","background-type":"","background-media":"","overlay-type":"","overlay-color":"","overlay-opacity":"","overlay-gradient":""},"mobile":{"background-color":"var(--ast-global-color-5)","background-image":"","background-repeat":"repeat","background-position":"center center","background-size":"auto","background-attachment":"scroll","background-type":"","background-media":"","overlay-type":"","overlay-color":"","overlay-opacity":"","overlay-gradient":""}},"footnotes":""},"categories":[523,423,546,392,427,457,520,29,529,422,521],"tags":[],"class_list":["post-21936","post","type-post","status-publish","format-standard","has-post-thumbnail","hentry","category-ajuts","category-batxillerat","category-el-crp","category-divulgacio-cientifica","category-llengua-catalana","category-musica","category-nom-curriculum","category-portada","category-primaria","category-secundaria","category-steam"],"post_mailing_queue_ids":[],"_links":{"self":[{"href":"https:\/\/serveiseducatius.xtec.cat\/baixpenedes\/wp-json\/wp\/v2\/posts\/21936","targetHints":{"allow":["GET"]}}],"collection":[{"href":"https:\/\/serveiseducatius.xtec.cat\/baixpenedes\/wp-json\/wp\/v2\/posts"}],"about":[{"href":"https:\/\/serveiseducatius.xtec.cat\/baixpenedes\/wp-json\/wp\/v2\/types\/post"}],"author":[{"embeddable":true,"href":"https:\/\/serveiseducatius.xtec.cat\/baixpenedes\/wp-json\/wp\/v2\/users\/7"}],"replies":[{"embeddable":true,"href":"https:\/\/serveiseducatius.xtec.cat\/baixpenedes\/wp-json\/wp\/v2\/comments?post=21936"}],"version-history":[{"count":4,"href":"https:\/\/serveiseducatius.xtec.cat\/baixpenedes\/wp-json\/wp\/v2\/posts\/21936\/revisions"}],"predecessor-version":[{"id":21943,"href":"https:\/\/serveiseducatius.xtec.cat\/baixpenedes\/wp-json\/wp\/v2\/posts\/21936\/revisions\/21943"}],"wp:featuredmedia":[{"embeddable":true,"href":"https:\/\/serveiseducatius.xtec.cat\/baixpenedes\/wp-json\/wp\/v2\/media\/7256"}],"wp:attachment":[{"href":"https:\/\/serveiseducatius.xtec.cat\/baixpenedes\/wp-json\/wp\/v2\/media?parent=21936"}],"wp:term":[{"taxonomy":"category","embeddable":true,"href":"https:\/\/serveiseducatius.xtec.cat\/baixpenedes\/wp-json\/wp\/v2\/categories?post=21936"},{"taxonomy":"post_tag","embeddable":true,"href":"https:\/\/serveiseducatius.xtec.cat\/baixpenedes\/wp-json\/wp\/v2\/tags?post=21936"}],"curies":[{"name":"wp","href":"https:\/\/api.w.org\/{rel}","templated":true}]}}