{"id":21876,"date":"2026-01-23T11:04:27","date_gmt":"2026-01-23T10:04:27","guid":{"rendered":"https:\/\/serveiseducatius.xtec.cat\/baixpenedes\/?p=21876"},"modified":"2026-01-23T12:33:07","modified_gmt":"2026-01-23T11:33:07","slug":"actualitzacio-firmware","status":"publish","type":"post","link":"https:\/\/serveiseducatius.xtec.cat\/baixpenedes\/xerrades\/portada\/actualitzacio-firmware\/","title":{"rendered":"ACTUALITZACI\u00d3 FIRMWARE"},"content":{"rendered":"<p>A partir del\u00a0<strong>23 de gener de 2026<\/strong>\u00a0s\u2019inicia el\u00a0<strong>proc\u00e9s d\u2019actualitzaci\u00f3 del sistema operatiu (firmware)<\/strong>\u00a0dels\u00a0<strong>panells digitals<\/strong>\u00a0als centres educatius. Aquesta actuaci\u00f3 permet instal\u00b7lar el darrer firmware homologat disponible per a cada fabricant i reduir possibles incid\u00e8ncies de funcionament derivades de versions anteriors.<\/p>\n<h2 class=\"wp-block-heading\">Opcions del proc\u00e9s d\u2019actualitzaci\u00f3<\/h2>\n<h3 class=\"wp-block-heading\">1) Autoactualitzaci\u00f3<\/h3>\n<p>Aquesta opci\u00f3 permet adaptar el proc\u00e9s a l\u2019activitat del centre.\u00a0<strong>Abans de comen\u00e7ar<\/strong>, el panell ha d\u2019estar\u00a0<strong>enc\u00e8s i connectat a Internet<\/strong>, i cal accedir-hi amb l\u2019usuari\u00a0<strong>Propietari<\/strong>\u00a0perqu\u00e8 l\u2019actualitzaci\u00f3 aparegui. Aquest procediment aplica als panells\u00a0<strong>SYNETECH<\/strong>\u00a0i\u00a0<strong>NEWLINE<\/strong>.<\/p>\n<p class=\"has-ast-global-color-4-background-color has-background\">\u00a0<img decoding=\"async\" src=\"https:\/\/fonts.gstatic.com\/s\/e\/notoemoji\/16.0\/26a0_fe0f\/32.png\" alt=\"\u26a0\ufe0f\" \/>\u00a0<strong>Tingueu en compte:<\/strong>\u00a0durant l\u2019actualitzaci\u00f3 el panell\u00a0<strong>no es pot utilitzar<\/strong>, el proc\u00e9s pot durar\u00a0<strong>40\u201360 minuts<\/strong>\u00a0i\u00a0<strong>no s\u2019ha d\u2019apagar<\/strong>\u00a0el dispositiu.<\/p>\n<p><img decoding=\"async\" src=\"https:\/\/fonts.gstatic.com\/s\/e\/notoemoji\/16.0\/1f4d8\/32.png\" alt=\"\ud83d\udcd8\" \/>\u00a0Guies d\u2019actualitzaci\u00f3:<\/p>\n<ul class=\"wp-block-list\">\n<li>NEWLINE:\u00a0<a href=\"https:\/\/ja.cat\/guia-actualitzacio-Newline\" target=\"_blank\" rel=\"noreferrer noopener\">https:\/\/ja.cat\/guia-actualitzacio-Newline<\/a><\/li>\n<li>SYNETECH:\u00a0<a href=\"https:\/\/ja.cat\/guia-actualitzacio-Synetech\" target=\"_blank\" rel=\"noreferrer noopener\">https:\/\/ja.cat\/guia-actualitzacio-Synetech<\/a><\/li>\n<\/ul>\n<h3 class=\"wp-block-heading\">2) Delegaci\u00f3 al personal t\u00e8cnic planificat<\/h3>\n<p>Si es delega l\u2019actualitzaci\u00f3 al personal t\u00e8cnic planificat (tamb\u00e9 conegut com t\u00e8cnic preventiu), cal\u00a0<strong>programar la tasca<\/strong>\u00a0amb el t\u00e8cnic\u00a0i\u00a0<strong>coordinar la disponibilitat de les aules<\/strong>\u00a0el dia de la visita. En funci\u00f3 del nombre de panells del centre, pot ser necess\u00e0ria\u00a0<strong>m\u00e9s d\u2019una visita<\/strong>. Aquesta opci\u00f3 est\u00e0 disponible\u00a0<strong>nom\u00e9s<\/strong>\u00a0per als centres de la xarxa del\u00a0<strong>Departament d\u2019Educaci\u00f3 i Formaci\u00f3 Professional<\/strong>.<\/p>\n<h2 class=\"wp-block-heading\">Si hi ha problemes despr\u00e9s d\u2019actualitzar<\/h2>\n<p>Si el panell no s\u2019enc\u00e9n o no funciona correctament despr\u00e9s del proc\u00e9s, cal\u00a0<strong>obrir incid\u00e8ncia a \u00c0TOM<\/strong>\u00a0seguint el procediment habitual.<\/p>\n<p><strong>M\u00e9s informaci\u00f3:<\/strong><\/p>\n<ul class=\"wp-block-list\">\n<li><a href=\"https:\/\/espai.educacio.gencat.cat\/Recursos\/Solucions-suport-TIC\/Solucions-TIC-centres\/actualitzacio-panells\/Pagines\/default.aspx\" target=\"_blank\" rel=\"noreferrer noopener\">https:\/\/espai.educacio.gencat.cat\/Recursos\/Solucions-suport-TIC\/Solucions-TIC-centres\/actualitzacio-panells\/Pagines\/default.aspx<\/a><\/li>\n<li><a href=\"https:\/\/projectes.xtec.cat\/digital\/equipaments-i-infraestructures\/panells-digitals\/\" target=\"_blank\" rel=\"noreferrer noopener\">https:\/\/projectes.xtec.cat\/digital\/equipaments-i-infraestructures\/panells-digitals\/<\/a><\/li>\n<\/ul>\n","protected":false},"excerpt":{"rendered":"<p>A partir del\u00a023 de gener de 2026\u00a0s\u2019inicia el\u00a0proc\u00e9s d\u2019actualitzaci\u00f3 del sistema operatiu (firmware)\u00a0dels\u00a0panells digitals\u00a0als centres educatius. Aquesta actuaci\u00f3 permet instal\u00b7lar el darrer firmware homologat disponible per a cada fabricant i reduir possibles incid\u00e8ncies de funcionament derivades de versions anteriors. Opcions del proc\u00e9s d\u2019actualitzaci\u00f3 1) Autoactualitzaci\u00f3 Aquesta opci\u00f3 permet adaptar el proc\u00e9s a l\u2019activitat del centre.\u00a0Abans [&hellip;]<\/p>\n","protected":false},"author":7,"featured_media":21882,"comment_status":"open","ping_status":"open","sticky":false,"template":"","format":"standard","meta":{"_bbp_topic_count":0,"_bbp_reply_count":0,"_bbp_total_topic_count":0,"_bbp_total_reply_count":0,"_bbp_voice_count":0,"_bbp_anonymous_reply_count":0,"_bbp_topic_count_hidden":0,"_bbp_reply_count_hidden":0,"_bbp_forum_subforum_count":0,"site-sidebar-layout":"default","site-content-layout":"","ast-site-content-layout":"default","site-content-style":"default","site-sidebar-style":"default","ast-global-header-display":"","ast-banner-title-visibility":"","ast-main-header-display":"","ast-hfb-above-header-display":"","ast-hfb-below-header-display":"","ast-hfb-mobile-header-display":"","site-post-title":"","ast-breadcrumbs-content":"","ast-featured-img":"","footer-sml-layout":"","theme-transparent-header-meta":"default","adv-header-id-meta":"","stick-header-meta":"","header-above-stick-meta":"","header-main-stick-meta":"","header-below-stick-meta":"","astra-migrate-meta-layouts":"set","ast-page-background-enabled":"default","ast-page-background-meta":{"desktop":{"background-color":"var(--ast-global-color-4)","background-image":"","background-repeat":"repeat","background-position":"center center","background-size":"auto","background-attachment":"scroll","background-type":"","background-media":"","overlay-type":"","overlay-color":"","overlay-opacity":"","overlay-gradient":""},"tablet":{"background-color":"","background-image":"","background-repeat":"repeat","background-position":"center center","background-size":"auto","background-attachment":"scroll","background-type":"","background-media":"","overlay-type":"","overlay-color":"","overlay-opacity":"","overlay-gradient":""},"mobile":{"background-color":"","background-image":"","background-repeat":"repeat","background-position":"center center","background-size":"auto","background-attachment":"scroll","background-type":"","background-media":"","overlay-type":"","overlay-color":"","overlay-opacity":"","overlay-gradient":""}},"ast-content-background-meta":{"desktop":{"background-color":"var(--ast-global-color-5)","background-image":"","background-repeat":"repeat","background-position":"center center","background-size":"auto","background-attachment":"scroll","background-type":"","background-media":"","overlay-type":"","overlay-color":"","overlay-opacity":"","overlay-gradient":""},"tablet":{"background-color":"var(--ast-global-color-5)","background-image":"","background-repeat":"repeat","background-position":"center center","background-size":"auto","background-attachment":"scroll","background-type":"","background-media":"","overlay-type":"","overlay-color":"","overlay-opacity":"","overlay-gradient":""},"mobile":{"background-color":"var(--ast-global-color-5)","background-image":"","background-repeat":"repeat","background-position":"center center","background-size":"auto","background-attachment":"scroll","background-type":"","background-media":"","overlay-type":"","overlay-color":"","overlay-opacity":"","overlay-gradient":""}},"footnotes":""},"categories":[78,531,29,468],"tags":[],"class_list":["post-21876","post","type-post","status-publish","format-standard","has-post-thumbnail","hentry","category-tac","category-innovacio","category-portada","category-xtcd"],"post_mailing_queue_ids":[],"_links":{"self":[{"href":"https:\/\/serveiseducatius.xtec.cat\/baixpenedes\/wp-json\/wp\/v2\/posts\/21876","targetHints":{"allow":["GET"]}}],"collection":[{"href":"https:\/\/serveiseducatius.xtec.cat\/baixpenedes\/wp-json\/wp\/v2\/posts"}],"about":[{"href":"https:\/\/serveiseducatius.xtec.cat\/baixpenedes\/wp-json\/wp\/v2\/types\/post"}],"author":[{"embeddable":true,"href":"https:\/\/serveiseducatius.xtec.cat\/baixpenedes\/wp-json\/wp\/v2\/users\/7"}],"replies":[{"embeddable":true,"href":"https:\/\/serveiseducatius.xtec.cat\/baixpenedes\/wp-json\/wp\/v2\/comments?post=21876"}],"version-history":[{"count":1,"href":"https:\/\/serveiseducatius.xtec.cat\/baixpenedes\/wp-json\/wp\/v2\/posts\/21876\/revisions"}],"predecessor-version":[{"id":21877,"href":"https:\/\/serveiseducatius.xtec.cat\/baixpenedes\/wp-json\/wp\/v2\/posts\/21876\/revisions\/21877"}],"wp:featuredmedia":[{"embeddable":true,"href":"https:\/\/serveiseducatius.xtec.cat\/baixpenedes\/wp-json\/wp\/v2\/media\/21882"}],"wp:attachment":[{"href":"https:\/\/serveiseducatius.xtec.cat\/baixpenedes\/wp-json\/wp\/v2\/media?parent=21876"}],"wp:term":[{"taxonomy":"category","embeddable":true,"href":"https:\/\/serveiseducatius.xtec.cat\/baixpenedes\/wp-json\/wp\/v2\/categories?post=21876"},{"taxonomy":"post_tag","embeddable":true,"href":"https:\/\/serveiseducatius.xtec.cat\/baixpenedes\/wp-json\/wp\/v2\/tags?post=21876"}],"curies":[{"name":"wp","href":"https:\/\/api.w.org\/{rel}","templated":true}]}}