{"id":21860,"date":"2026-01-22T09:51:29","date_gmt":"2026-01-22T08:51:29","guid":{"rendered":"https:\/\/serveiseducatius.xtec.cat\/baixpenedes\/?p=21860"},"modified":"2026-01-22T09:51:29","modified_gmt":"2026-01-22T08:51:29","slug":"14e-premi-teresina-martorell","status":"publish","type":"post","link":"https:\/\/serveiseducatius.xtec.cat\/baixpenedes\/general\/14e-premi-teresina-martorell\/","title":{"rendered":"14\u00e8 PREMI TERESINA MARTORELL"},"content":{"rendered":"<p><span style=\"background-color: #ffffff;\"><strong>El Premi Teresina Martorell del Vendrell<\/strong> <\/span>s\u2019emmarca dins dels actes del 8 de mar\u00e7, Dia Internacional de les Dones, i t\u00e9 per objectiu recon\u00e8ixer i visibilitzar socialment el valor del treball<br \/>\nfet per dones en qualsevol \u00e0mbit social, que hagin treballat o treballin al Vendrell, projectant el nom de la vila, i la tasca de les quals estigui reconeguda en l\u2019\u00e0mbit local, nacional o internacional.<\/p>\n<p>El Premi Teresina Martorell s\u2019atorga amb car\u00e0cter individual a una dona o a una entitat que, a trav\u00e9s de la seva feina o per la seva participaci\u00f3, hagi desenvolupat en el municipi activitats en<br \/>\nqualsevol \u00e0mbit -social, cultural, pol\u00edtic, laboral, educatiu, esportiu, d\u2019investigaci\u00f3- o que hagi contribu\u00eft a la defensa de la igualtat entre g\u00e8neres, i que sigui o siguin susceptibles de reconeixement p\u00fablic.<\/p>\n<p>La concessi\u00f3 del premi va a c\u00e0rrec d\u2019una comissi\u00f3 formada per:<br \/>\n\u2022 Presidenta: regidora de Feminismes i drets LGBTIQ+<br \/>\n\u2022 Una representant de cada entitat de dones inscrita legalment al Registre municipal d\u2019entitats del Vendrell<br \/>\n\u2022 Tres dones representatives en la igualtat i el feminisme del Vendrell, designades per la Presid\u00e8ncia.<br \/>\n\u2022 Una premiada d\u2019anys anteriors designada per la Presid\u00e8ncia.<br \/>\n\u2022 Secret\u00e0ria: t\u00e8cnic\/a de la Regidoria de Feminismes i drets LGBTIQ+<\/p>\n<p>Aquesta comissi\u00f3 estudiar\u00e0 les propostes presentades, en triar\u00e0 una i comunicar\u00e0 la selecci\u00f3 a l\u2019\u00f2rgan municipal competent.<br \/>\nDes dels centres educatius, podeu proposar la vostra candidatura i enviar-la per correu electr\u00f2nic a <a href=\"mailto:premiteresinamartorell@elvendrell.net\">premiteresinamartorell@elvendrell.net<\/a>, <strong>fins al dia 24 de febrer de 2026.<\/strong> Haur\u00e0 d\u2019anar acompanyada d\u2019una valoraci\u00f3 raonada de la persona o entitat que sigui susceptible d\u2019aquest reconeixement p\u00fablic.<\/p>\n<p><strong>L\u2019acte del 14\u00e8 Premi Teresina Martorell se celebrar\u00e0 al Teatre \u00c0ngel Guimer\u00e0 (T\u00c0G) el dia 8 de mar\u00e7 a les 19 h.<\/strong><\/p>\n<p>Per a m\u00e9s informaci\u00f3 <a href=\"https:\/\/drive.google.com\/file\/d\/1JGYKzoKO4HjpHmwHkwzdfUC-_MNI11Ao\/view?usp=drive_link\">cliqueu en aquest enlla\u00e7.<\/a><\/p>\n","protected":false},"excerpt":{"rendered":"<p>El Premi Teresina Martorell del Vendrell s\u2019emmarca dins dels actes del 8 de mar\u00e7, Dia Internacional de les Dones, i t\u00e9 per objectiu recon\u00e8ixer i visibilitzar socialment el valor del treball fet per dones en qualsevol \u00e0mbit social, que hagin treballat o treballin al Vendrell, projectant el nom de la vila, i la tasca de [&hellip;]<\/p>\n","protected":false},"author":7,"featured_media":21861,"comment_status":"open","ping_status":"open","sticky":false,"template":"","format":"standard","meta":{"_bbp_topic_count":0,"_bbp_reply_count":0,"_bbp_total_topic_count":0,"_bbp_total_reply_count":0,"_bbp_voice_count":0,"_bbp_anonymous_reply_count":0,"_bbp_topic_count_hidden":0,"_bbp_reply_count_hidden":0,"_bbp_forum_subforum_count":0,"site-sidebar-layout":"default","site-content-layout":"","ast-site-content-layout":"default","site-content-style":"default","site-sidebar-style":"default","ast-global-header-display":"","ast-banner-title-visibility":"","ast-main-header-display":"","ast-hfb-above-header-display":"","ast-hfb-below-header-display":"","ast-hfb-mobile-header-display":"","site-post-title":"","ast-breadcrumbs-content":"","ast-featured-img":"","footer-sml-layout":"","theme-transparent-header-meta":"default","adv-header-id-meta":"","stick-header-meta":"","header-above-stick-meta":"","header-main-stick-meta":"","header-below-stick-meta":"","astra-migrate-meta-layouts":"set","ast-page-background-enabled":"default","ast-page-background-meta":{"desktop":{"background-color":"var(--ast-global-color-4)","background-image":"","background-repeat":"repeat","background-position":"center center","background-size":"auto","background-attachment":"scroll","background-type":"","background-media":"","overlay-type":"","overlay-color":"","overlay-opacity":"","overlay-gradient":""},"tablet":{"background-color":"","background-image":"","background-repeat":"repeat","background-position":"center center","background-size":"auto","background-attachment":"scroll","background-type":"","background-media":"","overlay-type":"","overlay-color":"","overlay-opacity":"","overlay-gradient":""},"mobile":{"background-color":"","background-image":"","background-repeat":"repeat","background-position":"center center","background-size":"auto","background-attachment":"scroll","background-type":"","background-media":"","overlay-type":"","overlay-color":"","overlay-opacity":"","overlay-gradient":""}},"ast-content-background-meta":{"desktop":{"background-color":"var(--ast-global-color-5)","background-image":"","background-repeat":"repeat","background-position":"center center","background-size":"auto","background-attachment":"scroll","background-type":"","background-media":"","overlay-type":"","overlay-color":"","overlay-opacity":"","overlay-gradient":""},"tablet":{"background-color":"var(--ast-global-color-5)","background-image":"","background-repeat":"repeat","background-position":"center center","background-size":"auto","background-attachment":"scroll","background-type":"","background-media":"","overlay-type":"","overlay-color":"","overlay-opacity":"","overlay-gradient":""},"mobile":{"background-color":"var(--ast-global-color-5)","background-image":"","background-repeat":"repeat","background-position":"center center","background-size":"auto","background-attachment":"scroll","background-type":"","background-media":"","overlay-type":"","overlay-color":"","overlay-opacity":"","overlay-gradient":""}},"footnotes":""},"categories":[76,1,459,29,419],"tags":[],"class_list":["post-21860","post","type-post","status-publish","format-standard","has-post-thumbnail","hentry","category-agenda","category-general","category-penedes","category-portada","category-premis-concursos"],"post_mailing_queue_ids":[],"_links":{"self":[{"href":"https:\/\/serveiseducatius.xtec.cat\/baixpenedes\/wp-json\/wp\/v2\/posts\/21860","targetHints":{"allow":["GET"]}}],"collection":[{"href":"https:\/\/serveiseducatius.xtec.cat\/baixpenedes\/wp-json\/wp\/v2\/posts"}],"about":[{"href":"https:\/\/serveiseducatius.xtec.cat\/baixpenedes\/wp-json\/wp\/v2\/types\/post"}],"author":[{"embeddable":true,"href":"https:\/\/serveiseducatius.xtec.cat\/baixpenedes\/wp-json\/wp\/v2\/users\/7"}],"replies":[{"embeddable":true,"href":"https:\/\/serveiseducatius.xtec.cat\/baixpenedes\/wp-json\/wp\/v2\/comments?post=21860"}],"version-history":[{"count":1,"href":"https:\/\/serveiseducatius.xtec.cat\/baixpenedes\/wp-json\/wp\/v2\/posts\/21860\/revisions"}],"predecessor-version":[{"id":21862,"href":"https:\/\/serveiseducatius.xtec.cat\/baixpenedes\/wp-json\/wp\/v2\/posts\/21860\/revisions\/21862"}],"wp:featuredmedia":[{"embeddable":true,"href":"https:\/\/serveiseducatius.xtec.cat\/baixpenedes\/wp-json\/wp\/v2\/media\/21861"}],"wp:attachment":[{"href":"https:\/\/serveiseducatius.xtec.cat\/baixpenedes\/wp-json\/wp\/v2\/media?parent=21860"}],"wp:term":[{"taxonomy":"category","embeddable":true,"href":"https:\/\/serveiseducatius.xtec.cat\/baixpenedes\/wp-json\/wp\/v2\/categories?post=21860"},{"taxonomy":"post_tag","embeddable":true,"href":"https:\/\/serveiseducatius.xtec.cat\/baixpenedes\/wp-json\/wp\/v2\/tags?post=21860"}],"curies":[{"name":"wp","href":"https:\/\/api.w.org\/{rel}","templated":true}]}}