{"id":21824,"date":"2026-01-19T12:55:22","date_gmt":"2026-01-19T11:55:22","guid":{"rendered":"https:\/\/serveiseducatius.xtec.cat\/baixpenedes\/?p=21824"},"modified":"2026-01-21T12:45:13","modified_gmt":"2026-01-21T11:45:13","slug":"connexio-critica-des-de-les-ciencies-socials","status":"publish","type":"post","link":"https:\/\/serveiseducatius.xtec.cat\/baixpenedes\/general\/connexio-critica-des-de-les-ciencies-socials\/","title":{"rendered":"CONNEXI\u00d3 CR\u00cdTICA DES DE LES CI\u00c8NCIES SOCIALS"},"content":{"rendered":"<p dir=\"ltr\"><span class=\"gmail_default\">Connexions ci\u00e8ncies socials del CESIRE\u00a0 organitza <\/span><span class=\"gmail_default\">\u00a0una formaci\u00f3 d&#8217;<\/span><span id=\"m_-5718679710841348382m_-7099119132795574860m_-5837723665451140581m_-21239099822447198m_5704695535146801869m_-6885245696312211467m_9058720884404485854m_8110769621067476706m_1729318070736997937m_2958091147400236336m_-8448348678937593532gmail-docs-internal-guid-91c8b288-7fff-00e1-48d0-c762de9e016c\">Educaci\u00f3 cr\u00edtica des de les ci\u00e8ncies socials: reflexions, eines i propostes, de 30 hores<span class=\"gmail_default\">,\u00a0<\/span>adre\u00e7ada a docents de prim\u00e0ria i secund\u00e0ria. Especialment interessant per docents de ci\u00e8ncies socials.<span class=\"gmail_default\">\u00a0La formaci\u00f3 es far\u00e0 al\u00a0<b>Servei Educatiu de l&#8217;Alt Pened\u00e8s a Vilafranca del Pened\u00e8s\u00a0<\/b>en format presencial<\/span><\/span><\/p>\n<p dir=\"ltr\">Aquesta formaci\u00f3 t\u00e9 com a objectiu aprofundir en el potencial de les ci\u00e8ncies socials per fonamentar una educaci\u00f3 realment cr\u00edtica i, alhora, proporcionar eines i criteris per dissenyar situacions d\u2019aprenentatge que enforteixin l\u2019aprenentatge competencial del nostre alumnat.\u00a0Consta de\u00a06 sessions presencials de 3 hores, en les quals combinarem reflexi\u00f3 i pr\u00e0ctica a trav\u00e9s de metodologies actives i col\u00b7laboratives, amb espais de debat i de creaci\u00f3 compartida de propostes did\u00e0ctiques.<span class=\"gmail_default\">\u00a0<\/span><\/p>\n<p>&nbsp;<\/p>\n<table border=\"0\" width=\"575\" cellpadding=\"0\">\n<tbody>\n<tr>\n<td>\n<table border=\"0\" cellspacing=\"0\" cellpadding=\"0\">\n<tbody>\n<tr>\n<td valign=\"TOP\"><span style=\"font-family: arial, helvetica, geneva; font-size: small;\">9005110532\u00a0<\/span><\/td>\n<td><a href=\"https:\/\/aplicacions.gestioeducativa.gencat.cat\/ords\/pls\/soloas\/pk_for_mod_ins.p_for_detall_activitat?p_codi=9005110532&amp;p_curs=2025-2026&amp;p_es_inscr=S\"><span style=\"font-family: arial, helvetica, geneva; font-size: small;\"><b>Educaci\u00f3 cr\u00edtica des de les ci\u00e8ncies socials: reflexions, recursos i propostes.<\/b><\/span><\/a><\/td>\n<\/tr>\n<tr>\n<td valign=\"TOP\"><span style=\"font-family: arial, helvetica, geneva; font-size: small;\">2025-2026<\/span><\/td>\n<td><span style=\"font-family: arial, helvetica, geneva; font-size: small;\">Curs. Prim\u00e0ria-Secund\u00e0ria<\/span><\/td>\n<\/tr>\n<tr>\n<td><\/td>\n<td><\/td>\n<\/tr>\n<tr>\n<td><\/td>\n<td><span style=\"font-family: arial, helvetica, geneva; font-size: small;\">Del 23\/2\/2026 al 11\/5\/2026 (\u00a030 hores &#8211; 6 sessions\u00a0)\u00a0de 16:00h a 19:00h<\/span><\/td>\n<\/tr>\n<tr>\n<td><\/td>\n<td><span style=\"font-family: arial, helvetica, geneva; font-size: small;\">CRP de l&#8217;Alt Pened\u00e8s<\/span><\/td>\n<\/tr>\n<tr>\n<td><\/td>\n<td><span style=\"font-family: arial, helvetica, geneva; font-size: small;\">Europa, 28\u00a0(\u00a0Vilafranca del Pened\u00e8s\u00a0)<\/span><\/td>\n<\/tr>\n<\/tbody>\n<\/table>\n<\/td>\n<\/tr>\n<\/tbody>\n<\/table>\n<p dir=\"ltr\"><span class=\"gmail_default\">Aprofitem tamb\u00e9 per <\/span>facilit<span class=\"gmail_default\">ar-vos<\/span>\u00a0la seg\u00fcent guia:\u00a0<a href=\"https:\/\/escolapau.uab.cat\/wp-content\/uploads\/2025\/05\/SentitCritic.pdf\" target=\"_blank\" rel=\"noopener\" data-saferedirecturl=\"https:\/\/www.google.com\/url?q=https:\/\/escolapau.uab.cat\/wp-content\/uploads\/2025\/05\/SentitCritic.pdf&amp;source=gmail&amp;ust=1768908894172000&amp;usg=AOvVaw0iMf3JTHUVEj1dUVlWY8K2\"><b>Programem amb sentit (cr\u00edtic) les ci\u00e8ncies socials<\/b><\/a>, que ser\u00e0 un important document de refer\u00e8ncia d&#8217;aquest curs i que permet veure la l\u00ednia que se seguir\u00e0.<span class=\"gmail_default\">\u00a0Esperem que us sigui \u00fatil.<\/span><\/p>\n<p dir=\"ltr\">Creiem que la participaci\u00f3 de tot un departament (2, 3 o 4 docents) pot multiplicar l&#8217;impacte de la formaci\u00f3 i facilitar la transfer\u00e8ncia al centre. Tanmateix, la formaci\u00f3 est\u00e0 oberta a la inscripci\u00f3 individual.<\/p>\n<p dir=\"ltr\">Animem a\u00a0<span class=\"gmail_default\">tothom a<\/span>\u00a0aprofitar aquest espai com\u00fa de creixement i innovaci\u00f3 pedag\u00f2gica.<\/p>\n","protected":false},"excerpt":{"rendered":"<p>Connexions ci\u00e8ncies socials del CESIRE\u00a0 organitza \u00a0una formaci\u00f3 d&#8217;Educaci\u00f3 cr\u00edtica des de les ci\u00e8ncies socials: reflexions, eines i propostes, de 30 hores,\u00a0adre\u00e7ada a docents de prim\u00e0ria i secund\u00e0ria. Especialment interessant per docents de ci\u00e8ncies socials.\u00a0La formaci\u00f3 es far\u00e0 al\u00a0Servei Educatiu de l&#8217;Alt Pened\u00e8s a Vilafranca del Pened\u00e8s\u00a0en format presencial Aquesta formaci\u00f3 t\u00e9 com a objectiu [&hellip;]<\/p>\n","protected":false},"author":7,"featured_media":21829,"comment_status":"open","ping_status":"open","sticky":false,"template":"","format":"standard","meta":{"_bbp_topic_count":0,"_bbp_reply_count":0,"_bbp_total_topic_count":0,"_bbp_total_reply_count":0,"_bbp_voice_count":0,"_bbp_anonymous_reply_count":0,"_bbp_topic_count_hidden":0,"_bbp_reply_count_hidden":0,"_bbp_forum_subforum_count":0,"site-sidebar-layout":"default","site-content-layout":"","ast-site-content-layout":"default","site-content-style":"default","site-sidebar-style":"default","ast-global-header-display":"","ast-banner-title-visibility":"","ast-main-header-display":"","ast-hfb-above-header-display":"","ast-hfb-below-header-display":"","ast-hfb-mobile-header-display":"","site-post-title":"","ast-breadcrumbs-content":"","ast-featured-img":"","footer-sml-layout":"","theme-transparent-header-meta":"default","adv-header-id-meta":"","stick-header-meta":"","header-above-stick-meta":"","header-main-stick-meta":"","header-below-stick-meta":"","astra-migrate-meta-layouts":"set","ast-page-background-enabled":"default","ast-page-background-meta":{"desktop":{"background-color":"var(--ast-global-color-4)","background-image":"","background-repeat":"repeat","background-position":"center center","background-size":"auto","background-attachment":"scroll","background-type":"","background-media":"","overlay-type":"","overlay-color":"","overlay-opacity":"","overlay-gradient":""},"tablet":{"background-color":"","background-image":"","background-repeat":"repeat","background-position":"center center","background-size":"auto","background-attachment":"scroll","background-type":"","background-media":"","overlay-type":"","overlay-color":"","overlay-opacity":"","overlay-gradient":""},"mobile":{"background-color":"","background-image":"","background-repeat":"repeat","background-position":"center center","background-size":"auto","background-attachment":"scroll","background-type":"","background-media":"","overlay-type":"","overlay-color":"","overlay-opacity":"","overlay-gradient":""}},"ast-content-background-meta":{"desktop":{"background-color":"var(--ast-global-color-5)","background-image":"","background-repeat":"repeat","background-position":"center center","background-size":"auto","background-attachment":"scroll","background-type":"","background-media":"","overlay-type":"","overlay-color":"","overlay-opacity":"","overlay-gradient":""},"tablet":{"background-color":"var(--ast-global-color-5)","background-image":"","background-repeat":"repeat","background-position":"center center","background-size":"auto","background-attachment":"scroll","background-type":"","background-media":"","overlay-type":"","overlay-color":"","overlay-opacity":"","overlay-gradient":""},"mobile":{"background-color":"var(--ast-global-color-5)","background-image":"","background-repeat":"repeat","background-position":"center center","background-size":"auto","background-attachment":"scroll","background-type":"","background-media":"","overlay-type":"","overlay-color":"","overlay-opacity":"","overlay-gradient":""}},"footnotes":""},"categories":[522,380,546,376,1,29,529,422],"tags":[],"class_list":["post-21824","post","type-post","status-publish","format-standard","has-post-thumbnail","hentry","category-cesire","category-ciencia","category-el-crp","category-formacio","category-general","category-portada","category-primaria","category-secundaria"],"post_mailing_queue_ids":[],"_links":{"self":[{"href":"https:\/\/serveiseducatius.xtec.cat\/baixpenedes\/wp-json\/wp\/v2\/posts\/21824","targetHints":{"allow":["GET"]}}],"collection":[{"href":"https:\/\/serveiseducatius.xtec.cat\/baixpenedes\/wp-json\/wp\/v2\/posts"}],"about":[{"href":"https:\/\/serveiseducatius.xtec.cat\/baixpenedes\/wp-json\/wp\/v2\/types\/post"}],"author":[{"embeddable":true,"href":"https:\/\/serveiseducatius.xtec.cat\/baixpenedes\/wp-json\/wp\/v2\/users\/7"}],"replies":[{"embeddable":true,"href":"https:\/\/serveiseducatius.xtec.cat\/baixpenedes\/wp-json\/wp\/v2\/comments?post=21824"}],"version-history":[{"count":2,"href":"https:\/\/serveiseducatius.xtec.cat\/baixpenedes\/wp-json\/wp\/v2\/posts\/21824\/revisions"}],"predecessor-version":[{"id":21827,"href":"https:\/\/serveiseducatius.xtec.cat\/baixpenedes\/wp-json\/wp\/v2\/posts\/21824\/revisions\/21827"}],"wp:featuredmedia":[{"embeddable":true,"href":"https:\/\/serveiseducatius.xtec.cat\/baixpenedes\/wp-json\/wp\/v2\/media\/21829"}],"wp:attachment":[{"href":"https:\/\/serveiseducatius.xtec.cat\/baixpenedes\/wp-json\/wp\/v2\/media?parent=21824"}],"wp:term":[{"taxonomy":"category","embeddable":true,"href":"https:\/\/serveiseducatius.xtec.cat\/baixpenedes\/wp-json\/wp\/v2\/categories?post=21824"},{"taxonomy":"post_tag","embeddable":true,"href":"https:\/\/serveiseducatius.xtec.cat\/baixpenedes\/wp-json\/wp\/v2\/tags?post=21824"}],"curies":[{"name":"wp","href":"https:\/\/api.w.org\/{rel}","templated":true}]}}