{"id":21771,"date":"2026-01-14T12:43:02","date_gmt":"2026-01-14T11:43:02","guid":{"rendered":"https:\/\/serveiseducatius.xtec.cat\/baixpenedes\/?p=21771"},"modified":"2026-01-14T12:43:44","modified_gmt":"2026-01-14T11:43:44","slug":"taller-per-a-alumnat-internet-segura","status":"publish","type":"post","link":"https:\/\/serveiseducatius.xtec.cat\/baixpenedes\/general\/taller-per-a-alumnat-internet-segura\/","title":{"rendered":"TALLER PER A ALUMNAT INTERNET SEGURA"},"content":{"rendered":"<p id=\"tw-target-text\" class=\"tw-data-text tw-text-large tw-ta\" dir=\"ltr\" tabindex=\"-1\" role=\"text\" data-placeholder=\"Traducci\u00f3\" data-ved=\"2ahUKEwisysKo-IqSAxUeQ6QEHc0jCVcQ3ewLegQIDBAX\" aria-label=\"Text tradu\u00eft: Un any m\u00e9s s\u00b4acosta el Dia d\u00b4Internet Segura, i volem celebrar-ho amb l\u00b4entorn educatiu, aquest any sota el lema \u00b4Seguretat Digital per Educar en temps d\u00b4IA\u00b4. Per aix\u00f2, des de l'Institut Nacional de Ciberseguretat d'Espanya (INCIBE) i l'Institut Nacional de Tecnologies Educatives i Formaci\u00f3 del Professorat (INTEF) hem desenvolupat aquest taller: T\u00edtol: &quot;\u00c9s clar!, aqu\u00ed tens una proposta. Tu qu\u00e8 faries?&quot; Dia: dimarts 10 de febrer Hora: de 10.30 ha 11.10 h Lloc: streaming online des de https:\/\/www.incibe.es\/eventos\/sid Edat orientativa: a partir de 6\u00e8 E.P. i tota la E.S.O. Un taller per treballar amb l'alumnat la presa de decisions intel\u00b7ligents en la seva experi\u00e8ncia en l\u00ednia, en tem\u00e0tiques com el cibercontrol, imatges generades amb IA, sextorsi\u00f3 i riscos per a la salut, aix\u00ed com la import\u00e0ncia del reporti de continguts inadequats.\"><span class=\"Y2IQFc\" lang=\"ca\">Un any m\u00e9s s\u00b4acosta el Dia d\u00b4Internet Segura, i volem celebrar-ho amb l&#8217;entorn educatiu, aquest any sota el lema \u00b4Seguretat Digital per Educar en temps d\u00b4IA\u00b4.<\/span><\/p>\n<p class=\"tw-data-text tw-text-large tw-ta\" dir=\"ltr\" tabindex=\"-1\" role=\"text\" data-placeholder=\"Traducci\u00f3\" data-ved=\"2ahUKEwisysKo-IqSAxUeQ6QEHc0jCVcQ3ewLegQIDBAX\" aria-label=\"Text tradu\u00eft: Un any m\u00e9s s\u00b4acosta el Dia d\u00b4Internet Segura, i volem celebrar-ho amb l\u00b4entorn educatiu, aquest any sota el lema \u00b4Seguretat Digital per Educar en temps d\u00b4IA\u00b4. Per aix\u00f2, des de l'Institut Nacional de Ciberseguretat d'Espanya (INCIBE) i l'Institut Nacional de Tecnologies Educatives i Formaci\u00f3 del Professorat (INTEF) hem desenvolupat aquest taller: T\u00edtol: &quot;\u00c9s clar!, aqu\u00ed tens una proposta. Tu qu\u00e8 faries?&quot; Dia: dimarts 10 de febrer Hora: de 10.30 ha 11.10 h Lloc: streaming online des de https:\/\/www.incibe.es\/eventos\/sid Edat orientativa: a partir de 6\u00e8 E.P. i tota la E.S.O. Un taller per treballar amb l'alumnat la presa de decisions intel\u00b7ligents en la seva experi\u00e8ncia en l\u00ednia, en tem\u00e0tiques com el cibercontrol, imatges generades amb IA, sextorsi\u00f3 i riscos per a la salut, aix\u00ed com la import\u00e0ncia del reporti de continguts inadequats.\"><span class=\"Y2IQFc\" lang=\"ca\"> Per aix\u00f2, des de l&#8217;Institut Nacional de Ciberseguretat d&#8217;Espanya (INCIBE) i l&#8217;Institut Nacional de Tecnologies Educatives i Formaci\u00f3 del Professorat (INTEF) hem desenvolupat aquest taller: T\u00edtol: &#8220;\u00c9s clar!, aqu\u00ed tens una proposta. Tu qu\u00e8 faries?&#8221; <\/span><\/p>\n<p class=\"tw-data-text tw-text-large tw-ta\" dir=\"ltr\" tabindex=\"-1\" role=\"text\" data-placeholder=\"Traducci\u00f3\" data-ved=\"2ahUKEwisysKo-IqSAxUeQ6QEHc0jCVcQ3ewLegQIDBAX\" aria-label=\"Text tradu\u00eft: Un any m\u00e9s s\u00b4acosta el Dia d\u00b4Internet Segura, i volem celebrar-ho amb l\u00b4entorn educatiu, aquest any sota el lema \u00b4Seguretat Digital per Educar en temps d\u00b4IA\u00b4. Per aix\u00f2, des de l'Institut Nacional de Ciberseguretat d'Espanya (INCIBE) i l'Institut Nacional de Tecnologies Educatives i Formaci\u00f3 del Professorat (INTEF) hem desenvolupat aquest taller: T\u00edtol: &quot;\u00c9s clar!, aqu\u00ed tens una proposta. Tu qu\u00e8 faries?&quot; Dia: dimarts 10 de febrer Hora: de 10.30 ha 11.10 h Lloc: streaming online des de https:\/\/www.incibe.es\/eventos\/sid Edat orientativa: a partir de 6\u00e8 E.P. i tota la E.S.O. Un taller per treballar amb l'alumnat la presa de decisions intel\u00b7ligents en la seva experi\u00e8ncia en l\u00ednia, en tem\u00e0tiques com el cibercontrol, imatges generades amb IA, sextorsi\u00f3 i riscos per a la salut, aix\u00ed com la import\u00e0ncia del reporti de continguts inadequats.\"><span class=\"Y2IQFc\" lang=\"ca\">Dia:<span style=\"background-color: #ffff00;\"><strong> dimarts 10 de febrer <\/strong><\/span><\/span><\/p>\n<h3 class=\"tw-data-text tw-text-large tw-ta\" dir=\"ltr\" tabindex=\"-1\" role=\"text\" data-placeholder=\"Traducci\u00f3\" data-ved=\"2ahUKEwisysKo-IqSAxUeQ6QEHc0jCVcQ3ewLegQIDBAX\" aria-label=\"Text tradu\u00eft: Un any m\u00e9s s\u00b4acosta el Dia d\u00b4Internet Segura, i volem celebrar-ho amb l\u00b4entorn educatiu, aquest any sota el lema \u00b4Seguretat Digital per Educar en temps d\u00b4IA\u00b4. Per aix\u00f2, des de l'Institut Nacional de Ciberseguretat d'Espanya (INCIBE) i l'Institut Nacional de Tecnologies Educatives i Formaci\u00f3 del Professorat (INTEF) hem desenvolupat aquest taller: T\u00edtol: &quot;\u00c9s clar!, aqu\u00ed tens una proposta. Tu qu\u00e8 faries?&quot; Dia: dimarts 10 de febrer Hora: de 10.30 ha 11.10 h Lloc: streaming online des de https:\/\/www.incibe.es\/eventos\/sid Edat orientativa: a partir de 6\u00e8 E.P. i tota la E.S.O. Un taller per treballar amb l'alumnat la presa de decisions intel\u00b7ligents en la seva experi\u00e8ncia en l\u00ednia, en tem\u00e0tiques com el cibercontrol, imatges generades amb IA, sextorsi\u00f3 i riscos per a la salut, aix\u00ed com la import\u00e0ncia del reporti de continguts inadequats.\"><span class=\"Y2IQFc\" lang=\"ca\" style=\"background-color: #ffff00;\">Hora: de <strong>10.30 ha 11.10 h <\/strong><\/span><\/h3>\n<p class=\"tw-data-text tw-text-large tw-ta\" dir=\"ltr\" tabindex=\"-1\" role=\"text\" data-placeholder=\"Traducci\u00f3\" data-ved=\"2ahUKEwisysKo-IqSAxUeQ6QEHc0jCVcQ3ewLegQIDBAX\" aria-label=\"Text tradu\u00eft: Un any m\u00e9s s\u00b4acosta el Dia d\u00b4Internet Segura, i volem celebrar-ho amb l\u00b4entorn educatiu, aquest any sota el lema \u00b4Seguretat Digital per Educar en temps d\u00b4IA\u00b4. Per aix\u00f2, des de l'Institut Nacional de Ciberseguretat d'Espanya (INCIBE) i l'Institut Nacional de Tecnologies Educatives i Formaci\u00f3 del Professorat (INTEF) hem desenvolupat aquest taller: T\u00edtol: &quot;\u00c9s clar!, aqu\u00ed tens una proposta. Tu qu\u00e8 faries?&quot; Dia: dimarts 10 de febrer Hora: de 10.30 ha 11.10 h Lloc: streaming online des de https:\/\/www.incibe.es\/eventos\/sid Edat orientativa: a partir de 6\u00e8 E.P. i tota la E.S.O. Un taller per treballar amb l'alumnat la presa de decisions intel\u00b7ligents en la seva experi\u00e8ncia en l\u00ednia, en tem\u00e0tiques com el cibercontrol, imatges generades amb IA, sextorsi\u00f3 i riscos per a la salut, aix\u00ed com la import\u00e0ncia del reporti de continguts inadequats.\"><span class=\"Y2IQFc\" lang=\"ca\">Lloc: <strong>streaming<span style=\"background-color: #ffff00;\"> online<\/span> des de https:\/\/www.incibe.es\/eventos\/sid <\/strong><\/span><\/p>\n<p class=\"tw-data-text tw-text-large tw-ta\" dir=\"ltr\" tabindex=\"-1\" role=\"text\" data-placeholder=\"Traducci\u00f3\" data-ved=\"2ahUKEwisysKo-IqSAxUeQ6QEHc0jCVcQ3ewLegQIDBAX\" aria-label=\"Text tradu\u00eft: Un any m\u00e9s s\u00b4acosta el Dia d\u00b4Internet Segura, i volem celebrar-ho amb l\u00b4entorn educatiu, aquest any sota el lema \u00b4Seguretat Digital per Educar en temps d\u00b4IA\u00b4. Per aix\u00f2, des de l'Institut Nacional de Ciberseguretat d'Espanya (INCIBE) i l'Institut Nacional de Tecnologies Educatives i Formaci\u00f3 del Professorat (INTEF) hem desenvolupat aquest taller: T\u00edtol: &quot;\u00c9s clar!, aqu\u00ed tens una proposta. Tu qu\u00e8 faries?&quot; Dia: dimarts 10 de febrer Hora: de 10.30 ha 11.10 h Lloc: streaming online des de https:\/\/www.incibe.es\/eventos\/sid Edat orientativa: a partir de 6\u00e8 E.P. i tota la E.S.O. Un taller per treballar amb l'alumnat la presa de decisions intel\u00b7ligents en la seva experi\u00e8ncia en l\u00ednia, en tem\u00e0tiques com el cibercontrol, imatges generades amb IA, sextorsi\u00f3 i riscos per a la salut, aix\u00ed com la import\u00e0ncia del reporti de continguts inadequats.\"><span class=\"Y2IQFc\" lang=\"ca\">Edat orientativa: a partir de <span style=\"background-color: #ffff00;\"><strong>6\u00e8 E.P. i tota l&#8217; E.S.O. <\/strong><\/span><\/span><\/p>\n<p class=\"tw-data-text tw-text-large tw-ta\" dir=\"ltr\" tabindex=\"-1\" role=\"text\" data-placeholder=\"Traducci\u00f3\" data-ved=\"2ahUKEwisysKo-IqSAxUeQ6QEHc0jCVcQ3ewLegQIDBAX\" aria-label=\"Text tradu\u00eft: Un any m\u00e9s s\u00b4acosta el Dia d\u00b4Internet Segura, i volem celebrar-ho amb l\u00b4entorn educatiu, aquest any sota el lema \u00b4Seguretat Digital per Educar en temps d\u00b4IA\u00b4. Per aix\u00f2, des de l'Institut Nacional de Ciberseguretat d'Espanya (INCIBE) i l'Institut Nacional de Tecnologies Educatives i Formaci\u00f3 del Professorat (INTEF) hem desenvolupat aquest taller: T\u00edtol: &quot;\u00c9s clar!, aqu\u00ed tens una proposta. Tu qu\u00e8 faries?&quot; Dia: dimarts 10 de febrer Hora: de 10.30 ha 11.10 h Lloc: streaming online des de https:\/\/www.incibe.es\/eventos\/sid Edat orientativa: a partir de 6\u00e8 E.P. i tota la E.S.O. Un taller per treballar amb l'alumnat la presa de decisions intel\u00b7ligents en la seva experi\u00e8ncia en l\u00ednia, en tem\u00e0tiques com el cibercontrol, imatges generades amb IA, sextorsi\u00f3 i riscos per a la salut, aix\u00ed com la import\u00e0ncia del reporti de continguts inadequats.\"><span class=\"Y2IQFc\" lang=\"ca\"><strong> Un taller per treballar amb l&#8217;alumnat la presa de decisions intel\u00b7ligents<\/strong> en la seva experi\u00e8ncia en l\u00ednia, en tem\u00e0tiques com el cibercontrol, imatges generades amb IA, sextorsi\u00f3 i riscos per a la salut, aix\u00ed com la import\u00e0ncia del reporti de continguts inadequats.<\/span><\/p>\n","protected":false},"excerpt":{"rendered":"<p>Un any m\u00e9s s\u00b4acosta el Dia d\u00b4Internet Segura, i volem celebrar-ho amb l&#8217;entorn educatiu, aquest any sota el lema \u00b4Seguretat Digital per Educar en temps d\u00b4IA\u00b4. Per aix\u00f2, des de l&#8217;Institut Nacional de Ciberseguretat d&#8217;Espanya (INCIBE) i l&#8217;Institut Nacional de Tecnologies Educatives i Formaci\u00f3 del Professorat (INTEF) hem desenvolupat aquest taller: T\u00edtol: &#8220;\u00c9s clar!, aqu\u00ed [&hellip;]<\/p>\n","protected":false},"author":7,"featured_media":2795,"comment_status":"open","ping_status":"open","sticky":false,"template":"","format":"standard","meta":{"_bbp_topic_count":0,"_bbp_reply_count":0,"_bbp_total_topic_count":0,"_bbp_total_reply_count":0,"_bbp_voice_count":0,"_bbp_anonymous_reply_count":0,"_bbp_topic_count_hidden":0,"_bbp_reply_count_hidden":0,"_bbp_forum_subforum_count":0,"site-sidebar-layout":"default","site-content-layout":"","ast-site-content-layout":"default","site-content-style":"default","site-sidebar-style":"default","ast-global-header-display":"","ast-banner-title-visibility":"","ast-main-header-display":"","ast-hfb-above-header-display":"","ast-hfb-below-header-display":"","ast-hfb-mobile-header-display":"","site-post-title":"","ast-breadcrumbs-content":"","ast-featured-img":"","footer-sml-layout":"","theme-transparent-header-meta":"default","adv-header-id-meta":"","stick-header-meta":"","header-above-stick-meta":"","header-main-stick-meta":"","header-below-stick-meta":"","astra-migrate-meta-layouts":"set","ast-page-background-enabled":"default","ast-page-background-meta":{"desktop":{"background-color":"var(--ast-global-color-4)","background-image":"","background-repeat":"repeat","background-position":"center center","background-size":"auto","background-attachment":"scroll","background-type":"","background-media":"","overlay-type":"","overlay-color":"","overlay-opacity":"","overlay-gradient":""},"tablet":{"background-color":"","background-image":"","background-repeat":"repeat","background-position":"center center","background-size":"auto","background-attachment":"scroll","background-type":"","background-media":"","overlay-type":"","overlay-color":"","overlay-opacity":"","overlay-gradient":""},"mobile":{"background-color":"","background-image":"","background-repeat":"repeat","background-position":"center center","background-size":"auto","background-attachment":"scroll","background-type":"","background-media":"","overlay-type":"","overlay-color":"","overlay-opacity":"","overlay-gradient":""}},"ast-content-background-meta":{"desktop":{"background-color":"var(--ast-global-color-5)","background-image":"","background-repeat":"repeat","background-position":"center center","background-size":"auto","background-attachment":"scroll","background-type":"","background-media":"","overlay-type":"","overlay-color":"","overlay-opacity":"","overlay-gradient":""},"tablet":{"background-color":"var(--ast-global-color-5)","background-image":"","background-repeat":"repeat","background-position":"center center","background-size":"auto","background-attachment":"scroll","background-type":"","background-media":"","overlay-type":"","overlay-color":"","overlay-opacity":"","overlay-gradient":""},"mobile":{"background-color":"var(--ast-global-color-5)","background-image":"","background-repeat":"repeat","background-position":"center center","background-size":"auto","background-attachment":"scroll","background-type":"","background-media":"","overlay-type":"","overlay-color":"","overlay-opacity":"","overlay-gradient":""}},"footnotes":""},"categories":[78,546,1,29,521,468],"tags":[],"class_list":["post-21771","post","type-post","status-publish","format-standard","has-post-thumbnail","hentry","category-tac","category-el-crp","category-general","category-portada","category-steam","category-xtcd"],"post_mailing_queue_ids":[],"_links":{"self":[{"href":"https:\/\/serveiseducatius.xtec.cat\/baixpenedes\/wp-json\/wp\/v2\/posts\/21771","targetHints":{"allow":["GET"]}}],"collection":[{"href":"https:\/\/serveiseducatius.xtec.cat\/baixpenedes\/wp-json\/wp\/v2\/posts"}],"about":[{"href":"https:\/\/serveiseducatius.xtec.cat\/baixpenedes\/wp-json\/wp\/v2\/types\/post"}],"author":[{"embeddable":true,"href":"https:\/\/serveiseducatius.xtec.cat\/baixpenedes\/wp-json\/wp\/v2\/users\/7"}],"replies":[{"embeddable":true,"href":"https:\/\/serveiseducatius.xtec.cat\/baixpenedes\/wp-json\/wp\/v2\/comments?post=21771"}],"version-history":[{"count":2,"href":"https:\/\/serveiseducatius.xtec.cat\/baixpenedes\/wp-json\/wp\/v2\/posts\/21771\/revisions"}],"predecessor-version":[{"id":21773,"href":"https:\/\/serveiseducatius.xtec.cat\/baixpenedes\/wp-json\/wp\/v2\/posts\/21771\/revisions\/21773"}],"wp:featuredmedia":[{"embeddable":true,"href":"https:\/\/serveiseducatius.xtec.cat\/baixpenedes\/wp-json\/wp\/v2\/media\/2795"}],"wp:attachment":[{"href":"https:\/\/serveiseducatius.xtec.cat\/baixpenedes\/wp-json\/wp\/v2\/media?parent=21771"}],"wp:term":[{"taxonomy":"category","embeddable":true,"href":"https:\/\/serveiseducatius.xtec.cat\/baixpenedes\/wp-json\/wp\/v2\/categories?post=21771"},{"taxonomy":"post_tag","embeddable":true,"href":"https:\/\/serveiseducatius.xtec.cat\/baixpenedes\/wp-json\/wp\/v2\/tags?post=21771"}],"curies":[{"name":"wp","href":"https:\/\/api.w.org\/{rel}","templated":true}]}}