{"id":21690,"date":"2026-01-08T10:06:34","date_gmt":"2026-01-08T09:06:34","guid":{"rendered":"https:\/\/serveiseducatius.xtec.cat\/baixpenedes\/?p=21690"},"modified":"2026-01-08T10:06:34","modified_gmt":"2026-01-08T09:06:34","slug":"activitats-icfo-per-a-esobatxillerat-i-cicles-formatius","status":"publish","type":"post","link":"https:\/\/serveiseducatius.xtec.cat\/baixpenedes\/xerrades\/portada\/activitats-icfo-per-a-esobatxillerat-i-cicles-formatius\/","title":{"rendered":"ACTIVITATS ICFO PER A ESO,BATXILLERAT I CICLES FORMATIUS"},"content":{"rendered":"<p>Des de l&#8217;IFCO ofereixen per a estudiants del segon cicle de l\u2019ESO, de batxillerat i cicles formatius, dues activitats formatives :<\/p>\n<ul style=\"font-weight: 400;\">\n<li><strong>Celebrem la fot\u00f2nica al Young Photonics Congress!<\/strong><\/li>\n<\/ul>\n<p style=\"font-weight: 400;\">Vine a la propera edici\u00f3 del\u00a0<a href=\"https:\/\/outreach.icfo.eu\/ca\/ypc26\" data-saferedirecturl=\"https:\/\/www.google.com\/url?q=https:\/\/outreach.icfo.eu\/ca\/ypc26&amp;source=gmail&amp;ust=1767944118982000&amp;usg=AOvVaw2mv30VTH1YkI-_JTBTLb07\"><strong>Young Photonics Congress<\/strong><\/a>, un\u00a0<strong>congr\u00e9s cient\u00edfic<\/strong>\u00a0organitzat per l\u2019ICFO on els\u00a0<strong>estudiants d\u2019ESO, batxillerat i cicles formatius<\/strong>\u00a0s\u00f3n els veritables protagonistes.<\/p>\n<p style=\"font-weight: 400;\">\n<p style=\"font-weight: 400;\">Els estudiants tindran l\u2019oportunitat de\u00a0<strong>presentar el seus treballs<\/strong>\u00a0a altres joves apassionats per la ci\u00e8ncia i als investigadors de l&#8217;ICFO. \u00c9s una ocasi\u00f3 \u00fanica per\u00a0<strong>compartir coneixement i experi\u00e8ncies<\/strong>\u00a0en un ambient inspirador.<\/p>\n<p style=\"font-weight: 400;\">\n<p style=\"font-weight: 400;\">Si tens alumnes amb\u00a0<strong>projectes relacionats amb la llum i la fot\u00f2nica<\/strong>\u00a0o els\u00a0<a href=\"https:\/\/www.icfo.eu\/research\/research-areas\/\" data-saferedirecturl=\"https:\/\/www.google.com\/url?q=https:\/\/www.icfo.eu\/research\/research-areas\/&amp;source=gmail&amp;ust=1767944118982000&amp;usg=AOvVaw3UrVsc6WQyphYrjD5AN_mC\">temes que s\u2019investiguen a l\u2019ICFO<\/a>, no dubtis en inscriure\u2019ls! A m\u00e9s, participant amb un projecte opten a guanyar el\u00a0<strong>Premi YPC<\/strong>, una estada de dues setmanes en un grup de recerca de l\u2019ICFO al juliol! Tamb\u00e9 pots assistir al congr\u00e9s amb els teus alumnes per descobrir els projectes fascinants que es presentaran, inspirar-vos per futurs treballs i gaudir de les xerrades dels nostres investigadors i investigadores.<\/p>\n<p style=\"font-weight: 400;\">El\u00a0<strong>Young Photonics Congress\u00a0<\/strong>tindr\u00e0 lloc el dia\u00a0<strong>13 de mar\u00e7 de 2026 al mat\u00ed\u00a0<\/strong>a l\u2019ICFO (Castelldefels) de forma presencial.<\/p>\n<p style=\"font-weight: 400;\"><strong>Inscripcions<\/strong>\u00a0a trav\u00e9s del seg\u00fcent\u00a0<a href=\"https:\/\/forms.office.com\/e\/z5Jr1qRwgU\" data-saferedirecturl=\"https:\/\/www.google.com\/url?q=https:\/\/forms.office.com\/e\/z5Jr1qRwgU&amp;source=gmail&amp;ust=1767944118982000&amp;usg=AOvVaw2tPAtNX_nrh_XEcJeUo06o\">formulari<\/a>. Tens temps fins al\u00a0<strong>27 de gener de 2026\u00a0<\/strong>per presentar els treballs.<\/p>\n<p style=\"font-weight: 400;\">Pots trobar\u00a0<a href=\"https:\/\/outreach.icfo.eu\/ca\/ypc26\" data-saferedirecturl=\"https:\/\/www.google.com\/url?q=https:\/\/outreach.icfo.eu\/ca\/ypc26&amp;source=gmail&amp;ust=1767944118982000&amp;usg=AOvVaw2mv30VTH1YkI-_JTBTLb07\">m\u00e9s informacions a la\u00a0 p\u00e0gina web<\/a>. No dubtis en contactar\u00a0 (<a href=\"mailto:outreach@icfo.eu\">outreach@icfo.eu<\/a>) en cas que tinguessis dubtes o preguntes.<\/p>\n<p style=\"font-weight: 400;\">\n<p style=\"font-weight: 400;\">\n<ul style=\"font-weight: 400;\">\n<li><strong>10 anys del BIYSC<\/strong><\/li>\n<\/ul>\n<p style=\"font-weight: 400;\"><a href=\"https:\/\/outreach.icfo.eu\/ca\/events\/biysc-2026-barcelona-international-youth-science-challenge\/\" data-saferedirecturl=\"https:\/\/www.google.com\/url?q=https:\/\/outreach.icfo.eu\/ca\/events\/biysc-2026-barcelona-international-youth-science-challenge\/&amp;source=gmail&amp;ust=1767944118982000&amp;usg=AOvVaw2AyytgiGrprAQPG8u3EgBi\">Projecte de l\u2019ICFO &#8211; Quantum Physics and Cryptography: Be part of the Quantum Revolution<\/a><\/p>\n<p style=\"font-weight: 400;\">La f\u00edsica qu\u00e0ntica proporciona prediccions precises sobre el comportament de la mat\u00e8ria i l&#8217;energia a escales at\u00f2miques i subat\u00f2miques. Sense la f\u00edsica qu\u00e0ntica, no haur\u00edem desenvolupat tecnologies sense les quals no podr\u00edem imaginar el m\u00f3n actual, com ara l\u00e0sers, LED, transistors, esc\u00e0ners de resson\u00e0ncia magn\u00e8tica per a diagn\u00f2stics m\u00e8dics o GPS, una tecnologia que es basa en rellotges at\u00f2mics.<\/p>\n<p style=\"font-weight: 400;\">Richard Feynman va dir que es pot dir amb seguretat que ning\u00fa ent\u00e9n la mec\u00e0nica qu\u00e0ntica. Us desafiem a demostrar-li que s&#8217;equivoca: entendre els conceptes b\u00e0sics de la f\u00edsica qu\u00e0ntica i descobrir quantes noves tecnologies en poden derivar.\u00a0<strong>Uneix-te a la revoluci\u00f3 qu\u00e0ntica!<\/strong><\/p>\n<p style=\"font-weight: 400;\">Et convidem a un viatge pr\u00e0ctic pel m\u00f3n qu\u00e0ntic, on coneixer\u00e0s les regles b\u00e0siques de la f\u00edsica qu\u00e0ntica per entendre com aquestes ens poden ajudar a construir les tecnologies del futur.<\/p>\n<p style=\"font-weight: 400;\">Si tens entre 15 i 18 anys, no deixis passar aquesta oportunitat que ofereix\u00a0<a href=\"https:\/\/biysc.org\/biysc_project\/quantum-physics-in-communications-and-cryptography-for-new-technologies\/\" data-saferedirecturl=\"https:\/\/www.google.com\/url?q=https:\/\/biysc.org\/biysc_project\/quantum-physics-in-communications-and-cryptography-for-new-technologies\/&amp;source=gmail&amp;ust=1767944118982000&amp;usg=AOvVaw0loZdkm0v0HSvCNoJNuK06\">BIYSC<\/a>, un programa d\u2019estiu internacional organitzat per la Fundaci\u00f3 Catalunya La Pedrera.<\/p>\n","protected":false},"excerpt":{"rendered":"<p>Des de l&#8217;IFCO ofereixen per a estudiants del segon cicle de l\u2019ESO, de batxillerat i cicles formatius, dues activitats formatives : Celebrem la fot\u00f2nica al Young Photonics Congress! Vine a la propera edici\u00f3 del\u00a0Young Photonics Congress, un\u00a0congr\u00e9s cient\u00edfic\u00a0organitzat per l\u2019ICFO on els\u00a0estudiants d\u2019ESO, batxillerat i cicles formatius\u00a0s\u00f3n els veritables protagonistes. Els estudiants tindran l\u2019oportunitat de\u00a0presentar [&hellip;]<\/p>\n","protected":false},"author":7,"featured_media":21691,"comment_status":"open","ping_status":"open","sticky":false,"template":"","format":"standard","meta":{"_bbp_topic_count":0,"_bbp_reply_count":0,"_bbp_total_topic_count":0,"_bbp_total_reply_count":0,"_bbp_voice_count":0,"_bbp_anonymous_reply_count":0,"_bbp_topic_count_hidden":0,"_bbp_reply_count_hidden":0,"_bbp_forum_subforum_count":0,"site-sidebar-layout":"default","site-content-layout":"","ast-site-content-layout":"default","site-content-style":"default","site-sidebar-style":"default","ast-global-header-display":"","ast-banner-title-visibility":"","ast-main-header-display":"","ast-hfb-above-header-display":"","ast-hfb-below-header-display":"","ast-hfb-mobile-header-display":"","site-post-title":"","ast-breadcrumbs-content":"","ast-featured-img":"","footer-sml-layout":"","theme-transparent-header-meta":"default","adv-header-id-meta":"","stick-header-meta":"","header-above-stick-meta":"","header-main-stick-meta":"","header-below-stick-meta":"","astra-migrate-meta-layouts":"set","ast-page-background-enabled":"default","ast-page-background-meta":{"desktop":{"background-color":"var(--ast-global-color-4)","background-image":"","background-repeat":"repeat","background-position":"center center","background-size":"auto","background-attachment":"scroll","background-type":"","background-media":"","overlay-type":"","overlay-color":"","overlay-opacity":"","overlay-gradient":""},"tablet":{"background-color":"","background-image":"","background-repeat":"repeat","background-position":"center center","background-size":"auto","background-attachment":"scroll","background-type":"","background-media":"","overlay-type":"","overlay-color":"","overlay-opacity":"","overlay-gradient":""},"mobile":{"background-color":"","background-image":"","background-repeat":"repeat","background-position":"center center","background-size":"auto","background-attachment":"scroll","background-type":"","background-media":"","overlay-type":"","overlay-color":"","overlay-opacity":"","overlay-gradient":""}},"ast-content-background-meta":{"desktop":{"background-color":"var(--ast-global-color-5)","background-image":"","background-repeat":"repeat","background-position":"center center","background-size":"auto","background-attachment":"scroll","background-type":"","background-media":"","overlay-type":"","overlay-color":"","overlay-opacity":"","overlay-gradient":""},"tablet":{"background-color":"var(--ast-global-color-5)","background-image":"","background-repeat":"repeat","background-position":"center center","background-size":"auto","background-attachment":"scroll","background-type":"","background-media":"","overlay-type":"","overlay-color":"","overlay-opacity":"","overlay-gradient":""},"mobile":{"background-color":"var(--ast-global-color-5)","background-image":"","background-repeat":"repeat","background-position":"center center","background-size":"auto","background-attachment":"scroll","background-type":"","background-media":"","overlay-type":"","overlay-color":"","overlay-opacity":"","overlay-gradient":""}},"footnotes":""},"categories":[376,29,422,521],"tags":[],"class_list":["post-21690","post","type-post","status-publish","format-standard","has-post-thumbnail","hentry","category-formacio","category-portada","category-secundaria","category-steam"],"post_mailing_queue_ids":[],"_links":{"self":[{"href":"https:\/\/serveiseducatius.xtec.cat\/baixpenedes\/wp-json\/wp\/v2\/posts\/21690","targetHints":{"allow":["GET"]}}],"collection":[{"href":"https:\/\/serveiseducatius.xtec.cat\/baixpenedes\/wp-json\/wp\/v2\/posts"}],"about":[{"href":"https:\/\/serveiseducatius.xtec.cat\/baixpenedes\/wp-json\/wp\/v2\/types\/post"}],"author":[{"embeddable":true,"href":"https:\/\/serveiseducatius.xtec.cat\/baixpenedes\/wp-json\/wp\/v2\/users\/7"}],"replies":[{"embeddable":true,"href":"https:\/\/serveiseducatius.xtec.cat\/baixpenedes\/wp-json\/wp\/v2\/comments?post=21690"}],"version-history":[{"count":1,"href":"https:\/\/serveiseducatius.xtec.cat\/baixpenedes\/wp-json\/wp\/v2\/posts\/21690\/revisions"}],"predecessor-version":[{"id":21692,"href":"https:\/\/serveiseducatius.xtec.cat\/baixpenedes\/wp-json\/wp\/v2\/posts\/21690\/revisions\/21692"}],"wp:featuredmedia":[{"embeddable":true,"href":"https:\/\/serveiseducatius.xtec.cat\/baixpenedes\/wp-json\/wp\/v2\/media\/21691"}],"wp:attachment":[{"href":"https:\/\/serveiseducatius.xtec.cat\/baixpenedes\/wp-json\/wp\/v2\/media?parent=21690"}],"wp:term":[{"taxonomy":"category","embeddable":true,"href":"https:\/\/serveiseducatius.xtec.cat\/baixpenedes\/wp-json\/wp\/v2\/categories?post=21690"},{"taxonomy":"post_tag","embeddable":true,"href":"https:\/\/serveiseducatius.xtec.cat\/baixpenedes\/wp-json\/wp\/v2\/tags?post=21690"}],"curies":[{"name":"wp","href":"https:\/\/api.w.org\/{rel}","templated":true}]}}