{"id":21584,"date":"2025-12-10T10:48:06","date_gmt":"2025-12-10T09:48:06","guid":{"rendered":"https:\/\/serveiseducatius.xtec.cat\/baixpenedes\/?p=21584"},"modified":"2025-12-10T10:49:38","modified_gmt":"2025-12-10T09:49:38","slug":"oferta-formativa-idp-ub","status":"publish","type":"post","link":"https:\/\/serveiseducatius.xtec.cat\/baixpenedes\/xerrades\/portada\/oferta-formativa-idp-ub\/","title":{"rendered":"OFERTA FORMATIVA IDP-UB"},"content":{"rendered":"<div>Us informem que ja teniu disponible la nova oferta formativa del 2n trimestre 2025-2026 de l\u2019Institut de Desenvolupament Professional (UB). Es tracta de propostes gratu\u00eftes pensades per donar suport a la tasca docent, amb cursos pr\u00e0ctics, actualitzats i centrats en els reptes educatius actuals.<\/div>\n<div>Podeu consultar tota l\u2019oferta i fer la inscripci\u00f3 a trav\u00e9s del web:<br \/>\n<img decoding=\"async\" class=\"an1\" draggable=\"false\" src=\"https:\/\/fonts.gstatic.com\/s\/e\/notoemoji\/16.0\/1f449\/32.png\" alt=\"\ud83d\udc49\" data-emoji=\"\ud83d\udc49\" aria-label=\"\ud83d\udc49\" \/>\u00a0<u><a id=\"m_878715683964599984OWAd89022ed-52d1-058b-9f79-9e03b83dd997\" href=\"https:\/\/www.ub.edu\/idp\/web\/ca\/cursos\/2ntri202526?utm_source=chatgpt.com\" target=\"_blank\" rel=\"noopener\" data-saferedirecturl=\"https:\/\/www.google.com\/url?q=https:\/\/www.ub.edu\/idp\/web\/ca\/cursos\/2ntri202526?utm_source%3Dchatgpt.com&amp;source=gmail&amp;ust=1765445969995000&amp;usg=AOvVaw2A5TLzqQ4tf-5a2_i_kQUJ\">https:\/\/www.ub.edu\/idp\/web\/ca\/<wbr \/>cursos\/2ntri202526<\/a><\/u><\/div>\n<div>\n<table>\n<thead>\n<tr>\n<th colspan=\"4\"><img loading=\"lazy\" decoding=\"async\" class=\"align-center\" src=\"https:\/\/www.ub.edu\/idp\/web\/sites\/default\/files\/docs\/cursos\/Copia%20de%20Post%20horitzontal%20IPSFP.png\" alt=\"d\" width=\"453\" height=\"255\" data-entity-type=\"\" data-entity-uuid=\"\" \/><\/th>\n<\/tr>\n<tr>\n<th>Curs<\/th>\n<th>Persona formadora<\/th>\n<th>Calendari<\/th>\n<th>Enlla\u00e7 de matr\u00edcula<\/th>\n<\/tr>\n<\/thead>\n<tbody>\n<tr>\n<td><a href=\"https:\/\/www.ub.edu\/idp\/web\/ca\/cursos\/2ntri202526\/geo\">GeoGebra i STEaM: Situacions d&#8217;aprenentatge a l&#8217;aula\u00a0<\/a><\/td>\n<td>Xavier Esp\u00e0rrech i Bernat Ancochea<\/td>\n<td>20 i 27 de gener i 3, 10 i 17 de febrer, de 17 a 20 h<\/td>\n<td><a href=\"https:\/\/aplicacions.ensenyament.gencat.cat\/pls\/soloas\/pk_for_mod_ins.p_for_cons_activitats?p_any=2025-2026&amp;p_codi=9000340011\">Formulari de matr\u00edcula<\/a><\/td>\n<\/tr>\n<tr>\n<td><a href=\"https:\/\/www.ub.edu\/idp\/web\/ca\/cursos\/2ntri202526\/bio\">Reptes actuals en Biomedicina<\/a><\/td>\n<td>Irene Fern\u00e1ndez-Duran<\/td>\n<td>26 de gener, 2, 9 i 23 de febrer, 2 i 9 de mar\u00e7, de 18 a 20.30 h<\/td>\n<td><a href=\"https:\/\/aplicacions.ensenyament.gencat.cat\/pls\/soloas\/pk_for_mod_ins.p_for_cons_activitats?p_any=2025-2026&amp;p_codi=9000350011\">Formulari de matr\u00edcula\u00a0per docents departament<\/a><\/p>\n<p><a href=\"https:\/\/www.ub.edu\/gidp-matice\/faces\/formatice?curs=67941\">Formulari de matr\u00edcula per la resta de docents<\/a><\/td>\n<\/tr>\n<tr>\n<td><a href=\"https:\/\/www.ub.edu\/idp\/web\/ca\/cursos\/2ntri202526\/relfam\">Relaci\u00f3 amb les fam\u00edlies. Recursos i estrat\u00e8gies per enfocar les entrevistes<\/a><\/td>\n<td>Elisabet Giner<\/td>\n<td>26 de gener, 2, 9, 16 i 23 de febrer, i 2, 9 i 16 de mar\u00e7, de 17.30 a 20 h<\/td>\n<td><a href=\"https:\/\/aplicacions.ensenyament.gencat.cat\/pls\/soloas\/pk_for_mod_ins.p_for_cons_activitats?p_any=2025-2026&amp;p_codi=9000320011\">Formulari de matr\u00edcula<\/a><\/td>\n<\/tr>\n<tr>\n<td><a href=\"https:\/\/www.ub.edu\/idp\/web\/ca\/cursos\/2ntri202526\/use\">Teachers in Use: Strategies for Secondary and Upper Secondary<\/a><\/td>\n<td>Ana Mar\u00eda Fuentes\u00a0 i\u00a0Ester Magriny\u00e0<\/td>\n<td>\u00a0 \u00a0 22 i 29 de gener,\u00a0 \u00a0 5, 12,19 i 26 de febrer, 5, 12, 19 i 26 de mar\u00e7, de 18 a 20 h<\/td>\n<td><a href=\"https:\/\/aplicacions.gestioeducativa.gencat.cat\/ords\/pls\/soloas\/pk_for_mod_ins.p_for_cons_activitats?p_any=2025-2026&amp;p_codi=9000400011\">Formulari de matr\u00edcula<\/a><\/td>\n<\/tr>\n<tr>\n<td><a href=\"https:\/\/www.ub.edu\/idp\/web\/ca\/cursos\/2ntri202526\/cnv\">Introducci\u00f3 a la comunicaci\u00f3 no violenta per a la pr\u00e0ctica docent<\/a><\/td>\n<td>Idoia Hern\u00e1iz<\/td>\n<td>4,\u00a018 i\u00a025 de febrer, 4 i 25 de mar\u00e7, de 17 a 19.30 h<\/td>\n<td><a href=\"https:\/\/aplicacions.ensenyament.gencat.cat\/pls\/soloas\/pk_for_mod_ins.p_for_cons_activitats?p_any=2025-2026&amp;p_codi=9000330011\">Formulari de matr\u00edcula<\/a><\/td>\n<\/tr>\n<tr>\n<td><a href=\"https:\/\/www.ub.edu\/idp\/web\/ca\/cursos\/2ntri202526\/memoria\">Recordar per no oblidar mai. La mem\u00f2ria democr\u00e0tica a l&#8217;aula<\/a><\/td>\n<td>Veure programa<\/td>\n<td>12, 19, 26 de febrer, 5, 12, 19 i 26 de mar\u00e7, 9, 16 i 30 d\u2019abril i 7, 14 i 21 de maig, de 16.30 a 18.30 h<\/td>\n<td><a href=\"https:\/\/aplicacions.ensenyament.gencat.cat\/pls\/soloas\/pk_for_mod_ins.p_for_cons_activitats?p_any=2025-2026&amp;p_codi=9000390011\">Formulari de matr\u00edcula<\/a><\/td>\n<\/tr>\n<tr>\n<td><a href=\"https:\/\/www.ub.edu\/idp\/web\/ca\/cursos\/2ntri202526\/sharin\">Teachers in Use SharinGemeinsam. Sharing Experiences (ed. 5)<\/a><\/td>\n<td>Ana Mar\u00eda Fuentes,\u00a0Ester Magriny\u00e0,\u00a0M\u00f2nica Pena i\u00a0Mariola Puig<\/td>\n<td>6, 11, 18, 20 i 27 de febrer, de 18 a 19.30 h<\/td>\n<td><a href=\"https:\/\/aplicacions.gestioeducativa.gencat.cat\/ords\/pls\/soloas\/pk_for_mod_ins.p_for_cons_activitats?p_any=2025-2026&amp;p_codi=9000430011\">Formulari de matr\u00edcula<\/a><\/td>\n<\/tr>\n<tr>\n<td><a href=\"https:\/\/www.ub.edu\/idp\/web\/ca\/cursos\/2ntri202526\/risc\">Com podem crear espais de benestar per a adolescents en risc<\/a><\/td>\n<td>\u00c0gueda Selfa<\/td>\n<td>9 de febrer, de<br \/>\n18 a 19 h<\/td>\n<td><a href=\"https:\/\/aplicacions.ensenyament.gencat.cat\/pls\/soloas\/pk_for_mod_ins.p_for_cons_activitats?p_any=2025-2026&amp;p_codi=9000370011\">Formulari de matr\u00edcula\u00a0per docents departament<\/a><\/p>\n<p><a href=\"https:\/\/www.ub.edu\/gidp-matice\/faces\/formatice?curs=67920\">Formulari de matr\u00edcula per la resta de docents<\/a><\/td>\n<\/tr>\n<tr>\n<td><a href=\"https:\/\/www.ub.edu\/idp\/web\/ca\/cursos\/2ntri202526\/dua\">Estrat\u00e8gies DUA i mesures universals per promoure la inclusi\u00f3 i el benestar a les aules d\u2019infantil i prim\u00e0ria<\/a><\/td>\n<td>Marta Montesinos<\/td>\n<td>\u00a011, 18, 25 de febrer, 4, 11 i 18 de mar\u00e7, i 8 i 15 d\u2019abril, de 17.30 a 20 h<\/td>\n<td><a href=\"https:\/\/aplicacions.ensenyament.gencat.cat\/pls\/soloas\/pk_for_mod_ins.p_for_cons_activitats?p_any=2025-2026&amp;p_codi=9000380011\">Formulari de matr\u00edcula<\/a><\/td>\n<\/tr>\n<tr>\n<td><a href=\"https:\/\/www.ub.edu\/idp\/web\/ca\/cursos\/2ntri202526\/aules\">Aules inclusives. Adaptacions i estrat\u00e8gies entorn de les dificultats de comunicaci\u00f3 i llenguatge<\/a><\/td>\n<td>Cristina Aulet<\/td>\n<td>4, 11, 18 i 25 de febrer, 4 i 11 de mar\u00e7, 18 a 20 h<\/td>\n<td><a href=\"https:\/\/aplicacions.ensenyament.gencat.cat\/pls\/soloas\/pk_for_mod_ins.p_for_cons_activitats?p_any=2025-2026&amp;p_codi=9000410011\">Formulari de matr\u00edcula<\/a><\/td>\n<\/tr>\n<tr>\n<td><a href=\"https:\/\/www.ub.edu\/idp\/web\/ca\/cursos\/2ntri202526\/dades\">De les dades a les conclusions: l\u2019estad\u00edstica al treball de recerca\u00a0<\/a><\/td>\n<td>Guadalupe G\u00f3mez,\u00a0Concepci\u00f3n Arenas,\u00a0Antonio Mi\u00f1arro i\u00a0N\u00faria P\u00e9rez<\/td>\n<td>2 i 9 de mar\u00e7 de 2026 de 17 a 19:30 h<\/td>\n<td><a href=\"https:\/\/aplicacions.ensenyament.gencat.cat\/pls\/soloas\/pk_for_mod_ins.p_for_cons_activitats?p_any=2025-2026&amp;p_codi=9000360011\">Formulari de matr\u00edcula<\/a><\/td>\n<\/tr>\n<tr>\n<td><a href=\"https:\/\/www.ub.edu\/idp\/web\/ca\/cursos\/2ntri202526\/ia\">Coneixem la IA i les seves aplicacions educatives<\/a><\/td>\n<td>Crisol F\u00e0brega<\/td>\n<td>5 i 19 de febrer, 5 i 12 de mar\u00e7, de 18 a 20.30 h<\/td>\n<td><a href=\"https:\/\/aplicacions.ensenyament.gencat.cat\/pls\/soloas\/pk_for_mod_ins.p_for_cons_activitats?p_any=2025-2026&amp;p_codi=9000420011\">Formulari de matr\u00edcula<\/a><\/td>\n<\/tr>\n<tr>\n<td>Jornada Parlar llegir i escriure<\/td>\n<td>Veure programa<\/td>\n<td>19 i 20 de febrer,\u00a0a les 17 h<br \/>\n21 de febrer de 2026,\u00a0a les 9 h<\/td>\n<td>Pr\u00f2ximament<\/td>\n<\/tr>\n<\/tbody>\n<\/table>\n<p>&nbsp;<\/p>\n<\/div>\n<div id=\"m_878715683964599984x_WACViewPanel_ClipboardElement\">\n<div>Tamb\u00e9 l\u2019IDP de la Universitat de Barcelona col\u00b7labora en el disseny i la promoci\u00f3 de\u00a0<b>microcredencials\u00a0<wbr \/>universit\u00e0ries<\/b>. S\u00f3n cursos de pagament en qu\u00e8 es treballen compet\u00e8ncies espec\u00edfiques que permeten adaptar-se a un nou m\u00f3n VICA (volatilitat, incertesa, complexitat i ambig\u00fcitat). En concret hem dissenyat aquestes:<\/div>\n<ul>\n<li>\n<div role=\"presentation\"><b><u><a id=\"m_878715683964599984OWA9a398bcc-990f-fd09-51e5-4547e3fd7e33\" href=\"https:\/\/urldefense.com\/v3\/__https:\/idp-iceub.cmail20.com\/t\/d-i-gtlukiy-l-r\/__;!!D9dNQwwGXtA!RvP-uzi_4r7MTpC7I_dGrJW-f7bhdkc_VhflpojbO7PGHugAA_KoTRyY_QohF96D1Iitri-XXJ3NNt_c8aBRTo_B$\" target=\"_blank\" rel=\"noopener\" data-saferedirecturl=\"https:\/\/www.google.com\/url?q=https:\/\/urldefense.com\/v3\/__https:\/idp-iceub.cmail20.com\/t\/d-i-gtlukiy-l-r\/__;!!D9dNQwwGXtA!RvP-uzi_4r7MTpC7I_dGrJW-f7bhdkc_VhflpojbO7PGHugAA_KoTRyY_QohF96D1Iitri-XXJ3NNt_c8aBRTo_B$&amp;source=gmail&amp;ust=1765445969995000&amp;usg=AOvVaw0UZO0o4gT5BA-zaFtjpwuf\">Aprendre a Llegir i a Escriure en Contextos Multiling\u00fces i Multiculturals<\/a><\/u><\/b><\/div>\n<\/li>\n<li>\n<div role=\"presentation\"><b><u><a id=\"m_878715683964599984OWA0b326438-a74c-5dba-2d7a-31c02526c2f0\" href=\"https:\/\/urldefense.com\/v3\/__https:\/idp-iceub.cmail20.com\/t\/d-i-gtlukiy-l-y\/__;!!D9dNQwwGXtA!RvP-uzi_4r7MTpC7I_dGrJW-f7bhdkc_VhflpojbO7PGHugAA_KoTRyY_QohF96D1Iitri-XXJ3NNt_c8a9gm-EW$\" target=\"_blank\" rel=\"noopener\" data-saferedirecturl=\"https:\/\/www.google.com\/url?q=https:\/\/urldefense.com\/v3\/__https:\/idp-iceub.cmail20.com\/t\/d-i-gtlukiy-l-y\/__;!!D9dNQwwGXtA!RvP-uzi_4r7MTpC7I_dGrJW-f7bhdkc_VhflpojbO7PGHugAA_KoTRyY_QohF96D1Iitri-XXJ3NNt_c8a9gm-EW$&amp;source=gmail&amp;ust=1765445969995000&amp;usg=AOvVaw36c8RPYofwurvhqIlpNzL6\">Ci\u00e8ncia Cr\u00edtica: Ensenyar Biologia i Geologia amb Evid\u00e8ncies<\/a><\/u><\/b><\/div>\n<\/li>\n<li>\n<div role=\"presentation\"><b><u><a id=\"m_878715683964599984OWA1a599412-9e31-23eb-233d-c2eb4a6d5fa2\" href=\"https:\/\/urldefense.com\/v3\/__https:\/idp-iceub.cmail20.com\/t\/d-i-gtlukiy-l-j\/__;!!D9dNQwwGXtA!RvP-uzi_4r7MTpC7I_dGrJW-f7bhdkc_VhflpojbO7PGHugAA_KoTRyY_QohF96D1Iitri-XXJ3NNt_c8WH-Q81y$\" target=\"_blank\" rel=\"noopener\" data-saferedirecturl=\"https:\/\/www.google.com\/url?q=https:\/\/urldefense.com\/v3\/__https:\/idp-iceub.cmail20.com\/t\/d-i-gtlukiy-l-j\/__;!!D9dNQwwGXtA!RvP-uzi_4r7MTpC7I_dGrJW-f7bhdkc_VhflpojbO7PGHugAA_KoTRyY_QohF96D1Iitri-XXJ3NNt_c8WH-Q81y$&amp;source=gmail&amp;ust=1765445969995000&amp;usg=AOvVaw0JGam4FKmvlfkT7Poeqr9i\">Claus per Respondre a la Reacci\u00f3 Antifeminista \u2014\u202f<\/a><\/u><\/b><u><a id=\"m_878715683964599984OWA0704344d-3c64-e928-0d23-1e213754fba8\" href=\"https:\/\/urldefense.com\/v3\/__https:\/idp-iceub.cmail20.com\/t\/d-i-gtlukiy-l-d\/__;!!D9dNQwwGXtA!RvP-uzi_4r7MTpC7I_dGrJW-f7bhdkc_VhflpojbO7PGHugAA_KoTRyY_QohF96D1Iitri-XXJ3NNt_c8aJQjOtg$\" target=\"_blank\" rel=\"noopener\" data-saferedirecturl=\"https:\/\/www.google.com\/url?q=https:\/\/urldefense.com\/v3\/__https:\/idp-iceub.cmail20.com\/t\/d-i-gtlukiy-l-d\/__;!!D9dNQwwGXtA!RvP-uzi_4r7MTpC7I_dGrJW-f7bhdkc_VhflpojbO7PGHugAA_KoTRyY_QohF96D1Iitri-XXJ3NNt_c8aJQjOtg$&amp;source=gmail&amp;ust=1765445969995000&amp;usg=AOvVaw3HWl7fXersjs7FRPAkLUzq\">\u202f<\/a><\/u><b><u><a id=\"m_878715683964599984OWA61801b75-b248-f82a-82be-7f2241013f8b\" href=\"https:\/\/urldefense.com\/v3\/__https:\/idp-iceub.cmail20.com\/t\/d-i-gtlukiy-l-h\/__;!!D9dNQwwGXtA!RvP-uzi_4r7MTpC7I_dGrJW-f7bhdkc_VhflpojbO7PGHugAA_KoTRyY_QohF96D1Iitri-XXJ3NNt_c8Q57hvvE$\" target=\"_blank\" rel=\"noopener\" data-saferedirecturl=\"https:\/\/www.google.com\/url?q=https:\/\/urldefense.com\/v3\/__https:\/idp-iceub.cmail20.com\/t\/d-i-gtlukiy-l-h\/__;!!D9dNQwwGXtA!RvP-uzi_4r7MTpC7I_dGrJW-f7bhdkc_VhflpojbO7PGHugAA_KoTRyY_QohF96D1Iitri-XXJ3NNt_c8Q57hvvE$&amp;source=gmail&amp;ust=1765445969995000&amp;usg=AOvVaw1dg5cr4q0vZm7I_Ox2j_bJ\">Com Funciona la Manosfera<\/a><\/u><\/b><u>\u202f<\/u><\/div>\n<\/li>\n<li>\n<div role=\"presentation\"><b><u><a id=\"m_878715683964599984OWAfdba9ae3-3947-b208-1286-1f6523d3095e\" href=\"https:\/\/urldefense.com\/v3\/__https:\/idp-iceub.cmail20.com\/t\/d-i-gtlukiy-l-k\/__;!!D9dNQwwGXtA!RvP-uzi_4r7MTpC7I_dGrJW-f7bhdkc_VhflpojbO7PGHugAA_KoTRyY_QohF96D1Iitri-XXJ3NNt_c8Zxdsi8X$\" target=\"_blank\" rel=\"noopener\" data-saferedirecturl=\"https:\/\/www.google.com\/url?q=https:\/\/urldefense.com\/v3\/__https:\/idp-iceub.cmail20.com\/t\/d-i-gtlukiy-l-k\/__;!!D9dNQwwGXtA!RvP-uzi_4r7MTpC7I_dGrJW-f7bhdkc_VhflpojbO7PGHugAA_KoTRyY_QohF96D1Iitri-XXJ3NNt_c8Zxdsi8X$&amp;source=gmail&amp;ust=1765445969995000&amp;usg=AOvVaw3r62w9zuPH6V54y020Z8ac\">Gesti\u00f3 de la Diversitat Cultural en l&#8217;Educaci\u00f3 i Altres Sectors Professionals<\/a><\/u><\/b><\/div>\n<\/li>\n<\/ul>\n<div>\u202f\u202fS\u00f3n cursos de 75 hores, subvencionats en el 70 % per la Universitat de Barcelona, el 30 % els ha de pagar cada participant, s\u00f3n uns 100 \u20ac, equivalen a 3 cr\u00e8dits i s\u00f3n v\u00e0lids a tota Europa.<\/div>\n<div><\/div>\n<div>Qualsevol consulta, podeu contactar a trav\u00e9s del correu electr\u00f2nic <u><a id=\"m_878715683964599984OWAae95687f-4f5f-cc17-e2bb-9955536cdd6a\" href=\"mailto:idp.cursos@ub.edu\" target=\"_blank\" rel=\"noopener\">idp.cursos@ub.edu<\/a><\/u>\u00a0.<\/div>\n<\/div>\n","protected":false},"excerpt":{"rendered":"<p>Us informem que ja teniu disponible la nova oferta formativa del 2n trimestre 2025-2026 de l\u2019Institut de Desenvolupament Professional (UB). Es tracta de propostes gratu\u00eftes pensades per donar suport a la tasca docent, amb cursos pr\u00e0ctics, actualitzats i centrats en els reptes educatius actuals. Podeu consultar tota l\u2019oferta i fer la inscripci\u00f3 a trav\u00e9s del [&hellip;]<\/p>\n","protected":false},"author":7,"featured_media":21585,"comment_status":"open","ping_status":"open","sticky":false,"template":"","format":"standard","meta":{"_bbp_topic_count":0,"_bbp_reply_count":0,"_bbp_total_topic_count":0,"_bbp_total_reply_count":0,"_bbp_voice_count":0,"_bbp_anonymous_reply_count":0,"_bbp_topic_count_hidden":0,"_bbp_reply_count_hidden":0,"_bbp_forum_subforum_count":0,"site-sidebar-layout":"default","site-content-layout":"","ast-site-content-layout":"default","site-content-style":"default","site-sidebar-style":"default","ast-global-header-display":"","ast-banner-title-visibility":"","ast-main-header-display":"","ast-hfb-above-header-display":"","ast-hfb-below-header-display":"","ast-hfb-mobile-header-display":"","site-post-title":"","ast-breadcrumbs-content":"","ast-featured-img":"","footer-sml-layout":"","theme-transparent-header-meta":"default","adv-header-id-meta":"","stick-header-meta":"","header-above-stick-meta":"","header-main-stick-meta":"","header-below-stick-meta":"","astra-migrate-meta-layouts":"set","ast-page-background-enabled":"default","ast-page-background-meta":{"desktop":{"background-color":"var(--ast-global-color-4)","background-image":"","background-repeat":"repeat","background-position":"center center","background-size":"auto","background-attachment":"scroll","background-type":"","background-media":"","overlay-type":"","overlay-color":"","overlay-opacity":"","overlay-gradient":""},"tablet":{"background-color":"","background-image":"","background-repeat":"repeat","background-position":"center center","background-size":"auto","background-attachment":"scroll","background-type":"","background-media":"","overlay-type":"","overlay-color":"","overlay-opacity":"","overlay-gradient":""},"mobile":{"background-color":"","background-image":"","background-repeat":"repeat","background-position":"center center","background-size":"auto","background-attachment":"scroll","background-type":"","background-media":"","overlay-type":"","overlay-color":"","overlay-opacity":"","overlay-gradient":""}},"ast-content-background-meta":{"desktop":{"background-color":"var(--ast-global-color-5)","background-image":"","background-repeat":"repeat","background-position":"center center","background-size":"auto","background-attachment":"scroll","background-type":"","background-media":"","overlay-type":"","overlay-color":"","overlay-opacity":"","overlay-gradient":""},"tablet":{"background-color":"var(--ast-global-color-5)","background-image":"","background-repeat":"repeat","background-position":"center center","background-size":"auto","background-attachment":"scroll","background-type":"","background-media":"","overlay-type":"","overlay-color":"","overlay-opacity":"","overlay-gradient":""},"mobile":{"background-color":"var(--ast-global-color-5)","background-image":"","background-repeat":"repeat","background-position":"center center","background-size":"auto","background-attachment":"scroll","background-type":"","background-media":"","overlay-type":"","overlay-color":"","overlay-opacity":"","overlay-gradient":""}},"footnotes":""},"categories":[417,376,29,529,422],"tags":[],"class_list":["post-21584","post","type-post","status-publish","format-standard","has-post-thumbnail","hentry","category-cursos","category-formacio","category-portada","category-primaria","category-secundaria"],"post_mailing_queue_ids":[],"_links":{"self":[{"href":"https:\/\/serveiseducatius.xtec.cat\/baixpenedes\/wp-json\/wp\/v2\/posts\/21584","targetHints":{"allow":["GET"]}}],"collection":[{"href":"https:\/\/serveiseducatius.xtec.cat\/baixpenedes\/wp-json\/wp\/v2\/posts"}],"about":[{"href":"https:\/\/serveiseducatius.xtec.cat\/baixpenedes\/wp-json\/wp\/v2\/types\/post"}],"author":[{"embeddable":true,"href":"https:\/\/serveiseducatius.xtec.cat\/baixpenedes\/wp-json\/wp\/v2\/users\/7"}],"replies":[{"embeddable":true,"href":"https:\/\/serveiseducatius.xtec.cat\/baixpenedes\/wp-json\/wp\/v2\/comments?post=21584"}],"version-history":[{"count":2,"href":"https:\/\/serveiseducatius.xtec.cat\/baixpenedes\/wp-json\/wp\/v2\/posts\/21584\/revisions"}],"predecessor-version":[{"id":21587,"href":"https:\/\/serveiseducatius.xtec.cat\/baixpenedes\/wp-json\/wp\/v2\/posts\/21584\/revisions\/21587"}],"wp:featuredmedia":[{"embeddable":true,"href":"https:\/\/serveiseducatius.xtec.cat\/baixpenedes\/wp-json\/wp\/v2\/media\/21585"}],"wp:attachment":[{"href":"https:\/\/serveiseducatius.xtec.cat\/baixpenedes\/wp-json\/wp\/v2\/media?parent=21584"}],"wp:term":[{"taxonomy":"category","embeddable":true,"href":"https:\/\/serveiseducatius.xtec.cat\/baixpenedes\/wp-json\/wp\/v2\/categories?post=21584"},{"taxonomy":"post_tag","embeddable":true,"href":"https:\/\/serveiseducatius.xtec.cat\/baixpenedes\/wp-json\/wp\/v2\/tags?post=21584"}],"curies":[{"name":"wp","href":"https:\/\/api.w.org\/{rel}","templated":true}]}}