{"id":21485,"date":"2025-11-25T10:46:53","date_gmt":"2025-11-25T09:46:53","guid":{"rendered":"https:\/\/serveiseducatius.xtec.cat\/baixpenedes\/?p=21485"},"modified":"2025-12-02T12:45:34","modified_gmt":"2025-12-02T11:45:34","slug":"xxii-jornades-internacionals-dinvestigacio-en-didactica-de-les-c-socials","status":"publish","type":"post","link":"https:\/\/serveiseducatius.xtec.cat\/baixpenedes\/xerrades\/portada\/xxii-jornades-internacionals-dinvestigacio-en-didactica-de-les-c-socials\/","title":{"rendered":"XXII JORNADES INTERNACIONALS D&#8217;INVESTIGACI\u00d3 EN DID\u00c0CTICA DE LES C. SOCIALS"},"content":{"rendered":"<p>Les jornades porten per t\u00edtol : La Formaci\u00f3 del Pensament Cr\u00edtic en la Societat de la Desinformaci\u00f3.En aquestes dates celebrarem les XXII Jornades Internacionals de Recerca en Did\u00e0ctica de les Ci\u00e8ncies Socials a la Facultat de Ci\u00e8ncies de l&#8217;Educaci\u00f3 de la Universitat Aut\u00f2noma de Barcelona. Jornades organitzades pel grup GREDICS, amb el suport del M\u00e0ster de Recerca en Educaci\u00f3 i del Programa de Doctorat en Educaci\u00f3. El tema central de les jornades \u00e9s la formaci\u00f3 del pensament cr\u00edtic, com un dels principals objectius de l&#8217;ensenyament de les ci\u00e8ncies socials, per donar resposta a la societat que Guy Debord va anunciar com a \u201csocietat de l&#8217;espectacle\u201d i que, actualment, altres autors han definit com a societat de la desinformaci\u00f3, de la ignor\u00e0ncia o de la incultura\u2026 Com a docents sabem que sense pensament cr\u00edtic no hi ha educaci\u00f3. Una persona no est\u00e0 ben educada si no \u00e9s capa\u00e7 d&#8217;argumentar sobre els problemes del seu m\u00f3n, identificar la intencionalitat de qualsevol relat o descobrir la mentida o la manipulaci\u00f3. Tamb\u00e9 sabem que sense pensament cr\u00edtic no hi ha una aut\u00e8ntica democr\u00e0cia. La ciutadania ha de ser capa\u00e7 d\u2019identificar les ideologies, promoure la pluralitat, debatre les idees i prendre decisions, i actuar per transformar o millorar la societat. XXII Jornades Internacionals d&#8217;Investigaci\u00f3 en Did\u00e0ctica de les Ci\u00e8ncies Socials<\/p>\n<p>Al voltant d&#8217;aquestes idees es desenvoluparan una s\u00e8rie de pon\u00e8ncies, comunicacions, taules rodones i tallers, tot reflexionant sobre: 1. Formaci\u00f3 del pensament cr\u00edtic davant de la societat de l&#8217;espectacle i la desinformaci\u00f3. 2. Compet\u00e8ncies de Cultura Democr\u00e0tica, Mem\u00f2ria i Consci\u00e8ncia Ciutadana Cr\u00edtica. 3. Relats hegem\u00f2nics, discursos de l&#8217;odi i polaritzaci\u00f3. 4. Construcci\u00f3 de contrarelats per visibilitzar totes les persones i identitats a l&#8217;ensenyament de les ci\u00e8ncies socials. Persones destinat\u00e0ries Les jornades volen obrir un espai ampli de reflexi\u00f3 i debat entre docents de totes les etapes educatives, de l&#8217;educaci\u00f3 formal i no formal, agents educatius d&#8217;entitats i serveis, i investigadors i investigadores que aportin evid\u00e8ncies per a la millora de la pr\u00e0ctica educativa: &#8211; &#8211; &#8211; Professorat d&#8217;ensenyament infantil, prim\u00e0ria, secund\u00e0ria i universit\u00e0ria. Agents de serveis i entitats de suport educatiu. Estudiants amb inter\u00e8s en l&#8217;ensenyament de les Ci\u00e8ncies Socials i l&#8217;Educaci\u00f3 Cr\u00edtica i Democr\u00e0tica.<\/p>\n<p>Organitza: el Grup GREDICS i la Unitat de Did\u00e0ctica de les Ci\u00e8ncies Socials del Departament de Did\u00e0ctica de la Llengua i la Literatura, i de les Ci\u00e8ncies Socials; el M\u00e0ster de Recerca en Educaci\u00f3; el Programa de Doctorat en Educaci\u00f3, i la Facultat de Ci\u00e8ncies de l&#8217;Educaci\u00f3 de la Universitat Aut\u00f2noma de Barcelona.<\/p>\n<p>&nbsp;<\/p>\n<p><img loading=\"lazy\" decoding=\"async\" class=\"alignnone size-full wp-image-21550\" src=\"https:\/\/serveiseducatius.xtec.cat\/baixpenedes\/wp-content\/uploads\/usu764\/2025\/11\/socialss.jpg\" alt=\"\" width=\"629\" height=\"353\" srcset=\"https:\/\/serveiseducatius.xtec.cat\/baixpenedes\/wp-content\/uploads\/usu764\/2025\/11\/socialss.jpg 629w, https:\/\/serveiseducatius.xtec.cat\/baixpenedes\/wp-content\/uploads\/usu764\/2025\/11\/socialss-300x168.jpg 300w\" sizes=\"auto, (max-width: 629px) 100vw, 629px\" \/><\/p>\n<p>&nbsp;<\/p>\n<p>Presentaci\u00f3 de comunicacions Les persones que participin a les jornades podran presentar comunicacions en catal\u00e0, castell\u00e0, franc\u00e8s, portugu\u00e8s o angl\u00e8s. Poden ser experi\u00e8ncies d&#8217;aula, innovacions o recerques en relaci\u00f3 amb qualsevol nivell educatiu. La presentaci\u00f3 de les comunicacions t\u00e9 com a requisit la inscripci\u00f3 en aquestes. Caldr\u00e0 enviar un resum de 300 paraules, abans del 18 de desembre de 2025, d&#8217;acord amb el Model plantilla Enlla\u00e7 per a l\u2019enviament de resums Inscripci\u00f3 Per assistir a les Jornades, cal fer-hi la inscripci\u00f3 i abonar la quota corresponent. El per\u00edode d&#8217;inscripci\u00f3 \u00e9s del 24 de novembre de 2025 fins al 30 de gener de 2026.<\/p>\n<p>M\u00e9s info <a href=\"https:\/\/serveiseducatius.xtec.cat\/baixpenedes\/wp-content\/uploads\/usu764\/2025\/11\/XXII-Jornades-GREDICS-Segona-circular-CAT.pdf\">XXII Jornades GREDICS Segona circular CAT<\/a><\/p>\n","protected":false},"excerpt":{"rendered":"<p>Les jornades porten per t\u00edtol : La Formaci\u00f3 del Pensament Cr\u00edtic en la Societat de la Desinformaci\u00f3.En aquestes dates celebrarem les XXII Jornades Internacionals de Recerca en Did\u00e0ctica de les Ci\u00e8ncies Socials a la Facultat de Ci\u00e8ncies de l&#8217;Educaci\u00f3 de la Universitat Aut\u00f2noma de Barcelona. Jornades organitzades pel grup GREDICS, amb el suport del M\u00e0ster [&hellip;]<\/p>\n","protected":false},"author":7,"featured_media":21487,"comment_status":"open","ping_status":"open","sticky":false,"template":"","format":"standard","meta":{"_bbp_topic_count":0,"_bbp_reply_count":0,"_bbp_total_topic_count":0,"_bbp_total_reply_count":0,"_bbp_voice_count":0,"_bbp_anonymous_reply_count":0,"_bbp_topic_count_hidden":0,"_bbp_reply_count_hidden":0,"_bbp_forum_subforum_count":0,"site-sidebar-layout":"default","site-content-layout":"","ast-site-content-layout":"default","site-content-style":"default","site-sidebar-style":"default","ast-global-header-display":"","ast-banner-title-visibility":"","ast-main-header-display":"","ast-hfb-above-header-display":"","ast-hfb-below-header-display":"","ast-hfb-mobile-header-display":"","site-post-title":"","ast-breadcrumbs-content":"","ast-featured-img":"","footer-sml-layout":"","theme-transparent-header-meta":"default","adv-header-id-meta":"","stick-header-meta":"","header-above-stick-meta":"","header-main-stick-meta":"","header-below-stick-meta":"","astra-migrate-meta-layouts":"set","ast-page-background-enabled":"default","ast-page-background-meta":{"desktop":{"background-color":"var(--ast-global-color-4)","background-image":"","background-repeat":"repeat","background-position":"center center","background-size":"auto","background-attachment":"scroll","background-type":"","background-media":"","overlay-type":"","overlay-color":"","overlay-opacity":"","overlay-gradient":""},"tablet":{"background-color":"","background-image":"","background-repeat":"repeat","background-position":"center center","background-size":"auto","background-attachment":"scroll","background-type":"","background-media":"","overlay-type":"","overlay-color":"","overlay-opacity":"","overlay-gradient":""},"mobile":{"background-color":"","background-image":"","background-repeat":"repeat","background-position":"center center","background-size":"auto","background-attachment":"scroll","background-type":"","background-media":"","overlay-type":"","overlay-color":"","overlay-opacity":"","overlay-gradient":""}},"ast-content-background-meta":{"desktop":{"background-color":"var(--ast-global-color-5)","background-image":"","background-repeat":"repeat","background-position":"center center","background-size":"auto","background-attachment":"scroll","background-type":"","background-media":"","overlay-type":"","overlay-color":"","overlay-opacity":"","overlay-gradient":""},"tablet":{"background-color":"var(--ast-global-color-5)","background-image":"","background-repeat":"repeat","background-position":"center center","background-size":"auto","background-attachment":"scroll","background-type":"","background-media":"","overlay-type":"","overlay-color":"","overlay-opacity":"","overlay-gradient":""},"mobile":{"background-color":"var(--ast-global-color-5)","background-image":"","background-repeat":"repeat","background-position":"center center","background-size":"auto","background-attachment":"scroll","background-type":"","background-media":"","overlay-type":"","overlay-color":"","overlay-opacity":"","overlay-gradient":""}},"footnotes":""},"categories":[375,29,203],"tags":[],"class_list":["post-21485","post","type-post","status-publish","format-standard","has-post-thumbnail","hentry","category-jornades","category-portada","category-xerrades"],"post_mailing_queue_ids":[],"_links":{"self":[{"href":"https:\/\/serveiseducatius.xtec.cat\/baixpenedes\/wp-json\/wp\/v2\/posts\/21485","targetHints":{"allow":["GET"]}}],"collection":[{"href":"https:\/\/serveiseducatius.xtec.cat\/baixpenedes\/wp-json\/wp\/v2\/posts"}],"about":[{"href":"https:\/\/serveiseducatius.xtec.cat\/baixpenedes\/wp-json\/wp\/v2\/types\/post"}],"author":[{"embeddable":true,"href":"https:\/\/serveiseducatius.xtec.cat\/baixpenedes\/wp-json\/wp\/v2\/users\/7"}],"replies":[{"embeddable":true,"href":"https:\/\/serveiseducatius.xtec.cat\/baixpenedes\/wp-json\/wp\/v2\/comments?post=21485"}],"version-history":[{"count":3,"href":"https:\/\/serveiseducatius.xtec.cat\/baixpenedes\/wp-json\/wp\/v2\/posts\/21485\/revisions"}],"predecessor-version":[{"id":21551,"href":"https:\/\/serveiseducatius.xtec.cat\/baixpenedes\/wp-json\/wp\/v2\/posts\/21485\/revisions\/21551"}],"wp:featuredmedia":[{"embeddable":true,"href":"https:\/\/serveiseducatius.xtec.cat\/baixpenedes\/wp-json\/wp\/v2\/media\/21487"}],"wp:attachment":[{"href":"https:\/\/serveiseducatius.xtec.cat\/baixpenedes\/wp-json\/wp\/v2\/media?parent=21485"}],"wp:term":[{"taxonomy":"category","embeddable":true,"href":"https:\/\/serveiseducatius.xtec.cat\/baixpenedes\/wp-json\/wp\/v2\/categories?post=21485"},{"taxonomy":"post_tag","embeddable":true,"href":"https:\/\/serveiseducatius.xtec.cat\/baixpenedes\/wp-json\/wp\/v2\/tags?post=21485"}],"curies":[{"name":"wp","href":"https:\/\/api.w.org\/{rel}","templated":true}]}}