{"id":21390,"date":"2025-11-07T08:55:48","date_gmt":"2025-11-07T07:55:48","guid":{"rendered":"https:\/\/serveiseducatius.xtec.cat\/baixpenedes\/?p=21390"},"modified":"2025-11-07T08:58:07","modified_gmt":"2025-11-07T07:58:07","slug":"concurs-apilo-piles-i-acumuladors-portatils","status":"publish","type":"post","link":"https:\/\/serveiseducatius.xtec.cat\/baixpenedes\/general\/concurs-apilo-piles-i-acumuladors-portatils\/","title":{"rendered":"CONCURS APILO (PILES I ACUMULADORS PORT\u00c0TILS)"},"content":{"rendered":"<p><strong>Quan comen\u00e7a i acaba el concurs?\u00a0<\/strong>El concurs comen\u00e7a el dia\u00a0<strong>15 d\u2019octubre de 2025 i finalitzar\u00e0 el 28 de novembre de 2025<\/strong>.<\/p>\n<p>Les missions ja estan disponibles a la <a href=\"https:\/\/www.apilo.cat\/a-lescola\/\">web APILO<\/a> per a escoles<\/p>\n<p><strong>Qu\u00e8 ha de fer un centre educatiu per participar-hi?<\/strong><\/p>\n<p>Per participar en el concurs cal fer la inscripci\u00f3 utilitzant <strong><a href=\"https:\/\/www.apilo.cat\/\">el formulari d\u2019inscripci\u00f3,<\/a><\/strong> que estar\u00e0 obert del 15 d\u2019octubre de 2025 i es tancar\u00e0 el dia 28 de novembre de 2025, i rebreu un correu de confirmaci\u00f3 que es genera autom\u00e0ticament al correu electr\u00f2nic que heu indicat en el mateix formulari. Encara que l\u2019escola hagi participat en altres edicions cal fer aquesta inscripci\u00f3.<\/p>\n<p><strong>Com pot un centre educatiu optar a una de les activitats que s\u2019ofereixen als participants en el concurs?<\/strong><\/p>\n<p>En el moment de fer la inscripci\u00f3 heu d\u2019indicar que hi voleu optar i indicant el nombre d\u2019alumnes.<\/p>\n<p>El criteri de selecci\u00f3 ser\u00e0 per estricte ordre de petici\u00f3 i amb prioritat per als centres educatius que no hagin rebut l\u2019activitat en edicions anteriors. Les activitats es realitzaran entre l\u20191 de desembre i el 30 de maig de 2026.<\/p>\n<p><strong>Quins premis es donaran en aquesta edici\u00f3?<\/strong><\/p>\n<ul>\n<li>Mil cinc cents euros\u00a0<strong>(1.500 \u20ac)<\/strong>\u00a0per al centre educatiu que reculli m\u00e9s piles i acumuladors port\u00e0tils per alumne de:\u00a0\u00a0<strong>L\u2019\u00c0mbit de Barcelona I\u00a0<\/strong>(Comarques:\u00a0<em>Baix LLobregat, Vall\u00e8s Occidental i Vall\u00e8s Oriental<\/em>).<\/li>\n<li>Mil cinc cents euros\u00a0<strong>(1.500 \u20ac)<\/strong>\u00a0per al centre educatiu que reculli m\u00e9s piles i acumuladors port\u00e0tils per alumne de:\u00a0<strong>L\u2019\u00c0mbit de Barcelona II\u00a0<\/strong>(Comarques:\u00a0<em>Barcelon\u00e8s i Maresme<\/em>).<\/li>\n<li>Mil cinc cents euros\u00a0<strong>(1.500 \u20ac)<\/strong>\u00a0per al centre educatiu que reculli m\u00e9s piles i acumuladors port\u00e0tils per alumne de:\u00a0<strong>L\u2019\u00c0mbit del Camp de Tarragona i Terres de l\u2019Ebre\u00a0<\/strong>(Comarques:\u00a0<em>Alt Camp, Baix Camp, Baix Ebre, Conca de Barber\u00e0, Montsi\u00e0, Priorat, Ribera d\u2019Ebre, Tarragon\u00e8s i Terra Alta<\/em>).<\/li>\n<li><span style=\"text-decoration: underline;\">Mil cinc cents euros\u00a0<strong>(1.500 \u20ac)<\/strong>\u00a0per al centre educatiu que reculli m\u00e9s piles i acumuladors port\u00e0tils per alumne de:\u00a0<strong>L\u2019\u00c0mbit de les comarques Centrals i Pened\u00e8s\u00a0<\/strong>(Comarques:\u00a0<em>Alt Pened\u00e8s, Anoia, Bages, Baix Pened\u00e8s, Bergued\u00e0, Garraf, Llu\u00e7anes, Moian\u00e8s, Osona i Solson\u00e8s<\/em>).<\/span><\/li>\n<li>Mil cinc cents euros\u00a0<strong>(1.500 \u20ac)<\/strong>\u00a0per al centre educatiu que reculli m\u00e9s piles i acumuladors port\u00e0tils per alumne de:\u00a0<strong>L\u2019\u00c0mbit de les comarques Gironines\u00a0<\/strong>(Comarques:\u00a0<em>Alt Empord\u00e0, Baix Empord\u00e0, Garrotxa, Giron\u00e8s, Pla de l\u2019Estany, Ripoll\u00e8s i Selva<\/em>).<\/li>\n<li>Mil cinc cents euros\u00a0<strong>(1.500 \u20ac)<\/strong>\u00a0per al centre educatiu que reculli m\u00e9s piles i acumuladors port\u00e0tils per alumne de:\u00a0<strong>L\u2019\u00c0mbit de Ponent i Alt Pirineu \u2013 Aran<\/strong>\u00a0(Comarques:\u00a0<em>Alt Urgell, Alta Ribagor\u00e7a, Cerdanya, Garrigues, Noguera, Pallars Juss\u00e0, Pallars Sobir\u00e0, Pla d\u2019Urgell, Segarra, Segri\u00e0, Urgell i Val d\u2019Aran<\/em>).<\/li>\n<li>Mil cinc cents euros\u00a0<strong>(1.500 \u20ac)<\/strong>\u00a0al centre educatiu que\u00a0<strong>reculli m\u00e9s quilos de piles i acumuladors port\u00e0tils<\/strong>.<\/li>\n<li>Cinc-cents euros\u00a0<strong>(500 \u20ac)<\/strong>, pel centre educatiu\u00a0<strong>escollit per sorteig aleatori entre tots els centres que hagin enviat un v\u00eddeo amb la coreografia \u201cLES PILES TINDRAN UN BON FINAL\u201d als ORGANITZADORS<\/strong>\u00a0seguin les instruccions explicades en la web del concurs APILO\u00a0<a href=\"https:\/\/www.apilo.cat\/\">www.apilo.cat<\/a>\u00a0i\/o per comunicaci\u00f3 via correu electr\u00f2nic.<\/li>\n<\/ul>\n<p><strong><br \/>\nCom es calcula la r\u00e0tio per alumne?<\/strong><\/p>\n<p>El c\u00f2mput total a l\u2019efecte de designar els centres educatius guanyadors resultar\u00e0 de dividir els quilos de piles i acumuladors port\u00e0tils recollits entre el nombre total d\u2019alumnat registrat al centre. En cas d\u2019empat entre els centres educatius, el premi es repartir\u00e0 en parts iguals.<\/p>\n<p><strong>Hi ha alguna condici\u00f3 per guanyar el premi?<\/strong><\/p>\n<p>S\u00f3n objecte del concurs les piles i acumuladors port\u00e0tils.<strong> Es consideren piles i acumuladors port\u00e0tils qualsevol pila, pila de bot\u00f3, acumulador que estigui precintat, que pugui portar-se amb la m\u00e0 i que no sigui industrial ni d\u2019automoci\u00f3.<\/strong><\/p>\n<p><strong>Per exemple pel que fa a les piles, les de bot\u00f3 i les est\u00e0ndard (AA, AAA\u2026), pel que fa als acumuladors, s\u00f3n els utilitzats en tel\u00e8fons m\u00f2bils, en c\u00e0meres de v\u00eddeo i a les eines port\u00e0tils.<\/strong><\/p>\n<p>En tot cas, l\u2019origen de les piles i acumuladors port\u00e0tils <strong>ha de ser dom\u00e8stic, procedent de l\u2019entorn familiar dels alumnes. En cap cas podran procedir d\u2019altres punts generadors de residus de piles<\/strong> (com pot ser botigues, deixalleries o altres instal\u00b7lacions de gesti\u00f3 de residus). En cas de no complir aquests requisits el centre educatiu podr\u00e0 ser expulsat autom\u00e0ticament del concurs.<\/p>\n<p>Amb l\u2019objectiu del mateix concurs APILO de fomentar el coneixement i la recollida selectiva de piles i acumuladors port\u00e0tils entre l\u2019alumnat i les seves fam\u00edlies s\u2019han incorporat dues condicions a les bases del concurs per tal de promoure m\u00e9s diversitat de centres guanyadors i alhora evitar un emmagatzematge durant anys als centres.<\/p>\n<p>Les condicions s\u00f3n:<\/p>\n<ul>\n<li><strong>Un centre educatiu podr\u00e0 optar a guanyar un dels vuit premis d\u2019aquesta edici\u00f3, sempre que no hagi guanyat algun premi a la 10a edici\u00f3 (curs 2024-2025) a excepci\u00f3 d\u2019aquests dos premis<\/strong>:\n<ul>\n<li>Premi Especial 10a edici\u00f3, al centre educatiu que hagi participat en totes les deu edicions del concurs APILO i hagi recollit m\u00e9s quilos de piles i acumuladors port\u00e0tils en aquestes deu edicions.<\/li>\n<li>Premi Especial 10a edici\u00f3, pel centre educatiu escollit per sorteig aleatori davant de notari entre tots els centres que hagin participat en totes les deu edicions del concurs APILO, independentment dels quilos recollits.<\/li>\n<\/ul>\n<\/li>\n<li><strong>Un centre educatiu podr\u00e0 optar a guanyar un premi d\u2019aquesta edici\u00f3, sempre que hagi participat en l\u2019edici\u00f3 del concurs APILO immediatament anterior<\/strong>. Aquest punt no s\u2019aplicar\u00e0 als centres educatius que participen per primera vegada al concurs APILO.<\/li>\n<\/ul>\n<p><strong>Quan rebr\u00e0 el centre educatiu el contenidor per a la recollida selectiva de piles a l\u2019escola?<\/strong><\/p>\n<p>Tots els centres educatius que s\u2019hagin inscrit en el concurs i aix\u00ed ho hagin sol\u00b7licitat dins del formulari d\u2019inscripci\u00f3, rebran en un termini m\u00e0xim de 7 dies laborables, un contenidor Apilo de recollida selectiva de piles i acumuladors port\u00e0tils i\/o la seva carcassa.<\/p>\n<p><strong>On s\u2019ha de posar el contenidor dins del centre?<\/strong><\/p>\n<p>Per tal d\u2019agilitzar el treball de recollida i pesatge, el\/els contenidors hauran d\u2019estar a peu de carrer. No en pisos superiors perqu\u00e8 un contenidor ple t\u00e9 una capacitat aproximada de 90 kg.<\/p>\n<p><strong>Quines piles es poden dipositar al contenidor?<\/strong><\/p>\n<p>S\u00f3n objecte del concurs les piles i acumuladors port\u00e0tils. Es consideren piles i acumuladors port\u00e0tils qualsevol pila, pila bot\u00f3, acumulador o bateria que pugui portar-se amb la m\u00e0 i no sigui industrial ni d\u2019automoci\u00f3, com ara les piles bot\u00f3 i est\u00e0ndard i els acumuladors utilitzats en tel\u00e8fons m\u00f2bils, c\u00e0meres de v\u00eddeo i eines port\u00e0tils.<\/p>\n<p><strong>Qu\u00e8 s\u2019ha de fer si el contenidor s\u2019omple abans de la data prevista per a la recollida?<\/strong><\/p>\n<p>Si el contenidor s\u2019omple abans del 6 de mar\u00e7 de 2026, s\u2019ha de contactar amb OFIPILAS trucant al tel\u00e8fon 900103138 o enviant un correu electr\u00f2nic a\u00a0<a href=\"mailto:apilo@ofipilas.es\">apilo@ofipilas.es<\/a>, en qu\u00e8 cal especificar que participeu en el concurs Apilo i demanar un contenidor addicional, en el termini de 7 dies laborables, OFIPILAS us el portar\u00e0 perqu\u00e8 hi continueu acumulant piles fins a la data prevista de recollida de totes les piles per al vostre centre.<\/p>\n<p><strong>Si no es demana contenidors addicionals puc seguir recollint?<\/strong><\/p>\n<p>No es recolliran i no formaran part d\u2019aquesta promoci\u00f3, piles i acumuladors que no estiguin en el contenidor (per exemple, en bosses o capses).<\/p>\n<p><strong>Com se sap quantes piles s\u2019han recollit?<\/strong><\/p>\n<p>La recollida es realitzar\u00e0 per un transportista autoritzat, que realitzar\u00e0\u00a0<strong>UNA \u00daNICA<\/strong>\u00a0recollida. La recollida es realitzar\u00e0 entre el 7 d\u2019abril i el 16 de maig de 2026. Els centres educatius seran avisats pr\u00e8viament del dia de recollida (amb un marge aproximat de 2 dies h\u00e0bils).<\/p>\n<p>Es pesarn el quilos acumulats\u00a0<strong>IN SITU<\/strong>, anotant-los en un albar\u00e0 en el mateix moment, del qual se\u2019n far\u00e0 una c\u00f2pia que ser\u00e0 entregada al centre amb el resultat del pesatge.<\/p>\n<p><strong>Com se sap si un centre \u00e9s guanyador?<\/strong><\/p>\n<p>Els organitzadors es posaran en contacte amb els centres educatius guanyadors i els informaran del procediment pel qual s&#8217;efectuar\u00e0 el lliurament dels premis, abans de la finalitzaci\u00f3 del curs escolar.<\/p>\n<p>Aix\u00ed mateix, es comunicar\u00e0 de forma p\u00fablica a la p\u00e0gina web del concurs\u00a0<a href=\"https:\/\/www.apilo.cat\/\">www.apilo.cat<\/a>\u00a0i en els altres suports que els ORGANITZADORS considerin adequats, el nom de tots els centres educatius que hagin estat guanyadors dels premis del concurs i tamb\u00e9 es publicar\u00e0 un llistat de tots els centres participants de la 11a edici\u00f3 i la quantitat de quilos recollits.<\/p>\n<p>Un cop finalitzat el concurs, s\u2019enviar\u00e0 per correu ordinari, un diploma d\u2019agra\u00efment a tots els centres que hagin participat en el concurs on constar\u00e0 el nom del centre i la quantitat de quilos recollits de piles i acumuladors port\u00e0tils.<\/p>\n<p><strong>I un cop finalitzi el concurs, qu\u00e8?<\/strong><\/p>\n<p><strong>Fora de l\u2019\u00e0mbit del concurs APILO, els ORGANITZADORS, no efectuaran cap recollida de piles<\/strong>. Si el centre educatiu vol disposar d\u2019un servei de recollida selectiva de piles permanent i vol que fora del calendari de recollides del concurs APILO li vinguin a recollir quan estigui ple, haur\u00e0 de sol\u00b7licitar aquest servei directament a OFIPILAS (900103138) i complir amb tots els requisits que se li indiquin.<\/p>\n<p>&nbsp;<\/p>\n","protected":false},"excerpt":{"rendered":"<p>Quan comen\u00e7a i acaba el concurs?\u00a0El concurs comen\u00e7a el dia\u00a015 d\u2019octubre de 2025 i finalitzar\u00e0 el 28 de novembre de 2025. Les missions ja estan disponibles a la web APILO per a escoles Qu\u00e8 ha de fer un centre educatiu per participar-hi? Per participar en el concurs cal fer la inscripci\u00f3 utilitzant el formulari d\u2019inscripci\u00f3, [&hellip;]<\/p>\n","protected":false},"author":7,"featured_media":21391,"comment_status":"open","ping_status":"open","sticky":false,"template":"","format":"standard","meta":{"_bbp_topic_count":0,"_bbp_reply_count":0,"_bbp_total_topic_count":0,"_bbp_total_reply_count":0,"_bbp_voice_count":0,"_bbp_anonymous_reply_count":0,"_bbp_topic_count_hidden":0,"_bbp_reply_count_hidden":0,"_bbp_forum_subforum_count":0,"site-sidebar-layout":"default","site-content-layout":"","ast-site-content-layout":"","site-content-style":"default","site-sidebar-style":"default","ast-global-header-display":"","ast-banner-title-visibility":"","ast-main-header-display":"","ast-hfb-above-header-display":"","ast-hfb-below-header-display":"","ast-hfb-mobile-header-display":"","site-post-title":"","ast-breadcrumbs-content":"","ast-featured-img":"","footer-sml-layout":"","theme-transparent-header-meta":"","adv-header-id-meta":"","stick-header-meta":"","header-above-stick-meta":"","header-main-stick-meta":"","header-below-stick-meta":"","astra-migrate-meta-layouts":"default","ast-page-background-enabled":"default","ast-page-background-meta":{"desktop":{"background-color":"var(--ast-global-color-4)","background-image":"","background-repeat":"repeat","background-position":"center center","background-size":"auto","background-attachment":"scroll","background-type":"","background-media":"","overlay-type":"","overlay-color":"","overlay-opacity":"","overlay-gradient":""},"tablet":{"background-color":"","background-image":"","background-repeat":"repeat","background-position":"center center","background-size":"auto","background-attachment":"scroll","background-type":"","background-media":"","overlay-type":"","overlay-color":"","overlay-opacity":"","overlay-gradient":""},"mobile":{"background-color":"","background-image":"","background-repeat":"repeat","background-position":"center center","background-size":"auto","background-attachment":"scroll","background-type":"","background-media":"","overlay-type":"","overlay-color":"","overlay-opacity":"","overlay-gradient":""}},"ast-content-background-meta":{"desktop":{"background-color":"var(--ast-global-color-5)","background-image":"","background-repeat":"repeat","background-position":"center center","background-size":"auto","background-attachment":"scroll","background-type":"","background-media":"","overlay-type":"","overlay-color":"","overlay-opacity":"","overlay-gradient":""},"tablet":{"background-color":"var(--ast-global-color-5)","background-image":"","background-repeat":"repeat","background-position":"center center","background-size":"auto","background-attachment":"scroll","background-type":"","background-media":"","overlay-type":"","overlay-color":"","overlay-opacity":"","overlay-gradient":""},"mobile":{"background-color":"var(--ast-global-color-5)","background-image":"","background-repeat":"repeat","background-position":"center center","background-size":"auto","background-attachment":"scroll","background-type":"","background-media":"","overlay-type":"","overlay-color":"","overlay-opacity":"","overlay-gradient":""}},"footnotes":""},"categories":[153,1,29],"tags":[],"class_list":["post-21390","post","type-post","status-publish","format-standard","has-post-thumbnail","hentry","category-escoles-verdes","category-general","category-portada"],"post_mailing_queue_ids":[],"_links":{"self":[{"href":"https:\/\/serveiseducatius.xtec.cat\/baixpenedes\/wp-json\/wp\/v2\/posts\/21390","targetHints":{"allow":["GET"]}}],"collection":[{"href":"https:\/\/serveiseducatius.xtec.cat\/baixpenedes\/wp-json\/wp\/v2\/posts"}],"about":[{"href":"https:\/\/serveiseducatius.xtec.cat\/baixpenedes\/wp-json\/wp\/v2\/types\/post"}],"author":[{"embeddable":true,"href":"https:\/\/serveiseducatius.xtec.cat\/baixpenedes\/wp-json\/wp\/v2\/users\/7"}],"replies":[{"embeddable":true,"href":"https:\/\/serveiseducatius.xtec.cat\/baixpenedes\/wp-json\/wp\/v2\/comments?post=21390"}],"version-history":[{"count":2,"href":"https:\/\/serveiseducatius.xtec.cat\/baixpenedes\/wp-json\/wp\/v2\/posts\/21390\/revisions"}],"predecessor-version":[{"id":21393,"href":"https:\/\/serveiseducatius.xtec.cat\/baixpenedes\/wp-json\/wp\/v2\/posts\/21390\/revisions\/21393"}],"wp:featuredmedia":[{"embeddable":true,"href":"https:\/\/serveiseducatius.xtec.cat\/baixpenedes\/wp-json\/wp\/v2\/media\/21391"}],"wp:attachment":[{"href":"https:\/\/serveiseducatius.xtec.cat\/baixpenedes\/wp-json\/wp\/v2\/media?parent=21390"}],"wp:term":[{"taxonomy":"category","embeddable":true,"href":"https:\/\/serveiseducatius.xtec.cat\/baixpenedes\/wp-json\/wp\/v2\/categories?post=21390"},{"taxonomy":"post_tag","embeddable":true,"href":"https:\/\/serveiseducatius.xtec.cat\/baixpenedes\/wp-json\/wp\/v2\/tags?post=21390"}],"curies":[{"name":"wp","href":"https:\/\/api.w.org\/{rel}","templated":true}]}}