{"id":21292,"date":"2025-10-28T12:52:22","date_gmt":"2025-10-28T11:52:22","guid":{"rendered":"https:\/\/serveiseducatius.xtec.cat\/baixpenedes\/?p=21292"},"modified":"2025-11-10T08:45:57","modified_gmt":"2025-11-10T07:45:57","slug":"xviii-jornada-marta-mata","status":"publish","type":"post","link":"https:\/\/serveiseducatius.xtec.cat\/baixpenedes\/xerrades\/portada\/xviii-jornada-marta-mata\/","title":{"rendered":"XVIII JORNADA MARTA MATA"},"content":{"rendered":"<div>\n<p>El proper 22 de novembre es portar\u00e0 a terme, a Saifores,\u00a0 la\u00a0<a href=\"https:\/\/www.fundaciomartamata.org\/noticia?Id=147\" target=\"_blank\" rel=\"noopener\" data-saferedirecturl=\"https:\/\/www.google.com\/url?q=https:\/\/www.fundaciomartamata.org\/noticia?Id%3D147&amp;source=gmail&amp;ust=1761722196047000&amp;usg=AOvVaw1n75TpPcKqGQUnsHRcynTS\">XVIII Jornada Marta Mata.\u00a0<\/a>Amb el lema\u00a0<b>La biblioteca escolar. Un dret dels infants\u00a0<\/b>es\u00a0debatr\u00e0\u00a0 la import\u00e0ncia de les biblioteques escolars, una fita que la Marta Mata sempre va tenir molt present\u00a0i que va reivindicar i desenvolupar al llarg de la seva vida.<\/p>\n<p><img loading=\"lazy\" decoding=\"async\" class=\"wp-image-21293 alignleft\" src=\"https:\/\/serveiseducatius.xtec.cat\/baixpenedes\/wp-content\/uploads\/usu764\/2025\/10\/cal-Mata.jpg\" alt=\"\" width=\"394\" height=\"343\" srcset=\"https:\/\/serveiseducatius.xtec.cat\/baixpenedes\/wp-content\/uploads\/usu764\/2025\/10\/cal-Mata.jpg 785w, https:\/\/serveiseducatius.xtec.cat\/baixpenedes\/wp-content\/uploads\/usu764\/2025\/10\/cal-Mata-300x261.jpg 300w, https:\/\/serveiseducatius.xtec.cat\/baixpenedes\/wp-content\/uploads\/usu764\/2025\/10\/cal-Mata-768x669.jpg 768w\" sizes=\"auto, (max-width: 394px) 100vw, 394px\" \/><\/p>\n<p>Una jornada molt especial on participar\u00e0 la\u00a0<b>Rosa Piqu\u00edn,<\/b>\u00a0Premi Nacional 2005 de Biblioteques Escolars, i el\u00a0pedagog\u00a0<b>Philippe Meirieu<\/b>, professor de Ci\u00e8ncies de l&#8217;Educaci\u00f3 de la Universitat Lumiere-Lyon II i autor prol\u00edfic\u00a0d&#8217;obres\u00a0sobre pedagogia.\u00a0Una jornada que iniciar\u00e0 el Centenari del naixement de la Marta Mata amb un programa d&#8217;actes que es desenvoluparan fins al novembre del 2026.<\/p>\n<p>Una proposta\u00a0molt necess\u00e0ria i interessant!!<\/p>\n<p><a href=\"https:\/\/docs.google.com\/forms\/d\/e\/1FAIpQLSdruUFnyOJChAzZ2GeUPgPxdjaT_oG79BdIyGd5QBZZ6JKT4w\/viewform\">INSCRIPCI\u00d3<\/a> A LA JORNADA<\/p>\n<p><a href=\"https:\/\/www.fundaciomartamata.org\/noticia?Id=147\" target=\"_blank\" rel=\"noopener\" data-saferedirecturl=\"https:\/\/www.google.com\/url?q=https:\/\/www.fundaciomartamata.org\/noticia?Id%3D147&amp;source=gmail&amp;ust=1761722196047000&amp;usg=AOvVaw1n75TpPcKqGQUnsHRcynTS\">M\u00e9s info a https:\/\/www.fundaciomartamata.<wbr \/>org\/noticia?Id=147<\/a><\/p>\n<p>&nbsp;<\/p>\n<\/div>\n<p>&nbsp;<\/p>\n<p>&nbsp;<\/p>\n<p><img loading=\"lazy\" decoding=\"async\" class=\"size-full wp-image-21294 aligncenter\" src=\"https:\/\/serveiseducatius.xtec.cat\/baixpenedes\/wp-content\/uploads\/usu764\/2025\/10\/PROGRAMA.jpg\" alt=\"\" width=\"799\" height=\"785\" srcset=\"https:\/\/serveiseducatius.xtec.cat\/baixpenedes\/wp-content\/uploads\/usu764\/2025\/10\/PROGRAMA.jpg 799w, https:\/\/serveiseducatius.xtec.cat\/baixpenedes\/wp-content\/uploads\/usu764\/2025\/10\/PROGRAMA-300x295.jpg 300w, https:\/\/serveiseducatius.xtec.cat\/baixpenedes\/wp-content\/uploads\/usu764\/2025\/10\/PROGRAMA-768x755.jpg 768w\" sizes=\"auto, (max-width: 799px) 100vw, 799px\" \/><\/p>\n","protected":false},"excerpt":{"rendered":"<p>El proper 22 de novembre es portar\u00e0 a terme, a Saifores,\u00a0 la\u00a0XVIII Jornada Marta Mata.\u00a0Amb el lema\u00a0La biblioteca escolar. Un dret dels infants\u00a0es\u00a0debatr\u00e0\u00a0 la import\u00e0ncia de les biblioteques escolars, una fita que la Marta Mata sempre va tenir molt present\u00a0i que va reivindicar i desenvolupar al llarg de la seva vida. Una jornada molt especial [&hellip;]<\/p>\n","protected":false},"author":7,"featured_media":21293,"comment_status":"open","ping_status":"open","sticky":false,"template":"","format":"standard","meta":{"_bbp_topic_count":0,"_bbp_reply_count":0,"_bbp_total_topic_count":0,"_bbp_total_reply_count":0,"_bbp_voice_count":0,"_bbp_anonymous_reply_count":0,"_bbp_topic_count_hidden":0,"_bbp_reply_count_hidden":0,"_bbp_forum_subforum_count":0,"site-sidebar-layout":"default","site-content-layout":"","ast-site-content-layout":"","site-content-style":"default","site-sidebar-style":"default","ast-global-header-display":"","ast-banner-title-visibility":"","ast-main-header-display":"","ast-hfb-above-header-display":"","ast-hfb-below-header-display":"","ast-hfb-mobile-header-display":"","site-post-title":"","ast-breadcrumbs-content":"","ast-featured-img":"","footer-sml-layout":"","theme-transparent-header-meta":"","adv-header-id-meta":"","stick-header-meta":"","header-above-stick-meta":"","header-main-stick-meta":"","header-below-stick-meta":"","astra-migrate-meta-layouts":"default","ast-page-background-enabled":"default","ast-page-background-meta":{"desktop":{"background-color":"var(--ast-global-color-4)","background-image":"","background-repeat":"repeat","background-position":"center center","background-size":"auto","background-attachment":"scroll","background-type":"","background-media":"","overlay-type":"","overlay-color":"","overlay-opacity":"","overlay-gradient":""},"tablet":{"background-color":"","background-image":"","background-repeat":"repeat","background-position":"center center","background-size":"auto","background-attachment":"scroll","background-type":"","background-media":"","overlay-type":"","overlay-color":"","overlay-opacity":"","overlay-gradient":""},"mobile":{"background-color":"","background-image":"","background-repeat":"repeat","background-position":"center center","background-size":"auto","background-attachment":"scroll","background-type":"","background-media":"","overlay-type":"","overlay-color":"","overlay-opacity":"","overlay-gradient":""}},"ast-content-background-meta":{"desktop":{"background-color":"var(--ast-global-color-5)","background-image":"","background-repeat":"repeat","background-position":"center center","background-size":"auto","background-attachment":"scroll","background-type":"","background-media":"","overlay-type":"","overlay-color":"","overlay-opacity":"","overlay-gradient":""},"tablet":{"background-color":"var(--ast-global-color-5)","background-image":"","background-repeat":"repeat","background-position":"center center","background-size":"auto","background-attachment":"scroll","background-type":"","background-media":"","overlay-type":"","overlay-color":"","overlay-opacity":"","overlay-gradient":""},"mobile":{"background-color":"var(--ast-global-color-5)","background-image":"","background-repeat":"repeat","background-position":"center center","background-size":"auto","background-attachment":"scroll","background-type":"","background-media":"","overlay-type":"","overlay-color":"","overlay-opacity":"","overlay-gradient":""}},"footnotes":""},"categories":[267,375,427,29,203],"tags":[],"class_list":["post-21292","post","type-post","status-publish","format-standard","has-post-thumbnail","hentry","category-fundacio-marta-mata","category-jornades","category-llengua-catalana","category-portada","category-xerrades"],"post_mailing_queue_ids":[],"_links":{"self":[{"href":"https:\/\/serveiseducatius.xtec.cat\/baixpenedes\/wp-json\/wp\/v2\/posts\/21292","targetHints":{"allow":["GET"]}}],"collection":[{"href":"https:\/\/serveiseducatius.xtec.cat\/baixpenedes\/wp-json\/wp\/v2\/posts"}],"about":[{"href":"https:\/\/serveiseducatius.xtec.cat\/baixpenedes\/wp-json\/wp\/v2\/types\/post"}],"author":[{"embeddable":true,"href":"https:\/\/serveiseducatius.xtec.cat\/baixpenedes\/wp-json\/wp\/v2\/users\/7"}],"replies":[{"embeddable":true,"href":"https:\/\/serveiseducatius.xtec.cat\/baixpenedes\/wp-json\/wp\/v2\/comments?post=21292"}],"version-history":[{"count":1,"href":"https:\/\/serveiseducatius.xtec.cat\/baixpenedes\/wp-json\/wp\/v2\/posts\/21292\/revisions"}],"predecessor-version":[{"id":21295,"href":"https:\/\/serveiseducatius.xtec.cat\/baixpenedes\/wp-json\/wp\/v2\/posts\/21292\/revisions\/21295"}],"wp:featuredmedia":[{"embeddable":true,"href":"https:\/\/serveiseducatius.xtec.cat\/baixpenedes\/wp-json\/wp\/v2\/media\/21293"}],"wp:attachment":[{"href":"https:\/\/serveiseducatius.xtec.cat\/baixpenedes\/wp-json\/wp\/v2\/media?parent=21292"}],"wp:term":[{"taxonomy":"category","embeddable":true,"href":"https:\/\/serveiseducatius.xtec.cat\/baixpenedes\/wp-json\/wp\/v2\/categories?post=21292"},{"taxonomy":"post_tag","embeddable":true,"href":"https:\/\/serveiseducatius.xtec.cat\/baixpenedes\/wp-json\/wp\/v2\/tags?post=21292"}],"curies":[{"name":"wp","href":"https:\/\/api.w.org\/{rel}","templated":true}]}}