{"id":21288,"date":"2025-10-27T09:12:11","date_gmt":"2025-10-27T08:12:11","guid":{"rendered":"https:\/\/serveiseducatius.xtec.cat\/baixpenedes\/?p=21288"},"modified":"2025-10-27T09:12:11","modified_gmt":"2025-10-27T08:12:11","slug":"educac-i-els-discursos-dodi-als-espais-digitals","status":"publish","type":"post","link":"https:\/\/serveiseducatius.xtec.cat\/baixpenedes\/xerrades\/portada\/educac-i-els-discursos-dodi-als-espais-digitals\/","title":{"rendered":"eduCAC I ELS DISCURSOS D&#8217;ODI ALS ESPAIS DIGITALS"},"content":{"rendered":"<p>Cada mes d&#8217;octubre, la UNESCO celebra la\u00a0<strong><a href=\"https:\/\/educac.us16.list-manage.com\/track\/click?u=2a8ff71905867b32700a934f8&amp;id=1b5b7f2fe8&amp;e=85f663d78f\" target=\"_blank\" rel=\"noopener\" data-saferedirecturl=\"https:\/\/www.google.com\/url?q=https:\/\/educac.us16.list-manage.com\/track\/click?u%3D2a8ff71905867b32700a934f8%26id%3D1b5b7f2fe8%26e%3D85f663d78f&amp;source=gmail&amp;ust=1761638327218000&amp;usg=AOvVaw37TgiIy81k0qQFJdWP_Kvp\">Setmana Mundial de la Alfabetitzaci\u00f3 Medi\u00e0tica i Informacional<\/a><\/strong>\u00a0(AMI) que serveix, sobretot, per con\u00e8ixer i compartir les iniciatives dels diversos pa\u00efsos en aquest \u00e0mbit.\u00a0Enguany, des del CAC i la Plataforma per a l\u2019educaci\u00f3 medi\u00e0tica ens hem sumat a aquesta celebraci\u00f3 organitzant la Jornada\u00a0<strong><a href=\"https:\/\/educac.us16.list-manage.com\/track\/click?u=2a8ff71905867b32700a934f8&amp;id=43bff2547f&amp;e=85f663d78f\" target=\"_blank\" rel=\"noopener\" data-saferedirecturl=\"https:\/\/www.google.com\/url?q=https:\/\/educac.us16.list-manage.com\/track\/click?u%3D2a8ff71905867b32700a934f8%26id%3D43bff2547f%26e%3D85f663d78f&amp;source=gmail&amp;ust=1761638327218000&amp;usg=AOvVaw0p2MriJQsQqsfA8q5mwiX_\">Desinformaci\u00f3 i discursos d\u2019odi a les\u00a0<\/a><\/strong><img decoding=\"async\" class=\"m_-4388929013401977845mcnImage CToWUd a6T\" style=\"font-size: 10.7188px; text-align: -webkit-center;\" tabindex=\"0\" src=\"https:\/\/ci3.googleusercontent.com\/meips\/ADKq_NaGkDjCRu79i947grPZlnmiZzh2A7foNqEZxQG4qFEtEYOrpqMxad4JZhK7BZOmT7fUyWWqNcFQIdRBTUdu_AcNUFEU9CplA3RP9_Dofh2IhaItHojqFX6ypcTfTXCmYaEC_faHjMdUIt8BzSzMiUtMf90JFi8b51I=s0-d-e1-ft#https:\/\/mcusercontent.com\/2a8ff71905867b32700a934f8\/images\/c9f75865-42a8-af9c-f52b-e659789a0f5d.png\" alt=\"\" width=\"264\" data-bit=\"iit\" \/><strong style=\"font-family: inherit; font-size: 1em;\"><a href=\"https:\/\/educac.us16.list-manage.com\/track\/click?u=2a8ff71905867b32700a934f8&amp;id=43bff2547f&amp;e=85f663d78f\" target=\"_blank\" rel=\"noopener\" data-saferedirecturl=\"https:\/\/www.google.com\/url?q=https:\/\/educac.us16.list-manage.com\/track\/click?u%3D2a8ff71905867b32700a934f8%26id%3D43bff2547f%26e%3D85f663d78f&amp;source=gmail&amp;ust=1761638327218000&amp;usg=AOvVaw0p2MriJQsQqsfA8q5mwiX_\">xarxes socials<\/a><\/strong><span style=\"font-family: inherit; font-size: 1em;\">.La iniciativa ha aplegat veus expertes en l\u2019\u00e0mbit de la comunicaci\u00f3 digital, la polaritzaci\u00f3 i la desinformaci\u00f3 com ara Luiz Peres-Neto, Mohamed El Amrani, Francesc Feliu, S\u00edlvia Mart\u00ednez, Alaaddine Azzouzi, Ona Falc\u00f3 i Marta Meneu-Borja. Tamb\u00e9 s\u2019hi han donat a con\u00e8ixer les bones pr\u00e0ctiques d\u2019entitats i institucions en el combat contra la desinformaci\u00f3 entre la ciutadania.\u00a0Han explicat la seva feina La Xarxa, Verificat, el Col\u00b7legi de periodistes, Learn to check, Junior report, RTVE i 3Cat. Podeu llegir les principals conclusions de la jornada a\u00a0<strong><a href=\"https:\/\/educac.us16.list-manage.com\/track\/click?u=2a8ff71905867b32700a934f8&amp;id=9ac3edb1fd&amp;e=85f663d78f\" target=\"_blank\" rel=\"noopener\" data-saferedirecturl=\"https:\/\/www.google.com\/url?q=https:\/\/educac.us16.list-manage.com\/track\/click?u%3D2a8ff71905867b32700a934f8%26id%3D9ac3edb1fd%26e%3D85f663d78f&amp;source=gmail&amp;ust=1761638327218000&amp;usg=AOvVaw3RnppXjnTklySyTW58hqU7\">Sortir de les nostres veritats algor\u00edtmiques<\/a><\/strong>.<\/span><\/p>\n<table class=\"m_-4388929013401977845mcnCaptionTopContent\" border=\"0\" cellspacing=\"0\" cellpadding=\"0\" align=\"left\">\n<tbody>\n<tr>\n<td class=\"m_-4388929013401977845mcnTextContent\" valign=\"top\" width=\"564\">Si us interessa i voleu aprofundir en la relaci\u00f3 entre la desinformaci\u00f3 i els discursos d\u2019odi,\u00a0<strong><a href=\"https:\/\/educac.us16.list-manage.com\/track\/click?u=2a8ff71905867b32700a934f8&amp;id=25949d3264&amp;e=85f663d78f\" target=\"_blank\" rel=\"noopener\" data-saferedirecturl=\"https:\/\/www.google.com\/url?q=https:\/\/educac.us16.list-manage.com\/track\/click?u%3D2a8ff71905867b32700a934f8%26id%3D25949d3264%26e%3D85f663d78f&amp;source=gmail&amp;ust=1761638327218000&amp;usg=AOvVaw0Rb85U6bCumXp0ZUKM3T74\">al web de l&#8217;eduCAC trobareu l\u2019entrevista que hem fet a Luiz Peres-Neto<\/a><\/strong>, professor de la UAB que estudia la influ\u00e8ncia de les dietes medi\u00e0tiques dels joves en els processos de polaritzaci\u00f3 i defensa la necessitat de regular una pr\u00e0ctica, com la de la desinformaci\u00f3, que t\u00e9 un impacte tan gran en la salut democr\u00e0tica de la societat.<\/td>\n<\/tr>\n<tr>\n<td align=\"center\" valign=\"top\"><a title=\"\" href=\"https:\/\/educac.us16.list-manage.com\/track\/click?u=2a8ff71905867b32700a934f8&amp;id=ae643b1e47&amp;e=85f663d78f\" target=\"_blank\" rel=\"noopener\" data-saferedirecturl=\"https:\/\/www.google.com\/url?q=https:\/\/educac.us16.list-manage.com\/track\/click?u%3D2a8ff71905867b32700a934f8%26id%3Dae643b1e47%26e%3D85f663d78f&amp;source=gmail&amp;ust=1761638327218000&amp;usg=AOvVaw305-EiWVOiyticqycpJ4iV\"><img decoding=\"async\" class=\"m_-4388929013401977845mcnImage CToWUd\" src=\"https:\/\/ci3.googleusercontent.com\/meips\/ADKq_NZaHqAB4tiOVOPRvKFReWdzqXY76AIU-tT_9G1VmJC8Jp_ndIyfYoWs7cDRxi1hOxbBvGrUA-xOb4K2P9HXLjg7F_At3VY-HjA9usv5Fn5Q5u_sizuVBgpZ5iGpBQGDf7Pg5lONqsJVdP1QNNFzm2cPIrVSeyLlujM=s0-d-e1-ft#https:\/\/mcusercontent.com\/2a8ff71905867b32700a934f8\/images\/da4047cb-2cd3-7cd5-bb7f-3fff4b3f04df.png\" alt=\"\" width=\"564\" data-bit=\"iit\" \/><\/a><\/td>\n<\/tr>\n<\/tbody>\n<\/table>\n<p>&nbsp;<\/p>\n<p><a title=\"\" href=\"https:\/\/educac.us16.list-manage.com\/track\/click?u=2a8ff71905867b32700a934f8&amp;id=9789678670&amp;e=85f663d78f\" target=\"_blank\" rel=\"noopener\" data-saferedirecturl=\"https:\/\/www.google.com\/url?q=https:\/\/educac.us16.list-manage.com\/track\/click?u%3D2a8ff71905867b32700a934f8%26id%3D9789678670%26e%3D85f663d78f&amp;source=gmail&amp;ust=1761638327218000&amp;usg=AOvVaw3gso02vtCOq6w3zG276Pss\"><img decoding=\"async\" class=\"m_-4388929013401977845mcnImage CToWUd alignright\" src=\"https:\/\/ci3.googleusercontent.com\/meips\/ADKq_NamXz2T991HREFWOSwYudW5wgLWC862OHpTsph-NljfvyGA4Nkgoumkfe2VN3DBtdK3G1J7uh2oZ2ZAMF77_wKMtjzs4gF7MQQkj3h0aYlkOT5JvzLA8H0wyQNAzgIy3cIYnLAYfM8QZax5SR23ijaDq5Op_7r5M68=s0-d-e1-ft#https:\/\/mcusercontent.com\/2a8ff71905867b32700a934f8\/images\/6a9ba28c-f226-b086-75f8-db54e6eab104.png\" alt=\"\" width=\"264\" data-bit=\"iit\" \/><\/a><\/p>\n<table class=\"m_-4388929013401977845mcnImageGroupContentContainer\" style=\"font-size: 14px;\" border=\"0\" width=\"273\" cellspacing=\"0\" cellpadding=\"0\" align=\"right\">\n<tbody>\n<tr>\n<td class=\"m_-4388929013401977845mcnImageGroupContent\" valign=\"top\"><a style=\"color: #2795b6;\" title=\"\" href=\"https:\/\/educac.us16.list-manage.com\/track\/click?u=2a8ff71905867b32700a934f8&amp;id=3907484c24&amp;e=85f663d78f\" target=\"_blank\" rel=\"noopener\" data-saferedirecturl=\"https:\/\/www.google.com\/url?q=https:\/\/educac.us16.list-manage.com\/track\/click?u%3D2a8ff71905867b32700a934f8%26id%3D3907484c24%26e%3D85f663d78f&amp;source=gmail&amp;ust=1761638327218000&amp;usg=AOvVaw2u6c5k4ReqZghQzsXKvBz3\"><img decoding=\"async\" class=\"m_-4388929013401977845mcnImage CToWUd\" src=\"https:\/\/ci3.googleusercontent.com\/meips\/ADKq_NZMr99Kse6DqnKHqaY1ANnl_plxHKy4jwGxAr2P5VLrwzvY5FOksz5EYWzfewuPHFoP3zjzHSjH6yZxOyGn4UKcXZfchDOG_HWN56xj-eAdfKte60f7POnlgh6ZSQbPLBxGMZqdqvytg0ucSURkOvQol6VbbpU9bfE=s0-d-e1-ft#https:\/\/mcusercontent.com\/2a8ff71905867b32700a934f8\/images\/86a3f64a-f398-4320-b553-92f9cdc8a9f0.png\" alt=\"\" width=\"264\" data-bit=\"iit\" \/><\/a><\/td>\n<\/tr>\n<\/tbody>\n<\/table>\n<p>&nbsp;<\/p>\n<p>&nbsp;<\/p>\n<p>&nbsp;<\/p>\n<p>&nbsp;<\/p>\n<p>&nbsp;<\/p>\n<p>&nbsp;<\/p>\n<p>&nbsp;<\/p>\n<p>&nbsp;<\/p>\n<p>Els discursos d&#8217;odi tamb\u00e9 es combaten entenent la diversitat com a riquesa. Des de l&#8217;eduCAC volem\u00a0ajudar l\u2019alumnat a identificar els prejudicis que sovint absorbim sense adonar-nos-en a trav\u00e9s del consum de ficci\u00f3 i de continguts digitals\u00a0com a pas previ en el rebuig dels discursos discriminatoris. En aquest butllet\u00ed us presentem les dues propostes did\u00e0ctiques que hem dissenyat amb aquest objectiu.\u00a0\u00a0Una centrada en la ficci\u00f3, l&#8217;altra en continguts digitals de tota mena, totes dues seq\u00fc\u00e8ncies did\u00e0ctiques facilitaran que els joves reconeguin els estereotips i els prejudicis que circulen en els espais digitals, per a desafiar narratives reduccionistes o discriminat\u00f2ries i desenvolupar habilitats cr\u00edtiques que promoguin la cohesi\u00f3 social i la inclusi\u00f3.<\/p>\n<p><a title=\"\" href=\"https:\/\/educac.us16.list-manage.com\/track\/click?u=2a8ff71905867b32700a934f8&amp;id=1355312b8b&amp;e=85f663d78f\" target=\"_blank\" rel=\"noopener\" data-saferedirecturl=\"https:\/\/www.google.com\/url?q=https:\/\/educac.us16.list-manage.com\/track\/click?u%3D2a8ff71905867b32700a934f8%26id%3D1355312b8b%26e%3D85f663d78f&amp;source=gmail&amp;ust=1761638327219000&amp;usg=AOvVaw2Y3HQ6IpJb5jjrYAZLszHv\"><img decoding=\"async\" class=\"m_-4388929013401977845mcnImage CToWUd\" src=\"https:\/\/ci3.googleusercontent.com\/meips\/ADKq_NaYLl1fAX-kUZcDz7s_avrZrcsO6T8yocqnPHAY3NKO_RYriM8-YPRYMHTOFWGisuxHKJq_2OrQABc7TLk5F7ko5KmZeM5YzLvkrt-lAFTQH5TcOULY44lkYFfwJq-SLpSo2rGWOYnoq_5wjRbGVL_DwMm4Pr0v2nU=s0-d-e1-ft#https:\/\/mcusercontent.com\/2a8ff71905867b32700a934f8\/images\/0be8ef43-3d45-5606-1f54-63474d460406.png\" alt=\"\" width=\"564\" data-bit=\"iit\" \/>Aquest mes tamb\u00e9 hem conversat amb l\u2019arque\u00f2leg i expert en transformaci\u00f3 digital, Gen\u00eds Roca, \u00a0que acaba de publicar\u00a0<em>La revoluci\u00f3 inevitable. Una [c\u00e0psula] sobre la societat de la Intel\u00b7lig\u00e8ncia Artificia<\/em>l (Ara Llibres). Amb ell hem parlat de la irrupci\u00f3 de la tecnologia en l\u2019\u00e0mbit educatiu, de l\u2019experiment de l\u2019escola de Corea del Sud amb la IA i del catal\u00e0 a internet.\u00a0<strong><a href=\"https:\/\/educac.us16.list-manage.com\/track\/click?u=2a8ff71905867b32700a934f8&amp;id=fba641e26a&amp;e=85f663d78f\" target=\"_blank\" rel=\"noopener\" data-saferedirecturl=\"https:\/\/www.google.com\/url?q=https:\/\/educac.us16.list-manage.com\/track\/click?u%3D2a8ff71905867b32700a934f8%26id%3Dfba641e26a%26e%3D85f663d78f&amp;source=gmail&amp;ust=1761638327219000&amp;usg=AOvVaw02UT16lIfHotSuhsZNuV2R\">No us perdeu l&#8217;entrevista<\/a><\/strong>!\u00a0<\/a><\/p>\n","protected":false},"excerpt":{"rendered":"<p>Cada mes d&#8217;octubre, la UNESCO celebra la\u00a0Setmana Mundial de la Alfabetitzaci\u00f3 Medi\u00e0tica i Informacional\u00a0(AMI) que serveix, sobretot, per con\u00e8ixer i compartir les iniciatives dels diversos pa\u00efsos en aquest \u00e0mbit.\u00a0Enguany, des del CAC i la Plataforma per a l\u2019educaci\u00f3 medi\u00e0tica ens hem sumat a aquesta celebraci\u00f3 organitzant la Jornada\u00a0Desinformaci\u00f3 i discursos d\u2019odi a les\u00a0xarxes socials.La iniciativa [&hellip;]<\/p>\n","protected":false},"author":7,"featured_media":20241,"comment_status":"open","ping_status":"open","sticky":false,"template":"","format":"standard","meta":{"_bbp_topic_count":0,"_bbp_reply_count":0,"_bbp_total_topic_count":0,"_bbp_total_reply_count":0,"_bbp_voice_count":0,"_bbp_anonymous_reply_count":0,"_bbp_topic_count_hidden":0,"_bbp_reply_count_hidden":0,"_bbp_forum_subforum_count":0,"site-sidebar-layout":"default","site-content-layout":"","ast-site-content-layout":"","site-content-style":"default","site-sidebar-style":"default","ast-global-header-display":"","ast-banner-title-visibility":"","ast-main-header-display":"","ast-hfb-above-header-display":"","ast-hfb-below-header-display":"","ast-hfb-mobile-header-display":"","site-post-title":"","ast-breadcrumbs-content":"","ast-featured-img":"","footer-sml-layout":"","theme-transparent-header-meta":"","adv-header-id-meta":"","stick-header-meta":"","header-above-stick-meta":"","header-main-stick-meta":"","header-below-stick-meta":"","astra-migrate-meta-layouts":"default","ast-page-background-enabled":"default","ast-page-background-meta":{"desktop":{"background-color":"var(--ast-global-color-4)","background-image":"","background-repeat":"repeat","background-position":"center center","background-size":"auto","background-attachment":"scroll","background-type":"","background-media":"","overlay-type":"","overlay-color":"","overlay-opacity":"","overlay-gradient":""},"tablet":{"background-color":"","background-image":"","background-repeat":"repeat","background-position":"center center","background-size":"auto","background-attachment":"scroll","background-type":"","background-media":"","overlay-type":"","overlay-color":"","overlay-opacity":"","overlay-gradient":""},"mobile":{"background-color":"","background-image":"","background-repeat":"repeat","background-position":"center center","background-size":"auto","background-attachment":"scroll","background-type":"","background-media":"","overlay-type":"","overlay-color":"","overlay-opacity":"","overlay-gradient":""}},"ast-content-background-meta":{"desktop":{"background-color":"var(--ast-global-color-5)","background-image":"","background-repeat":"repeat","background-position":"center center","background-size":"auto","background-attachment":"scroll","background-type":"","background-media":"","overlay-type":"","overlay-color":"","overlay-opacity":"","overlay-gradient":""},"tablet":{"background-color":"var(--ast-global-color-5)","background-image":"","background-repeat":"repeat","background-position":"center center","background-size":"auto","background-attachment":"scroll","background-type":"","background-media":"","overlay-type":"","overlay-color":"","overlay-opacity":"","overlay-gradient":""},"mobile":{"background-color":"var(--ast-global-color-5)","background-image":"","background-repeat":"repeat","background-position":"center center","background-size":"auto","background-attachment":"scroll","background-type":"","background-media":"","overlay-type":"","overlay-color":"","overlay-opacity":"","overlay-gradient":""}},"footnotes":""},"categories":[78,426,431,29,521,468],"tags":[],"class_list":["post-21288","post","type-post","status-publish","format-standard","has-post-thumbnail","hentry","category-tac","category-drets-dels-infants","category-drets-humans","category-portada","category-steam","category-xtcd"],"post_mailing_queue_ids":[],"_links":{"self":[{"href":"https:\/\/serveiseducatius.xtec.cat\/baixpenedes\/wp-json\/wp\/v2\/posts\/21288","targetHints":{"allow":["GET"]}}],"collection":[{"href":"https:\/\/serveiseducatius.xtec.cat\/baixpenedes\/wp-json\/wp\/v2\/posts"}],"about":[{"href":"https:\/\/serveiseducatius.xtec.cat\/baixpenedes\/wp-json\/wp\/v2\/types\/post"}],"author":[{"embeddable":true,"href":"https:\/\/serveiseducatius.xtec.cat\/baixpenedes\/wp-json\/wp\/v2\/users\/7"}],"replies":[{"embeddable":true,"href":"https:\/\/serveiseducatius.xtec.cat\/baixpenedes\/wp-json\/wp\/v2\/comments?post=21288"}],"version-history":[{"count":1,"href":"https:\/\/serveiseducatius.xtec.cat\/baixpenedes\/wp-json\/wp\/v2\/posts\/21288\/revisions"}],"predecessor-version":[{"id":21289,"href":"https:\/\/serveiseducatius.xtec.cat\/baixpenedes\/wp-json\/wp\/v2\/posts\/21288\/revisions\/21289"}],"wp:featuredmedia":[{"embeddable":true,"href":"https:\/\/serveiseducatius.xtec.cat\/baixpenedes\/wp-json\/wp\/v2\/media\/20241"}],"wp:attachment":[{"href":"https:\/\/serveiseducatius.xtec.cat\/baixpenedes\/wp-json\/wp\/v2\/media?parent=21288"}],"wp:term":[{"taxonomy":"category","embeddable":true,"href":"https:\/\/serveiseducatius.xtec.cat\/baixpenedes\/wp-json\/wp\/v2\/categories?post=21288"},{"taxonomy":"post_tag","embeddable":true,"href":"https:\/\/serveiseducatius.xtec.cat\/baixpenedes\/wp-json\/wp\/v2\/tags?post=21288"}],"curies":[{"name":"wp","href":"https:\/\/api.w.org\/{rel}","templated":true}]}}