{"id":21260,"date":"2025-10-23T13:57:15","date_gmt":"2025-10-23T11:57:15","guid":{"rendered":"https:\/\/serveiseducatius.xtec.cat\/baixpenedes\/?p=21260"},"modified":"2025-10-23T13:58:05","modified_gmt":"2025-10-23T11:58:05","slug":"passatge-del-terror-a-la-papiola","status":"publish","type":"post","link":"https:\/\/serveiseducatius.xtec.cat\/baixpenedes\/xerrades\/portada\/passatge-del-terror-a-la-papiola\/","title":{"rendered":"PASSATGE DEL TERROR A LA PAPIOLA"},"content":{"rendered":"<p>L&#8217;escola Joan Perucho organitza per al <strong>di<\/strong><strong>ssabte 25 d&#8217;octubre<\/strong>,un <strong>PASSATGE DEL TERROR<\/strong>! De\u00a0<strong>18:30 a les 21 h<\/strong>, esteu tothom convidat al Passatge del terror<\/p>\n<p>Us esperem al\u00a0<strong>bosc de la Papiola<\/strong>\u00a0(acc\u00e9s pel carrer Esparreguera, cantonada carrer Alzina)<\/p>\n<p><strong>Preu de l&#8217;entrada<\/strong>:\u00a0<strong>3 \u20ac<\/strong>\u00a0Els diners recaptats es dedicaran al finan\u00e7ament de la celebraci\u00f3 de l&#8217;\u00faltim curs a l&#8217;escola del grup de sis\u00e8.<\/p>\n<p>Cliqueu la imatge per escoltar l&#8217;<strong>anunci promocional<\/strong>\u00a0que ha preparat el grup de sis\u00e8.<\/p>\n<p><a href=\"https:\/\/drive.google.com\/file\/d\/1qzwKoKzHIs9lLRnSjxIh1LaZX2iOpdVm\/view\"><img loading=\"lazy\" decoding=\"async\" class=\"alignnone size-full wp-image-21261\" src=\"https:\/\/serveiseducatius.xtec.cat\/baixpenedes\/wp-content\/uploads\/usu764\/2025\/10\/terror.jpg\" alt=\"\" width=\"441\" height=\"452\" srcset=\"https:\/\/serveiseducatius.xtec.cat\/baixpenedes\/wp-content\/uploads\/usu764\/2025\/10\/terror.jpg 441w, https:\/\/serveiseducatius.xtec.cat\/baixpenedes\/wp-content\/uploads\/usu764\/2025\/10\/terror-293x300.jpg 293w\" sizes=\"auto, (max-width: 441px) 100vw, 441px\" \/><\/a><\/p>\n","protected":false},"excerpt":{"rendered":"<p>L&#8217;escola Joan Perucho organitza per al dissabte 25 d&#8217;octubre,un PASSATGE DEL TERROR! De\u00a018:30 a les 21 h, esteu tothom convidat al Passatge del terror Us esperem al\u00a0bosc de la Papiola\u00a0(acc\u00e9s pel carrer Esparreguera, cantonada carrer Alzina) Preu de l&#8217;entrada:\u00a03 \u20ac\u00a0Els diners recaptats es dedicaran al finan\u00e7ament de la celebraci\u00f3 de l&#8217;\u00faltim curs a l&#8217;escola del [&hellip;]<\/p>\n","protected":false},"author":7,"featured_media":21261,"comment_status":"open","ping_status":"open","sticky":false,"template":"","format":"standard","meta":{"_bbp_topic_count":0,"_bbp_reply_count":0,"_bbp_total_topic_count":0,"_bbp_total_reply_count":0,"_bbp_voice_count":0,"_bbp_anonymous_reply_count":0,"_bbp_topic_count_hidden":0,"_bbp_reply_count_hidden":0,"_bbp_forum_subforum_count":0,"site-sidebar-layout":"default","site-content-layout":"","ast-site-content-layout":"","site-content-style":"default","site-sidebar-style":"default","ast-global-header-display":"","ast-banner-title-visibility":"","ast-main-header-display":"","ast-hfb-above-header-display":"","ast-hfb-below-header-display":"","ast-hfb-mobile-header-display":"","site-post-title":"","ast-breadcrumbs-content":"","ast-featured-img":"","footer-sml-layout":"","theme-transparent-header-meta":"","adv-header-id-meta":"","stick-header-meta":"","header-above-stick-meta":"","header-main-stick-meta":"","header-below-stick-meta":"","astra-migrate-meta-layouts":"default","ast-page-background-enabled":"default","ast-page-background-meta":{"desktop":{"background-color":"var(--ast-global-color-4)","background-image":"","background-repeat":"repeat","background-position":"center center","background-size":"auto","background-attachment":"scroll","background-type":"","background-media":"","overlay-type":"","overlay-color":"","overlay-opacity":"","overlay-gradient":""},"tablet":{"background-color":"","background-image":"","background-repeat":"repeat","background-position":"center center","background-size":"auto","background-attachment":"scroll","background-type":"","background-media":"","overlay-type":"","overlay-color":"","overlay-opacity":"","overlay-gradient":""},"mobile":{"background-color":"","background-image":"","background-repeat":"repeat","background-position":"center center","background-size":"auto","background-attachment":"scroll","background-type":"","background-media":"","overlay-type":"","overlay-color":"","overlay-opacity":"","overlay-gradient":""}},"ast-content-background-meta":{"desktop":{"background-color":"var(--ast-global-color-5)","background-image":"","background-repeat":"repeat","background-position":"center center","background-size":"auto","background-attachment":"scroll","background-type":"","background-media":"","overlay-type":"","overlay-color":"","overlay-opacity":"","overlay-gradient":""},"tablet":{"background-color":"var(--ast-global-color-5)","background-image":"","background-repeat":"repeat","background-position":"center center","background-size":"auto","background-attachment":"scroll","background-type":"","background-media":"","overlay-type":"","overlay-color":"","overlay-opacity":"","overlay-gradient":""},"mobile":{"background-color":"var(--ast-global-color-5)","background-image":"","background-repeat":"repeat","background-position":"center center","background-size":"auto","background-attachment":"scroll","background-type":"","background-media":"","overlay-type":"","overlay-color":"","overlay-opacity":"","overlay-gradient":""}},"footnotes":""},"categories":[262,29],"tags":[],"class_list":["post-21260","post","type-post","status-publish","format-standard","has-post-thumbnail","hentry","category-activitats-dels-centres","category-portada"],"post_mailing_queue_ids":[],"_links":{"self":[{"href":"https:\/\/serveiseducatius.xtec.cat\/baixpenedes\/wp-json\/wp\/v2\/posts\/21260","targetHints":{"allow":["GET"]}}],"collection":[{"href":"https:\/\/serveiseducatius.xtec.cat\/baixpenedes\/wp-json\/wp\/v2\/posts"}],"about":[{"href":"https:\/\/serveiseducatius.xtec.cat\/baixpenedes\/wp-json\/wp\/v2\/types\/post"}],"author":[{"embeddable":true,"href":"https:\/\/serveiseducatius.xtec.cat\/baixpenedes\/wp-json\/wp\/v2\/users\/7"}],"replies":[{"embeddable":true,"href":"https:\/\/serveiseducatius.xtec.cat\/baixpenedes\/wp-json\/wp\/v2\/comments?post=21260"}],"version-history":[{"count":2,"href":"https:\/\/serveiseducatius.xtec.cat\/baixpenedes\/wp-json\/wp\/v2\/posts\/21260\/revisions"}],"predecessor-version":[{"id":21263,"href":"https:\/\/serveiseducatius.xtec.cat\/baixpenedes\/wp-json\/wp\/v2\/posts\/21260\/revisions\/21263"}],"wp:featuredmedia":[{"embeddable":true,"href":"https:\/\/serveiseducatius.xtec.cat\/baixpenedes\/wp-json\/wp\/v2\/media\/21261"}],"wp:attachment":[{"href":"https:\/\/serveiseducatius.xtec.cat\/baixpenedes\/wp-json\/wp\/v2\/media?parent=21260"}],"wp:term":[{"taxonomy":"category","embeddable":true,"href":"https:\/\/serveiseducatius.xtec.cat\/baixpenedes\/wp-json\/wp\/v2\/categories?post=21260"},{"taxonomy":"post_tag","embeddable":true,"href":"https:\/\/serveiseducatius.xtec.cat\/baixpenedes\/wp-json\/wp\/v2\/tags?post=21260"}],"curies":[{"name":"wp","href":"https:\/\/api.w.org\/{rel}","templated":true}]}}