{"id":21253,"date":"2026-01-26T09:18:49","date_gmt":"2026-01-26T08:18:49","guid":{"rendered":"https:\/\/serveiseducatius.xtec.cat\/baixpenedes\/?p=21253"},"modified":"2026-02-18T09:08:43","modified_gmt":"2026-02-18T08:08:43","slug":"cicles-de-conferencies-certificables-al-baix-penedes","status":"publish","type":"post","link":"https:\/\/serveiseducatius.xtec.cat\/baixpenedes\/xerrades\/portada\/cicles-de-conferencies-certificables-al-baix-penedes\/","title":{"rendered":"CICLES DE CONFER\u00c8NCIES CERTIFICABLES AL BAIX PENED\u00c8S"},"content":{"rendered":"<p>Aquest curs iniciem els cicles de confer\u00e8ncies al Baix Pened\u00e8s com una opci\u00f3 formativa m\u00e9s per al desenvolupament professional dels docents. Hem organitzat dos cicles que es desenvoluparan, un en el segon trimestre mentre que el segon, tindr\u00e0 lloc al tercer trimestre i anir\u00e0 m\u00e9s adre\u00e7at a educaci\u00f3 infantil.<\/p>\n<p>Cadasc\u00fa dels cicles es realitzar\u00e0 en format virtual i permet assistir a 1, 2 o les 5 confer\u00e8ncies que s&#8217;hi ofereixen. La certificaci\u00f3 nom\u00e9s ser\u00e0 possible de 20 hores i, per tant,\u00a0 vindr\u00e0 donada nom\u00e9s si s&#8217;assisteix com a\u00a0 m\u00ednim 4 de les 5 confer\u00e8ncies, cap altre nombre d&#8217;hores se certificar\u00e0.<\/p>\n<h5>INSCRIPCI\u00d3 : Clica el cartell, escaneja el <strong>QR<\/strong> o b\u00e9 des de <span style=\"background-color: #ffff99;\"><a style=\"background-color: #ffff99;\" href=\"https:\/\/aplicacions.gestioeducativa.gencat.cat\/ords\/pls\/soloas\/pk_for_mod_ins.p_for_detall_activitat?p_header=Llista%20d%27activitats^pk_for_mod_ins.p_for_cons_activitats?p_any=2025-2026%26p_totes=S%26p_comarca=12%26p_inici=1%26p_excloure_crp_rec=T&amp;p_codi=7044711704&amp;p_curs=2025-2026&amp;p_es_inscr=S\">l&#8217;enlla\u00e7<\/a><\/span><\/h5>\n<p><a href=\"https:\/\/aplicacions.gestioeducativa.gencat.cat\/ords\/pls\/soloas\/pk_for_mod_ins.p_for_detall_activitat?p_codi=7044711704&amp;p_curs=2025-2026&amp;p_es_inscr=S\"><img loading=\"lazy\" decoding=\"async\" class=\"size-full wp-image-21399 aligncenter\" src=\"https:\/\/serveiseducatius.xtec.cat\/baixpenedes\/wp-content\/uploads\/usu764\/2025\/10\/I-cicle.jpg\" alt=\"\" width=\"560\" height=\"788\" \/><\/a><\/p>\n<p>&nbsp;<\/p>\n<p>Aquest cicle de confer\u00e8ncies pret\u00e9n crear un espai de reflexi\u00f3 i aprenentatge, en un context educatiu en constant transformaci\u00f3, on la salut emocional, la motivaci\u00f3 i la gesti\u00f3 del benestar esdevenen factors clau per l&#8217;aprenentatge significatiu.<br \/>\nEl cicle proposa un recorregut per les diferents mirades de diferents experts com: el coneixement neurocient\u00edfic de l&#8217;aprenentatge de l&#8217;H\u00e8ctor Ruiz, el domini de la gesti\u00f3 de la conducta del Fran Rojas, l&#8217;expertesa en l&#8217;aprenentatge de la Neus Sanmart\u00ed, la mirada pedag\u00f2gica de la vida i la mort de la N\u00faria Font\u00e0s i el llarg recorregut de la pedagogia de la inclusi\u00f3 de la Merc\u00e8 Esteve.<\/p>\n<p>US FACILITAREM\u00a0<strong><span style=\"font-size: 16px; font-style: normal;\">L&#8217;ENLLA\u00c7 AL MEET <\/span><\/strong><span style=\"font-size: 16px;\"><strong>PER CORREU ELECTR\u00d2NIC\u00a0 EL DIA ABANS DE CADA CONFER\u00c8NCIA<\/strong>.\u00a0 Es prega no compartir-ho amb ning\u00fa que no s&#8217;hagi inscrit\u00a0 a l&#8217;activitat.<\/span><\/p>\n<p>Durant cada confer\u00e8ncia es facilitar\u00e0 un<strong> breu formulari al xat<\/strong> per omplir en acabar .<\/p>\n<table border=\"0\" cellspacing=\"0\" cellpadding=\"0\">\n<tbody>\n<tr>\n<td valign=\"TOP\">(26\/02\/2026) H\u00e9ctor Ruiz: com aprenem? Una breu aproximaci\u00f3 cient\u00edfica a l&#8217;aprenentatge<\/p>\n<p>05\/03\/2926) Fran Rojas: L&#8217;autoritat i les conductes disruptives.<\/p>\n<p>(12\/03\/2026) Neus Sanmart\u00ed: El poder d&#8217;aprendre: quan l&#8217;alumne agafa les regnes.<\/p>\n<p>(19\/03\/2026) N\u00faria Font\u00e0s: Com treballar la mort a partir de la vida?<\/p>\n<p>(26\/03\/2026) Merc\u00e8 Esteve: No hi ha dos alumnes iguals, organitzem-nos per atendre&#8217;ls.<\/td>\n<\/tr>\n<tr>\n<td><\/td>\n<td><\/td>\n<\/tr>\n<tr>\n<td align=\"RIGHT\" valign=\"TOP\"><b><span style=\"font-family: arial, helvetica, geneva; font-size: small;\">Formador\/a\u00a0\u00a0<\/span><\/b><\/td>\n<td valign=\"TOP\"><span style=\"font-family: arial, helvetica, geneva; font-size: small;\">H\u00e9ctor Ruiz, Fran Rojas, Neus Sanmart\u00edn, N\u00faria Font\u00e0s, Merc\u00e8 Esteve<\/span><\/td>\n<\/tr>\n<tr>\n<td><\/td>\n<td><\/td>\n<\/tr>\n<\/tbody>\n<\/table>\n<p>El segon cicle de Confer\u00e8ncies <a href=\"https:\/\/aplicacions.gestioeducativa.gencat.cat\/ords\/pls\/soloas\/pk_for_mod_ins.p_for_detall_activitat?p_codi=7044721704&amp;p_curs=2025-2026&amp;p_es_inscr=S\"><img loading=\"lazy\" decoding=\"async\" class=\"alignnone size-full wp-image-21496\" src=\"https:\/\/serveiseducatius.xtec.cat\/baixpenedes\/wp-content\/uploads\/usu764\/2025\/10\/2n-cicle-imatge.jpg\" alt=\"\" width=\"461\" height=\"653\" srcset=\"https:\/\/serveiseducatius.xtec.cat\/baixpenedes\/wp-content\/uploads\/usu764\/2025\/10\/2n-cicle-imatge.jpg 461w, https:\/\/serveiseducatius.xtec.cat\/baixpenedes\/wp-content\/uploads\/usu764\/2025\/10\/2n-cicle-imatge-212x300.jpg 212w\" sizes=\"auto, (max-width: 461px) 100vw, 461px\" \/><\/a> correspon al tercer trimestre i abasta tem\u00e0tiques al voltant de l&#8217;educaci\u00f3 infantil. Un cartell amb figures expertes en el seu camp,\u00a0 que ens permetr\u00e0 aprofundir en \u00e0mbits com fam\u00edlies, diversitat i inclusi\u00f3 i l&#8217;aprenentatge i la seva metodologia.<\/p>\n<p><strong>Clica al cartell<\/strong> per a acc\u00e9s a<strong> inscripci\u00f3<\/strong>, <strong>escaneja<\/strong> el QR o b\u00e9 a<span style=\"background-color: #ffff00;\"><a style=\"background-color: #ffff00;\" href=\"https:\/\/aplicacions.gestioeducativa.gencat.cat\/ords\/pls\/soloas\/pk_for_mod_ins.p_for_detall_activitat?p_codi=7044721704&amp;p_curs=2025-2026&amp;p_es_inscr=S\"> l<strong>&#8216;enlla\u00e7.<\/strong><\/a><\/span><\/p>\n<table border=\"0\" cellspacing=\"0\" cellpadding=\"0\">\n<tbody>\n<tr>\n<td align=\"RIGHT\" valign=\"TOP\"><b><span style=\"font-family: arial, helvetica, geneva; font-size: small;\">\u00a0<\/span><\/b><\/td>\n<td valign=\"TOP\"><span style=\"font-family: arial, helvetica, geneva; font-size: small;\"><strong>(09\/04\/2026)<\/strong> N\u00faria Monreal (Centre Carrilet): Comprensi\u00f3 i acompanyament de l\u00bfalumnat amb TEA a infantil: orientacions i propostes d&#8217;aula.<\/span><\/p>\n<p><strong>(16\/04\/2026)<\/strong> Xavier Corbella:El curriculum que passa a l&#8217;aula: fer, pensar i comunicar.<br \/>\nMetodologies actives: Viv\u00e8ncia vs conci\u00e8ncia<br \/>\nTancar amb una mirada professional: documentar, observar, repensar.<\/p>\n<p><strong>(07\/05\/2026)<\/strong> David Bueno: L&#8217;aprenentatge en les primeres etapes de la vida.<\/p>\n<p><strong>(14\/05\/2026)<\/strong> Josep Maria Cornad\u00f3: Com treballar amb les fam\u00edlies a l&#8217;educaci\u00f3 infantil?<\/td>\n<\/tr>\n<\/tbody>\n<\/table>\n","protected":false},"excerpt":{"rendered":"<p>Aquest curs iniciem els cicles de confer\u00e8ncies al Baix Pened\u00e8s com una opci\u00f3 formativa m\u00e9s per al desenvolupament professional dels docents. Hem organitzat dos cicles que es desenvoluparan, un en el segon trimestre mentre que el segon, tindr\u00e0 lloc al tercer trimestre i anir\u00e0 m\u00e9s adre\u00e7at a educaci\u00f3 infantil. Cadasc\u00fa dels cicles es realitzar\u00e0 en [&hellip;]<\/p>\n","protected":false},"author":7,"featured_media":21399,"comment_status":"open","ping_status":"open","sticky":true,"template":"","format":"standard","meta":{"_bbp_topic_count":0,"_bbp_reply_count":0,"_bbp_total_topic_count":0,"_bbp_total_reply_count":0,"_bbp_voice_count":0,"_bbp_anonymous_reply_count":0,"_bbp_topic_count_hidden":0,"_bbp_reply_count_hidden":0,"_bbp_forum_subforum_count":0,"site-sidebar-layout":"default","site-content-layout":"","ast-site-content-layout":"default","site-content-style":"default","site-sidebar-style":"default","ast-global-header-display":"","ast-banner-title-visibility":"","ast-main-header-display":"","ast-hfb-above-header-display":"","ast-hfb-below-header-display":"","ast-hfb-mobile-header-display":"","site-post-title":"","ast-breadcrumbs-content":"","ast-featured-img":"","footer-sml-layout":"","theme-transparent-header-meta":"default","adv-header-id-meta":"","stick-header-meta":"","header-above-stick-meta":"","header-main-stick-meta":"","header-below-stick-meta":"","astra-migrate-meta-layouts":"set","ast-page-background-enabled":"default","ast-page-background-meta":{"desktop":{"background-color":"var(--ast-global-color-4)","background-image":"","background-repeat":"repeat","background-position":"center center","background-size":"auto","background-attachment":"scroll","background-type":"","background-media":"","overlay-type":"","overlay-color":"","overlay-opacity":"","overlay-gradient":""},"tablet":{"background-color":"","background-image":"","background-repeat":"repeat","background-position":"center center","background-size":"auto","background-attachment":"scroll","background-type":"","background-media":"","overlay-type":"","overlay-color":"","overlay-opacity":"","overlay-gradient":""},"mobile":{"background-color":"","background-image":"","background-repeat":"repeat","background-position":"center center","background-size":"auto","background-attachment":"scroll","background-type":"","background-media":"","overlay-type":"","overlay-color":"","overlay-opacity":"","overlay-gradient":""}},"ast-content-background-meta":{"desktop":{"background-color":"var(--ast-global-color-5)","background-image":"","background-repeat":"repeat","background-position":"center center","background-size":"auto","background-attachment":"scroll","background-type":"","background-media":"","overlay-type":"","overlay-color":"","overlay-opacity":"","overlay-gradient":""},"tablet":{"background-color":"var(--ast-global-color-5)","background-image":"","background-repeat":"repeat","background-position":"center center","background-size":"auto","background-attachment":"scroll","background-type":"","background-media":"","overlay-type":"","overlay-color":"","overlay-opacity":"","overlay-gradient":""},"mobile":{"background-color":"var(--ast-global-color-5)","background-image":"","background-repeat":"repeat","background-position":"center center","background-size":"auto","background-attachment":"scroll","background-type":"","background-media":"","overlay-type":"","overlay-color":"","overlay-opacity":"","overlay-gradient":""}},"footnotes":""},"categories":[546,392,376,530,531,29,203],"tags":[],"class_list":["post-21253","post","type-post","status-publish","format-standard","has-post-thumbnail","hentry","category-el-crp","category-divulgacio-cientifica","category-formacio","category-inclusio","category-innovacio","category-portada","category-xerrades"],"post_mailing_queue_ids":[],"_links":{"self":[{"href":"https:\/\/serveiseducatius.xtec.cat\/baixpenedes\/wp-json\/wp\/v2\/posts\/21253","targetHints":{"allow":["GET"]}}],"collection":[{"href":"https:\/\/serveiseducatius.xtec.cat\/baixpenedes\/wp-json\/wp\/v2\/posts"}],"about":[{"href":"https:\/\/serveiseducatius.xtec.cat\/baixpenedes\/wp-json\/wp\/v2\/types\/post"}],"author":[{"embeddable":true,"href":"https:\/\/serveiseducatius.xtec.cat\/baixpenedes\/wp-json\/wp\/v2\/users\/7"}],"replies":[{"embeddable":true,"href":"https:\/\/serveiseducatius.xtec.cat\/baixpenedes\/wp-json\/wp\/v2\/comments?post=21253"}],"version-history":[{"count":6,"href":"https:\/\/serveiseducatius.xtec.cat\/baixpenedes\/wp-json\/wp\/v2\/posts\/21253\/revisions"}],"predecessor-version":[{"id":22039,"href":"https:\/\/serveiseducatius.xtec.cat\/baixpenedes\/wp-json\/wp\/v2\/posts\/21253\/revisions\/22039"}],"wp:featuredmedia":[{"embeddable":true,"href":"https:\/\/serveiseducatius.xtec.cat\/baixpenedes\/wp-json\/wp\/v2\/media\/21399"}],"wp:attachment":[{"href":"https:\/\/serveiseducatius.xtec.cat\/baixpenedes\/wp-json\/wp\/v2\/media?parent=21253"}],"wp:term":[{"taxonomy":"category","embeddable":true,"href":"https:\/\/serveiseducatius.xtec.cat\/baixpenedes\/wp-json\/wp\/v2\/categories?post=21253"},{"taxonomy":"post_tag","embeddable":true,"href":"https:\/\/serveiseducatius.xtec.cat\/baixpenedes\/wp-json\/wp\/v2\/tags?post=21253"}],"curies":[{"name":"wp","href":"https:\/\/api.w.org\/{rel}","templated":true}]}}