{"id":21081,"date":"2025-10-02T08:50:01","date_gmt":"2025-10-02T06:50:01","guid":{"rendered":"https:\/\/serveiseducatius.xtec.cat\/baixpenedes\/?p=21081"},"modified":"2025-10-02T08:50:01","modified_gmt":"2025-10-02T06:50:01","slug":"memoria-cat","status":"publish","type":"post","link":"https:\/\/serveiseducatius.xtec.cat\/baixpenedes\/xerrades\/portada\/memoria-cat\/","title":{"rendered":"MEMORIA.CAT"},"content":{"rendered":"<p>Coincidint amb els 50 anys de la mort de Francisco Franco\u00a0<a href=\"http:\/\/memoria.cat\/\" target=\"_blank\" rel=\"noopener\" data-saferedirecturl=\"https:\/\/www.google.com\/url?q=http:\/\/memoria.cat&amp;source=gmail&amp;ust=1759471890458000&amp;usg=AOvVaw2Y3zJuljfGv8W8WfxwcAQX\">memoria.cat<\/a>\u00a0ha renovat el web &#8220;<a href=\"https:\/\/www.memoria.cat\/detencions1975\/\" target=\"_blank\" rel=\"noopener\" data-saferedirecturl=\"https:\/\/www.google.com\/url?q=https:\/\/www.memoria.cat\/detencions1975\/&amp;source=gmail&amp;ust=1759471890458000&amp;usg=AOvVaw1caB5Yjf9HWwBZK_SXHrVw\">Les \u00faltimes detencions del franquisme a Manresa&#8221;<\/a> .L&#8217;associaci\u00f3 Mem\u00f2ria i Hist\u00f2ria de Manresa \u00e9s formada per persones a qui els apassiona la hist\u00f2ria i que volen investigar i donar a con\u00e8ixer el nostre passat recent especialment a trav\u00e9s del portal de webs <a href=\"https:\/\/www.memoria.cat\/\">www.memoria.cat <\/a>font per a possibles treballs de recerca<\/p>\n<p><a href=\"https:\/\/www.memoria.cat\/edu\/web-les-ultimes-detencions-del-franquisme-a-manresa-material-de-suport\/\" target=\"_blank\" rel=\"noopener\" data-saferedirecturl=\"https:\/\/www.google.com\/url?q=https:\/\/www.memoria.cat\/edu\/web-les-ultimes-detencions-del-franquisme-a-manresa-material-de-suport\/&amp;source=gmail&amp;ust=1759471890458000&amp;usg=AOvVaw3xFMhYA5dOZahVdmIhGUz4\">Les \u00faltimes detencions del franquisme a Manresa. Material de suport<\/a> est\u00e0 adre\u00e7at a ESO i Batxillerat perqu\u00e8 des dels centres es pugui treballar la repressi\u00f3 del final del franquisme i la lluita de l&#8217;oposici\u00f3 democr\u00e0tica per enderrocar-lo.<\/p>\n<p>La renovaci\u00f3 del web i el material de suport ha comptat amb e<b>l suport de l&#8217;Ajuntament de Manresa. <\/b>Consulteu-lo a <b><\/b><b><a href=\"http:\/\/memoria.cat\/edu\" target=\"_blank\" rel=\"noopener\" data-saferedirecturl=\"https:\/\/www.google.com\/url?q=http:\/\/memoria.cat\/edu&amp;source=gmail&amp;ust=1759471890458000&amp;usg=AOvVaw33mf9KxK30PbzDG112hvlE\">memoria.cat\/edu\u00a0<\/a><\/b><\/p>\n<p>El portal cont\u00e9 m\u00e9s de 100 webs, milers de documents i fotografies i centenars de v\u00eddeos, escrits i testimonis orals sobre la <strong>Rep\u00fablica, la Guerra Civil, el franquisme i la Transici\u00f3<\/strong> a Manresa, fruit de la recerca. Tamb\u00e9 alguns documents significatius de la hist\u00f2ria de Catalunya que han trobat en diferents arxius.<\/p>\n","protected":false},"excerpt":{"rendered":"<p>Coincidint amb els 50 anys de la mort de Francisco Franco\u00a0memoria.cat\u00a0ha renovat el web &#8220;Les \u00faltimes detencions del franquisme a Manresa&#8221; .L&#8217;associaci\u00f3 Mem\u00f2ria i Hist\u00f2ria de Manresa \u00e9s formada per persones a qui els apassiona la hist\u00f2ria i que volen investigar i donar a con\u00e8ixer el nostre passat recent especialment a trav\u00e9s del portal de [&hellip;]<\/p>\n","protected":false},"author":7,"featured_media":21082,"comment_status":"open","ping_status":"open","sticky":false,"template":"","format":"standard","meta":{"_bbp_topic_count":0,"_bbp_reply_count":0,"_bbp_total_topic_count":0,"_bbp_total_reply_count":0,"_bbp_voice_count":0,"_bbp_anonymous_reply_count":0,"_bbp_topic_count_hidden":0,"_bbp_reply_count_hidden":0,"_bbp_forum_subforum_count":0,"site-sidebar-layout":"default","site-content-layout":"","ast-site-content-layout":"","site-content-style":"default","site-sidebar-style":"default","ast-global-header-display":"","ast-banner-title-visibility":"","ast-main-header-display":"","ast-hfb-above-header-display":"","ast-hfb-below-header-display":"","ast-hfb-mobile-header-display":"","site-post-title":"","ast-breadcrumbs-content":"","ast-featured-img":"","footer-sml-layout":"","theme-transparent-header-meta":"","adv-header-id-meta":"","stick-header-meta":"","header-above-stick-meta":"","header-main-stick-meta":"","header-below-stick-meta":"","astra-migrate-meta-layouts":"default","ast-page-background-enabled":"default","ast-page-background-meta":{"desktop":{"background-color":"var(--ast-global-color-4)","background-image":"","background-repeat":"repeat","background-position":"center center","background-size":"auto","background-attachment":"scroll","background-type":"","background-media":"","overlay-type":"","overlay-color":"","overlay-opacity":"","overlay-gradient":""},"tablet":{"background-color":"","background-image":"","background-repeat":"repeat","background-position":"center center","background-size":"auto","background-attachment":"scroll","background-type":"","background-media":"","overlay-type":"","overlay-color":"","overlay-opacity":"","overlay-gradient":""},"mobile":{"background-color":"","background-image":"","background-repeat":"repeat","background-position":"center center","background-size":"auto","background-attachment":"scroll","background-type":"","background-media":"","overlay-type":"","overlay-color":"","overlay-opacity":"","overlay-gradient":""}},"ast-content-background-meta":{"desktop":{"background-color":"var(--ast-global-color-5)","background-image":"","background-repeat":"repeat","background-position":"center center","background-size":"auto","background-attachment":"scroll","background-type":"","background-media":"","overlay-type":"","overlay-color":"","overlay-opacity":"","overlay-gradient":""},"tablet":{"background-color":"var(--ast-global-color-5)","background-image":"","background-repeat":"repeat","background-position":"center center","background-size":"auto","background-attachment":"scroll","background-type":"","background-media":"","overlay-type":"","overlay-color":"","overlay-opacity":"","overlay-gradient":""},"mobile":{"background-color":"var(--ast-global-color-5)","background-image":"","background-repeat":"repeat","background-position":"center center","background-size":"auto","background-attachment":"scroll","background-type":"","background-media":"","overlay-type":"","overlay-color":"","overlay-opacity":"","overlay-gradient":""}},"footnotes":""},"categories":[538,29,370,422],"tags":[],"class_list":["post-21081","post","type-post","status-publish","format-standard","has-post-thumbnail","hentry","category-arxiu-comarcal","category-portada","category-recursos","category-secundaria"],"post_mailing_queue_ids":[],"_links":{"self":[{"href":"https:\/\/serveiseducatius.xtec.cat\/baixpenedes\/wp-json\/wp\/v2\/posts\/21081","targetHints":{"allow":["GET"]}}],"collection":[{"href":"https:\/\/serveiseducatius.xtec.cat\/baixpenedes\/wp-json\/wp\/v2\/posts"}],"about":[{"href":"https:\/\/serveiseducatius.xtec.cat\/baixpenedes\/wp-json\/wp\/v2\/types\/post"}],"author":[{"embeddable":true,"href":"https:\/\/serveiseducatius.xtec.cat\/baixpenedes\/wp-json\/wp\/v2\/users\/7"}],"replies":[{"embeddable":true,"href":"https:\/\/serveiseducatius.xtec.cat\/baixpenedes\/wp-json\/wp\/v2\/comments?post=21081"}],"version-history":[{"count":1,"href":"https:\/\/serveiseducatius.xtec.cat\/baixpenedes\/wp-json\/wp\/v2\/posts\/21081\/revisions"}],"predecessor-version":[{"id":21083,"href":"https:\/\/serveiseducatius.xtec.cat\/baixpenedes\/wp-json\/wp\/v2\/posts\/21081\/revisions\/21083"}],"wp:featuredmedia":[{"embeddable":true,"href":"https:\/\/serveiseducatius.xtec.cat\/baixpenedes\/wp-json\/wp\/v2\/media\/21082"}],"wp:attachment":[{"href":"https:\/\/serveiseducatius.xtec.cat\/baixpenedes\/wp-json\/wp\/v2\/media?parent=21081"}],"wp:term":[{"taxonomy":"category","embeddable":true,"href":"https:\/\/serveiseducatius.xtec.cat\/baixpenedes\/wp-json\/wp\/v2\/categories?post=21081"},{"taxonomy":"post_tag","embeddable":true,"href":"https:\/\/serveiseducatius.xtec.cat\/baixpenedes\/wp-json\/wp\/v2\/tags?post=21081"}],"curies":[{"name":"wp","href":"https:\/\/api.w.org\/{rel}","templated":true}]}}