{"id":21051,"date":"2025-09-30T12:32:43","date_gmt":"2025-09-30T10:32:43","guid":{"rendered":"https:\/\/serveiseducatius.xtec.cat\/baixpenedes\/?p=21051"},"modified":"2025-10-01T11:54:03","modified_gmt":"2025-10-01T09:54:03","slug":"formacions-upc-per-a-prim-sec-fp","status":"publish","type":"post","link":"https:\/\/serveiseducatius.xtec.cat\/baixpenedes\/general\/formacions-upc-per-a-prim-sec-fp\/","title":{"rendered":"FORMACIONS UPC PER A PRIM-SEC-FP"},"content":{"rendered":"<p>A la p\u00e0gina Formaci\u00f3 Docents Secund\u00e0ria i FP \u2014 Institut de Ci\u00e8ncies de l&#8217;Educaci\u00f3 \u2014 UPC <a href=\"https:\/\/ice.upc.edu\/ca\/secretaria-virtual\/formacio-docents-secundaria-i-fp\" target=\"_blank\" rel=\"noopener\" data-saferedirecturl=\"https:\/\/www.google.com\/url?q=https:\/\/ice.upc.edu\/ca\/secretaria-virtual\/formacio-docents-secundaria-i-fp&amp;source=gmail&amp;ust=1759304814636000&amp;usg=AOvVaw0n_tVnn2gHR_CkuK1MMNx7\">Formaci\u00f3 Docents Secund\u00e0ria i FP \u2014 Institut de Ci\u00e8ncies de l&#8217;Educaci\u00f3 \u2014 UPC. Universitat Polit\u00e8cnica de Catalunya,<\/a>\u00a0trobareu l&#8217;oferta formativa actualitzada. Com que moltes de les propostes s\u00f3n en format online, pot facilitar la participaci\u00f3 des de qualsevol punt del territori.<\/p>\n<p>L&#8217;oferta est\u00e0 adre\u00e7ada a prim\u00e0ria, secund\u00e0ria i formaci\u00f3 professional. <span style=\"font-family: inherit; font-size: 1.21875em;\">Inscripcions obertes des dels enlla\u00e7os.<\/span><\/p>\n<div>\n<div class=\"container\">\n<p>&nbsp;<\/p>\n<section id=\"portal-column-content\">\n<article id=\"content\">\n<header>\n<div id=\"viewlet-below-content-description\"><\/div>\n<\/header>\n<div id=\"content-core\">\n<div class=\"col-md-12\">\n<div class=\"upc-desc col-md-12\">\n<div>\n<div class=\"row\">\n<div class=\"col-md-12\">\n<div class=\"row gx-5\">\n<div class=\"col-md-12\">\n<div id=\"portletwrapper-67656e7765622e706f72746c6574732e486f6d65506f72746c65744d616e61676572320a636f6e746578740a2f33312f6963652f63612f736563726574617269612d7669727475616c2f666f726d6163696f2d646f63656e74732d736563756e64617269612d692d66702f666f726d6163696f2d646f63656e74732d736563756e64617269612d692d66700a666f726d6163696f6e73\" class=\"portletWrapper kssattr-portlethash-67656e7765622e706f72746c6574732e486f6d65506f72746c65744d616e61676572320a636f6e746578740a2f33312f6963652f63612f736563726574617269612d7669727475616c2f666f726d6163696f2d646f63656e74732d736563756e64617269612d692d66702f666f726d6163696f2d646f63656e74732d736563756e64617269612d692d66700a666f726d6163696f6e73\">\n<div class=\"portletStaticText portlet-static-formacions\">\n<div class=\"col\"><\/div>\n<div class=\"row\">\n<div class=\"col\"><\/div>\n<p><b>Primeres assignacions el 6 d&#8217;octubre.<\/b><\/p>\n<div class=\"wrap\">\n<div class=\"boxy\">\n<div class=\"cap\">Disseny de l&#8217;acci\u00f3 educativa<\/div>\n<div class=\"cont\">\n<h3 class=\"title\">Explora la meteorologia hivernal<\/h3>\n<div class=\"info-curs\">\n<p><a href=\"https:\/\/aplicacions.gestioeducativa.gencat.cat\/ords\/pls\/soloas\/pk_for_mod_ins.p_for_detall_activitat?p_codi=9000030014&amp;p_curs=2025-2026&amp;p_es_inscr=S\" target=\"_blank\" rel=\"noopener\">Inscripci\u00f3 i m\u00e9s informaci\u00f3<\/a><\/p>\n<div>Durada: 20h<\/div>\n<div>24\/1\/2026 al 7\/2\/2026 de 9:00h a 20:00h<\/div>\n<div>Presencial (Berga)<\/div>\n<\/div>\n<div class=\"tag-container\">\n<div class=\"tag preu\">Gratu\u00eft<\/div>\n<div class=\"tag curs\">Curs<\/div>\n<\/div>\n<\/div>\n<\/div>\n<div class=\"boxy\">\n<div class=\"cap\">Pr\u00e0ctica docent<\/div>\n<div class=\"cont\">\n<h3 class=\"title\">Implementaci\u00f3 a l&#8217;aula del Projecte Nexe Aigua-Energia: un binomi sostenible<\/h3>\n<div class=\"info-curs\">\n<p><a href=\"https:\/\/aplicacions.gestioeducativa.gencat.cat\/ords\/pls\/soloas\/pk_for_mod_ins.p_for_detall_activitat?p_codi=9000040014&amp;p_curs=2025-2026&amp;p_es_inscr=S\" target=\"_blank\" rel=\"noopener\">Inscripci\u00f3 i m\u00e9s informaci\u00f3<\/a><\/p>\n<div>Durada: 30h<\/div>\n<div>21\/10\/2025 &#8211; 30\/04\/2026 de 18:00h a 20:00h<\/div>\n<div>En l\u00ednia s\u00edncron<\/div>\n<\/div>\n<div class=\"tag-container\">\n<div class=\"tag preu\">Gratu\u00eft<\/div>\n<div class=\"tag curs\">Curs<\/div>\n<div class=\"tag telematic\">Telem\u00e0tic<\/div>\n<\/div>\n<\/div>\n<\/div>\n<div class=\"boxy\">\n<div class=\"cap\">Pr\u00e0ctica docent<\/div>\n<div class=\"cont\">\n<h3 class=\"title\">L&#8217;enginyeria a l&#8217;aula de prim\u00e0ria<\/h3>\n<div class=\"info-curs\">\n<p><a href=\"https:\/\/aplicacions.gestioeducativa.gencat.cat\/ords\/pls\/soloas\/pk_for_mod_ins.p_for_detall_activitat?p_codi=9000070014&amp;p_curs=2025-2026&amp;p_es_inscr=S\" target=\"_blank\" rel=\"noopener\">Inscripci\u00f3 i m\u00e9s informaci\u00f3<\/a><\/p>\n<div>Durada: 20h<\/div>\n<div>29\/10\/2025 al 21\/1\/2026 de 17:00h a 19:30h<\/div>\n<div>Semipresencial (Vilanova i la Geltr\u00fa)<\/div>\n<\/div>\n<div class=\"tag-container\">\n<div class=\"tag preu\">Gratu\u00eft<\/div>\n<div class=\"tag exclusiu\">Prim\u00e0ria<\/div>\n<div class=\"tag curs\">Curs<\/div>\n<\/div>\n<\/div>\n<\/div>\n<div class=\"boxy\">\n<div class=\"cap\">Pr\u00e0ctica docent<\/div>\n<div class=\"cont\">\n<h3 class=\"title\">Did\u00e0ctica de la Tecnologia: Disseny de SA, validades i transferibles<\/h3>\n<div class=\"info-curs\">\n<p><a href=\"https:\/\/aplicacions.gestioeducativa.gencat.cat\/ords\/pls\/soloas\/pk_for_mod_ins.p_for_detall_activitat?p_codi=9000080014&amp;p_curs=2025-2026&amp;p_es_inscr=S\" target=\"_blank\" rel=\"noopener\">Inscripci\u00f3 i m\u00e9s informaci\u00f3<\/a><\/p>\n<div>Durada: 45h<\/div>\n<div>16\/10\/2025 al 25\/6\/2026 de 16:00h a 18:00h<\/div>\n<div>Presencial (Barcelona)<\/div>\n<\/div>\n<div class=\"tag-container\">\n<div class=\"tag preu\">Gratu\u00eft<\/div>\n<div class=\"tag grup\">Grup de treball<\/div>\n<\/div>\n<\/div>\n<\/div>\n<div class=\"boxy\">\n<div class=\"cap\">Pr\u00e0ctica docent<\/div>\n<div class=\"cont\">\n<h3 class=\"title\">Eines de privadesa i anonimat a internet: com protegir la teva activitat, les teves dades i la teva identitat en l\u00ednia<\/h3>\n<div class=\"info-curs\">\n<p><a href=\"https:\/\/aplicacions.gestioeducativa.gencat.cat\/ords\/pls\/soloas\/pk_for_mod_ins.p_for_detall_activitat?p_codi=0000020014&amp;p_curs=2025-2026&amp;p_es_inscr=S\" target=\"_blank\" rel=\"noopener\">Inscripci\u00f3 i m\u00e9s informaci\u00f3<\/a><\/p>\n<div>Durada: 25h<\/div>\n<div>31\/10\/2025 al 15\/1\/2026 de 9:30h a 13:30h<\/div>\n<div>En l\u00ednia mixt<\/div>\n<\/div>\n<div class=\"tag-container\">\n<div class=\"tag preu\">Gratu\u00eft<\/div>\n<div class=\"tag curs\">Curs<\/div>\n<div class=\"tag telematic\">Telem\u00e0tic<\/div>\n<\/div>\n<\/div>\n<\/div>\n<div class=\"boxy\">\n<div class=\"cap\">Pr\u00e0ctica docent<\/div>\n<div class=\"stripe-ultimes\">\u00daLTIMES PLACES<\/div>\n<div class=\"cont\">\n<h3 class=\"title\">El poder de la imatge: experi\u00e8ncies amb fotografia matem\u00e0tica. Recursos inclusius i creatius per a l&#8217;ESO i Batxillerat<\/h3>\n<div class=\"info-curs\">\n<p><a href=\"https:\/\/aplicacions.gestioeducativa.gencat.cat\/ords\/pls\/soloas\/pk_for_mod_ins.p_for_detall_activitat?p_codi=9000110014&amp;p_curs=2025-2026&amp;p_es_inscr=S\" target=\"_blank\" rel=\"noopener\">Inscripci\u00f3 i m\u00e9s informaci\u00f3<\/a><\/p>\n<div>Durada: 20h<\/div>\n<div>20\/11\/2025 al 29\/1\/2026 de 17:30h a 20:00h<\/div>\n<div>Presencial (Barcelona) o en l\u00ednea<\/div>\n<\/div>\n<div class=\"tag-container\">\n<div class=\"tag preu\">Gratu\u00eft<\/div>\n<div class=\"tag curs\">Curs<\/div>\n<div class=\"tag telematic\">H\u00edbrid<\/div>\n<\/div>\n<\/div>\n<\/div>\n<div class=\"boxy\">\n<div class=\"cap\">Pr\u00e0ctica docent<\/div>\n<div class=\"cont\">\n<h3 class=\"title\">Aprenentatge globalitzat a FP<\/h3>\n<div class=\"info-curs\">\n<p><a href=\"https:\/\/aplicacions.gestioeducativa.gencat.cat\/ords\/pls\/soloas\/pk_for_mod_ins.p_for_detall_activitat?p_codi=0000010014&amp;p_curs=2025-2026&amp;p_es_inscr=S\" target=\"_blank\" rel=\"noopener\">Inscripci\u00f3 i m\u00e9s informaci\u00f3<\/a><\/p>\n<div>Durada: 30h<\/div>\n<div>28\/10\/2025 al 15\/1\/2026 de 9:30h a 12:00h<\/div>\n<div>En l\u00ednia mixt<\/div>\n<\/div>\n<div class=\"tag-container\">\n<div class=\"tag preu\">Gratu\u00eft<\/div>\n<div class=\"tag exclusiu\">FP<\/div>\n<div class=\"tag curs\">Curs<\/div>\n<div class=\"tag telematic\">Telem\u00e0tic<\/div>\n<\/div>\n<\/div>\n<\/div>\n<div class=\"boxy\">\n<div class=\"cap\">Pr\u00e0ctica docent<\/div>\n<div class=\"cont\">\n<h3 class=\"title\">Comunicar per Aprendre en FP Industrial<\/h3>\n<div class=\"info-curs\">\n<p><a href=\"https:\/\/aplicacions.gestioeducativa.gencat.cat\/ords\/pls\/soloas\/pk_for_mod_ins.p_for_detall_activitat?p_codi=0000030014&amp;p_curs=2025-2026&amp;p_es_inscr=S\" target=\"_blank\" rel=\"noopener\">Inscripci\u00f3 i m\u00e9s informaci\u00f3<\/a><\/p>\n<div>Durada: 30h<\/div>\n<div>27\/10\/2025 al 15\/1\/2026 de 17:30h a 20:30h<\/div>\n<div>En l\u00ednia mixt<\/div>\n<\/div>\n<div class=\"tag-container\">\n<div class=\"tag preu\">Gratu\u00eft<\/div>\n<div class=\"tag exclusiu\">FP<\/div>\n<div class=\"tag curs\">Curs<\/div>\n<div class=\"tag telematic\">Telem\u00e0tic<\/div>\n<\/div>\n<\/div>\n<\/div>\n<div class=\"boxy\">\n<div class=\"cap\">Pr\u00e0ctica docent<\/div>\n<div class=\"cont\">\n<h3 class=\"title\">Explora els bolets<\/h3>\n<div class=\"info-curs\">\n<p><a href=\"https:\/\/aplicacions.gestioeducativa.gencat.cat\/ords\/pls\/soloas\/pk_for_mod_ins.p_for_detall_activitat?p_codi=9000010014&amp;p_curs=2025-2026&amp;p_es_inscr=S\" target=\"_blank\" rel=\"noopener\">Inscripci\u00f3 i m\u00e9s informaci\u00f3<\/a><\/p>\n<div>Durada: 30h<\/div>\n<div>25\/10\/2025 al 16\/11\/2025 de 9:00h a 20:00h<\/div>\n<div>Presencial<\/div>\n<\/div>\n<div class=\"tag-container\">\n<div class=\"tag preu\">45\u20ac<\/div>\n<div class=\"tag curs\">Curs<\/div>\n<\/div>\n<\/div>\n<\/div>\n<div class=\"boxy\">\n<div class=\"cap\">Compet\u00e8ncia digital<\/div>\n<div class=\"stripe-ultimes\">\u00daLTIMES PLACES<\/div>\n<div class=\"cont\">\n<h3 class=\"title\">Formaci\u00f3 en Python i Programaci\u00f3 per a professorat<\/h3>\n<div class=\"info-curs\">\n<p><a href=\"https:\/\/aplicacions.gestioeducativa.gencat.cat\/ords\/pls\/soloas\/pk_for_mod_ins.p_for_detall_activitat?p_codi=9000050014&amp;p_curs=2025-2026&amp;p_es_inscr=S\" target=\"_blank\" rel=\"noopener\">Inscripci\u00f3 i m\u00e9s informaci\u00f3<\/a><\/p>\n<div>Durada: 20h<\/div>\n<div>13\/11\/2025 al 15\/1\/2026 de 16:30h a 19:30h<\/div>\n<div>Presencial (Barcelona)<\/div>\n<\/div>\n<div class=\"tag-container\">\n<div class=\"tag preu\">Gratu\u00eft<\/div>\n<div class=\"tag curs\">Curs<\/div>\n<\/div>\n<\/div>\n<\/div>\n<div class=\"boxy\">\n<div class=\"cap\">Compet\u00e8ncia digital<\/div>\n<div class=\"stripe-ultimes\">\u00daLTIMES PLACES<\/div>\n<div class=\"cont\">\n<h3 class=\"title\">Treballa amb les teves dades. El poder de les dades per millorar l\u2019aprenentatge de l\u2019alumnat<\/h3>\n<div class=\"info-curs\">\n<p><a href=\"https:\/\/aplicacions.gestioeducativa.gencat.cat\/ords\/pls\/soloas\/pk_for_mod_ins.p_for_detall_activitat?p_codi=9000090014&amp;p_curs=2025-2026&amp;p_es_inscr=S\" target=\"_blank\" rel=\"noopener\">Inscripci\u00f3 i m\u00e9s informaci\u00f3<\/a><\/p>\n<div>Durada: 20h<\/div>\n<div>4\/11\/2025 al 15\/1\/2026 \u00b7 17:30h a 19:30h<\/div>\n<div>En l\u00ednia s\u00edncron<\/div>\n<\/div>\n<div class=\"tag-container\">\n<div class=\"tag preu\">Gratu\u00eft<\/div>\n<div class=\"tag curs\">Curs<\/div>\n<div class=\"tag telematic\">Telem\u00e0tic<\/div>\n<\/div>\n<\/div>\n<\/div>\n<div class=\"boxy\">\n<div class=\"cap\">Compet\u00e8ncia digital<\/div>\n<div class=\"stripe-ultimes\">LLISTA D&#8217;ESPERA<\/div>\n<div class=\"cont\">\n<h3 class=\"title\">Alfabetitzaci\u00f3 en IA. Aplicacions de la IA en l\u2019educaci\u00f3.<\/h3>\n<div class=\"info-curs\">\n<p><a href=\"https:\/\/aplicacions.gestioeducativa.gencat.cat\/ords\/pls\/soloas\/pk_for_mod_ins.p_for_detall_activitat?p_codi=9000100014&amp;p_curs=2025-2026&amp;p_es_inscr=S\" target=\"_blank\" rel=\"noopener\">Inscripci\u00f3 i m\u00e9s informaci\u00f3<\/a><\/p>\n<div>Durada: 20h<\/div>\n<div>4\/11\/2025 al 15\/1\/2026 \u00b7 17:30h a 19:30h<\/div>\n<div>En l\u00ednia s\u00edncron<\/div>\n<\/div>\n<div class=\"tag-container\">\n<div class=\"tag preu\">Gratu\u00eft<\/div>\n<div class=\"tag curs\">Curs<\/div>\n<div class=\"tag telematic\">Telem\u00e0tic<\/div>\n<\/div>\n<\/div>\n<\/div>\n<div class=\"boxy\">\n<div class=\"cap\">Compet\u00e8ncia digital<\/div>\n<div class=\"stripe-ultimes\">LLISTA D&#8217;ESPERA<\/div>\n<div class=\"cont\">\n<h3 class=\"title\">Avaluaci\u00f3 amb IA<\/h3>\n<div class=\"info-curs\">\n<p><a href=\"https:\/\/aplicacions.gestioeducativa.gencat.cat\/ords\/pls\/soloas\/pk_for_mod_ins.p_for_detall_activitat?p_codi=9000120014&amp;p_curs=2025-2026&amp;p_es_inscr=S\" target=\"_blank\" rel=\"noopener\">Inscripci\u00f3 i m\u00e9s informaci\u00f3<\/a><\/p>\n<div>Durada: 20h<\/div>\n<div>19\/11\/2025 al 15\/1\/2026 de 16:40h a 20:00h<\/div>\n<div>En l\u00ednia s\u00edncron<\/div>\n<\/div>\n<div class=\"tag-container\">\n<div class=\"tag preu\">Gratu\u00eft<\/div>\n<div class=\"tag curs\">Curs<\/div>\n<\/div>\n<\/div>\n<\/div>\n<div class=\"boxy\">\n<div class=\"cap\">Compet\u00e8ncia digital<\/div>\n<div class=\"stripe-ultimes\">\u00daLTIMES PLACES<\/div>\n<div class=\"cont\">\n<h3 class=\"title\">Democratitzant CanSat<\/h3>\n<div class=\"info-curs\">\n<p><a href=\"https:\/\/aplicacions.gestioeducativa.gencat.cat\/ords\/pls\/soloas\/pk_for_mod_ins.p_for_detall_activitat?p_codi=9000130014&amp;p_curs=2025-2026&amp;p_es_inscr=S\" target=\"_blank\" rel=\"noopener\">Inscripci\u00f3 i m\u00e9s informaci\u00f3<\/a><\/p>\n<div>Durada: 20h<\/div>\n<div>19\/11\/2025 al 14\/01\/2026 de 16:40h a 20:00h<\/div>\n<div>Presencial (Barcelona)<\/div>\n<\/div>\n<div class=\"tag-container\">\n<div class=\"tag preu\">Gratu\u00eft<\/div>\n<div class=\"tag curs\">Curs<\/div>\n<\/div>\n<\/div>\n<\/div>\n<div class=\"boxy\">\n<div class=\"cap\">Compet\u00e8ncia digital<\/div>\n<div class=\"cont\">\n<h3 class=\"title\">Recursos digitals per promoure la recerca a l&#8217;aula: STEAM i m\u00e9s enll\u00e0<\/h3>\n<div class=\"info-curs\">\n<p><a href=\"https:\/\/aplicacions.gestioeducativa.gencat.cat\/ords\/pls\/soloas\/pk_for_mod_ins.p_for_detall_activitat?p_codi=9000020014&amp;p_curs=2025-2026&amp;p_es_inscr=S\" target=\"_blank\" rel=\"noopener\">Inscripci\u00f3 i m\u00e9s informaci\u00f3<\/a><\/p>\n<div>Durada: 20h<\/div>\n<div>23\/10\/2025 al 13\/11\/2025 de 16:00h a 19:00h<\/div>\n<div>En l\u00ednia<\/div>\n<\/div>\n<div class=\"tag-container\">\n<div class=\"tag preu\">Gratu\u00eft<\/div>\n<div class=\"tag curs\">Curs<\/div>\n<div class=\"tag telematic\">Telem\u00e0tic<\/div>\n<\/div>\n<\/div>\n<\/div>\n<div class=\"boxy\">\n<div class=\"cap\">Socioemocional<\/div>\n<div class=\"stripe-ultimes\">CURS ANUL\u00b7LAT<\/div>\n<div class=\"cont\">\n<h3 class=\"title\">Eines per intervenir i prevenir conductes su\u00efcides i autolesions<\/h3>\n<div class=\"info-curs\">\n<p><a href=\"https:\/\/aplicacions.gestioeducativa.gencat.cat\/ords\/pls\/soloas\/pk_for_mod_ins.p_for_detall_activitat?p_codi=9000060014&amp;p_curs=2025-2026&amp;p_es_inscr=S\" target=\"_blank\" rel=\"noopener\">Inscripci\u00f3 i m\u00e9s informaci\u00f3<\/a><\/p>\n<div>Durada: 15h<\/div>\n<div>23\/10\/2025 al 15\/01\/2026 de 16:30h a 19:30h<\/div>\n<div>Semipresencial (V\u00e8rtex (Barcelona))<\/div>\n<\/div>\n<div class=\"tag-container\">\n<div class=\"tag preu\">Gratu\u00eft<\/div>\n<div class=\"tag taller\">Taller<\/div>\n<\/div>\n<\/div>\n<\/div>\n<\/div>\n<\/div>\n<\/div>\n<\/div>\n<div id=\"portletwrapper-67656e7765622e706f72746c6574732e486f6d65506f72746c65744d616e61676572320a636f6e746578740a2f33312f6963652f63612f736563726574617269612d7669727475616c2f666f726d6163696f2d646f63656e74732d736563756e64617269612d692d66702f666f726d6163696f2d646f63656e74732d736563756e64617269612d692d66700a6c6c69737465732d64652d646973747269627563696f\" class=\"portletWrapper kssattr-portlethash-67656e7765622e706f72746c6574732e486f6d65506f72746c65744d616e61676572320a636f6e746578740a2f33312f6963652f63612f736563726574617269612d7669727475616c2f666f726d6163696f2d646f63656e74732d736563756e64617269612d692d66702f666f726d6163696f2d646f63656e74732d736563756e64617269612d692d66700a6c6c69737465732d64652d646973747269627563696f\">\n<div class=\"portletStaticText portlet-static-llistes-de-distribucio\">\n<h4 class=\"liniaBaix\"><strong>Subscriu-te o dona&#8217;t de baixa a les llistes de difusi\u00f3 de:<\/strong><a id=\"llistes\" name=\"llistes\"><\/a><\/h4>\n<h5><strong>Activitats de secund\u00e0ria i prim\u00e0ria<\/strong><\/h5>\n<div class=\"row\">\n<div class=\"col-md-3 mb-3\"><a class=\"link-bannerblauupc text-decoration-none\" href=\"https:\/\/mylist.upc.edu\/wws\/subscribe\/ice-secundaria\" target=\"_blank\" rel=\"noopener\"><span class=\"btntitol\">Secund\u00e0ria<\/span><\/a><\/div>\n<div class=\"col-md-3 mb-3\"><a class=\"link-bannerblauupc text-decoration-none\" href=\"https:\/\/mylist.upc.edu\/wws\/subscribe\/ice-ciencies\" target=\"_blank\" rel=\"noopener\"><span class=\"btntitol\">Ci\u00e8ncies<\/span><\/a><\/div>\n<div class=\"col-md-3 mb-3\"><a class=\"link-bannerblauupc text-decoration-none\" href=\"https:\/\/mylist.upc.edu\/wws\/subscribe\/ice-matematiques\" target=\"_blank\" rel=\"noopener\"><span class=\"btntitol\">Matem\u00e0tiques<\/span><\/a><\/div>\n<div class=\"col-md-3 mb-3\"><a class=\"link-bannerblauupc text-decoration-none\" href=\"https:\/\/mylist.upc.edu\/wws\/subscribe\/ice-tecnologia\" target=\"_blank\" rel=\"noopener\"><span class=\"btntitol\">Tecnologia<\/span><\/a><\/div>\n<\/div>\n<div class=\"row\">\n<div class=\"col-md-3 mb-3\"><a class=\"link-bannerblauupc text-decoration-none\" href=\"https:\/\/mylist.upc.edu\/wws\/subscribe\/ice-primaria\" target=\"_blank\" rel=\"noopener\"><span class=\"btntitol\">Prim\u00e0ria<\/span><\/a><\/div>\n<\/div>\n<p>&nbsp;<\/p>\n<h5><strong>Activitats de formaci\u00f3 professional<\/strong><\/h5>\n<div class=\"row\">\n<div class=\"col-md-4 mb-3\"><a class=\"link-bannerblauupc text-decoration-none\" href=\"https:\/\/mylist.upc.edu\/wws\/subscribe\/ice-fp-artsgrafiques\" target=\"_blank\" rel=\"noopener\"><span class=\"btntitol\">Arts gr\u00e0fiques<\/span><\/a><\/div>\n<div class=\"col-md-4 mb-3\"><a class=\"link-bannerblauupc text-decoration-none\" href=\"https:\/\/mylist.upc.edu\/wws\/subscribe\/ice-fp-automocio\" target=\"_blank\" rel=\"noopener\"><span class=\"btntitol\">Automoci\u00f3<\/span><\/a><\/div>\n<div class=\"col-md-4 mb-3\"><a class=\"link-bannerblauupc text-decoration-none\" href=\"https:\/\/mylist.upc.edu\/wws\/subscribe\/ice-fp-comunicacioimatgeiso\" target=\"_blank\" rel=\"noopener\"><span class=\"btntitol\">Comunicaci\u00f3, imatge i so<\/span><\/a><\/div>\n<div class=\"col-md-4 mb-3\"><a class=\"link-bannerblauupc text-decoration-none\" href=\"https:\/\/mylist.upc.edu\/wws\/subscribe\/ice-fp-edificacioiobracivil\" target=\"_blank\" rel=\"noopener\"><span class=\"btntitol\">Edificaci\u00f3 i obra civil<\/span><\/a><\/div>\n<div class=\"col-md-4 mb-3\"><a class=\"link-bannerblauupc text-decoration-none\" href=\"https:\/\/mylist.upc.edu\/wws\/subscribe\/ice-fp-electricitatielectronica\" target=\"_blank\" rel=\"noopener\"><span class=\"btntitol\">Electricitat i electr\u00f2nica<\/span><\/a><\/div>\n<div class=\"col-md-4 mb-3\"><a class=\"link-bannerblauupc text-decoration-none\" href=\"https:\/\/mylist.upc.edu\/wws\/subscribe\/ice-fp-fabricaciomecanica\" target=\"_blank\" rel=\"noopener\"><span class=\"btntitol\">Fabricaci\u00f3 mec\u00e0nica<\/span><\/a><\/div>\n<div class=\"col-md-4 mb-3\"><a class=\"link-bannerblauupc text-decoration-none\" href=\"https:\/\/mylist.upc.edu\/wws\/subscribe\/ice-fp-fustaimoble\" target=\"_blank\" rel=\"noopener\"><span class=\"btntitol\">Fusta i moble<\/span><\/a><\/div>\n<div class=\"col-md-4 mb-3\"><a class=\"link-bannerblauupc text-decoration-none\" href=\"https:\/\/mylist.upc.edu\/wws\/subscribe\/ice-fp-informatica\" target=\"_blank\" rel=\"noopener\"><span class=\"btntitol\">Inform\u00e0tica<\/span><\/a><\/div>\n<div class=\"col-md-4 mb-3\"><a class=\"link-bannerblauupc text-decoration-none\" href=\"https:\/\/mylist.upc.edu\/wws\/subscribe\/ice-fp-manteniment\" target=\"_blank\" rel=\"noopener\"><span class=\"btntitol\">Manteniment<\/span><\/a><\/div>\n<div class=\"col-md-4 mb-3\"><a class=\"link-bannerblauupc text-decoration-none\" href=\"https:\/\/mylist.upc.edu\/wws\/subscribe\/ice-fp-quimica\" target=\"_blank\" rel=\"noopener\"><span class=\"btntitol\">Qu\u00edmica<\/span><\/a><\/div>\n<div class=\"col-md-4 mb-3\"><a class=\"link-bannerblauupc text-decoration-none\" href=\"https:\/\/mylist.upc.edu\/wws\/subscribe\/ice-fp-textiliconfeccio\" target=\"_blank\" rel=\"noopener\"><span class=\"btntitol\">T\u00e8xtil i confecci\u00f3<\/span><\/a><\/div>\n<\/div>\n<\/div>\n<\/div>\n<\/div>\n<\/div>\n<\/div>\n<\/div>\n<\/div>\n<\/div>\n<\/div>\n<\/div>\n<div id=\"viewlet-below-content-body\">\n<section id=\"section-category\">\n<div class=\"viewlet keywords-viewlet\"><\/div>\n<\/section>\n<\/div>\n<footer>\n<div id=\"viewlet-below-content\"><\/div>\n<\/footer>\n<\/article>\n<\/section>\n<p>&nbsp;<\/p>\n<\/div>\n<footer id=\"portal-footer-wrapper\" class=\"mt-auto\">\n<div id=\"portal-footer\" class=\"dark-theme\">\n<div id=\"footer-contact\" role=\"contentinfo\">\n<div class=\"row\">\n<div class=\"col-md-4 map\"><\/div>\n<\/div>\n<\/div>\n<\/div>\n<\/footer>\n<\/div>\n","protected":false},"excerpt":{"rendered":"<p>A la p\u00e0gina Formaci\u00f3 Docents Secund\u00e0ria i FP \u2014 Institut de Ci\u00e8ncies de l&#8217;Educaci\u00f3 \u2014 UPC Formaci\u00f3 Docents Secund\u00e0ria i FP \u2014 Institut de Ci\u00e8ncies de l&#8217;Educaci\u00f3 \u2014 UPC. Universitat Polit\u00e8cnica de Catalunya,\u00a0trobareu l&#8217;oferta formativa actualitzada. Com que moltes de les propostes s\u00f3n en format online, pot facilitar la participaci\u00f3 des de qualsevol punt del [&hellip;]<\/p>\n","protected":false},"author":7,"featured_media":21052,"comment_status":"open","ping_status":"open","sticky":false,"template":"","format":"standard","meta":{"_bbp_topic_count":0,"_bbp_reply_count":0,"_bbp_total_topic_count":0,"_bbp_total_reply_count":0,"_bbp_voice_count":0,"_bbp_anonymous_reply_count":0,"_bbp_topic_count_hidden":0,"_bbp_reply_count_hidden":0,"_bbp_forum_subforum_count":0,"site-sidebar-layout":"default","site-content-layout":"","ast-site-content-layout":"","site-content-style":"default","site-sidebar-style":"default","ast-global-header-display":"","ast-banner-title-visibility":"","ast-main-header-display":"","ast-hfb-above-header-display":"","ast-hfb-below-header-display":"","ast-hfb-mobile-header-display":"","site-post-title":"","ast-breadcrumbs-content":"","ast-featured-img":"","footer-sml-layout":"","theme-transparent-header-meta":"","adv-header-id-meta":"","stick-header-meta":"","header-above-stick-meta":"","header-main-stick-meta":"","header-below-stick-meta":"","astra-migrate-meta-layouts":"default","ast-page-background-enabled":"default","ast-page-background-meta":{"desktop":{"background-color":"var(--ast-global-color-4)","background-image":"","background-repeat":"repeat","background-position":"center center","background-size":"auto","background-attachment":"scroll","background-type":"","background-media":"","overlay-type":"","overlay-color":"","overlay-opacity":"","overlay-gradient":""},"tablet":{"background-color":"","background-image":"","background-repeat":"repeat","background-position":"center center","background-size":"auto","background-attachment":"scroll","background-type":"","background-media":"","overlay-type":"","overlay-color":"","overlay-opacity":"","overlay-gradient":""},"mobile":{"background-color":"","background-image":"","background-repeat":"repeat","background-position":"center center","background-size":"auto","background-attachment":"scroll","background-type":"","background-media":"","overlay-type":"","overlay-color":"","overlay-opacity":"","overlay-gradient":""}},"ast-content-background-meta":{"desktop":{"background-color":"var(--ast-global-color-5)","background-image":"","background-repeat":"repeat","background-position":"center center","background-size":"auto","background-attachment":"scroll","background-type":"","background-media":"","overlay-type":"","overlay-color":"","overlay-opacity":"","overlay-gradient":""},"tablet":{"background-color":"var(--ast-global-color-5)","background-image":"","background-repeat":"repeat","background-position":"center center","background-size":"auto","background-attachment":"scroll","background-type":"","background-media":"","overlay-type":"","overlay-color":"","overlay-opacity":"","overlay-gradient":""},"mobile":{"background-color":"var(--ast-global-color-5)","background-image":"","background-repeat":"repeat","background-position":"center center","background-size":"auto","background-attachment":"scroll","background-type":"","background-media":"","overlay-type":"","overlay-color":"","overlay-opacity":"","overlay-gradient":""}},"footnotes":""},"categories":[78,380,417,291,1,524,29,529,422],"tags":[],"class_list":["post-21051","post","type-post","status-publish","format-standard","has-post-thumbnail","hentry","category-tac","category-ciencia","category-cursos","category-educacio-primaria","category-general","category-intelligencia-artifical","category-portada","category-primaria","category-secundaria"],"post_mailing_queue_ids":[],"_links":{"self":[{"href":"https:\/\/serveiseducatius.xtec.cat\/baixpenedes\/wp-json\/wp\/v2\/posts\/21051","targetHints":{"allow":["GET"]}}],"collection":[{"href":"https:\/\/serveiseducatius.xtec.cat\/baixpenedes\/wp-json\/wp\/v2\/posts"}],"about":[{"href":"https:\/\/serveiseducatius.xtec.cat\/baixpenedes\/wp-json\/wp\/v2\/types\/post"}],"author":[{"embeddable":true,"href":"https:\/\/serveiseducatius.xtec.cat\/baixpenedes\/wp-json\/wp\/v2\/users\/7"}],"replies":[{"embeddable":true,"href":"https:\/\/serveiseducatius.xtec.cat\/baixpenedes\/wp-json\/wp\/v2\/comments?post=21051"}],"version-history":[{"count":3,"href":"https:\/\/serveiseducatius.xtec.cat\/baixpenedes\/wp-json\/wp\/v2\/posts\/21051\/revisions"}],"predecessor-version":[{"id":21073,"href":"https:\/\/serveiseducatius.xtec.cat\/baixpenedes\/wp-json\/wp\/v2\/posts\/21051\/revisions\/21073"}],"wp:featuredmedia":[{"embeddable":true,"href":"https:\/\/serveiseducatius.xtec.cat\/baixpenedes\/wp-json\/wp\/v2\/media\/21052"}],"wp:attachment":[{"href":"https:\/\/serveiseducatius.xtec.cat\/baixpenedes\/wp-json\/wp\/v2\/media?parent=21051"}],"wp:term":[{"taxonomy":"category","embeddable":true,"href":"https:\/\/serveiseducatius.xtec.cat\/baixpenedes\/wp-json\/wp\/v2\/categories?post=21051"},{"taxonomy":"post_tag","embeddable":true,"href":"https:\/\/serveiseducatius.xtec.cat\/baixpenedes\/wp-json\/wp\/v2\/tags?post=21051"}],"curies":[{"name":"wp","href":"https:\/\/api.w.org\/{rel}","templated":true}]}}