{"id":20986,"date":"2025-09-24T09:23:18","date_gmt":"2025-09-24T07:23:18","guid":{"rendered":"https:\/\/serveiseducatius.xtec.cat\/baixpenedes\/?p=20986"},"modified":"2025-09-24T09:23:46","modified_gmt":"2025-09-24T07:23:46","slug":"engeguem-lhort-dhivern","status":"publish","type":"post","link":"https:\/\/serveiseducatius.xtec.cat\/baixpenedes\/general\/engeguem-lhort-dhivern\/","title":{"rendered":"ENGEGUEM L&#8217;HORT D&#8217;HIVERN"},"content":{"rendered":"<p style=\"font-weight: 400;\">Estan organitzant des de Fundesplai en el marc de la Setmana Bio a l\u2019escola 2025, <em>La Jornada Engeguem l\u2019hort d\u2019hivern<\/em>\u00a0.<\/p>\n<p style=\"font-weight: 400;\">Es tracta d\u2019una jornada de car\u00e0cter formatiu,\u00a0<strong>oberta als docents de centres de totes les etapes educatives<\/strong>\u00a0que tenen hort escolar o que el volen posar en marxa i volen aprendre i iniciar-se en l\u2019Agroecologia escolar.<\/p>\n<p style=\"font-weight: 400;\">En acabar la jornada, <strong>s\u2019entregar\u00e0 planter i llavors ecol\u00f2giques a les docents assistents perqu\u00e8 els centres puguin posar en marxa l\u2019hort d\u2019hivern.<\/strong><\/p>\n<p style=\"font-weight: 400;\">Totes les jornades s\u00f3n gratu\u00eftes per\u00f2 es requereix inscripci\u00f3.<\/p>\n<p style=\"font-weight: 400;\">I per si us \u00e9s m\u00e9s pr\u00e0ctic, us deixem aqu\u00ed l\u2019enlla\u00e7 d\u2019inscripci\u00f3 de cada jornada:<\/p>\n<ul style=\"font-weight: 400;\">\n<li>Dilluns 13 d\u2019octubre, de 17.30-20h, a l\u2019Institut d\u2019Horticultura i Jardineria de Reus:\u00a0<strong><a href=\"https:\/\/forms.office.com\/e\/eXzmba4ue7\" data-saferedirecturl=\"https:\/\/www.google.com\/url?q=https:\/\/forms.office.com\/e\/eXzmba4ue7&amp;source=gmail&amp;ust=1758780666098000&amp;usg=AOvVaw0cVB76Y06WLAflcGMUfHiW\">INSCRIPCI\u00d3 Jornada Engeguem l\u2019hort d\u2019hivern-13 octubre- Reus<\/a><\/strong><\/li>\n<li>Dijous 16 d\u2019octubre, de 17.30-20h, al Reial Monestir de Pedralbes de Barcelona:\u00a0<strong><a href=\"https:\/\/forms.office.com\/e\/dv9XcvcuT4\" data-saferedirecturl=\"https:\/\/www.google.com\/url?q=https:\/\/forms.office.com\/e\/dv9XcvcuT4&amp;source=gmail&amp;ust=1758780666098000&amp;usg=AOvVaw3CbV-obCLnjYLbP2o4jpUr\">INSCRIPCI\u00d3 Jornada Engeguem l\u2019hort d\u2019hivern-16 octubre- Barcelona<\/a><\/strong><\/li>\n<li>Dimarts 21 d\u2019octubre, de 17.30-20h, a l\u2019Escola Maria Merc\u00e8 Mar\u00e7al de T\u00e0rrega:\u00a0<strong><a href=\"https:\/\/forms.office.com\/e\/AC9susvA4Z?origin=lprLink\" data-saferedirecturl=\"https:\/\/www.google.com\/url?q=https:\/\/forms.office.com\/e\/AC9susvA4Z?origin%3DlprLink&amp;source=gmail&amp;ust=1758780666099000&amp;usg=AOvVaw1sZJRev80SOsIQ-0ma16Fi\">INSCRIPCI\u00d3 Jornada Engeguem l\u2019hort d\u2019hivern-21 octubre- T\u00e0rrega<\/a><\/strong><\/li>\n<li>Dijous 23 d\u2019octubre, de 17.30-20h, a l\u2019Institut Pere Vives d\u2019igualada:\u00a0<strong><a href=\"https:\/\/forms.office.com\/pages\/responsepage.aspx?id=SfgFOsongUOwfJvrJFJRYmavwfNgrVtMj9kkPnHBp5ZUMjNXNUZDQjAwVThGVlJQODhJTldMSjdETy4u&amp;route=shorturl\" data-saferedirecturl=\"https:\/\/www.google.com\/url?q=https:\/\/forms.office.com\/pages\/responsepage.aspx?id%3DSfgFOsongUOwfJvrJFJRYmavwfNgrVtMj9kkPnHBp5ZUMjNXNUZDQjAwVThGVlJQODhJTldMSjdETy4u%26route%3Dshorturl&amp;source=gmail&amp;ust=1758780666099000&amp;usg=AOvVaw0TXnh6xl68h2cVtE9PUBoy\">INSCRIPCI\u00d3 Jornada Engeguem l\u2019hort d\u2019hivern-23 octubre- Igualada<\/a><\/strong><\/li>\n<\/ul>\n<p><img loading=\"lazy\" decoding=\"async\" class=\"alignnone size-large wp-image-20987\" src=\"https:\/\/serveiseducatius.xtec.cat\/baixpenedes\/wp-content\/uploads\/usu764\/2025\/09\/HORT-1024x475.jpg\" alt=\"\" width=\"1024\" height=\"475\" srcset=\"https:\/\/serveiseducatius.xtec.cat\/baixpenedes\/wp-content\/uploads\/usu764\/2025\/09\/HORT-1024x475.jpg 1024w, https:\/\/serveiseducatius.xtec.cat\/baixpenedes\/wp-content\/uploads\/usu764\/2025\/09\/HORT-300x139.jpg 300w, https:\/\/serveiseducatius.xtec.cat\/baixpenedes\/wp-content\/uploads\/usu764\/2025\/09\/HORT-768x356.jpg 768w, https:\/\/serveiseducatius.xtec.cat\/baixpenedes\/wp-content\/uploads\/usu764\/2025\/09\/HORT.jpg 1074w\" sizes=\"auto, (max-width: 1024px) 100vw, 1024px\" \/><\/p>\n","protected":false},"excerpt":{"rendered":"<p>Estan organitzant des de Fundesplai en el marc de la Setmana Bio a l\u2019escola 2025, La Jornada Engeguem l\u2019hort d\u2019hivern\u00a0. Es tracta d\u2019una jornada de car\u00e0cter formatiu,\u00a0oberta als docents de centres de totes les etapes educatives\u00a0que tenen hort escolar o que el volen posar en marxa i volen aprendre i iniciar-se en l\u2019Agroecologia escolar. En [&hellip;]<\/p>\n","protected":false},"author":7,"featured_media":17411,"comment_status":"open","ping_status":"open","sticky":false,"template":"","format":"standard","meta":{"_bbp_topic_count":0,"_bbp_reply_count":0,"_bbp_total_topic_count":0,"_bbp_total_reply_count":0,"_bbp_voice_count":0,"_bbp_anonymous_reply_count":0,"_bbp_topic_count_hidden":0,"_bbp_reply_count_hidden":0,"_bbp_forum_subforum_count":0,"site-sidebar-layout":"default","site-content-layout":"","ast-site-content-layout":"","site-content-style":"default","site-sidebar-style":"default","ast-global-header-display":"","ast-banner-title-visibility":"","ast-main-header-display":"","ast-hfb-above-header-display":"","ast-hfb-below-header-display":"","ast-hfb-mobile-header-display":"","site-post-title":"","ast-breadcrumbs-content":"","ast-featured-img":"","footer-sml-layout":"","theme-transparent-header-meta":"","adv-header-id-meta":"","stick-header-meta":"","header-above-stick-meta":"","header-main-stick-meta":"","header-below-stick-meta":"","astra-migrate-meta-layouts":"default","ast-page-background-enabled":"default","ast-page-background-meta":{"desktop":{"background-color":"var(--ast-global-color-4)","background-image":"","background-repeat":"repeat","background-position":"center center","background-size":"auto","background-attachment":"scroll","background-type":"","background-media":"","overlay-type":"","overlay-color":"","overlay-opacity":"","overlay-gradient":""},"tablet":{"background-color":"","background-image":"","background-repeat":"repeat","background-position":"center center","background-size":"auto","background-attachment":"scroll","background-type":"","background-media":"","overlay-type":"","overlay-color":"","overlay-opacity":"","overlay-gradient":""},"mobile":{"background-color":"","background-image":"","background-repeat":"repeat","background-position":"center center","background-size":"auto","background-attachment":"scroll","background-type":"","background-media":"","overlay-type":"","overlay-color":"","overlay-opacity":"","overlay-gradient":""}},"ast-content-background-meta":{"desktop":{"background-color":"var(--ast-global-color-5)","background-image":"","background-repeat":"repeat","background-position":"center center","background-size":"auto","background-attachment":"scroll","background-type":"","background-media":"","overlay-type":"","overlay-color":"","overlay-opacity":"","overlay-gradient":""},"tablet":{"background-color":"var(--ast-global-color-5)","background-image":"","background-repeat":"repeat","background-position":"center center","background-size":"auto","background-attachment":"scroll","background-type":"","background-media":"","overlay-type":"","overlay-color":"","overlay-opacity":"","overlay-gradient":""},"mobile":{"background-color":"var(--ast-global-color-5)","background-image":"","background-repeat":"repeat","background-position":"center center","background-size":"auto","background-attachment":"scroll","background-type":"","background-media":"","overlay-type":"","overlay-color":"","overlay-opacity":"","overlay-gradient":""}},"footnotes":""},"categories":[291,153,1,29,529],"tags":[],"class_list":["post-20986","post","type-post","status-publish","format-standard","has-post-thumbnail","hentry","category-educacio-primaria","category-escoles-verdes","category-general","category-portada","category-primaria"],"post_mailing_queue_ids":[],"_links":{"self":[{"href":"https:\/\/serveiseducatius.xtec.cat\/baixpenedes\/wp-json\/wp\/v2\/posts\/20986","targetHints":{"allow":["GET"]}}],"collection":[{"href":"https:\/\/serveiseducatius.xtec.cat\/baixpenedes\/wp-json\/wp\/v2\/posts"}],"about":[{"href":"https:\/\/serveiseducatius.xtec.cat\/baixpenedes\/wp-json\/wp\/v2\/types\/post"}],"author":[{"embeddable":true,"href":"https:\/\/serveiseducatius.xtec.cat\/baixpenedes\/wp-json\/wp\/v2\/users\/7"}],"replies":[{"embeddable":true,"href":"https:\/\/serveiseducatius.xtec.cat\/baixpenedes\/wp-json\/wp\/v2\/comments?post=20986"}],"version-history":[{"count":1,"href":"https:\/\/serveiseducatius.xtec.cat\/baixpenedes\/wp-json\/wp\/v2\/posts\/20986\/revisions"}],"predecessor-version":[{"id":20988,"href":"https:\/\/serveiseducatius.xtec.cat\/baixpenedes\/wp-json\/wp\/v2\/posts\/20986\/revisions\/20988"}],"wp:featuredmedia":[{"embeddable":true,"href":"https:\/\/serveiseducatius.xtec.cat\/baixpenedes\/wp-json\/wp\/v2\/media\/17411"}],"wp:attachment":[{"href":"https:\/\/serveiseducatius.xtec.cat\/baixpenedes\/wp-json\/wp\/v2\/media?parent=20986"}],"wp:term":[{"taxonomy":"category","embeddable":true,"href":"https:\/\/serveiseducatius.xtec.cat\/baixpenedes\/wp-json\/wp\/v2\/categories?post=20986"},{"taxonomy":"post_tag","embeddable":true,"href":"https:\/\/serveiseducatius.xtec.cat\/baixpenedes\/wp-json\/wp\/v2\/tags?post=20986"}],"curies":[{"name":"wp","href":"https:\/\/api.w.org\/{rel}","templated":true}]}}