{"id":20960,"date":"2025-09-19T12:40:59","date_gmt":"2025-09-19T10:40:59","guid":{"rendered":"https:\/\/serveiseducatius.xtec.cat\/baixpenedes\/?p=20960"},"modified":"2025-09-24T13:33:09","modified_gmt":"2025-09-24T11:33:09","slug":"programacio-tardor-hivern-mrps","status":"publish","type":"post","link":"https:\/\/serveiseducatius.xtec.cat\/baixpenedes\/xerrades\/portada\/programacio-tardor-hivern-mrps\/","title":{"rendered":"PROGRAMACI\u00d3 TARDOR-HIVERN MRPs"},"content":{"rendered":"<p class=\"gmail_default\">Iniciar el curs sense tenir al cor i al cap l&#8217;estat de guerra que viuen cada instant milers d&#8217;infants de Gaza&#8230;.<a href=\"https:\/\/www.esquerradiari.cat\/Carta-d-una-docent-al-claustre-I-el-colibri-va-respondre-jo-faig-la-meva-part\" target=\"_blank\" rel=\"noopener noreferrer\" data-saferedirecturl=\"https:\/\/www.google.com\/url?q=https:\/\/www.esquerradiari.cat\/Carta-d-una-docent-al-claustre-I-el-colibri-va-respondre-jo-faig-la-meva-part&amp;source=gmail&amp;ust=1758349702715000&amp;usg=AOvVaw0IIQ2pb-g2n4Sr-ZRcv5dv\">Aquesta carta<\/a>\u00a0d&#8217;una mestra ens aporta algunes idees per comen\u00e7ar el curs de manera diferent<span style=\"color: #181818;\"><b>. Des de mrp ens recomanen la seva lectura per aportar el nostre petit gra de sorra.<\/b><\/span><\/p>\n<div class=\"gmail_quote\">\n<div class=\"gmail_quote\">\n<div dir=\"ltr\">\n<div dir=\"ltr\">\n<div class=\"gmail_quote\">\n<div dir=\"ltr\">\n<div dir=\"ltr\">\n<div class=\"gmail_quote\">\n<div dir=\"ltr\">\n<div dir=\"ltr\">\n<div dir=\"ltr\">\n<div dir=\"ltr\">\n<p><span style=\"font-family: verdana, sans-serif;\">Des del Moviment de Renovaci\u00f3 Pedag\u00f2gica del Baix Pened\u00e8s i Garraf us volem acompanyar, durant aquest curs, construint i compartint propostes educatives veritablement renovadores i interessants.\u00a0<\/span><\/p>\n<p>I de quina manera millor fer-ho que oferint-vos:<\/p>\n<div>\n<p>1.\u00a0<b>Una xerrada fresca i alegre<\/b>\u00a0per donar el tret de sortida a c\u00e0rrec de l&#8217;actriu, mestra i narradora\u00a0<u><b>Sherezade Bardaj\u00ed<\/b>.<\/u><\/p>\n<p><span style=\"color: #9900ff;\">&#8220;SHHHHHH!! Taller de narraci\u00f3 de contes i altres secrets!&#8221;<\/span><\/p>\n<p><span style=\"font-family: verdana, sans-serif;\"><span id=\"m_9058924806768284023m_-2030897041861264037m_3347492673615688738m_-527316487550088753m_-8579070576003802244m_-1749884648784577175m_6816557398594218645m_-7408821201038456862m_5684896702598402511gmail-docs-internal-guid-1f94223a-7fff-7d16-331c-f20912768d59\"><\/span><img decoding=\"async\" class=\"an1\" draggable=\"false\" src=\"https:\/\/fonts.gstatic.com\/s\/e\/notoemoji\/16.0\/1f5d3_fe0f\/32.png\" alt=\"\ud83d\uddd3\ufe0f\" data-emoji=\"\ud83d\uddd3\ufe0f\" aria-label=\"\ud83d\uddd3\ufe0f\" \/>\u00a0 \u00a0<span style=\"color: #9900ff;\">Dia: 29 de setembre 2025<\/span><\/span><\/p>\n<\/div>\n<div><span style=\"color: #9900ff; font-family: verdana, sans-serif;\"><img decoding=\"async\" class=\"an1\" draggable=\"false\" src=\"https:\/\/fonts.gstatic.com\/s\/e\/notoemoji\/16.0\/231a\/32.png\" alt=\"\u231a\" data-emoji=\"\u231a\" aria-label=\"\u231a\" \/>\u00a0 \u00a0De 18 a 19 h<br \/>\n<\/span><\/div>\n<div><\/div>\n<div><span style=\"color: #9900ff; font-family: verdana, sans-serif;\"><img decoding=\"async\" class=\"an1\" draggable=\"false\" src=\"https:\/\/fonts.gstatic.com\/s\/e\/notoemoji\/16.0\/1f574_fe0f\/32.png\" alt=\"\ud83d\udd74\ufe0f\" data-emoji=\"\ud83d\udd74\ufe0f\" aria-label=\"\ud83d\udd74\ufe0f\" \/>\u00a0 \u00a0Escola de M\u00fasica Pau Casals del Vendrell<\/span><\/div>\n<div><span style=\"color: #9900ff; font-family: verdana, sans-serif;\"><img decoding=\"async\" class=\"an1\" draggable=\"false\" src=\"https:\/\/fonts.gstatic.com\/s\/e\/notoemoji\/16.0\/1f46d\/32.png\" alt=\"\ud83d\udc6d\" data-emoji=\"\ud83d\udc6d\" aria-label=\"\ud83d\udc6d\" \/>\u00a0 \u00a0Adre\u00e7ada a tothom que li agradi escoltar contes<\/span><\/div>\n<div><span style=\"color: #9900ff; font-family: verdana, sans-serif; font-size: large;\"><img decoding=\"async\" class=\"an1\" draggable=\"false\" src=\"https:\/\/fonts.gstatic.com\/s\/e\/notoemoji\/16.0\/2712_fe0f\/32.png\" alt=\"\u2712\ufe0f\" data-emoji=\"\u2712\ufe0f\" aria-label=\"\u2712\ufe0f\" \/><span class=\"gmail_default\">\u00a0\u00a0<\/span>Inscripcions\u00a0<a href=\"https:\/\/docs.google.com\/forms\/d\/e\/1FAIpQLSccxwwfoV3AjYv9K-ko4gbvYgON5WWPygkh_GOuI_jyxxvtQg\/viewform?usp=header\" target=\"_blank\" rel=\"noopener noreferrer\" data-saferedirecturl=\"https:\/\/www.google.com\/url?q=https:\/\/docs.google.com\/forms\/d\/e\/1FAIpQLSccxwwfoV3AjYv9K-ko4gbvYgON5WWPygkh_GOuI_jyxxvtQg\/viewform?usp%3Dheader&amp;source=gmail&amp;ust=1758349702715000&amp;usg=AOvVaw2LKZAvIwzvUdH6MgljOol7\">aqu\u00ed<\/a><span class=\"gmail_default\">\u00a0 \u00a0\u00a0<\/span><\/span><img loading=\"lazy\" decoding=\"async\" class=\"CToWUd\" src=\"https:\/\/mail.google.com\/mail\/u\/0?ui=2&amp;ik=c6f619f4c2&amp;attid=0.0.1&amp;permmsgid=msg-f:1843602942306962169&amp;th=1995cb1bb3124af9&amp;view=fimg&amp;fur=ip&amp;permmsgid=msg-f:1843602942306962169&amp;sz=s0-l75-ft&amp;attbid=ANGjdJ_x0yl6V8lMqNOCPcVkB7dxmQdl9esjzhuK5EkPY8AvtO7hApjL1pUj9ID-S172AEqBRMXWHTWi_UTKYWDeHyRzMP4fPbduB6d0BecBaZbS-5y9H7BCf22SmZ4&amp;disp=emb&amp;realattid=ii_mfjx0w770&amp;zw\" alt=\"Imatge de WhatsApp 2025-09-12 a les 17.21.01_d48f0dd5.jpg\" width=\"88\" height=\"125\" data-image-whitelisted=\"\" data-bit=\"iit\" \/><\/div>\n<\/div>\n<div dir=\"ltr\">\n<div>\n<div><span style=\"font-family: verdana, sans-serif;\">\u00a0<\/span><\/div>\n<div><span style=\"font-family: verdana, sans-serif;\">\u00a0<\/span><\/div>\n<p><span style=\"font-family: verdana, sans-serif;\">2.\u00a0<b>Una<\/b>\u00a0<b>f<\/b>ormaci\u00f3\u00a0<span class=\"gmail_default\">molt necess\u00e0ria<span style=\"font-family: trebuchet ms, sans-serif;\">\u00a0<\/span><\/span>a c\u00e0rrec de\u00a0<b><u>Laia Domingo Santos<\/u>\u00a0<\/b>sobre la\u00a0<span style=\"color: #9900ff;\">&#8220;<\/span><span style=\"color: #9900ff;\"><b>Consci\u00e8ncia fonol\u00f2gica: aprendre a llegir i escriure amb<\/b><\/span><\/span><\/p>\n<\/div>\n<p dir=\"ltr\"><span style=\"color: #9900ff; font-family: verdana, sans-serif;\"><b>respecte.<span class=\"gmail_default\">&#8220;<\/span><\/b><\/span><\/p>\n<div><span style=\"font-family: verdana, sans-serif;\"><span style=\"color: #9900ff;\"><img decoding=\"async\" class=\"an1\" draggable=\"false\" src=\"https:\/\/fonts.gstatic.com\/s\/e\/notoemoji\/16.0\/1f5d3_fe0f\/32.png\" alt=\"\ud83d\uddd3\ufe0f\" data-emoji=\"\ud83d\uddd3\ufe0f\" aria-label=\"\ud83d\uddd3\ufe0f\" \/>\u00a0Dia:<span class=\"gmail_default\">\u00a0els dimarts a partir del 4 de novembre al febrer de 2026(M\u00e9s endavant concretarem els dies)<\/span><\/span><\/span><\/div>\n<div>\n<div><span style=\"color: #9900ff; font-family: verdana, sans-serif;\"><img decoding=\"async\" class=\"an1\" draggable=\"false\" src=\"https:\/\/fonts.gstatic.com\/s\/e\/notoemoji\/16.0\/231a\/32.png\" alt=\"\u231a\" data-emoji=\"\u231a\" aria-label=\"\u231a\" \/>\u00a0<span class=\"gmail_default\">\u00a0<\/span>De\u00a017,15 h a 19,45 h<br \/>\n<\/span><\/div>\n<div><\/div>\n<ul>\n<li dir=\"ltr\">\n<p dir=\"ltr\" role=\"presentation\"><span style=\"color: #9900ff; font-family: verdana, sans-serif;\"><span class=\"gmail_default\">15 <\/span>Hores de formaci\u00f3 <\/span><\/p>\n<\/li>\n<li dir=\"ltr\">\n<p dir=\"ltr\" role=\"presentation\"><span style=\"color: #9900ff; font-family: verdana, sans-serif;\"><span class=\"gmail_default\">5 <\/span>Sessions<\/span><\/p>\n<\/li>\n<\/ul>\n<div><span style=\"color: #9900ff; font-family: verdana, sans-serif;\"><span class=\"gmail_default\"><img decoding=\"async\" class=\"an1\" draggable=\"false\" src=\"https:\/\/fonts.gstatic.com\/s\/e\/notoemoji\/16.0\/1f3eb\/32.png\" alt=\"\ud83c\udfeb\" data-emoji=\"\ud83c\udfeb\" aria-label=\"\ud83c\udfeb\" \/>\u00a0\u00a0<\/span>Lloc:\u00a0Escola Bressol Picarols de la Gornal<span class=\"gmail_default\">\u00a0(<\/span><\/span>taller presencial<span class=\"gmail_default\">)<\/span><\/div>\n<div><span style=\"color: #9900ff; font-family: verdana, sans-serif;\">\u00a0<img decoding=\"async\" class=\"an1\" draggable=\"false\" src=\"https:\/\/fonts.gstatic.com\/s\/e\/notoemoji\/16.0\/1f46d\/32.png\" alt=\"\ud83d\udc6d\" data-emoji=\"\ud83d\udc6d\" aria-label=\"\ud83d\udc6d\" \/>\u00a0Adre\u00e7ada:\u00a0Llar d\u2019infants, Ed Infantil i cicle inicial d\u2019EP.\u00a0\u00a0 \u00a0 \u00a0<\/span><\/div>\n<div><span style=\"color: #9900ff; font-family: verdana, sans-serif;\">\u00a0<img decoding=\"async\" class=\"an1\" draggable=\"false\" src=\"https:\/\/fonts.gstatic.com\/s\/e\/notoemoji\/16.0\/1f6ab\/32.png\" alt=\"\ud83d\udeab\" data-emoji=\"\ud83d\udeab\" aria-label=\"\ud83d\udeab\" \/>\u00a0Nombre m\u00e0xim 20 persones<\/span><\/div>\n<div><span style=\"font-family: verdana, sans-serif;\"><\/p>\n<p><\/span><\/div>\n<div><span style=\"font-family: verdana, sans-serif;\"><span class=\"gmail_default\">3.\u00a0<b>La c<\/b><\/span><span style=\"color: #000000;\"><b>e<\/b>lebraci\u00f3 del dia del mestre<span class=\"gmail_default\">, com cada any ens reunirem amb companys i companyes a Vilanova.<\/span><\/span><\/span><\/div>\n<p><span id=\"m_9058924806768284023m_-2030897041861264037m_3347492673615688738m_-527316487550088753m_-8579070576003802244m_-1749884648784577175m_6816557398594218645m_-7408821201038456862m_5684896702598402511gmail-docs-internal-guid-83167ff2-7fff-1c7f-102e-7bac04746520\"><span style=\"color: #38761d;\"><img decoding=\"async\" class=\"an1\" draggable=\"false\" src=\"https:\/\/fonts.gstatic.com\/s\/e\/notoemoji\/16.0\/1f5d3_fe0f\/32.png\" alt=\"\ud83d\uddd3\ufe0f\" data-emoji=\"\ud83d\uddd3\ufe0f\" aria-label=\"\ud83d\uddd3\ufe0f\" \/><\/span><span class=\"gmail_default\">\u00a0<\/span><span style=\"color: #000000;\">Dia:<span class=\"gmail_default\">\u00a0Dijous 27 de novembre de 2025<\/span><\/span><\/span><\/p>\n<\/div>\n<div><span style=\"color: #000000;\"><span style=\"font-family: trebuchet ms, sans-serif;\"><span class=\"gmail_default\"><img decoding=\"async\" class=\"an1\" draggable=\"false\" src=\"https:\/\/fonts.gstatic.com\/s\/e\/notoemoji\/16.0\/1f560\/32.png\" alt=\"\ud83d\udd60\" data-emoji=\"\ud83d\udd60\" aria-label=\"\ud83d\udd60\" \/>\u00a0Hora: 18 h<\/span><br \/>\n<\/span><img decoding=\"async\" class=\"an1\" draggable=\"false\" src=\"https:\/\/fonts.gstatic.com\/s\/e\/notoemoji\/16.0\/1f574_1f3fb\/32.png\" alt=\"\ud83d\udd74\ud83c\udffb\" data-emoji=\"\ud83d\udd74\ud83c\udffb\" aria-label=\"\ud83d\udd74\ud83c\udffb\" \/><span class=\"gmail_default\">\u00a0<\/span><span class=\"gmail_default\">Presentaci\u00f3 a concretar<\/span><\/span><\/div>\n<div><\/div>\n<div>\n<div><span style=\"font-family: verdana, sans-serif;\">\u00a0<span class=\"gmail_default\">4.\u00a0<\/span><\/span><b><span style=\"font-family: verdana, sans-serif;\"><span class=\"gmail_default\"><span style=\"color: #000000;\">La primera\u00a0<\/span><\/span><\/span><\/b><b><span style=\"color: #000000;\"><span style=\"font-family: Verdana, sans-serif;\">visita a centre<\/span><span style=\"font-family: verdana, sans-serif;\">s\u00a0<span class=\"gmail_default\">educatius\u00a0<\/span>amb projectes singulars<span class=\"gmail_default\">\u00a0<\/span><\/span><\/span><\/b><b><span style=\"font-family: verdana, sans-serif;\"><span class=\"gmail_default\"><span style=\"color: #000000;\">ser\u00e0 a<\/span><span style=\"color: #9900ff;\">:\u00a0<\/span><\/span><\/span><\/b><\/div>\n<div><b><span style=\"font-family: verdana, sans-serif;\"><span style=\"color: #9900ff;\"><span class=\"gmail_default\">L&#8217;<\/span>Escola El Margall\u00f3\u00a0<\/span><span class=\"gmail_default\"><span style=\"color: #9900ff;\">de Vilanova i la Geltr\u00fa\u00a0<\/span><span style=\"color: #000000;\">(data a concretar durant el primer trimestre)<\/span><\/span><\/span><\/b><\/div>\n<div><b><span class=\"gmail_default\"><span style=\"color: #000000; font-family: verdana, sans-serif;\">Farem m\u00e9s propostes de visites a centres educatius amb projectes interessants.<\/span><\/span><\/b><\/div>\n<div><span style=\"font-family: verdana, sans-serif;\">\u00a0<\/span><\/div>\n<div><span style=\"font-family: verdana, sans-serif;\">\u00a0<\/span><\/div>\n<div><span style=\"font-family: verdana, sans-serif;\"><span class=\"gmail_default\">5.<\/span><span class=\"gmail_default\"><span style=\"color: #000000;\">\u00a0<b>La f<\/b><\/span><b>ormaci\u00f3 on line a c\u00e0rrec d&#8217;Isabel Prieto\u00a0<\/b><span style=\"color: #000000;\">sobre &#8220;<\/span><b><span style=\"color: #9900ff;\">Aprendre a llegir des de la neuroci\u00e8ncia&#8221;,\u00a0<\/span><span style=\"color: #000000;\">despr\u00e9s de l&#8217;\u00e8xit de la seva xerrada.<\/span><\/b><\/span><span style=\"color: #000000;\"><br \/>\n<\/span><\/span><\/div>\n<div><span style=\"font-family: verdana, sans-serif;\"><span style=\"color: #000000;\"><img decoding=\"async\" class=\"an1\" draggable=\"false\" src=\"https:\/\/fonts.gstatic.com\/s\/e\/notoemoji\/16.0\/1f5d3_fe0f\/32.png\" alt=\"\ud83d\uddd3\ufe0f\" data-emoji=\"\ud83d\uddd3\ufe0f\" aria-label=\"\ud83d\uddd3\ufe0f\" \/><\/span><span style=\"color: #9900ff;\"><span class=\"gmail_default\">\u00a0<\/span><span class=\"gmail_default\">Dia: els dijous a partir del mes de febrer de 2026<\/span><\/span><\/span><\/div>\n<div><\/div>\n<div><span style=\"color: #9900ff; font-family: verdana, sans-serif;\"><img decoding=\"async\" class=\"an1\" draggable=\"false\" src=\"https:\/\/fonts.gstatic.com\/s\/e\/notoemoji\/16.0\/231a\/32.png\" alt=\"\u231a\" data-emoji=\"\u231a\" aria-label=\"\u231a\" \/>\u00a0De 17 a 19 h<span class=\"gmail_default\">\u00a0(<\/span>20 hores de formaci\u00f3<span class=\"gmail_default\">\u00a0en 10 sessions)<\/span><\/span><\/div>\n<div><\/div>\n<div><span style=\"color: #9900ff; font-family: verdana, sans-serif;\"><img decoding=\"async\" class=\"an1\" draggable=\"false\" src=\"https:\/\/fonts.gstatic.com\/s\/e\/notoemoji\/16.0\/1f574_fe0f\/32.png\" alt=\"\ud83d\udd74\ufe0f\" data-emoji=\"\ud83d\udd74\ufe0f\" aria-label=\"\ud83d\udd74\ufe0f\" \/>V<span class=\"gmail_default\">irtual<\/span><\/span><\/div>\n<div><span style=\"color: #9900ff; font-family: verdana, sans-serif;\"><img decoding=\"async\" class=\"an1\" draggable=\"false\" src=\"https:\/\/fonts.gstatic.com\/s\/e\/notoemoji\/16.0\/1f46d\/32.png\" alt=\"\ud83d\udc6d\" data-emoji=\"\ud83d\udc6d\" aria-label=\"\ud83d\udc6d\" \/><span class=\"gmail_default\">\u00a0<\/span>A<span class=\"gmail_default\">dre\u00e7ada a docents de prim\u00e0ria i professionals de l&#8217;educaci\u00f3<\/span><\/span><\/div>\n<\/div>\n<\/div>\n<\/div>\n<\/div>\n<\/div>\n<\/div>\n<\/div>\n<\/div>\n<\/div>\n<\/div>\n<\/div>\n<\/div>\n<\/div>\n","protected":false},"excerpt":{"rendered":"<p>Iniciar el curs sense tenir al cor i al cap l&#8217;estat de guerra que viuen cada instant milers d&#8217;infants de Gaza&#8230;.Aquesta carta\u00a0d&#8217;una mestra ens aporta algunes idees per comen\u00e7ar el curs de manera diferent. Des de mrp ens recomanen la seva lectura per aportar el nostre petit gra de sorra. Des del Moviment de Renovaci\u00f3 [&hellip;]<\/p>\n","protected":false},"author":7,"featured_media":13335,"comment_status":"open","ping_status":"open","sticky":false,"template":"","format":"standard","meta":{"_bbp_topic_count":0,"_bbp_reply_count":0,"_bbp_total_topic_count":0,"_bbp_total_reply_count":0,"_bbp_voice_count":0,"_bbp_anonymous_reply_count":0,"_bbp_topic_count_hidden":0,"_bbp_reply_count_hidden":0,"_bbp_forum_subforum_count":0,"site-sidebar-layout":"default","site-content-layout":"","ast-site-content-layout":"","site-content-style":"default","site-sidebar-style":"default","ast-global-header-display":"","ast-banner-title-visibility":"","ast-main-header-display":"","ast-hfb-above-header-display":"","ast-hfb-below-header-display":"","ast-hfb-mobile-header-display":"","site-post-title":"","ast-breadcrumbs-content":"","ast-featured-img":"","footer-sml-layout":"","theme-transparent-header-meta":"","adv-header-id-meta":"","stick-header-meta":"","header-above-stick-meta":"","header-main-stick-meta":"","header-below-stick-meta":"","astra-migrate-meta-layouts":"default","ast-page-background-enabled":"default","ast-page-background-meta":{"desktop":{"background-color":"var(--ast-global-color-4)","background-image":"","background-repeat":"repeat","background-position":"center center","background-size":"auto","background-attachment":"scroll","background-type":"","background-media":"","overlay-type":"","overlay-color":"","overlay-opacity":"","overlay-gradient":""},"tablet":{"background-color":"","background-image":"","background-repeat":"repeat","background-position":"center center","background-size":"auto","background-attachment":"scroll","background-type":"","background-media":"","overlay-type":"","overlay-color":"","overlay-opacity":"","overlay-gradient":""},"mobile":{"background-color":"","background-image":"","background-repeat":"repeat","background-position":"center center","background-size":"auto","background-attachment":"scroll","background-type":"","background-media":"","overlay-type":"","overlay-color":"","overlay-opacity":"","overlay-gradient":""}},"ast-content-background-meta":{"desktop":{"background-color":"var(--ast-global-color-5)","background-image":"","background-repeat":"repeat","background-position":"center center","background-size":"auto","background-attachment":"scroll","background-type":"","background-media":"","overlay-type":"","overlay-color":"","overlay-opacity":"","overlay-gradient":""},"tablet":{"background-color":"var(--ast-global-color-5)","background-image":"","background-repeat":"repeat","background-position":"center center","background-size":"auto","background-attachment":"scroll","background-type":"","background-media":"","overlay-type":"","overlay-color":"","overlay-opacity":"","overlay-gradient":""},"mobile":{"background-color":"var(--ast-global-color-5)","background-image":"","background-repeat":"repeat","background-position":"center center","background-size":"auto","background-attachment":"scroll","background-type":"","background-media":"","overlay-type":"","overlay-color":"","overlay-opacity":"","overlay-gradient":""}},"footnotes":""},"categories":[376,287,29],"tags":[],"class_list":["post-20960","post","type-post","status-publish","format-standard","has-post-thumbnail","hentry","category-formacio","category-mrp-baix-penedes","category-portada"],"post_mailing_queue_ids":[],"_links":{"self":[{"href":"https:\/\/serveiseducatius.xtec.cat\/baixpenedes\/wp-json\/wp\/v2\/posts\/20960","targetHints":{"allow":["GET"]}}],"collection":[{"href":"https:\/\/serveiseducatius.xtec.cat\/baixpenedes\/wp-json\/wp\/v2\/posts"}],"about":[{"href":"https:\/\/serveiseducatius.xtec.cat\/baixpenedes\/wp-json\/wp\/v2\/types\/post"}],"author":[{"embeddable":true,"href":"https:\/\/serveiseducatius.xtec.cat\/baixpenedes\/wp-json\/wp\/v2\/users\/7"}],"replies":[{"embeddable":true,"href":"https:\/\/serveiseducatius.xtec.cat\/baixpenedes\/wp-json\/wp\/v2\/comments?post=20960"}],"version-history":[{"count":2,"href":"https:\/\/serveiseducatius.xtec.cat\/baixpenedes\/wp-json\/wp\/v2\/posts\/20960\/revisions"}],"predecessor-version":[{"id":20989,"href":"https:\/\/serveiseducatius.xtec.cat\/baixpenedes\/wp-json\/wp\/v2\/posts\/20960\/revisions\/20989"}],"wp:featuredmedia":[{"embeddable":true,"href":"https:\/\/serveiseducatius.xtec.cat\/baixpenedes\/wp-json\/wp\/v2\/media\/13335"}],"wp:attachment":[{"href":"https:\/\/serveiseducatius.xtec.cat\/baixpenedes\/wp-json\/wp\/v2\/media?parent=20960"}],"wp:term":[{"taxonomy":"category","embeddable":true,"href":"https:\/\/serveiseducatius.xtec.cat\/baixpenedes\/wp-json\/wp\/v2\/categories?post=20960"},{"taxonomy":"post_tag","embeddable":true,"href":"https:\/\/serveiseducatius.xtec.cat\/baixpenedes\/wp-json\/wp\/v2\/tags?post=20960"}],"curies":[{"name":"wp","href":"https:\/\/api.w.org\/{rel}","templated":true}]}}