{"id":20779,"date":"2025-07-11T14:29:04","date_gmt":"2025-07-11T12:29:04","guid":{"rendered":"https:\/\/serveiseducatius.xtec.cat\/baixpenedes\/?p=20779"},"modified":"2025-07-11T14:29:04","modified_gmt":"2025-07-11T12:29:04","slug":"suport-intensiu-a-les-matematiques","status":"publish","type":"post","link":"https:\/\/serveiseducatius.xtec.cat\/baixpenedes\/xerrades\/portada\/suport-intensiu-a-les-matematiques\/","title":{"rendered":"SUPORT INTENSIU A LES MATEM\u00c0TIQUES"},"content":{"rendered":"<p>S\u2019ha publicat la creaci\u00f3 del <b>Programa intensiu de suport a les matem\u00e0tiques<\/b>, adre\u00e7at als centres educatius amb l\u2019objectiu de refor\u00e7ar l\u2019aprenentatge d\u2019aquesta \u00e0rea durant el curs 2025-2026.<\/p>\n<p>Us animem a valorar aquesta oportunitat i, en cas que el vostre centre hi estigui interessat, tingueu en compte que cal l&#8217;<b>aprovaci\u00f3 del 70% del claustre de docents de prim\u00e0ria<\/b>, motiu pel qual us recomanem incloure aquest punt a l\u2019ordre del dia del claustre d&#8217;inici de curs.<\/p>\n<p>El termini per presentar la sol\u00b7licitud restar\u00e0 obert\u00a0<b>des de la primera setmana de juliol fins al 2 de setembre de 2025<\/b>, i \u00e9s completament necessari respectar el termini.<\/p>\n<p>Podeu consultar tota la informaci\u00f3 actualitzada sobre el programa al seg\u00fcent enlla\u00e7:<\/p>\n<p><img decoding=\"async\" class=\"an1\" draggable=\"false\" src=\"https:\/\/fonts.gstatic.com\/s\/e\/notoemoji\/16.0\/1f517\/32.png\" alt=\"\ud83d\udd17\" data-emoji=\"\ud83d\udd17\" aria-label=\"\ud83d\udd17\" \/>\u00a0<a id=\"m_8683967338738083792LPlnk444205\" href=\"https:\/\/espai.educacio.gencat.cat\/Centres\/Projectes-educatius\/Programa-temporal-suport-intensiu-matematiques\/Pagines\/default.aspx\" target=\"_blank\" rel=\"noopener\" data-saferedirecturl=\"https:\/\/www.google.com\/url?q=https:\/\/espai.educacio.gencat.cat\/Centres\/Projectes-educatius\/Programa-temporal-suport-intensiu-matematiques\/Pagines\/default.aspx&amp;source=gmail&amp;ust=1752320843990000&amp;usg=AOvVaw0CXyfBHn3xQELk0C8F2w4Q\">https:\/\/espai.educacio.gencat.<wbr \/>cat\/Centres\/Projectes-<wbr \/>educatius\/Programa-temporal-<wbr \/>suport-intensiu-matematiques\/<wbr \/>Pagines\/default.aspx<\/a><\/p>\n<section class=\"TopDretaAmple\">\n<div class=\"containerDosColumnas\">\n<div data-name=\"TopDreta2\">\n<div class=\"article-content\">\n<div id=\"ctl00_PlaceHolderMain_ctl00__ControlWrapper_RichHtmlField\" class=\"ms-rtestate-field\" aria-labelledby=\"ctl00_PlaceHolderMain_ctl00_label\">\n<h2 id=\"h24\">Actuacions i recursos<\/h2>\n<ul>\n<li>Acompanyament en la presa de decisions sobre el seu projecte educatiu, model organitzatiu i metodologies emprades.<\/li>\n<li>Refor\u00e7 temporal de la plantilla docent.<\/li>\n<li>Formaci\u00f3 i capacitaci\u00f3 de coordinadors de centre i docents en les metodologies i en estrat\u00e8gies per a l\u2019aprenentatge competencial de les matem\u00e0tiques.<\/li>\n<li>Recursos per atendre l&#8217;alumnat de manera personalitzada.<\/li>\n<\/ul>\n<p class=\"pujar\"><a href=\"https:\/\/espai.educacio.gencat.cat\/Centres\/Projectes-educatius\/Programa-temporal-suport-intensiu-matematiques\/Pagines\/default.aspx#Inici\">Pujar<\/a><\/p>\n<h2 id=\"h25\">Requisits\u00a0\u200bper participar<\/h2>\n<p>&nbsp;<\/p>\n<ul>\n<li>Ser un centre p\u00fablic de titularitat del Departament d&#8217;Educaci\u00f3 i Formaci\u00f3 Professional.<\/li>\n<li>Identificar en la sol\u00b7licitud un objectiu de millora en l&#8217;assoliment de la compet\u00e8ncia matem\u00e0tica del seu alumnat.<\/li>\n<li>Comprom\u00eds \u200bde l&#8217;equip directiu per liderar el programa durant els tres cursos.<\/li>\n<li>Aprovaci\u00f3 del 70% del claustre de docents de prim\u00e0ria<\/li>\n<li>Aprovaci\u00f3 del 70% dels docents que imparteixen matem\u00e0tiques a l\u2019ESO.<\/li>\n<li>Designaci\u00f3 d&#8217;una persona de l&#8217;equip docent responsable del programa:\n<ul>\n<li>a les escoles ha de ser un o una docent de l&#8217;equip del segon o tercer cicle.<\/li>\n<li>als instituts ha de ser el\/la cap de departament de matem\u00e0tiques o qui n&#8217;assumeix les funcions.<\/li>\n<li>als instituts escola s&#8217;ha de designar un\/a responsable de prim\u00e0ria i un\/a de secund\u00e0ria.<\/li>\n<li>a les ZER el\/la director\/a o el\/la cap d\u2019estudis de la mateixa ZER.\u200b<\/li>\n<\/ul>\n<\/li>\n<\/ul>\n<p class=\"pujar\"><a href=\"https:\/\/espai.educacio.gencat.cat\/Centres\/Projectes-educatius\/Programa-temporal-suport-intensiu-matematiques\/Pagines\/default.aspx#Inici\">Pujar<\/a><\/p>\n<h2 id=\"h26\">Criteris de selecci\u00f3<\/h2>\n<div>\n<table class=\"ms-rteTable-2\" width=\"100%\" cellspacing=\"0\">\n<tbody>\n<tr class=\"ms-rteTableHeaderRow-2\">\n<th class=\"ms-rteTableHeaderEvenCol-2\" colspan=\"1\" rowspan=\"1\"><span class=\"ms-rteThemeForeColor-1-0\"><strong>Criteris\u200b<\/strong><br \/>\n<\/span><\/th>\n<th class=\"ms-rteTableHeaderOddCol-2\" colspan=\"1\" rowspan=\"1\"><span class=\"ms-rteThemeForeColor-1-0\"><strong>Puntuaci\u00f3 m\u00e0xima<\/strong><\/span><\/th>\n<\/tr>\n<tr class=\"ms-rteTableOddRow-2\">\n<td class=\"ms-rteTableEvenCol-2\">Complexitat del centre.<\/td>\n<td class=\"ms-rteTableOddCol-2\">Fins a 4 punts\u200b<\/td>\n<\/tr>\n<tr class=\"ms-rteTableEvenRow-2\">\n<td class=\"ms-rteTableEvenCol-2\">Resultats de les proves de compet\u00e8ncies de final d&#8217;etapa en matem\u00e0tiques per sota de la mitjana corresponent al seu nivell de complexitat.<\/td>\n<td class=\"ms-rteTableOddCol-2\">Fins a 5 punts<\/td>\n<\/tr>\n<tr class=\"ms-rteTableOddRow-2\">\n<td class=\"ms-rteTableEvenCol-2\">Document de comprom\u00eds, que inclou l&#8217;objectiu de millora a l&#8217;assoliment de la compet\u00e8ncia matem\u00e0tica proposat per l&#8217;equip directiu, i carta de motivaci\u00f3 per liderar el programa durant els tres cursos de durada prevista.<\/td>\n<td class=\"ms-rteTableOddCol-2\">Fins\u00a0a 4\u00a0punts<\/td>\n<\/tr>\n<tr class=\"ms-rteTableEvenRow-2\">\n<td class=\"ms-rteTableEvenCol-2\">Percentatge d&#8217;aprovaci\u00f3 del claustre superior al 70%.<\/td>\n<td class=\"ms-rteTableOddCol-2\">\u00a0Fins\u00a0a 2 punts<\/td>\n<\/tr>\n<\/tbody>\n<\/table>\n<p><span style=\"color: #333333; font-family: OpenSans;\"><br \/>\n<\/span><\/div>\n<p>&nbsp;<\/p>\n<p class=\"pujar\"><a href=\"https:\/\/espai.educacio.gencat.cat\/Centres\/Projectes-educatius\/Programa-temporal-suport-intensiu-matematiques\/Pagines\/default.aspx#Inici\">Pujar<\/a><\/p>\n<h2 id=\"h27\">Sol\u00b7licitud, documentaci\u00f3 i termini<img decoding=\"async\" src=\"file:\/\/\/C:\/Users\/410961~1\/AppData\/Local\/Temp\/msohtmlclip1\/01\/clip_image001.png\" alt=\"\" \/><\/h2>\n<div>\n<div>\n<p>Els centres han de presentar\u00a0la documentaci\u00f3\u00a0seg\u00fcent\u00a0:\u200b\u200b<\/p>\n<p><a title=\"Descarregueu el document\" href=\"https:\/\/documents.espai.educacio.gencat.cat\/FormularisModels\/InnovacioPedagogica\/A1660.pdf\" target=\"_blank\" rel=\"noopener\"><img decoding=\"async\" class=\"ms-asset-icon ms-rtePosition-4\" src=\"https:\/\/espai.educacio.gencat.cat\/_layouts\/images\/icpdf.png\" alt=\"\" \/>Sol\u00b7licitu\u200bd d\u200be participaci\u00f3<\/a><img decoding=\"async\" src=\"file:\/\/\/C:\/Users\/410961~1\/AppData\/Local\/Temp\/msohtmlclip1\/01\/clip_image001.png\" alt=\"\" \/><\/p>\n<p><a title=\"Descarregueu el document\" href=\"https:\/\/documents.espai.educacio.gencat.cat\/FormularisModels\/InnovacioPedagogica\/A1508.pdf\" target=\"_blank\" rel=\"noopener\"><img decoding=\"async\" class=\"ms-asset-icon ms-rtePosition-4\" src=\"https:\/\/espai.educacio.gencat.cat\/_layouts\/images\/icpdf.png\" alt=\"\" \/>Certificaci\u00f3 d&#8217;aprovaci\u00f3 del claustre<\/a>\u00a0(com a m\u00ednim, el 70% dels docents a l&#8217;educaci\u00f3 prim\u00e0ria, i el 70% dels docents que imparteixen matem\u00e0tiques a l&#8217;ESO).<img decoding=\"async\" src=\"file:\/\/\/C:\/Users\/410961~1\/AppData\/Local\/Temp\/msohtmlclip1\/01\/clip_image001.png\" alt=\"\" \/><\/p>\n<p><a title=\"Descarregueu el document\" href=\"https:\/\/documents.espai.educacio.gencat.cat\/FormularisModels\/InnovacioPedagogica\/A1661.pdf\" target=\"_blank\" rel=\"noopener\"><img decoding=\"async\" class=\"ms-asset-icon ms-rtePosition-4\" src=\"https:\/\/espai.educacio.gencat.cat\/_layouts\/images\/icpdf.png\" alt=\"\" \/>Document de comprom\u00eds, amb l&#8217;objectiu de millora i carta de motivaci\u00f3<\/a><\/p>\n<p><strong>Termini de presentaci\u00f3: fins al 2\u00a0de setembre de 2025. \u200b\u200b\u200b<\/strong><\/p>\n<\/div>\n<\/div>\n<div>\n<h5 id=\"h28\">Tramesa de documentaci\u00f3<\/h5>\n<p>\u200bA cada servei territorial i al Consorci d&#8217;Educaci\u00f3 de Barcelona es constitueix una comissi\u00f3 territorial de valoraci\u00f3 que en finalitzar el termini de presentaci\u00f3 de sol\u00b7licituds, lliurar\u00e0 a la comissi\u00f3 central la r\u00fabrica amb l&#8217;avaluaci\u00f3 de cada centre.<\/p>\n<p>La<a title=\"Ves a l'eValisa\" href=\"https:\/\/espai.educacio.gencat.cat\/Recursos\/Admnistracio-Digital\/Cataleg-Aplicacions\/Valisa-electronica-1\/Pagines\/default.aspx\" target=\"_blank\" rel=\"noopener\">\u00a0valisa electr\u00f2nica\u200b<\/a>\u00a0s&#8217;ha d&#8217;adre\u00e7ar al coordinador\/a dels serveis educatius\u200b\u00a0dels serveis territorials i ha d&#8217;incorporar com a visualitzadors:\u00a0l&#8217;inspector\/a en cap dels serveis d&#8217;inspecci\u00f3, \u00a0i la\u00a0cap del Servei de Curr\u00edculum d&#8217;Infantil i Prim\u00e0ria i la cap del Servei de Secund\u00e0ria Obligat\u00f2ria i Batxillerat.<\/p>\n<div>\n<table class=\"ms-rteTable-2\" width=\"100%\" cellspacing=\"0\">\n<tbody>\n<tr class=\"ms-rteTableHeaderRow-2\">\n<th class=\"ms-rteTableHeaderEvenCol-2\"><span class=\"ms-rteThemeForeColor-1-0\"><strong>ST\u00a0o CEB\u200b\u200b\u200b<\/strong><\/p>\n<p><\/span><\/th>\n<th class=\"ms-rteTableHeaderOddCol-2\"><span class=\"ms-rteThemeForeColor-1-0\"><strong>Coordinaci\u00f3 dels Serveis Educatius<\/strong><br \/>\n<\/span><\/th>\n<th class=\"ms-rteTableHeaderEvenCol-2\"><span class=\"ms-rteThemeForeColor-1-0\"><strong>Inspector\/a\u00a0en cap<\/strong><\/span><\/th>\n<th class=\"ms-rteTableHeaderOddCol-2\"><span class=\"ms-rteThemeForeColor-1-0\"><strong>SG\u00a0d&#8217;Ordenaci\u00f3 Curricular<\/strong><\/span><\/th>\n<\/tr>\n<tr class=\"ms-rteTableOddRow-2\">\n<td class=\"ms-rteTableEvenCol-2\"><strong>Pened\u00e8s<\/strong><\/td>\n<td class=\"ms-rteTableOddCol-2\"><strong>Ll\u00fcisa Vicente Mart\u00ednez<\/strong><\/td>\n<td class=\"ms-rteTableEvenCol-2\"><strong>Xavier Gil Molinos<\/strong><\/td>\n<td class=\"ms-rteTableOddCol-2\"><strong>Montserrat Pay\u00e9s Mar\u00edn<\/strong><\/p>\n<p><strong>Ana Garrote Alcaide<\/strong><\/td>\n<\/tr>\n<\/tbody>\n<\/table>\n<h5 id=\"h29\">\u200bNotificaci\u00f3, resoluci\u00f3 i recursos<\/h5>\n<p>Les\u00a0<strong>llistes provisionals<\/strong>\u00a0de centres admesos i exclosos es publicaran en aquest espai el tercer dia h\u00e0bil despr\u00e9s de la finalitzaci\u00f3 del termini de sol\u00b7licituds.<\/p>\n<p>Els centres poden presentar\u00a0<strong>al\u00b7legacions\u00a0<\/strong>a la llista provisional a la comissi\u00f3 de valoraci\u00f3 territorial, des de l&#8217;endem\u00e0 de la publicaci\u00f3 per un per\u00edode de tres dies h\u00e0bils.<\/p>\n<p>La comissi\u00f3 de selecci\u00f3 de serveis centrals un cop resoltes les al\u00b7legacions publicar\u00e0 el tercer dia h\u00e0bil la\u00a0<strong>llista d\u2019admesos i exclosos definitiva.<\/strong><\/p>\n<div>\n<h5 id=\"h210\">Verificaci\u00f3 dels compromisos i avaluaci\u00f3<strong>\u00a0<\/strong><\/h5>\n<p>Per a la verificaci\u00f3 dels compromisos descrits a la\u00a0<a title=\"Descarregueu el document\" href=\"https:\/\/documents.espai.educacio.gencat.cat\/IPCNormativa\/DisposicionsInternes\/20252606-Resolucio-convocatoria-centres-suport-matematiques.pdf\" target=\"_blank\" rel=\"noopener\">base 12 de la Resoluci\u00f3 de selecci\u00f3 de centres,<\/a>\u00a0els centres\u00a0han de presentar a l&#8217;inspector o inspectora del centre la programaci\u00f3 general anual del centre educatiu, amb la concreci\u00f3 de les actuacions del Programa, i la mem\u00f2ria amb el recull de les activitats del Programa dutes a terme i els resultats obtinguts, amb la concreci\u00f3 de l&#8217;opci\u00f3 metodol\u00f2gica de centre amb relaci\u00f3 a l&#8217;aprenentatge de les matem\u00e0tiques.\u00a0\u200b<\/p>\n<h5>\u00a0Avaluaci\u00f3 i seguiment<\/h5>\n<p>El Departament avaluar\u00e0\u00a0el\u00a0pel que fa a la seva execuci\u00f3, qualitat i impacte. Els \u00e0mbits objecte d&#8217;avaluaci\u00f3 seran:<\/p>\n<ul>\n<li>\u00c0mbit 1: Metodologies i recursos per a la millora de l&#8217;ensenyament i l&#8217;aprenentatge de les compet\u00e8ncies matem\u00e0tiques:<\/li>\n<li>\u00c0mbit 2: Organitzaci\u00f3 i gesti\u00f3 educativa<\/li>\n<li>\u00c0mbit 3: Millora dels resultats<strong>\u00a0\u200b<\/strong><\/li>\n<\/ul>\n<h5>Efectes de la participaci\u00f3 en el\u00a0programa<\/h5>\n<p>Se certificar\u00e0 la formaci\u00f3 al personal educatiu que participi en les activitats formatives del Programa d&#8217;acord amb l&#8217;<a title=\"Ves al DOGC\" href=\"https:\/\/dogc.gencat.cat\/ca\/document-del-dogc\/?documentId=615777\" target=\"_blank\" rel=\"noopener\">Ordre ENS\/248\/2012\u200b<\/a>, de 20 d&#8217;agost, per la qual s&#8217;estableixen els requisits i el procediment per recon\u00e8ixer activitats de formaci\u00f3 permanent adre\u00e7ades al professorat d&#8217;ensenyament no universitari.<\/p>\n<h5 id=\"h211\">Normativa<\/h5>\n<p><a title=\"Ves al DOGC\" href=\"https:\/\/dogc.gencat.cat\/ca\/document-del-dogc\/?documentId=1017285\" target=\"_blank\" rel=\"noopener\">Resoluci\u00f3 EDF\/2283\/2025\u200b<\/a>, de 16 de juny, de creaci\u00f3 del Programa temporal de suport intensiu a les matem\u00e0tiques\u200b<\/p>\n<p><a title=\"Descarregueu el document\" href=\"https:\/\/documents.espai.educacio.gencat.cat\/IPCNormativa\/DisposicionsInternes\/20252606-Resolucio-convocatoria-centres-suport-matematiques.pdf\" target=\"_blank\" rel=\"noopener\"><img decoding=\"async\" class=\"ms-asset-icon ms-rtePosition-4\" src=\"https:\/\/espai.educacio.gencat.cat\/_layouts\/images\/icpdf.png\" alt=\"\" \/>Resoluci\u00f3\u00a0<\/a>per la qual s\u2019obre la convocat\u00f2ria per seleccionar centres educatius dependents del Departament d\u2019Educaci\u00f3 i Formaci\u00f3 Professional que imparteixen ensenyaments de l\u2019educaci\u00f3 b\u00e0sica, per participar en del Programa temporal de suport intensiu a les matem\u00e0tiques, finan\u00e7at pel Ministeri d\u2019Educaci\u00f3, Formaci\u00f3 Professional i Esports.\u200b<\/p>\n<\/div>\n<\/div>\n<\/div>\n<p>&nbsp;<\/p>\n<div>\n\u200b<\/div>\n<p>\u200b\u200b\u200b\u200b\u200b<\/p>\n<\/div>\n<\/div>\n<\/div>\n<\/div>\n<\/section>\n","protected":false},"excerpt":{"rendered":"<p>S\u2019ha publicat la creaci\u00f3 del Programa intensiu de suport a les matem\u00e0tiques, adre\u00e7at als centres educatius amb l\u2019objectiu de refor\u00e7ar l\u2019aprenentatge d\u2019aquesta \u00e0rea durant el curs 2025-2026. Us animem a valorar aquesta oportunitat i, en cas que el vostre centre hi estigui interessat, tingueu en compte que cal l&#8217;aprovaci\u00f3 del 70% del claustre de docents [&hellip;]<\/p>\n","protected":false},"author":7,"featured_media":15608,"comment_status":"open","ping_status":"open","sticky":false,"template":"","format":"standard","meta":{"_bbp_topic_count":0,"_bbp_reply_count":0,"_bbp_total_topic_count":0,"_bbp_total_reply_count":0,"_bbp_voice_count":0,"_bbp_anonymous_reply_count":0,"_bbp_topic_count_hidden":0,"_bbp_reply_count_hidden":0,"_bbp_forum_subforum_count":0,"site-sidebar-layout":"default","site-content-layout":"","ast-site-content-layout":"","site-content-style":"default","site-sidebar-style":"default","ast-global-header-display":"","ast-banner-title-visibility":"","ast-main-header-display":"","ast-hfb-above-header-display":"","ast-hfb-below-header-display":"","ast-hfb-mobile-header-display":"","site-post-title":"","ast-breadcrumbs-content":"","ast-featured-img":"","footer-sml-layout":"","theme-transparent-header-meta":"","adv-header-id-meta":"","stick-header-meta":"","header-above-stick-meta":"","header-main-stick-meta":"","header-below-stick-meta":"","astra-migrate-meta-layouts":"default","ast-page-background-enabled":"default","ast-page-background-meta":{"desktop":{"background-color":"var(--ast-global-color-4)","background-image":"","background-repeat":"repeat","background-position":"center center","background-size":"auto","background-attachment":"scroll","background-type":"","background-media":"","overlay-type":"","overlay-color":"","overlay-opacity":"","overlay-gradient":""},"tablet":{"background-color":"","background-image":"","background-repeat":"repeat","background-position":"center center","background-size":"auto","background-attachment":"scroll","background-type":"","background-media":"","overlay-type":"","overlay-color":"","overlay-opacity":"","overlay-gradient":""},"mobile":{"background-color":"","background-image":"","background-repeat":"repeat","background-position":"center center","background-size":"auto","background-attachment":"scroll","background-type":"","background-media":"","overlay-type":"","overlay-color":"","overlay-opacity":"","overlay-gradient":""}},"ast-content-background-meta":{"desktop":{"background-color":"var(--ast-global-color-5)","background-image":"","background-repeat":"repeat","background-position":"center center","background-size":"auto","background-attachment":"scroll","background-type":"","background-media":"","overlay-type":"","overlay-color":"","overlay-opacity":"","overlay-gradient":""},"tablet":{"background-color":"var(--ast-global-color-5)","background-image":"","background-repeat":"repeat","background-position":"center center","background-size":"auto","background-attachment":"scroll","background-type":"","background-media":"","overlay-type":"","overlay-color":"","overlay-opacity":"","overlay-gradient":""},"mobile":{"background-color":"var(--ast-global-color-5)","background-image":"","background-repeat":"repeat","background-position":"center center","background-size":"auto","background-attachment":"scroll","background-type":"","background-media":"","overlay-type":"","overlay-color":"","overlay-opacity":"","overlay-gradient":""}},"footnotes":""},"categories":[291,29,370],"tags":[],"class_list":["post-20779","post","type-post","status-publish","format-standard","has-post-thumbnail","hentry","category-educacio-primaria","category-portada","category-recursos"],"post_mailing_queue_ids":[],"_links":{"self":[{"href":"https:\/\/serveiseducatius.xtec.cat\/baixpenedes\/wp-json\/wp\/v2\/posts\/20779","targetHints":{"allow":["GET"]}}],"collection":[{"href":"https:\/\/serveiseducatius.xtec.cat\/baixpenedes\/wp-json\/wp\/v2\/posts"}],"about":[{"href":"https:\/\/serveiseducatius.xtec.cat\/baixpenedes\/wp-json\/wp\/v2\/types\/post"}],"author":[{"embeddable":true,"href":"https:\/\/serveiseducatius.xtec.cat\/baixpenedes\/wp-json\/wp\/v2\/users\/7"}],"replies":[{"embeddable":true,"href":"https:\/\/serveiseducatius.xtec.cat\/baixpenedes\/wp-json\/wp\/v2\/comments?post=20779"}],"version-history":[{"count":1,"href":"https:\/\/serveiseducatius.xtec.cat\/baixpenedes\/wp-json\/wp\/v2\/posts\/20779\/revisions"}],"predecessor-version":[{"id":20780,"href":"https:\/\/serveiseducatius.xtec.cat\/baixpenedes\/wp-json\/wp\/v2\/posts\/20779\/revisions\/20780"}],"wp:featuredmedia":[{"embeddable":true,"href":"https:\/\/serveiseducatius.xtec.cat\/baixpenedes\/wp-json\/wp\/v2\/media\/15608"}],"wp:attachment":[{"href":"https:\/\/serveiseducatius.xtec.cat\/baixpenedes\/wp-json\/wp\/v2\/media?parent=20779"}],"wp:term":[{"taxonomy":"category","embeddable":true,"href":"https:\/\/serveiseducatius.xtec.cat\/baixpenedes\/wp-json\/wp\/v2\/categories?post=20779"},{"taxonomy":"post_tag","embeddable":true,"href":"https:\/\/serveiseducatius.xtec.cat\/baixpenedes\/wp-json\/wp\/v2\/tags?post=20779"}],"curies":[{"name":"wp","href":"https:\/\/api.w.org\/{rel}","templated":true}]}}