{"id":20428,"date":"2025-05-05T17:22:57","date_gmt":"2025-05-05T15:22:57","guid":{"rendered":"https:\/\/serveiseducatius.xtec.cat\/baixpenedes\/?p=20428"},"modified":"2025-05-05T17:22:57","modified_gmt":"2025-05-05T15:22:57","slug":"dansa-escola-2","status":"publish","type":"post","link":"https:\/\/serveiseducatius.xtec.cat\/baixpenedes\/xerrades\/portada\/dansa-escola-2\/","title":{"rendered":"DANSA ESCOLA"},"content":{"rendered":"<p>Vau passar per la Pla\u00e7a Nova i la Pla\u00e7a T\u00edvoli del Vendrell divendres 25 d&#8217;abril?<\/p>\n<p>La m\u00fasica va inundar els carrers amb danses protagonitzades per centenars d&#8217;alumnes i el seu professorat. A partir del treball que durant tot el curs els docents amb els seus grups d&#8217;escolars han realitzat als centres, amb el suport d&#8217;ajuntaments per afavorir i facilitar el transport i \u00fas d&#8217;instal.lacions com l&#8217;escola de m\u00fasica Pau Casals.<\/p>\n<p>Les activitats es van distribuir\u00a0 en 4 espais on per torns van anar rotant durant tot el mat\u00ed, rotant i BALLANT!<\/p>\n<p>Qui no va parar de moure&#8217;s? Doncs l&#8217;alumnat de 4t de:<\/p>\n<p>Escola els Quatre Vents\u00a0 \u00a0\u00a0Escola Vilamar\u00a0 \u00a0\u00a0Escola Mare de D\u00e9u del Priorat\u00a0 \u00a0\u00a0Escola \u00c0ngels Garriga\u00a0 \u00a0\u00a0Col.legi Sagrat Cor\u00a0 \u00a0\u00a0IE Coma-ruga\u00a0 \u00a0\u00a0Escola Pau Casals\u00a0 \u00a0\u00a0Escola Cinto Verdaguer<\/p>\n<p>Escola Castell de Calafell\u00a0 \u00a0\u00a0Escola La Ginesta\u00a0 \u00a0\u00a0Escola \u00c0ngel Guimer\u00e0\u00a0 \u00a0\u00a0Escola Sant Juli\u00e0\u00a0 \u00a0 Escola Santa Creu de Calafell\u00a0 \u00a0\u00a0IE \u00c0ngel de Tobies\u00a0 \u00a0\u00a0CEE Garb\u00ed<\/p>\n<p>Aqu\u00ed podeu veure algunes imatges de la jornada:<\/p>\n<p>&nbsp;<\/p>\n<p><img loading=\"lazy\" decoding=\"async\" class=\"alignnone  wp-image-20429\" src=\"https:\/\/serveiseducatius.xtec.cat\/baixpenedes\/wp-content\/uploads\/usu764\/2025\/05\/dansa-1-1024x1024.webp\" alt=\"\" width=\"491\" height=\"491\" srcset=\"https:\/\/serveiseducatius.xtec.cat\/baixpenedes\/wp-content\/uploads\/usu764\/2025\/05\/dansa-1-1024x1024.webp 1024w, https:\/\/serveiseducatius.xtec.cat\/baixpenedes\/wp-content\/uploads\/usu764\/2025\/05\/dansa-1-300x300.webp 300w, https:\/\/serveiseducatius.xtec.cat\/baixpenedes\/wp-content\/uploads\/usu764\/2025\/05\/dansa-1-150x150.webp 150w, https:\/\/serveiseducatius.xtec.cat\/baixpenedes\/wp-content\/uploads\/usu764\/2025\/05\/dansa-1-768x768.webp 768w, https:\/\/serveiseducatius.xtec.cat\/baixpenedes\/wp-content\/uploads\/usu764\/2025\/05\/dansa-1.webp 1440w\" sizes=\"auto, (max-width: 491px) 100vw, 491px\" \/> <img loading=\"lazy\" decoding=\"async\" class=\"alignnone  wp-image-20430\" src=\"https:\/\/serveiseducatius.xtec.cat\/baixpenedes\/wp-content\/uploads\/usu764\/2025\/05\/dansa-2.jpg\" alt=\"\" width=\"830\" height=\"488\" srcset=\"https:\/\/serveiseducatius.xtec.cat\/baixpenedes\/wp-content\/uploads\/usu764\/2025\/05\/dansa-2.jpg 895w, https:\/\/serveiseducatius.xtec.cat\/baixpenedes\/wp-content\/uploads\/usu764\/2025\/05\/dansa-2-300x176.jpg 300w, https:\/\/serveiseducatius.xtec.cat\/baixpenedes\/wp-content\/uploads\/usu764\/2025\/05\/dansa-2-768x451.jpg 768w\" sizes=\"auto, (max-width: 830px) 100vw, 830px\" \/><img loading=\"lazy\" decoding=\"async\" class=\"alignnone  wp-image-20431\" src=\"https:\/\/serveiseducatius.xtec.cat\/baixpenedes\/wp-content\/uploads\/usu764\/2025\/05\/dansa-3.jpg\" alt=\"\" width=\"580\" height=\"475\" srcset=\"https:\/\/serveiseducatius.xtec.cat\/baixpenedes\/wp-content\/uploads\/usu764\/2025\/05\/dansa-3.jpg 851w, https:\/\/serveiseducatius.xtec.cat\/baixpenedes\/wp-content\/uploads\/usu764\/2025\/05\/dansa-3-300x246.jpg 300w, https:\/\/serveiseducatius.xtec.cat\/baixpenedes\/wp-content\/uploads\/usu764\/2025\/05\/dansa-3-768x629.jpg 768w\" sizes=\"auto, (max-width: 580px) 100vw, 580px\" \/> <img loading=\"lazy\" decoding=\"async\" class=\"alignnone  wp-image-20432\" src=\"https:\/\/serveiseducatius.xtec.cat\/baixpenedes\/wp-content\/uploads\/usu764\/2025\/05\/dansa3.jpg\" alt=\"\" width=\"739\" height=\"630\" srcset=\"https:\/\/serveiseducatius.xtec.cat\/baixpenedes\/wp-content\/uploads\/usu764\/2025\/05\/dansa3.jpg 880w, https:\/\/serveiseducatius.xtec.cat\/baixpenedes\/wp-content\/uploads\/usu764\/2025\/05\/dansa3-300x256.jpg 300w, https:\/\/serveiseducatius.xtec.cat\/baixpenedes\/wp-content\/uploads\/usu764\/2025\/05\/dansa3-768x655.jpg 768w\" sizes=\"auto, (max-width: 739px) 100vw, 739px\" \/><\/p>\n<p>&nbsp;<\/p>\n","protected":false},"excerpt":{"rendered":"<p>Vau passar per la Pla\u00e7a Nova i la Pla\u00e7a T\u00edvoli del Vendrell divendres 25 d&#8217;abril? La m\u00fasica va inundar els carrers amb danses protagonitzades per centenars d&#8217;alumnes i el seu professorat. A partir del treball que durant tot el curs els docents amb els seus grups d&#8217;escolars han realitzat als centres, amb el suport d&#8217;ajuntaments [&hellip;]<\/p>\n","protected":false},"author":7,"featured_media":20429,"comment_status":"open","ping_status":"closed","sticky":false,"template":"","format":"standard","meta":{"_bbp_topic_count":0,"_bbp_reply_count":0,"_bbp_total_topic_count":0,"_bbp_total_reply_count":0,"_bbp_voice_count":0,"_bbp_anonymous_reply_count":0,"_bbp_topic_count_hidden":0,"_bbp_reply_count_hidden":0,"_bbp_forum_subforum_count":0,"site-sidebar-layout":"default","site-content-layout":"","ast-site-content-layout":"","site-content-style":"default","site-sidebar-style":"default","ast-global-header-display":"","ast-banner-title-visibility":"","ast-main-header-display":"","ast-hfb-above-header-display":"","ast-hfb-below-header-display":"","ast-hfb-mobile-header-display":"","site-post-title":"","ast-breadcrumbs-content":"","ast-featured-img":"","footer-sml-layout":"","theme-transparent-header-meta":"","adv-header-id-meta":"","stick-header-meta":"","header-above-stick-meta":"","header-main-stick-meta":"","header-below-stick-meta":"","astra-migrate-meta-layouts":"default","ast-page-background-enabled":"default","ast-page-background-meta":{"desktop":{"background-color":"var(--ast-global-color-4)","background-image":"","background-repeat":"repeat","background-position":"center center","background-size":"auto","background-attachment":"scroll","background-type":"","background-media":"","overlay-type":"","overlay-color":"","overlay-opacity":"","overlay-gradient":""},"tablet":{"background-color":"","background-image":"","background-repeat":"repeat","background-position":"center center","background-size":"auto","background-attachment":"scroll","background-type":"","background-media":"","overlay-type":"","overlay-color":"","overlay-opacity":"","overlay-gradient":""},"mobile":{"background-color":"","background-image":"","background-repeat":"repeat","background-position":"center center","background-size":"auto","background-attachment":"scroll","background-type":"","background-media":"","overlay-type":"","overlay-color":"","overlay-opacity":"","overlay-gradient":""}},"ast-content-background-meta":{"desktop":{"background-color":"var(--ast-global-color-5)","background-image":"","background-repeat":"repeat","background-position":"center center","background-size":"auto","background-attachment":"scroll","background-type":"","background-media":"","overlay-type":"","overlay-color":"","overlay-opacity":"","overlay-gradient":""},"tablet":{"background-color":"var(--ast-global-color-5)","background-image":"","background-repeat":"repeat","background-position":"center center","background-size":"auto","background-attachment":"scroll","background-type":"","background-media":"","overlay-type":"","overlay-color":"","overlay-opacity":"","overlay-gradient":""},"mobile":{"background-color":"var(--ast-global-color-5)","background-image":"","background-repeat":"repeat","background-position":"center center","background-size":"auto","background-attachment":"scroll","background-type":"","background-media":"","overlay-type":"","overlay-color":"","overlay-opacity":"","overlay-gradient":""}},"footnotes":""},"categories":[457,459,29,529],"tags":[],"class_list":["post-20428","post","type-post","status-publish","format-standard","has-post-thumbnail","hentry","category-musica","category-penedes","category-portada","category-primaria"],"post_mailing_queue_ids":[],"_links":{"self":[{"href":"https:\/\/serveiseducatius.xtec.cat\/baixpenedes\/wp-json\/wp\/v2\/posts\/20428","targetHints":{"allow":["GET"]}}],"collection":[{"href":"https:\/\/serveiseducatius.xtec.cat\/baixpenedes\/wp-json\/wp\/v2\/posts"}],"about":[{"href":"https:\/\/serveiseducatius.xtec.cat\/baixpenedes\/wp-json\/wp\/v2\/types\/post"}],"author":[{"embeddable":true,"href":"https:\/\/serveiseducatius.xtec.cat\/baixpenedes\/wp-json\/wp\/v2\/users\/7"}],"replies":[{"embeddable":true,"href":"https:\/\/serveiseducatius.xtec.cat\/baixpenedes\/wp-json\/wp\/v2\/comments?post=20428"}],"version-history":[{"count":1,"href":"https:\/\/serveiseducatius.xtec.cat\/baixpenedes\/wp-json\/wp\/v2\/posts\/20428\/revisions"}],"predecessor-version":[{"id":20433,"href":"https:\/\/serveiseducatius.xtec.cat\/baixpenedes\/wp-json\/wp\/v2\/posts\/20428\/revisions\/20433"}],"wp:featuredmedia":[{"embeddable":true,"href":"https:\/\/serveiseducatius.xtec.cat\/baixpenedes\/wp-json\/wp\/v2\/media\/20429"}],"wp:attachment":[{"href":"https:\/\/serveiseducatius.xtec.cat\/baixpenedes\/wp-json\/wp\/v2\/media?parent=20428"}],"wp:term":[{"taxonomy":"category","embeddable":true,"href":"https:\/\/serveiseducatius.xtec.cat\/baixpenedes\/wp-json\/wp\/v2\/categories?post=20428"},{"taxonomy":"post_tag","embeddable":true,"href":"https:\/\/serveiseducatius.xtec.cat\/baixpenedes\/wp-json\/wp\/v2\/tags?post=20428"}],"curies":[{"name":"wp","href":"https:\/\/api.w.org\/{rel}","templated":true}]}}