{"id":20370,"date":"2025-04-22T08:46:57","date_gmt":"2025-04-22T06:46:57","guid":{"rendered":"https:\/\/serveiseducatius.xtec.cat\/baixpenedes\/?p=20370"},"modified":"2025-04-22T11:54:53","modified_gmt":"2025-04-22T09:54:53","slug":"guia-de-lectura-de-sant-jordi","status":"publish","type":"post","link":"https:\/\/serveiseducatius.xtec.cat\/baixpenedes\/xerrades\/portada\/guia-de-lectura-de-sant-jordi\/","title":{"rendered":"GUIA DE LECTURA DE SANT JORDI"},"content":{"rendered":"<p>El Seminari de coordinaci\u00f3 de Biblioteques del Baix Pened\u00e8s, amb la col\u00b7laboraci\u00f3 de la Fundaci\u00f3 Marta Mata el formen<span style=\"font-family: inherit; font-size: 1em;\">\u00a0docents encarregats de la biblioteca escolar o biblioteca d&#8217;aula del seu centre educatiu:<\/span><\/p>\n<p>Araceli Altes (Escola \u00c0ngels Garriga, El Vendrell)<br \/>\nDolores de Santiago (Escola Marta Mata, El Vendrell)<br \/>\nEstela Montaner (Escola Marta Mata, El Vendrell)<br \/>\nInma Lao (Escola La Muntanyeta, Bellvei)<br \/>\nMari Carmen Llamas (Escola Els Cossetans, Cunit)<br \/>\nMontserrat Solanes (Escola Pau Casals, El Vendrell)<br \/>\nOlga Pascual (Escola Pompeu Fabra, Cunit)<br \/>\nRaquel Fern\u00e1ndez (Institut Escola Coma-ruga)<br \/>\nS\u00f2nia Ventosa (ELIC Pened\u00e8s)<br \/>\nSusanna Cirbian (Institut Andreu Nin, El Vendrell)<br \/>\nYolanda Navarro (Escola La Parellada, Santa Oliva)<\/p>\n<p>Dins d&#8217;aquest seminari de set sessions s&#8217;intercanvien experi\u00e8ncies, comparteixen estrat\u00e8gies i bones pr\u00e0ctiques de dinamitzaci\u00f3 del fons. Entre les propostes que ens fan \u00e9s oferir-nos una <a href=\"https:\/\/drive.google.com\/drive\/folders\/11iOgPrF_2XXDlgSXZr9eJBP0FvnqKNNy?usp=sharing\"><strong>Guia de Lectures per a aquest Sant Jordi tant per alumnat com per a docents<\/strong><\/a>.<\/p>\n<p><img loading=\"lazy\" decoding=\"async\" class=\"alignnone size-full wp-image-20374\" src=\"https:\/\/serveiseducatius.xtec.cat\/baixpenedes\/wp-content\/uploads\/usu764\/2025\/04\/guia1.jpg\" alt=\"\" width=\"604\" height=\"720\" srcset=\"https:\/\/serveiseducatius.xtec.cat\/baixpenedes\/wp-content\/uploads\/usu764\/2025\/04\/guia1.jpg 604w, https:\/\/serveiseducatius.xtec.cat\/baixpenedes\/wp-content\/uploads\/usu764\/2025\/04\/guia1-252x300.jpg 252w\" sizes=\"auto, (max-width: 604px) 100vw, 604px\" \/> <img loading=\"lazy\" decoding=\"async\" class=\"alignnone size-large wp-image-20375\" src=\"https:\/\/serveiseducatius.xtec.cat\/baixpenedes\/wp-content\/uploads\/usu764\/2025\/04\/guia2.jpg\" alt=\"\" width=\"602\" height=\"677\" srcset=\"https:\/\/serveiseducatius.xtec.cat\/baixpenedes\/wp-content\/uploads\/usu764\/2025\/04\/guia2.jpg 602w, https:\/\/serveiseducatius.xtec.cat\/baixpenedes\/wp-content\/uploads\/usu764\/2025\/04\/guia2-267x300.jpg 267w\" sizes=\"auto, (max-width: 602px) 100vw, 602px\" \/> <img loading=\"lazy\" decoding=\"async\" class=\"alignnone size-large wp-image-20376\" src=\"https:\/\/serveiseducatius.xtec.cat\/baixpenedes\/wp-content\/uploads\/usu764\/2025\/04\/guia-3.jpg\" alt=\"\" width=\"606\" height=\"762\" srcset=\"https:\/\/serveiseducatius.xtec.cat\/baixpenedes\/wp-content\/uploads\/usu764\/2025\/04\/guia-3.jpg 606w, https:\/\/serveiseducatius.xtec.cat\/baixpenedes\/wp-content\/uploads\/usu764\/2025\/04\/guia-3-239x300.jpg 239w\" sizes=\"auto, (max-width: 606px) 100vw, 606px\" \/> <img loading=\"lazy\" decoding=\"async\" class=\"alignnone size-large wp-image-20377\" src=\"https:\/\/serveiseducatius.xtec.cat\/baixpenedes\/wp-content\/uploads\/usu764\/2025\/04\/guia4.jpg\" alt=\"\" width=\"598\" height=\"664\" srcset=\"https:\/\/serveiseducatius.xtec.cat\/baixpenedes\/wp-content\/uploads\/usu764\/2025\/04\/guia4.jpg 598w, https:\/\/serveiseducatius.xtec.cat\/baixpenedes\/wp-content\/uploads\/usu764\/2025\/04\/guia4-270x300.jpg 270w\" sizes=\"auto, (max-width: 598px) 100vw, 598px\" \/> <img loading=\"lazy\" decoding=\"async\" class=\"alignnone size-large wp-image-20378\" src=\"https:\/\/serveiseducatius.xtec.cat\/baixpenedes\/wp-content\/uploads\/usu764\/2025\/04\/guia5.jpg\" alt=\"\" width=\"601\" height=\"711\" srcset=\"https:\/\/serveiseducatius.xtec.cat\/baixpenedes\/wp-content\/uploads\/usu764\/2025\/04\/guia5.jpg 601w, https:\/\/serveiseducatius.xtec.cat\/baixpenedes\/wp-content\/uploads\/usu764\/2025\/04\/guia5-254x300.jpg 254w\" sizes=\"auto, (max-width: 601px) 100vw, 601px\" \/> <img loading=\"lazy\" decoding=\"async\" class=\"alignnone size-large wp-image-20379\" src=\"https:\/\/serveiseducatius.xtec.cat\/baixpenedes\/wp-content\/uploads\/usu764\/2025\/04\/guia6.jpg\" alt=\"\" width=\"598\" height=\"719\" srcset=\"https:\/\/serveiseducatius.xtec.cat\/baixpenedes\/wp-content\/uploads\/usu764\/2025\/04\/guia6.jpg 598w, https:\/\/serveiseducatius.xtec.cat\/baixpenedes\/wp-content\/uploads\/usu764\/2025\/04\/guia6-250x300.jpg 250w\" sizes=\"auto, (max-width: 598px) 100vw, 598px\" \/> <img loading=\"lazy\" decoding=\"async\" class=\"alignnone size-large wp-image-20380\" src=\"https:\/\/serveiseducatius.xtec.cat\/baixpenedes\/wp-content\/uploads\/usu764\/2025\/04\/guia-7.jpg\" alt=\"\" width=\"600\" height=\"668\" srcset=\"https:\/\/serveiseducatius.xtec.cat\/baixpenedes\/wp-content\/uploads\/usu764\/2025\/04\/guia-7.jpg 600w, https:\/\/serveiseducatius.xtec.cat\/baixpenedes\/wp-content\/uploads\/usu764\/2025\/04\/guia-7-269x300.jpg 269w\" sizes=\"auto, (max-width: 600px) 100vw, 600px\" \/> <img loading=\"lazy\" decoding=\"async\" class=\"alignnone size-large wp-image-20381\" src=\"https:\/\/serveiseducatius.xtec.cat\/baixpenedes\/wp-content\/uploads\/usu764\/2025\/04\/guia8.jpg\" alt=\"\" width=\"600\" height=\"659\" srcset=\"https:\/\/serveiseducatius.xtec.cat\/baixpenedes\/wp-content\/uploads\/usu764\/2025\/04\/guia8.jpg 600w, https:\/\/serveiseducatius.xtec.cat\/baixpenedes\/wp-content\/uploads\/usu764\/2025\/04\/guia8-273x300.jpg 273w\" sizes=\"auto, (max-width: 600px) 100vw, 600px\" \/> <img loading=\"lazy\" decoding=\"async\" class=\"alignnone size-large wp-image-20382\" src=\"https:\/\/serveiseducatius.xtec.cat\/baixpenedes\/wp-content\/uploads\/usu764\/2025\/04\/guia-9.jpg\" alt=\"\" width=\"588\" height=\"855\" srcset=\"https:\/\/serveiseducatius.xtec.cat\/baixpenedes\/wp-content\/uploads\/usu764\/2025\/04\/guia-9.jpg 588w, https:\/\/serveiseducatius.xtec.cat\/baixpenedes\/wp-content\/uploads\/usu764\/2025\/04\/guia-9-206x300.jpg 206w\" sizes=\"auto, (max-width: 588px) 100vw, 588px\" \/><\/p>\n","protected":false},"excerpt":{"rendered":"<p>El Seminari de coordinaci\u00f3 de Biblioteques del Baix Pened\u00e8s, amb la col\u00b7laboraci\u00f3 de la Fundaci\u00f3 Marta Mata el formen\u00a0docents encarregats de la biblioteca escolar o biblioteca d&#8217;aula del seu centre educatiu: Araceli Altes (Escola \u00c0ngels Garriga, El Vendrell) Dolores de Santiago (Escola Marta Mata, El Vendrell) Estela Montaner (Escola Marta Mata, El Vendrell) Inma Lao [&hellip;]<\/p>\n","protected":false},"author":7,"featured_media":20373,"comment_status":"open","ping_status":"closed","sticky":false,"template":"","format":"standard","meta":{"_bbp_topic_count":0,"_bbp_reply_count":0,"_bbp_total_topic_count":0,"_bbp_total_reply_count":0,"_bbp_voice_count":0,"_bbp_anonymous_reply_count":0,"_bbp_topic_count_hidden":0,"_bbp_reply_count_hidden":0,"_bbp_forum_subforum_count":0,"site-sidebar-layout":"default","site-content-layout":"","ast-site-content-layout":"","site-content-style":"default","site-sidebar-style":"default","ast-global-header-display":"","ast-banner-title-visibility":"","ast-main-header-display":"","ast-hfb-above-header-display":"","ast-hfb-below-header-display":"","ast-hfb-mobile-header-display":"","site-post-title":"","ast-breadcrumbs-content":"","ast-featured-img":"","footer-sml-layout":"","theme-transparent-header-meta":"","adv-header-id-meta":"","stick-header-meta":"","header-above-stick-meta":"","header-main-stick-meta":"","header-below-stick-meta":"","astra-migrate-meta-layouts":"default","ast-page-background-enabled":"default","ast-page-background-meta":{"desktop":{"background-color":"var(--ast-global-color-4)","background-image":"","background-repeat":"repeat","background-position":"center center","background-size":"auto","background-attachment":"scroll","background-type":"","background-media":"","overlay-type":"","overlay-color":"","overlay-opacity":"","overlay-gradient":""},"tablet":{"background-color":"","background-image":"","background-repeat":"repeat","background-position":"center center","background-size":"auto","background-attachment":"scroll","background-type":"","background-media":"","overlay-type":"","overlay-color":"","overlay-opacity":"","overlay-gradient":""},"mobile":{"background-color":"","background-image":"","background-repeat":"repeat","background-position":"center center","background-size":"auto","background-attachment":"scroll","background-type":"","background-media":"","overlay-type":"","overlay-color":"","overlay-opacity":"","overlay-gradient":""}},"ast-content-background-meta":{"desktop":{"background-color":"var(--ast-global-color-5)","background-image":"","background-repeat":"repeat","background-position":"center center","background-size":"auto","background-attachment":"scroll","background-type":"","background-media":"","overlay-type":"","overlay-color":"","overlay-opacity":"","overlay-gradient":""},"tablet":{"background-color":"var(--ast-global-color-5)","background-image":"","background-repeat":"repeat","background-position":"center center","background-size":"auto","background-attachment":"scroll","background-type":"","background-media":"","overlay-type":"","overlay-color":"","overlay-opacity":"","overlay-gradient":""},"mobile":{"background-color":"var(--ast-global-color-5)","background-image":"","background-repeat":"repeat","background-position":"center center","background-size":"auto","background-attachment":"scroll","background-type":"","background-media":"","overlay-type":"","overlay-color":"","overlay-opacity":"","overlay-gradient":""}},"footnotes":""},"categories":[262,510,385,29],"tags":[],"class_list":["post-20370","post","type-post","status-publish","format-standard","has-post-thumbnail","hentry","category-activitats-dels-centres","category-biblioteques-escolars-del-baix-penedes","category-gust-lectura","category-portada"],"post_mailing_queue_ids":[],"_links":{"self":[{"href":"https:\/\/serveiseducatius.xtec.cat\/baixpenedes\/wp-json\/wp\/v2\/posts\/20370","targetHints":{"allow":["GET"]}}],"collection":[{"href":"https:\/\/serveiseducatius.xtec.cat\/baixpenedes\/wp-json\/wp\/v2\/posts"}],"about":[{"href":"https:\/\/serveiseducatius.xtec.cat\/baixpenedes\/wp-json\/wp\/v2\/types\/post"}],"author":[{"embeddable":true,"href":"https:\/\/serveiseducatius.xtec.cat\/baixpenedes\/wp-json\/wp\/v2\/users\/7"}],"replies":[{"embeddable":true,"href":"https:\/\/serveiseducatius.xtec.cat\/baixpenedes\/wp-json\/wp\/v2\/comments?post=20370"}],"version-history":[{"count":2,"href":"https:\/\/serveiseducatius.xtec.cat\/baixpenedes\/wp-json\/wp\/v2\/posts\/20370\/revisions"}],"predecessor-version":[{"id":20387,"href":"https:\/\/serveiseducatius.xtec.cat\/baixpenedes\/wp-json\/wp\/v2\/posts\/20370\/revisions\/20387"}],"wp:featuredmedia":[{"embeddable":true,"href":"https:\/\/serveiseducatius.xtec.cat\/baixpenedes\/wp-json\/wp\/v2\/media\/20373"}],"wp:attachment":[{"href":"https:\/\/serveiseducatius.xtec.cat\/baixpenedes\/wp-json\/wp\/v2\/media?parent=20370"}],"wp:term":[{"taxonomy":"category","embeddable":true,"href":"https:\/\/serveiseducatius.xtec.cat\/baixpenedes\/wp-json\/wp\/v2\/categories?post=20370"},{"taxonomy":"post_tag","embeddable":true,"href":"https:\/\/serveiseducatius.xtec.cat\/baixpenedes\/wp-json\/wp\/v2\/tags?post=20370"}],"curies":[{"name":"wp","href":"https:\/\/api.w.org\/{rel}","templated":true}]}}