{"id":2021,"date":"2016-02-02T11:42:06","date_gmt":"2016-02-02T10:42:06","guid":{"rendered":"http:\/\/serveiseducatius.xtec.cat\/se-baixpenedes\/?p=2021"},"modified":"2016-12-21T11:32:49","modified_gmt":"2016-12-21T10:32:49","slug":"especies-protegides","status":"publish","type":"post","link":"https:\/\/serveiseducatius.xtec.cat\/baixpenedes\/general\/especies-protegides\/","title":{"rendered":"Esp\u00e8cies Protegides"},"content":{"rendered":"<p class=\"font5\"><a href=\"http:\/\/serveiseducatius.xtec.cat\/se-baixpenedes\/wp-content\/uploads\/usu764\/2014\/09\/lluch.jpg\"><img loading=\"lazy\" decoding=\"async\" class=\" wp-image-1978 alignright\" src=\"http:\/\/serveiseducatius.xtec.cat\/se-baixpenedes\/wp-content\/uploads\/usu764\/2014\/09\/lluch.jpg\" alt=\"lluch\" width=\"456\" height=\"342\" srcset=\"https:\/\/serveiseducatius.xtec.cat\/baixpenedes\/wp-content\/uploads\/usu764\/2014\/09\/lluch.jpg 630w, https:\/\/serveiseducatius.xtec.cat\/baixpenedes\/wp-content\/uploads\/usu764\/2014\/09\/lluch-300x225.jpg 300w, https:\/\/serveiseducatius.xtec.cat\/baixpenedes\/wp-content\/uploads\/usu764\/2014\/09\/lluch-200x150.jpg 200w\" sizes=\"auto, (max-width: 456px) 100vw, 456px\" \/><\/a>El programa de r\u00e0dio &#8220;Esp\u00e8cies Protegides&#8221; de la SER a l&#8217;<strong>Institut Ernest Lluch i Mart\u00edn<\/strong> de Cunit.<\/p>\n<p class=\"font5\">El programa d&#8217;humor i actualitat &#8220;<a href=\"http:\/\/cadenaser.com\/emisora\/2014\/06\/30\/radio_barcelona\/1404081856_850215.html\" target=\"_blank\">Esp\u00e8cies Protegides<\/a>&#8221; ha aterrat a l&#8217;Institut de Cunit. Els alumnes de 4t d&#8217;ESO i 1r de batxillerat han tingut l&#8217;oportunitat, el dijous 28 de gener, de veure com funciona el m\u00f3n de la r\u00e0dio en directe. Hi ha hagut m\u00fasica en directe, entrevistes a alumnes i humor, molt d&#8217;humor!!!!!<\/p>\n<p class=\"font8\">\u00a0Podeu sentir el programa seguint els enlla\u00e7os:<\/p>\n<ul>\n<li><a href=\"http:\/\/play.cadenaser.com\/audio\/ser_barcelona_especiesprotegides_20160128_120500_130500\/\" target=\"_blank\">Part 1<\/a><\/li>\n<li><a href=\"http:\/\/play.cadenaser.com\/audio\/ser_barcelona_especiesprotegides_20160128_130500_133000\/\" target=\"_blank\">Part 2<\/a><\/li>\n<\/ul>\n","protected":false},"excerpt":{"rendered":"<p>El programa de r\u00e0dio &#8220;Esp\u00e8cies Protegides&#8221; de la SER a l&#8217;Institut Ernest Lluch i Mart\u00edn de Cunit. El programa d&#8217;humor i actualitat &#8220;Esp\u00e8cies Protegides&#8221; ha aterrat a l&#8217;Institut de Cunit. Els alumnes de 4t d&#8217;ESO i 1r de batxillerat han tingut l&#8217;oportunitat, el dijous 28 de gener, de veure com funciona el m\u00f3n de la [&hellip;]<\/p>\n","protected":false},"author":7,"featured_media":2934,"comment_status":"open","ping_status":"open","sticky":false,"template":"","format":"standard","meta":{"_bbp_topic_count":0,"_bbp_reply_count":0,"_bbp_total_topic_count":0,"_bbp_total_reply_count":0,"_bbp_voice_count":0,"_bbp_anonymous_reply_count":0,"_bbp_topic_count_hidden":0,"_bbp_reply_count_hidden":0,"_bbp_forum_subforum_count":0,"site-sidebar-layout":"default","site-content-layout":"","ast-site-content-layout":"","site-content-style":"default","site-sidebar-style":"default","ast-global-header-display":"","ast-banner-title-visibility":"","ast-main-header-display":"","ast-hfb-above-header-display":"","ast-hfb-below-header-display":"","ast-hfb-mobile-header-display":"","site-post-title":"","ast-breadcrumbs-content":"","ast-featured-img":"","footer-sml-layout":"","theme-transparent-header-meta":"","adv-header-id-meta":"","stick-header-meta":"","header-above-stick-meta":"","header-main-stick-meta":"","header-below-stick-meta":"","astra-migrate-meta-layouts":"default","ast-page-background-enabled":"default","ast-page-background-meta":{"desktop":{"background-color":"var(--ast-global-color-4)","background-image":"","background-repeat":"repeat","background-position":"center center","background-size":"auto","background-attachment":"scroll","background-type":"","background-media":"","overlay-type":"","overlay-color":"","overlay-opacity":"","overlay-gradient":""},"tablet":{"background-color":"","background-image":"","background-repeat":"repeat","background-position":"center center","background-size":"auto","background-attachment":"scroll","background-type":"","background-media":"","overlay-type":"","overlay-color":"","overlay-opacity":"","overlay-gradient":""},"mobile":{"background-color":"","background-image":"","background-repeat":"repeat","background-position":"center center","background-size":"auto","background-attachment":"scroll","background-type":"","background-media":"","overlay-type":"","overlay-color":"","overlay-opacity":"","overlay-gradient":""}},"ast-content-background-meta":{"desktop":{"background-color":"var(--ast-global-color-5)","background-image":"","background-repeat":"repeat","background-position":"center center","background-size":"auto","background-attachment":"scroll","background-type":"","background-media":"","overlay-type":"","overlay-color":"","overlay-opacity":"","overlay-gradient":""},"tablet":{"background-color":"var(--ast-global-color-5)","background-image":"","background-repeat":"repeat","background-position":"center center","background-size":"auto","background-attachment":"scroll","background-type":"","background-media":"","overlay-type":"","overlay-color":"","overlay-opacity":"","overlay-gradient":""},"mobile":{"background-color":"var(--ast-global-color-5)","background-image":"","background-repeat":"repeat","background-position":"center center","background-size":"auto","background-attachment":"scroll","background-type":"","background-media":"","overlay-type":"","overlay-color":"","overlay-opacity":"","overlay-gradient":""}},"footnotes":""},"categories":[1],"tags":[271],"class_list":["post-2021","post","type-post","status-publish","format-standard","has-post-thumbnail","hentry","category-general","tag-especies-protegides"],"post_mailing_queue_ids":[],"_links":{"self":[{"href":"https:\/\/serveiseducatius.xtec.cat\/baixpenedes\/wp-json\/wp\/v2\/posts\/2021","targetHints":{"allow":["GET"]}}],"collection":[{"href":"https:\/\/serveiseducatius.xtec.cat\/baixpenedes\/wp-json\/wp\/v2\/posts"}],"about":[{"href":"https:\/\/serveiseducatius.xtec.cat\/baixpenedes\/wp-json\/wp\/v2\/types\/post"}],"author":[{"embeddable":true,"href":"https:\/\/serveiseducatius.xtec.cat\/baixpenedes\/wp-json\/wp\/v2\/users\/7"}],"replies":[{"embeddable":true,"href":"https:\/\/serveiseducatius.xtec.cat\/baixpenedes\/wp-json\/wp\/v2\/comments?post=2021"}],"version-history":[{"count":1,"href":"https:\/\/serveiseducatius.xtec.cat\/baixpenedes\/wp-json\/wp\/v2\/posts\/2021\/revisions"}],"predecessor-version":[{"id":2022,"href":"https:\/\/serveiseducatius.xtec.cat\/baixpenedes\/wp-json\/wp\/v2\/posts\/2021\/revisions\/2022"}],"wp:featuredmedia":[{"embeddable":true,"href":"https:\/\/serveiseducatius.xtec.cat\/baixpenedes\/wp-json\/wp\/v2\/media\/2934"}],"wp:attachment":[{"href":"https:\/\/serveiseducatius.xtec.cat\/baixpenedes\/wp-json\/wp\/v2\/media?parent=2021"}],"wp:term":[{"taxonomy":"category","embeddable":true,"href":"https:\/\/serveiseducatius.xtec.cat\/baixpenedes\/wp-json\/wp\/v2\/categories?post=2021"},{"taxonomy":"post_tag","embeddable":true,"href":"https:\/\/serveiseducatius.xtec.cat\/baixpenedes\/wp-json\/wp\/v2\/tags?post=2021"}],"curies":[{"name":"wp","href":"https:\/\/api.w.org\/{rel}","templated":true}]}}