{"id":19969,"date":"2025-02-25T16:17:16","date_gmt":"2025-02-25T15:17:16","guid":{"rendered":"https:\/\/serveiseducatius.xtec.cat\/baixpenedes\/?p=19969"},"modified":"2025-02-25T16:17:16","modified_gmt":"2025-02-25T15:17:16","slug":"presentacio-llibre-jaume-carner","status":"publish","type":"post","link":"https:\/\/serveiseducatius.xtec.cat\/baixpenedes\/xerrades\/portada\/presentacio-llibre-jaume-carner\/","title":{"rendered":"PRESENTACI\u00d3 LLIBRE JAUME CARNER"},"content":{"rendered":"<p style=\"font-weight: 400;\">El pr\u00f2xim dijous 27 de febrer, al Centre c\u00edvic l\u2019Estaci\u00f3 del Vendrell, a les 18.30 h, tindr\u00e0 lloc la presentaci\u00f3 del llibre titulat <em>Jaume Carner. De Solidaritat Catalana a les finances de la Rep\u00fablica<\/em>, obra de l\u2019historiador Pau Vinyes i Roig, obra editada per la Fundaci\u00f3 Josep Irla amb el suport de la Diputaci\u00f3 de Tarragona.<\/p>\n<p style=\"font-weight: 400;\">M\u00e9s informaci\u00f3 als enlla\u00e7os seg\u00fcents:<\/p>\n<p style=\"font-weight: 400;\">Facebook:\u00a0<a href=\"https:\/\/www.facebook.com\/acbaixpenedes\/\" data-saferedirecturl=\"https:\/\/www.google.com\/url?q=https:\/\/www.facebook.com\/acbaixpenedes\/&amp;source=gmail&amp;ust=1740582634757000&amp;usg=AOvVaw1phgYm5vU6Fjc3yLWx6KqM\">https:\/\/www.facebook.com\/acbaixpenedes\/<\/a><\/p>\n<p style=\"font-weight: 400;\">P\u00e0gina web:\u00a0<a href=\"https:\/\/xac.gencat.cat\/ca\/llista_arxius_comarcals\/baix_penedes\/detall\/Presentacio-llibre-Jaume-Carner\" data-saferedirecturl=\"https:\/\/www.google.com\/url?q=https:\/\/xac.gencat.cat\/ca\/llista_arxius_comarcals\/baix_penedes\/detall\/Presentacio-llibre-Jaume-Carner&amp;source=gmail&amp;ust=1740582634757000&amp;usg=AOvVaw3yLILojAc8KjgImoDwXYYH\">https:\/\/xac.gencat.cat\/ca\/llista_arxius_comarcals\/baix_penedes\/detall\/Presentacio-llibre-Jaume-Carner<\/a><\/p>\n<p style=\"font-weight: 400;\"><img loading=\"lazy\" decoding=\"async\" class=\"wp-image-19970 aligncenter\" src=\"https:\/\/serveiseducatius.xtec.cat\/baixpenedes\/wp-content\/uploads\/usu764\/2025\/02\/IMG-20250123-WA0009-1024x573.jpg\" alt=\"\" width=\"631\" height=\"353\" \/><\/p>\n","protected":false},"excerpt":{"rendered":"<p>El pr\u00f2xim dijous 27 de febrer, al Centre c\u00edvic l\u2019Estaci\u00f3 del Vendrell, a les 18.30 h, tindr\u00e0 lloc la presentaci\u00f3 del llibre titulat Jaume Carner. De Solidaritat Catalana a les finances de la Rep\u00fablica, obra de l\u2019historiador Pau Vinyes i Roig, obra editada per la Fundaci\u00f3 Josep Irla amb el suport de la Diputaci\u00f3 de [&hellip;]<\/p>\n","protected":false},"author":7,"featured_media":19970,"comment_status":"open","ping_status":"closed","sticky":false,"template":"","format":"standard","meta":{"_bbp_topic_count":0,"_bbp_reply_count":0,"_bbp_total_topic_count":0,"_bbp_total_reply_count":0,"_bbp_voice_count":0,"_bbp_anonymous_reply_count":0,"_bbp_topic_count_hidden":0,"_bbp_reply_count_hidden":0,"_bbp_forum_subforum_count":0,"site-sidebar-layout":"default","site-content-layout":"","ast-site-content-layout":"","site-content-style":"default","site-sidebar-style":"default","ast-global-header-display":"","ast-banner-title-visibility":"","ast-main-header-display":"","ast-hfb-above-header-display":"","ast-hfb-below-header-display":"","ast-hfb-mobile-header-display":"","site-post-title":"","ast-breadcrumbs-content":"","ast-featured-img":"","footer-sml-layout":"","theme-transparent-header-meta":"","adv-header-id-meta":"","stick-header-meta":"","header-above-stick-meta":"","header-main-stick-meta":"","header-below-stick-meta":"","astra-migrate-meta-layouts":"default","ast-page-background-enabled":"default","ast-page-background-meta":{"desktop":{"background-color":"var(--ast-global-color-4)","background-image":"","background-repeat":"repeat","background-position":"center center","background-size":"auto","background-attachment":"scroll","background-type":"","background-media":"","overlay-type":"","overlay-color":"","overlay-opacity":"","overlay-gradient":""},"tablet":{"background-color":"","background-image":"","background-repeat":"repeat","background-position":"center center","background-size":"auto","background-attachment":"scroll","background-type":"","background-media":"","overlay-type":"","overlay-color":"","overlay-opacity":"","overlay-gradient":""},"mobile":{"background-color":"","background-image":"","background-repeat":"repeat","background-position":"center center","background-size":"auto","background-attachment":"scroll","background-type":"","background-media":"","overlay-type":"","overlay-color":"","overlay-opacity":"","overlay-gradient":""}},"ast-content-background-meta":{"desktop":{"background-color":"var(--ast-global-color-5)","background-image":"","background-repeat":"repeat","background-position":"center center","background-size":"auto","background-attachment":"scroll","background-type":"","background-media":"","overlay-type":"","overlay-color":"","overlay-opacity":"","overlay-gradient":""},"tablet":{"background-color":"var(--ast-global-color-5)","background-image":"","background-repeat":"repeat","background-position":"center center","background-size":"auto","background-attachment":"scroll","background-type":"","background-media":"","overlay-type":"","overlay-color":"","overlay-opacity":"","overlay-gradient":""},"mobile":{"background-color":"var(--ast-global-color-5)","background-image":"","background-repeat":"repeat","background-position":"center center","background-size":"auto","background-attachment":"scroll","background-type":"","background-media":"","overlay-type":"","overlay-color":"","overlay-opacity":"","overlay-gradient":""}},"footnotes":""},"categories":[343,76,354,297,29],"tags":[],"class_list":["post-19969","post","type-post","status-publish","format-standard","has-post-thumbnail","hentry","category-activitats-comarca","category-agenda","category-comunitat","category-comarca","category-portada"],"post_mailing_queue_ids":[],"_links":{"self":[{"href":"https:\/\/serveiseducatius.xtec.cat\/baixpenedes\/wp-json\/wp\/v2\/posts\/19969","targetHints":{"allow":["GET"]}}],"collection":[{"href":"https:\/\/serveiseducatius.xtec.cat\/baixpenedes\/wp-json\/wp\/v2\/posts"}],"about":[{"href":"https:\/\/serveiseducatius.xtec.cat\/baixpenedes\/wp-json\/wp\/v2\/types\/post"}],"author":[{"embeddable":true,"href":"https:\/\/serveiseducatius.xtec.cat\/baixpenedes\/wp-json\/wp\/v2\/users\/7"}],"replies":[{"embeddable":true,"href":"https:\/\/serveiseducatius.xtec.cat\/baixpenedes\/wp-json\/wp\/v2\/comments?post=19969"}],"version-history":[{"count":1,"href":"https:\/\/serveiseducatius.xtec.cat\/baixpenedes\/wp-json\/wp\/v2\/posts\/19969\/revisions"}],"predecessor-version":[{"id":19971,"href":"https:\/\/serveiseducatius.xtec.cat\/baixpenedes\/wp-json\/wp\/v2\/posts\/19969\/revisions\/19971"}],"wp:featuredmedia":[{"embeddable":true,"href":"https:\/\/serveiseducatius.xtec.cat\/baixpenedes\/wp-json\/wp\/v2\/media\/19970"}],"wp:attachment":[{"href":"https:\/\/serveiseducatius.xtec.cat\/baixpenedes\/wp-json\/wp\/v2\/media?parent=19969"}],"wp:term":[{"taxonomy":"category","embeddable":true,"href":"https:\/\/serveiseducatius.xtec.cat\/baixpenedes\/wp-json\/wp\/v2\/categories?post=19969"},{"taxonomy":"post_tag","embeddable":true,"href":"https:\/\/serveiseducatius.xtec.cat\/baixpenedes\/wp-json\/wp\/v2\/tags?post=19969"}],"curies":[{"name":"wp","href":"https:\/\/api.w.org\/{rel}","templated":true}]}}