{"id":19462,"date":"2024-11-21T13:26:19","date_gmt":"2024-11-21T12:26:19","guid":{"rendered":"https:\/\/serveiseducatius.xtec.cat\/baixpenedes\/?p=19462"},"modified":"2024-11-21T13:26:32","modified_gmt":"2024-11-21T12:26:32","slug":"benestar-digital","status":"publish","type":"post","link":"https:\/\/serveiseducatius.xtec.cat\/baixpenedes\/xerrades\/portada\/benestar-digital\/","title":{"rendered":"BENESTAR DIGITAL"},"content":{"rendered":"<div>\n<p dir=\"ltr\">\u00a0Dimecres 20 de novembre es va celebrar el Dia Internacional dels Drets dels Infants i des de l&#8217;Associaci\u00f3 Elna ens aborda el Benestar Digital i el foment de la salut mental a les aules.<\/p>\n<p>A partir d&#8217;una can\u00e7\u00f3 de Lali BeGood Imm\u00f2bil podeu accedir a recursos tan interessants com les dues guies did\u00e0ctiques que l&#8217;acompanyen i que van adre\u00e7ades a Prim\u00e0ria i a Secund\u00e0ria.<\/p>\n<\/div>\n<div><\/div>\n<div>Tot el material educatiu est\u00e0 basat en el desenvolupament de les compet\u00e8ncies emocionals i en els aven\u00e7os de la neuroci\u00e8ncia. Hi trobareu noms com el Dr. Rafael Bisquerra, Francisco Villar o\u00a0<strong>David Bueno<\/strong>.<\/div>\n<div><\/div>\n<div>IMM\u00d2BIL tamb\u00e9 \u00e9s una<strong>\u00a0can\u00e7\u00f3 solid\u00e0ria<\/strong>, ja que part de la recaptaci\u00f3 es destinar\u00e0 a projectes d&#8217;educaci\u00f3 emocional promoguts per la RIEEB a Catalunya.<\/div>\n<div>\n<p dir=\"ltr\">El single de la cantant\u00a0<a href=\"https:\/\/lali-begood.com\/\" target=\"_blank\" rel=\"noopener\" data-saferedirecturl=\"https:\/\/www.google.com\/url?q=https:\/\/lali-begood.com\/&amp;source=gmail&amp;ust=1732273677693000&amp;usg=AOvVaw1YhTD0vHw3ueUriQvMjq17\">Lali BeGood<\/a>\u00a0compta amb el featuring de l\u2019artista i comunicadora\u00a0<a href=\"https:\/\/www.instagram.com\/marionabatalla?igsh=MWxuMndtczAwNXFybA==\" target=\"_blank\" rel=\"noopener\" data-saferedirecturl=\"https:\/\/www.google.com\/url?q=https:\/\/www.instagram.com\/marionabatalla?igsh%3DMWxuMndtczAwNXFybA%3D%3D&amp;source=gmail&amp;ust=1732273677693000&amp;usg=AOvVaw0bPhXDLR85Epoch4TI9uwM\">Mariona Batalla<\/a>, s\u2019estrena el proper 26N al\u00a0M\u00f3n a Rac1\u00a0per\u00f2 ja podeu fer <a href=\"https:\/\/lalibegood.lnk.to\/immobil\">PRE-SAVE del tema i accedir<\/a> via spotify, you tube&#8230;<\/p>\n<p>Tamb\u00e9 disposeu del material\u00a0<a style=\"color: #2795b6;\" href=\"https:\/\/lali-begood.com\/immobil\/\" target=\"_blank\" rel=\"noopener\" data-saferedirecturl=\"https:\/\/www.google.com\/url?q=https:\/\/lali-begood.com\/immobil\/&amp;source=gmail&amp;ust=1732273677693000&amp;usg=AOvVaw1pWmvdmA_yelFut5CStMY2\">IMM\u00d2BIL DESCARREGABLE<\/a><br \/>\n<img loading=\"lazy\" decoding=\"async\" class=\"CToWUd a6T\" tabindex=\"0\" src=\"https:\/\/mail.google.com\/mail\/u\/0?ui=2&amp;ik=c6f619f4c2&amp;attid=0.1&amp;permmsgid=msg-f:1816272440670623067&amp;th=1934b2296981155b&amp;view=fimg&amp;fur=ip&amp;permmsgid=msg-f:1816272440670623067&amp;sz=s0-l75-ft&amp;attbid=ANGjdJ917a4MTmVk2flHPsNRTTm03lPbrcBvEScG4rWqUD8Xi3lDTLZNvaBJR9s4rPx41FNcs7stOBbTtAvuX7dM_UCzuRDrc710qW_MWU0ujv3nfqfqHIZSmjxLeyQ&amp;disp=emb&amp;realattid=ii_m3qaqpm00&amp;zw\" alt=\"IMM\u00d2BIL.jpeg\" width=\"167\" height=\"167\" data-image-whitelisted=\"\" data-bit=\"iit\" \/><\/p>\n<\/div>\n<div class=\"gmail_default\"><\/div>\n<div class=\"gmail_default\">\n<p dir=\"ltr\">IMM\u00d2BIL ve acompanyada d&#8217;unes\u00a0unitats did\u00e0ctiques gratu\u00eftes per prim\u00e0ria i secund\u00e0ria, creades amb l&#8217;acompanyament i validaci\u00f3 d&#8217;experts en educaci\u00f3 emocional de la\u00a0<a href=\"https:\/\/rieeb.com\/\" target=\"_blank\" rel=\"noopener\" data-saferedirecturl=\"https:\/\/www.google.com\/url?q=https:\/\/rieeb.com\/&amp;source=gmail&amp;ust=1732273677693000&amp;usg=AOvVaw2SvJyaCezohCa4y1nO53nC\">RIEEB<\/a>\u00a0(Xarxa Internacional d&#8217;Educaci\u00f3 Emocional i Benestar),\u00a0<a href=\"https:\/\/barcelona.lagranjatc.com\/\" target=\"_blank\" rel=\"noopener\" data-saferedirecturl=\"https:\/\/www.google.com\/url?q=https:\/\/barcelona.lagranjatc.com\/&amp;source=gmail&amp;ust=1732273677693000&amp;usg=AOvVaw0NnOWOTFD4XkFYhE0a9n2v\">La Granja Ability Training Center<\/a> i per\u00a0 l&#8217;<a href=\"https:\/\/www.associacioelna.cat\/\" target=\"_blank\" rel=\"noopener\" data-saferedirecturl=\"https:\/\/www.google.com\/url?q=https:\/\/www.associacioelna.cat\/&amp;source=gmail&amp;ust=1732273677693000&amp;usg=AOvVaw2FI9is-1BwqxaIFrC6RiIB\">Associaci\u00f3 Elna<\/a>.<a href=\"http:\/\/associacioelna.cat\/\" target=\"_blank\" rel=\"noopener\" data-saferedirecturl=\"https:\/\/www.google.com\/url?q=http:\/\/associacioelna.cat\/&amp;source=gmail&amp;ust=1732273677693000&amp;usg=AOvVaw0GENgataltEss-4sKEV5ri\"><img loading=\"lazy\" decoding=\"async\" class=\"CToWUd\" src=\"https:\/\/mail.google.com\/mail\/u\/0?ui=2&amp;ik=c6f619f4c2&amp;attid=0.2&amp;permmsgid=msg-f:1816272440670623067&amp;th=1934b2296981155b&amp;view=fimg&amp;fur=ip&amp;permmsgid=msg-f:1816272440670623067&amp;sz=s0-l75-ft&amp;attbid=ANGjdJ_ucB_BK44BAU7lcdvcOBXyJqZVwNVN565lFYVztVjmH_Sz2xMZPqbAbkyVoeKVG1uKdYPc14u7IAEszrsYau7J3uzf_vc4KsNt0EJR4FSXojmuZeSngbMQQ3c&amp;disp=emb&amp;realattid=ii_krm7ryry0&amp;zw\" alt=\"image.png\" width=\"112\" height=\"56\" data-image-whitelisted=\"\" data-bit=\"iit\" \/><\/a><\/p>\n<\/div>\n<div class=\"gmail_signature\" dir=\"ltr\" data-smartmail=\"gmail_signature\">\n<div dir=\"ltr\">\n<div><\/div>\n<\/div>\n<\/div>\n","protected":false},"excerpt":{"rendered":"<p>\u00a0Dimecres 20 de novembre es va celebrar el Dia Internacional dels Drets dels Infants i des de l&#8217;Associaci\u00f3 Elna ens aborda el Benestar Digital i el foment de la salut mental a les aules. A partir d&#8217;una can\u00e7\u00f3 de Lali BeGood Imm\u00f2bil podeu accedir a recursos tan interessants com les dues guies did\u00e0ctiques que l&#8217;acompanyen [&hellip;]<\/p>\n","protected":false},"author":7,"featured_media":19463,"comment_status":"open","ping_status":"closed","sticky":false,"template":"","format":"standard","meta":{"_bbp_topic_count":0,"_bbp_reply_count":0,"_bbp_total_topic_count":0,"_bbp_total_reply_count":0,"_bbp_voice_count":0,"_bbp_anonymous_reply_count":0,"_bbp_topic_count_hidden":0,"_bbp_reply_count_hidden":0,"_bbp_forum_subforum_count":0,"site-sidebar-layout":"default","site-content-layout":"","ast-site-content-layout":"","site-content-style":"default","site-sidebar-style":"default","ast-global-header-display":"","ast-banner-title-visibility":"","ast-main-header-display":"","ast-hfb-above-header-display":"","ast-hfb-below-header-display":"","ast-hfb-mobile-header-display":"","site-post-title":"","ast-breadcrumbs-content":"","ast-featured-img":"","footer-sml-layout":"","theme-transparent-header-meta":"","adv-header-id-meta":"","stick-header-meta":"","header-above-stick-meta":"","header-main-stick-meta":"","header-below-stick-meta":"","astra-migrate-meta-layouts":"default","ast-page-background-enabled":"default","ast-page-background-meta":{"desktop":{"background-color":"var(--ast-global-color-4)","background-image":"","background-repeat":"repeat","background-position":"center center","background-size":"auto","background-attachment":"scroll","background-type":"","background-media":"","overlay-type":"","overlay-color":"","overlay-opacity":"","overlay-gradient":""},"tablet":{"background-color":"","background-image":"","background-repeat":"repeat","background-position":"center center","background-size":"auto","background-attachment":"scroll","background-type":"","background-media":"","overlay-type":"","overlay-color":"","overlay-opacity":"","overlay-gradient":""},"mobile":{"background-color":"","background-image":"","background-repeat":"repeat","background-position":"center center","background-size":"auto","background-attachment":"scroll","background-type":"","background-media":"","overlay-type":"","overlay-color":"","overlay-opacity":"","overlay-gradient":""}},"ast-content-background-meta":{"desktop":{"background-color":"var(--ast-global-color-5)","background-image":"","background-repeat":"repeat","background-position":"center center","background-size":"auto","background-attachment":"scroll","background-type":"","background-media":"","overlay-type":"","overlay-color":"","overlay-opacity":"","overlay-gradient":""},"tablet":{"background-color":"var(--ast-global-color-5)","background-image":"","background-repeat":"repeat","background-position":"center center","background-size":"auto","background-attachment":"scroll","background-type":"","background-media":"","overlay-type":"","overlay-color":"","overlay-opacity":"","overlay-gradient":""},"mobile":{"background-color":"var(--ast-global-color-5)","background-image":"","background-repeat":"repeat","background-position":"center center","background-size":"auto","background-attachment":"scroll","background-type":"","background-media":"","overlay-type":"","overlay-color":"","overlay-opacity":"","overlay-gradient":""}},"footnotes":""},"categories":[426,530,29,529,370,422],"tags":[],"class_list":["post-19462","post","type-post","status-publish","format-standard","has-post-thumbnail","hentry","category-drets-dels-infants","category-inclusio","category-portada","category-primaria","category-recursos","category-secundaria"],"post_mailing_queue_ids":[],"_links":{"self":[{"href":"https:\/\/serveiseducatius.xtec.cat\/baixpenedes\/wp-json\/wp\/v2\/posts\/19462","targetHints":{"allow":["GET"]}}],"collection":[{"href":"https:\/\/serveiseducatius.xtec.cat\/baixpenedes\/wp-json\/wp\/v2\/posts"}],"about":[{"href":"https:\/\/serveiseducatius.xtec.cat\/baixpenedes\/wp-json\/wp\/v2\/types\/post"}],"author":[{"embeddable":true,"href":"https:\/\/serveiseducatius.xtec.cat\/baixpenedes\/wp-json\/wp\/v2\/users\/7"}],"replies":[{"embeddable":true,"href":"https:\/\/serveiseducatius.xtec.cat\/baixpenedes\/wp-json\/wp\/v2\/comments?post=19462"}],"version-history":[{"count":2,"href":"https:\/\/serveiseducatius.xtec.cat\/baixpenedes\/wp-json\/wp\/v2\/posts\/19462\/revisions"}],"predecessor-version":[{"id":19465,"href":"https:\/\/serveiseducatius.xtec.cat\/baixpenedes\/wp-json\/wp\/v2\/posts\/19462\/revisions\/19465"}],"wp:featuredmedia":[{"embeddable":true,"href":"https:\/\/serveiseducatius.xtec.cat\/baixpenedes\/wp-json\/wp\/v2\/media\/19463"}],"wp:attachment":[{"href":"https:\/\/serveiseducatius.xtec.cat\/baixpenedes\/wp-json\/wp\/v2\/media?parent=19462"}],"wp:term":[{"taxonomy":"category","embeddable":true,"href":"https:\/\/serveiseducatius.xtec.cat\/baixpenedes\/wp-json\/wp\/v2\/categories?post=19462"},{"taxonomy":"post_tag","embeddable":true,"href":"https:\/\/serveiseducatius.xtec.cat\/baixpenedes\/wp-json\/wp\/v2\/tags?post=19462"}],"curies":[{"name":"wp","href":"https:\/\/api.w.org\/{rel}","templated":true}]}}