{"id":19294,"date":"2024-10-21T14:03:58","date_gmt":"2024-10-21T12:03:58","guid":{"rendered":"https:\/\/serveiseducatius.xtec.cat\/baixpenedes\/?p=19294"},"modified":"2024-10-21T14:03:58","modified_gmt":"2024-10-21T12:03:58","slug":"inscripcions-obertes-al-programa-lesspurna-programa-educatiu-demprenedoria-cooperativa","status":"publish","type":"post","link":"https:\/\/serveiseducatius.xtec.cat\/baixpenedes\/xerrades\/portada\/inscripcions-obertes-al-programa-lesspurna-programa-educatiu-demprenedoria-cooperativa\/","title":{"rendered":"INSCRIPCIONS OBERTES AL PROGRAMA &#8220;L&#8217;ESSPURNA&#8221;, PROGRAMA EDUCATIU D&#8217;EMPRENEDORIA COOPERATIVA"},"content":{"rendered":"<p style=\"font-weight: 400;\">El Programa <a href=\"https:\/\/lesspurna.coop\/\">&#8220;<em>L\u2019ESSPurna, cooperatives d\u2019alumnes<\/em>&#8220;<\/a>, ha iniciat la segona edici\u00f3!<\/p>\n<p style=\"font-weight: 400;\"><a href=\"http:\/\/https:\/\/lesspurna.coop\/\"><img loading=\"lazy\" decoding=\"async\" class=\"aligncenter wp-image-19295 size-large\" src=\"https:\/\/serveiseducatius.xtec.cat\/baixpenedes\/wp-content\/uploads\/usu764\/2024\/10\/esspurna-1024x412.png\" alt=\"Cartell promocional del programa educatiu l'Esspurna, cooperatives d'alumnes.\" width=\"1024\" height=\"412\" srcset=\"https:\/\/serveiseducatius.xtec.cat\/baixpenedes\/wp-content\/uploads\/usu764\/2024\/10\/esspurna-1024x412.png 1024w, https:\/\/serveiseducatius.xtec.cat\/baixpenedes\/wp-content\/uploads\/usu764\/2024\/10\/esspurna-300x121.png 300w, https:\/\/serveiseducatius.xtec.cat\/baixpenedes\/wp-content\/uploads\/usu764\/2024\/10\/esspurna-768x309.png 768w, https:\/\/serveiseducatius.xtec.cat\/baixpenedes\/wp-content\/uploads\/usu764\/2024\/10\/esspurna-1536x618.png 1536w, https:\/\/serveiseducatius.xtec.cat\/baixpenedes\/wp-content\/uploads\/usu764\/2024\/10\/esspurna.png 1727w\" sizes=\"auto, (max-width: 1024px) 100vw, 1024px\" \/><\/a><\/p>\n<p style=\"font-weight: 400;\"><strong>&#8220;<em>L&#8217;ESSpurna Cooperativa d&#8217;Alumnes<\/em>&#8220;<\/strong> \u00e9s un projecte emmarcat en el Programa d\u2019Economia Social del Departament de Treball i Empresa de la Generalitat de Catalunya, destinat a <strong>sensibilitzar, divulgar i proporcionar el model d\u2019emprenedoria cooperativa en els centres educatius.\u00a0\u00a0<\/strong>Pret\u00e9n estendre els valors de l\u2019economia social i solid\u00e0ria i acostar-los a l\u2019aula, mitjan\u00e7ant la <strong><u>simulaci\u00f3 d\u2019una cooperativa<\/u><\/strong>, en la qual les decisions s\u00f3n preses per l&#8217;alumnat, que s\u00f3n els protagonistes de l&#8217;acci\u00f3 i responsables de la gesti\u00f3 social i dels resultats de la seva activitat, sempre amb el suport del professorat.<\/p>\n<p style=\"font-weight: 400;\">Aquesta proposta es presenta des de la intercooperaci\u00f3 de cinc cooperatives d&#8217;iniciativa social, especialitzades en els serveis socioeducatius i amb expertesa en acompanyament educatiu. Les cinc cooperatives s\u00f3n <a href=\"https:\/\/doblevia.coop\/\">Doble via<\/a>, <a href=\"https:\/\/www.meseducacio.coop\/\">+Educaci\u00f3<\/a>, <a href=\"https:\/\/coopcamp.cat\/entitat\/combinats\/\">Combinats<\/a>, <a href=\"https:\/\/escolaelsol.coop\/\">Escola lliure el Sol<\/a>, i <a href=\"https:\/\/lleurequalia.cat\/\">Qu\u00e0lia<\/a>. L&#8217;acci\u00f3 del programa es dirigeix principalment als centres educatius de <strong>prim\u00e0ria<\/strong>,\u00a0<strong>secund\u00e0ria, batxillerat\u00a0 i cicles formatius<\/strong>, fent-se extensible a estudis professionalitzadors (PFI, PPT, escoles agr\u00e0ries,\u2026), i \u00e9s totalment gratu\u00efta.<\/p>\n<p>L&#8217;equip hum\u00e0 del programa est\u00e0 preparat per impulsar i fomentar la creaci\u00f3 de noves cooperatives d&#8217;alumnes en els centres educatius i\/o acompanyar en la consolidaci\u00f3 de cooperatives d&#8217;alumnes ja existents. S\u00f3n equips que ofereixen assessorament continuat i personalitzat, aportant recursos i materials did\u00e0ctics per l&#8217;aprofundiment de l&#8217;aprenentatge i dels coneixements, amb una metodologia activa i participativa tot fomentant el treball cooperatiu.<\/p>\n<p style=\"font-weight: 400;\">Les inscripcions s\u00f3n obertes i ho podeu fer a trav\u00e9s del seg\u00fcent<a href=\"https:\/\/docs.google.com\/forms\/d\/e\/1FAIpQLSdjmbVhLOspsWEU6LLIV4RjRkZapi_FHD0JHqhDoERjtYxWBg\/viewform\"> formulari<\/a>.<\/p>\n<p>Tamb\u00e9 podeu visitar la web del programa clicant <a href=\"https:\/\/lesspurna.coop\/\">aqu\u00ed<\/a>.<\/p>\n<div id='gallery-1' class='gallery galleryid-19294 gallery-columns-3 gallery-size-medium'><figure class='gallery-item'>\n\t\t\t<div class='gallery-icon landscape'>\n\t\t\t\t<a href='https:\/\/serveiseducatius.xtec.cat\/baixpenedes\/xerrades\/portada\/inscripcions-obertes-al-programa-lesspurna-programa-educatiu-demprenedoria-cooperativa\/attachment\/diptic-esspurna-1\/'><img loading=\"lazy\" decoding=\"async\" width=\"300\" height=\"232\" src=\"https:\/\/serveiseducatius.xtec.cat\/baixpenedes\/wp-content\/uploads\/usu764\/2024\/10\/Diptic-esspurna-1-300x232.png\" class=\"attachment-medium size-medium\" alt=\"Cara A del diptic del programa L&#039;Esspurna, cooperatives d&#039;alumnes\" srcset=\"https:\/\/serveiseducatius.xtec.cat\/baixpenedes\/wp-content\/uploads\/usu764\/2024\/10\/Diptic-esspurna-1-300x232.png 300w, https:\/\/serveiseducatius.xtec.cat\/baixpenedes\/wp-content\/uploads\/usu764\/2024\/10\/Diptic-esspurna-1.png 718w\" sizes=\"auto, (max-width: 300px) 100vw, 300px\" \/><\/a>\n\t\t\t<\/div><\/figure><figure class='gallery-item'>\n\t\t\t<div class='gallery-icon landscape'>\n\t\t\t\t<a href='https:\/\/serveiseducatius.xtec.cat\/baixpenedes\/xerrades\/portada\/inscripcions-obertes-al-programa-lesspurna-programa-educatiu-demprenedoria-cooperativa\/attachment\/diptic-esspurna-2\/'><img loading=\"lazy\" decoding=\"async\" width=\"300\" height=\"230\" src=\"https:\/\/serveiseducatius.xtec.cat\/baixpenedes\/wp-content\/uploads\/usu764\/2024\/10\/diptic-esspurna-2-300x230.png\" class=\"attachment-medium size-medium\" alt=\"Cara B del d\u00edptic del programa L&#039;Esspurna, cooperatives d&#039;alumnes.\" srcset=\"https:\/\/serveiseducatius.xtec.cat\/baixpenedes\/wp-content\/uploads\/usu764\/2024\/10\/diptic-esspurna-2-300x230.png 300w, https:\/\/serveiseducatius.xtec.cat\/baixpenedes\/wp-content\/uploads\/usu764\/2024\/10\/diptic-esspurna-2.png 720w\" sizes=\"auto, (max-width: 300px) 100vw, 300px\" \/><\/a>\n\t\t\t<\/div><\/figure>\n\t\t<\/div>\n\n","protected":false},"excerpt":{"rendered":"<p>El Programa &#8220;L\u2019ESSPurna, cooperatives d\u2019alumnes&#8220;, ha iniciat la segona edici\u00f3! &#8220;L&#8217;ESSpurna Cooperativa d&#8217;Alumnes&#8220; \u00e9s un projecte emmarcat en el Programa d\u2019Economia Social del Departament de Treball i Empresa de la Generalitat de Catalunya, destinat a sensibilitzar, divulgar i proporcionar el model d\u2019emprenedoria cooperativa en els centres educatius.\u00a0\u00a0Pret\u00e9n estendre els valors de l\u2019economia social i solid\u00e0ria [&hellip;]<\/p>\n","protected":false},"author":7,"featured_media":19295,"comment_status":"open","ping_status":"closed","sticky":false,"template":"","format":"standard","meta":{"_bbp_topic_count":0,"_bbp_reply_count":0,"_bbp_total_topic_count":0,"_bbp_total_reply_count":0,"_bbp_voice_count":0,"_bbp_anonymous_reply_count":0,"_bbp_topic_count_hidden":0,"_bbp_reply_count_hidden":0,"_bbp_forum_subforum_count":0,"site-sidebar-layout":"default","site-content-layout":"","ast-site-content-layout":"","site-content-style":"default","site-sidebar-style":"default","ast-global-header-display":"","ast-banner-title-visibility":"","ast-main-header-display":"","ast-hfb-above-header-display":"","ast-hfb-below-header-display":"","ast-hfb-mobile-header-display":"","site-post-title":"","ast-breadcrumbs-content":"","ast-featured-img":"","footer-sml-layout":"","theme-transparent-header-meta":"","adv-header-id-meta":"","stick-header-meta":"","header-above-stick-meta":"","header-main-stick-meta":"","header-below-stick-meta":"","astra-migrate-meta-layouts":"default","ast-page-background-enabled":"default","ast-page-background-meta":{"desktop":{"background-color":"var(--ast-global-color-4)","background-image":"","background-repeat":"repeat","background-position":"center center","background-size":"auto","background-attachment":"scroll","background-type":"","background-media":"","overlay-type":"","overlay-color":"","overlay-opacity":"","overlay-gradient":""},"tablet":{"background-color":"","background-image":"","background-repeat":"repeat","background-position":"center center","background-size":"auto","background-attachment":"scroll","background-type":"","background-media":"","overlay-type":"","overlay-color":"","overlay-opacity":"","overlay-gradient":""},"mobile":{"background-color":"","background-image":"","background-repeat":"repeat","background-position":"center center","background-size":"auto","background-attachment":"scroll","background-type":"","background-media":"","overlay-type":"","overlay-color":"","overlay-opacity":"","overlay-gradient":""}},"ast-content-background-meta":{"desktop":{"background-color":"var(--ast-global-color-5)","background-image":"","background-repeat":"repeat","background-position":"center center","background-size":"auto","background-attachment":"scroll","background-type":"","background-media":"","overlay-type":"","overlay-color":"","overlay-opacity":"","overlay-gradient":""},"tablet":{"background-color":"var(--ast-global-color-5)","background-image":"","background-repeat":"repeat","background-position":"center center","background-size":"auto","background-attachment":"scroll","background-type":"","background-media":"","overlay-type":"","overlay-color":"","overlay-opacity":"","overlay-gradient":""},"mobile":{"background-color":"var(--ast-global-color-5)","background-image":"","background-repeat":"repeat","background-position":"center center","background-size":"auto","background-attachment":"scroll","background-type":"","background-media":"","overlay-type":"","overlay-color":"","overlay-opacity":"","overlay-gradient":""}},"footnotes":""},"categories":[76,423,532,66,376,531,29,529,422],"tags":[],"class_list":["post-19294","post","type-post","status-publish","format-standard","has-post-thumbnail","hentry","category-agenda","category-batxillerat","category-coeducacio","category-dinamitzacio","category-formacio","category-innovacio","category-portada","category-primaria","category-secundaria"],"post_mailing_queue_ids":[],"_links":{"self":[{"href":"https:\/\/serveiseducatius.xtec.cat\/baixpenedes\/wp-json\/wp\/v2\/posts\/19294","targetHints":{"allow":["GET"]}}],"collection":[{"href":"https:\/\/serveiseducatius.xtec.cat\/baixpenedes\/wp-json\/wp\/v2\/posts"}],"about":[{"href":"https:\/\/serveiseducatius.xtec.cat\/baixpenedes\/wp-json\/wp\/v2\/types\/post"}],"author":[{"embeddable":true,"href":"https:\/\/serveiseducatius.xtec.cat\/baixpenedes\/wp-json\/wp\/v2\/users\/7"}],"replies":[{"embeddable":true,"href":"https:\/\/serveiseducatius.xtec.cat\/baixpenedes\/wp-json\/wp\/v2\/comments?post=19294"}],"version-history":[{"count":2,"href":"https:\/\/serveiseducatius.xtec.cat\/baixpenedes\/wp-json\/wp\/v2\/posts\/19294\/revisions"}],"predecessor-version":[{"id":19299,"href":"https:\/\/serveiseducatius.xtec.cat\/baixpenedes\/wp-json\/wp\/v2\/posts\/19294\/revisions\/19299"}],"wp:featuredmedia":[{"embeddable":true,"href":"https:\/\/serveiseducatius.xtec.cat\/baixpenedes\/wp-json\/wp\/v2\/media\/19295"}],"wp:attachment":[{"href":"https:\/\/serveiseducatius.xtec.cat\/baixpenedes\/wp-json\/wp\/v2\/media?parent=19294"}],"wp:term":[{"taxonomy":"category","embeddable":true,"href":"https:\/\/serveiseducatius.xtec.cat\/baixpenedes\/wp-json\/wp\/v2\/categories?post=19294"},{"taxonomy":"post_tag","embeddable":true,"href":"https:\/\/serveiseducatius.xtec.cat\/baixpenedes\/wp-json\/wp\/v2\/tags?post=19294"}],"curies":[{"name":"wp","href":"https:\/\/api.w.org\/{rel}","templated":true}]}}